{"id":5182,"date":"2022-03-17T13:50:36","date_gmt":"2022-03-17T12:50:36","guid":{"rendered":"http:\/\/cepronda.com\/blog\/?p=5182"},"modified":"2025-04-28T11:57:09","modified_gmt":"2025-04-28T09:57:09","slug":"feria-de-inventos-y-talentos-its-ronda-invents-and-talents-show-in-ronda","status":"publish","type":"post","link":"https:\/\/cepronda.com\/blog\/feria-de-inventos-y-talentos-its-ronda-invents-and-talents-show-in-ronda\/","title":{"rendered":"FERIA DE INVENTOS Y TALENTOS \u00abIT&#8217;S RONDA: Invents and Talents Show in Ronda\u00bb"},"content":{"rendered":"<div>Desde el centro del Profesorado de Ronda os invitamos a participar en el <strong>\u00abIT&#8217;S RONDA: Invents and Talents Show in Ronda\u00bb<\/strong>, una <strong>FERIA DE INVENTOS Y TALENTOS<\/strong> en la queremos visibilizar las actividades que se realizan en las aulas de los centros educativos de todo nuestro \u00e1mbito de actuaci\u00f3n.<\/div>\n<div>Este evento se ha organizado, de forma colaborativa entre la <strong>Delegaci\u00f3n de Educaci\u00f3n del Ayuntamiento de Ronda<\/strong>, el <strong>IES Mart\u00edn Rivero<\/strong>, el IES <strong>P\u00e9rez de Guzm\u00e1n<\/strong> y el<strong> CEP de Ronda, <\/strong>en el que nos gustar\u00eda que participaran todos los centros educativos de la Serran\u00eda e instituciones afines, que sea punto de partida de participaci\u00f3n anual.<\/div>\n<div>&nbsp;<\/div>\n<div>A diferencia de otras ferias cient\u00edficas o cert\u00e1menes especializados en un \u00e1rea del conocimiento que se desarrollan en otras ciudades, esta propuesta de evento pretende unificar y acercarlas entre s\u00ed, como un todo, aprovechando los distintos productos y evidencias obtenidos junto a <strong>nuestros estudiantes<\/strong> durante el curso y en el que ellos <strong>sean los aut\u00e9nticos protagonistas<\/strong> a la hora de mostrarlos y contarlos (y<strong> da igual de la materia, especialidad, \u00e1rea o nivel educativo<\/strong>).<\/div>\n<div>Dicho proyecto tiene como objetivos:<br \/>\na) Ser una herramienta para la innovaci\u00f3n educativa<br \/>\nb) Estimular en el alumnado y profesorado la formaci\u00f3n y adaptaci\u00f3n a las nuevas exigencias sociales<br \/>\nc) Facilitar la adquisici\u00f3n y desarrollo de las competencias emprendedoras.<\/div>\n<div>Como ejemplo, podemos usar el fruto del trabajo surgido en el curso pasado que, de manera virtual, puede disfrutarse en la web interactiva presentada en Junio: <a href=\"https:\/\/inventosytalentosshow.blogspot.com\/\">https:\/\/inventosytalentosshow.blogspot.com\/<\/a> pero que para este a\u00f1o nos gustar\u00eda que fuese presencial.<\/div>\n<div>\n<div>\n<p><strong>AN\u00cdMATE Y AP\u00daNTATE<\/strong> a participar con tus alumnos y alumnas, sea cual sea tu \u00e1rea, departamento o materia. Para ello solo tienes que cumplimentar el siguiente cuestionario:&nbsp; <a href=\"https:\/\/docs.google.com\/forms\/d\/e\/1FAIpQLSe62RFtW2-NUoWA_kcs6OAzvy0b2AsRjAWLX0nBU9oDWoJf2g\/viewform\">&nbsp; &nbsp;FORMULARIO PARA PARTICIPAR CON PROPUESTAS EDUCATIVAS&nbsp;&nbsp;<\/a><\/p>\n<p>La fecha l\u00edmite para cumplimentar el formulario es e<strong>l martes 22 de marzo de2022.<\/strong><\/p>\n<p>&nbsp;<\/p>\n<p><strong>FORMA PARTE<\/strong> de esta convocatoria para generar muchas m\u00e1s ideas de emprendimiento que puedan ayudar en el futuro a nuestros estudiantes.&nbsp;<\/p>\n<p>NO dudes en preguntar cualquier duda, te podemos ayudar a incorporarlo en tu programaci\u00f3n, dentro de cualquier plan, programa o proyecto del centro (INNICIA, COMUNICA, STEAM,PROFUNDIZA, IGUALDAD, ESCUELA ESPACIO DE PAZ, PLAN DE PROFUNDIZACI\u00d3N PARA AACC, BIBLIOTECA, ETC&#8230;)<br \/>\nSi este a\u00f1o no puedes formar parte de la organizaci\u00f3n y quieres llevar a tus estudiantes para que disfruten de este <strong>IT \u0301S Ronda 2022,<\/strong> se abrir\u00e1 un periodo de inscripci\u00f3n para que <strong>puedas solicitar la visita<\/strong>.<\/p>\n<\/div>\n<div>\u00a1AN\u00cdMATE Y PARTICIPA ! \u00a1TE ESPERAMOS!<\/div>\n<\/div>\n<div>&nbsp;<\/div>\n<div>&nbsp;<\/div>\n<div>\n<p>&nbsp;<\/p>\n<\/div>\n","protected":false},"excerpt":{"rendered":"<p>Desde el centro del Profesorado de Ronda os invitamos a participar en el \u00abIT&#8217;S RONDA: Invents and Talents Show in Ronda\u00bb, una FERIA DE INVENTOS Y TALENTOS en la queremos visibilizar las actividades que se realizan en las aulas de los centros educativos de todo nuestro \u00e1mbito de actuaci\u00f3n. Este evento se ha organizado, de [&hellip;]<\/p>\n","protected":false},"author":9,"featured_media":5183,"comment_status":"closed","ping_status":"open","sticky":false,"template":"","format":"standard","meta":{"_crdt_document":"","advanced_seo_description":"","jetpack_seo_html_title":"","jetpack_seo_noindex":false,"jetpack_post_was_ever_published":false,"_jetpack_newsletter_access":"","_jetpack_dont_email_post_to_subs":false,"_jetpack_newsletter_tier_id":0,"_jetpack_memberships_contains_paywalled_content":false,"_jetpack_memberships_contains_paid_content":false,"footnotes":"","jetpack_publicize_message":"","jetpack_publicize_feature_enabled":true,"jetpack_social_post_already_shared":false,"jetpack_social_options":{"image_generator_settings":{"template":"highway","default_image_id":0,"font":"","enabled":false},"version":2}},"categories":[3,5],"tags":[],"class_list":{"0":"post-5182","1":"post","2":"type-post","3":"status-publish","4":"format-standard","5":"has-post-thumbnail","7":"category-formaciones","8":"category-noticias","9":"czr-hentry"},"jetpack_publicize_connections":[],"jetpack_featured_media_url":"https:\/\/i0.wp.com\/cepronda.com\/blog\/wp-content\/uploads\/2022\/03\/It%C2%B4s-Ronda.png?fit=1587%2C2245&ssl=1","jetpack_shortlink":"https:\/\/wp.me\/p8M4X7-1lA","jetpack-related-posts":[{"id":7552,"url":"https:\/\/cepronda.com\/blog\/iii-feria-de-inventos-y-talentos-its-ronda-2024-2\/","url_meta":{"origin":5182,"position":0},"title":"III Feria de Inventos y Talentos. IT\u00b4S RONDA 2024.","author":"Mamen Moreno","date":"8 abril, 2024","format":false,"excerpt":"Desde el CEP de Ronda, nos complace invitaros a visitar la III Feria de Inventos y Talentos. IT\u00b4s RONDA 2024. Se desarrollar\u00e1 los d\u00edas jueves 25 de abril (centros de ESO y Bachillerato) y el viernes 26 de abril (centros de Educaci\u00f3n Infantil y Primaria). Os recordamos que ten\u00e9is hasta\u2026","rel":"","context":"En \u00abNoticias\u00bb","block_context":{"text":"Noticias","link":"https:\/\/cepronda.com\/blog\/category\/noticias\/"},"img":{"alt_text":"","src":"https:\/\/i0.wp.com\/cepronda.com\/blog\/wp-content\/uploads\/2024\/04\/IMAGEN-VIDEO.png?fit=1200%2C707&ssl=1&resize=350%2C200","width":350,"height":200,"srcset":"https:\/\/i0.wp.com\/cepronda.com\/blog\/wp-content\/uploads\/2024\/04\/IMAGEN-VIDEO.png?fit=1200%2C707&ssl=1&resize=350%2C200 1x, https:\/\/i0.wp.com\/cepronda.com\/blog\/wp-content\/uploads\/2024\/04\/IMAGEN-VIDEO.png?fit=1200%2C707&ssl=1&resize=525%2C300 1.5x, https:\/\/i0.wp.com\/cepronda.com\/blog\/wp-content\/uploads\/2024\/04\/IMAGEN-VIDEO.png?fit=1200%2C707&ssl=1&resize=700%2C400 2x, https:\/\/i0.wp.com\/cepronda.com\/blog\/wp-content\/uploads\/2024\/04\/IMAGEN-VIDEO.png?fit=1200%2C707&ssl=1&resize=1050%2C600 3x"},"classes":[]},{"id":7389,"url":"https:\/\/cepronda.com\/blog\/iii-feria-de-inventos-y-talentos-its-ronda-2024\/","url_meta":{"origin":5182,"position":1},"title":"III FERIA DE INVENTOS Y TALENTOS. It\u00b4s Ronda 2024","author":"Inmaculada Garc\u00eda","date":"18 enero, 2024","format":false,"excerpt":"\u00bfQuieres mostrar a la comunidad educativa de Ronda y la comarca el Proyecto que hac\u00e9is en vuestro centro? \u00bfHac\u00e9is actividades innovadoras, creativas o art\u00edsticas en vuestras aulas? \u00bfTe gustar\u00eda que tu alumnado tuviera un espacio donde mostrar su talento?... Desde el Centro del Profesorado de Ronda, en colaboraci\u00f3n con el\u2026","rel":"","context":"En \u00abNoticias\u00bb","block_context":{"text":"Noticias","link":"https:\/\/cepronda.com\/blog\/category\/noticias\/"},"img":{"alt_text":"","src":"https:\/\/i0.wp.com\/cepronda.com\/blog\/wp-content\/uploads\/2024\/01\/WhatsApp-Image-2023-03-21-at-11.39.26.jpg?fit=500%2C500&ssl=1&resize=350%2C200","width":350,"height":200},"classes":[]},{"id":7672,"url":"https:\/\/cepronda.com\/blog\/el-ies-martin-rivero-de-ronda-junto-con-ies-gran-capitan-de-cordoba-premidados-por-su-fabrica-de-ideas-e-inventos\/","url_meta":{"origin":5182,"position":2},"title":"EL IES MART\u00cdN RIVERO DE RONDA JUNTO CON EL IES GRAN CAPIT\u00c1N DE C\u00d3RDOBA PREMIDADOS POR SU F\u00c1BRICA DE IDEAS E INVENTOS","author":"Mamen Moreno","date":"12 julio, 2024","format":false,"excerpt":"El IES Mart\u00edn Rivero ha sido premiado por su F\u00e1brica de Ideas e Inventos de estudiantes, junto con el IES Gran Capit\u00e1n de C\u00f3rdoba. El Ministerio de Ciencia, Innovaci\u00f3n y Universidades ha reconocido este prestigioso reconocimiento a la RED de centros andaluces FAB-IDI \"F\u00e1bricas de Ideas e Inventos\", coordinada en\u2026","rel":"","context":"En \u00abNoticias\u00bb","block_context":{"text":"Noticias","link":"https:\/\/cepronda.com\/blog\/category\/noticias\/"},"img":{"alt_text":"","src":"https:\/\/i0.wp.com\/cepronda.com\/blog\/wp-content\/uploads\/2024\/07\/WhatsApp-Image-2024-07-12-at-11.33.31-e1720792423312.jpeg?fit=871%2C515&ssl=1&resize=350%2C200","width":350,"height":200,"srcset":"https:\/\/i0.wp.com\/cepronda.com\/blog\/wp-content\/uploads\/2024\/07\/WhatsApp-Image-2024-07-12-at-11.33.31-e1720792423312.jpeg?fit=871%2C515&ssl=1&resize=350%2C200 1x, https:\/\/i0.wp.com\/cepronda.com\/blog\/wp-content\/uploads\/2024\/07\/WhatsApp-Image-2024-07-12-at-11.33.31-e1720792423312.jpeg?fit=871%2C515&ssl=1&resize=525%2C300 1.5x, https:\/\/i0.wp.com\/cepronda.com\/blog\/wp-content\/uploads\/2024\/07\/WhatsApp-Image-2024-07-12-at-11.33.31-e1720792423312.jpeg?fit=871%2C515&ssl=1&resize=700%2C400 2x"},"classes":[]},{"id":5906,"url":"https:\/\/cepronda.com\/blog\/quieres-visitar-la-feria-de-inventos-y-talentos-its-ronda-2023-apuntate\/","url_meta":{"origin":5182,"position":3},"title":"\u00bfQUIERES VISITAR LA FERIA DE INVENTOS Y TALENTOS. IT\u00b4S RONDA 2023? AP\u00daNTATE.","author":"Inmaculada Garc\u00eda","date":"11 abril, 2023","format":false,"excerpt":"Ya est\u00e1 habilitado el cuestionario para registrarte como visitante de la Feria de Inventos y Talentos. IT\u00b4s Ronda 2023. Si est\u00e1is interesados en asistir, ten\u00e9is hasta el d\u00eda 16 de abril del 2023 para rellenarlo. Este a\u00f1o contamos con nuevos talleres, nuevos experiencias educativas en nuestros Stands, actuaciones musicales y\u2026","rel":"","context":"En \u00abNoticias\u00bb","block_context":{"text":"Noticias","link":"https:\/\/cepronda.com\/blog\/category\/noticias\/"},"img":{"alt_text":"","src":"https:\/\/i0.wp.com\/cepronda.com\/blog\/wp-content\/uploads\/2023\/04\/WhatsApp-Image-2023-03-29-at-13.12.52.jpeg?fit=848%2C1200&ssl=1&resize=350%2C200","width":350,"height":200,"srcset":"https:\/\/i0.wp.com\/cepronda.com\/blog\/wp-content\/uploads\/2023\/04\/WhatsApp-Image-2023-03-29-at-13.12.52.jpeg?fit=848%2C1200&ssl=1&resize=350%2C200 1x, https:\/\/i0.wp.com\/cepronda.com\/blog\/wp-content\/uploads\/2023\/04\/WhatsApp-Image-2023-03-29-at-13.12.52.jpeg?fit=848%2C1200&ssl=1&resize=525%2C300 1.5x, https:\/\/i0.wp.com\/cepronda.com\/blog\/wp-content\/uploads\/2023\/04\/WhatsApp-Image-2023-03-29-at-13.12.52.jpeg?fit=848%2C1200&ssl=1&resize=700%2C400 2x"},"classes":[]},{"id":5729,"url":"https:\/\/cepronda.com\/blog\/ii-feria-de-inventos-y-talentos-its-ronda-2023\/","url_meta":{"origin":5182,"position":4},"title":"II FERIA DE INVENTOS Y TALENTOS. It\u00b4s Ronda 2023","author":"Inmaculada Garc\u00eda","date":"23 enero, 2023","format":false,"excerpt":"\u00bfQuieres mostrar a la comunidad educativa de Ronda y la comarca el Proyecto que hac\u00e9is en vuestro centro? \u00bfHac\u00e9is actividades innovadoras, creativas o art\u00edsticas en vuestras aulas? \u00bfTe gustar\u00eda que tu alumnado tuviera un espacio donde mostrar su talento?...\u00a0 Desde el Centro del Profesorado de Ronda, en colaboraci\u00f3n con el\u2026","rel":"","context":"En \u00abNoticias\u00bb","block_context":{"text":"Noticias","link":"https:\/\/cepronda.com\/blog\/category\/noticias\/"},"img":{"alt_text":"","src":"https:\/\/i0.wp.com\/cepronda.com\/blog\/wp-content\/uploads\/2022\/03\/It%C2%B4s-Ronda.png?fit=848%2C1200&ssl=1&resize=350%2C200","width":350,"height":200,"srcset":"https:\/\/i0.wp.com\/cepronda.com\/blog\/wp-content\/uploads\/2022\/03\/It%C2%B4s-Ronda.png?fit=848%2C1200&ssl=1&resize=350%2C200 1x, https:\/\/i0.wp.com\/cepronda.com\/blog\/wp-content\/uploads\/2022\/03\/It%C2%B4s-Ronda.png?fit=848%2C1200&ssl=1&resize=525%2C300 1.5x, https:\/\/i0.wp.com\/cepronda.com\/blog\/wp-content\/uploads\/2022\/03\/It%C2%B4s-Ronda.png?fit=848%2C1200&ssl=1&resize=700%2C400 2x"},"classes":[]},{"id":9214,"url":"https:\/\/cepronda.com\/blog\/9214-2\/","url_meta":{"origin":5182,"position":5},"title":"PARTICIPA EN LA V EDICI\u00d3N DE LA FERIA DE INVENTOS Y TALENTOS. IT\u00b4s RONDA 2026.","author":"Encarni Jim\u00e9nez Rosado","date":"16 enero, 2026","format":false,"excerpt":"Queremos contar contigo en la V edici\u00f3n de la\u00a0Feria de Inventos y Talentos de Ronda, reci\u00e9n galardonada con el 3\u00ba Premio Joaqu\u00edn Guichot a la Innovaci\u00f3n Educativa. Se celebrar\u00e1 los d\u00edas 22 (mi\u00e9rcoles) y 23 (jueves) de abril de 2026. Buscamos mentes inquietas, inventores e inventoras del futuro y talentos\u2026","rel":"","context":"En \u00abNoticias\u00bb","block_context":{"text":"Noticias","link":"https:\/\/cepronda.com\/blog\/category\/noticias\/"},"img":{"alt_text":"","src":"https:\/\/i0.wp.com\/cepronda.com\/blog\/wp-content\/uploads\/2026\/01\/feria-2.jpg?fit=960%2C1200&ssl=1&resize=350%2C200","width":350,"height":200,"srcset":"https:\/\/i0.wp.com\/cepronda.com\/blog\/wp-content\/uploads\/2026\/01\/feria-2.jpg?fit=960%2C1200&ssl=1&resize=350%2C200 1x, https:\/\/i0.wp.com\/cepronda.com\/blog\/wp-content\/uploads\/2026\/01\/feria-2.jpg?fit=960%2C1200&ssl=1&resize=525%2C300 1.5x, https:\/\/i0.wp.com\/cepronda.com\/blog\/wp-content\/uploads\/2026\/01\/feria-2.jpg?fit=960%2C1200&ssl=1&resize=700%2C400 2x"},"classes":[]}],"jetpack_sharing_enabled":true,"_links":{"self":[{"href":"https:\/\/cepronda.com\/blog\/wp-json\/wp\/v2\/posts\/5182","targetHints":{"allow":["GET"]}}],"collection":[{"href":"https:\/\/cepronda.com\/blog\/wp-json\/wp\/v2\/posts"}],"about":[{"href":"https:\/\/cepronda.com\/blog\/wp-json\/wp\/v2\/types\/post"}],"author":[{"embeddable":true,"href":"https:\/\/cepronda.com\/blog\/wp-json\/wp\/v2\/users\/9"}],"replies":[{"embeddable":true,"href":"https:\/\/cepronda.com\/blog\/wp-json\/wp\/v2\/comments?post=5182"}],"version-history":[{"count":2,"href":"https:\/\/cepronda.com\/blog\/wp-json\/wp\/v2\/posts\/5182\/revisions"}],"predecessor-version":[{"id":5185,"href":"https:\/\/cepronda.com\/blog\/wp-json\/wp\/v2\/posts\/5182\/revisions\/5185"}],"wp:featuredmedia":[{"embeddable":true,"href":"https:\/\/cepronda.com\/blog\/wp-json\/wp\/v2\/media\/5183"}],"wp:attachment":[{"href":"https:\/\/cepronda.com\/blog\/wp-json\/wp\/v2\/media?parent=5182"}],"wp:term":[{"taxonomy":"category","embeddable":true,"href":"https:\/\/cepronda.com\/blog\/wp-json\/wp\/v2\/categories?post=5182"},{"taxonomy":"post_tag","embeddable":true,"href":"https:\/\/cepronda.com\/blog\/wp-json\/wp\/v2\/tags?post=5182"}],"curies":[{"name":"wp","href":"https:\/\/api.w.org\/{rel}","templated":true}]}}