{"id":5179,"date":"2022-03-17T11:45:54","date_gmt":"2022-03-17T10:45:54","guid":{"rendered":"http:\/\/cepronda.com\/blog\/?p=5179"},"modified":"2025-04-25T12:06:14","modified_gmt":"2025-04-25T10:06:14","slug":"provision-de-puestos-docentes-para-el-desarrollo-de-funciones-de-impulso-de-la-formacion-profesional-dual","status":"publish","type":"post","link":"https:\/\/cepronda.com\/blog\/provision-de-puestos-docentes-para-el-desarrollo-de-funciones-de-impulso-de-la-formacion-profesional-dual\/","title":{"rendered":"Provisi\u00f3n de puestos docentes para el desarrollo de funciones de impulso de la Formaci\u00f3n Profesional Dual"},"content":{"rendered":"<header class=\"\">Buenos d\u00edas, compa\u00f1eros y compa\u00f1eras.<\/p>\n<p>Ha salido publicada la convocatoria p\u00fablica para la <strong>provisi\u00f3n de puestos docentes<\/strong> para el desarrollo de funciones de impulso de la <strong>Formaci\u00f3n Profesional Dual mediante el trabajo en red.<\/strong><\/p>\n<div><span style=\"font-weight: inherit;\">Convocatoria, mediante<strong> concurso de m\u00e9ritos,<\/strong> para <\/span>la selecci\u00f3n y nombramiento de cincuenta docentes con funciones de Dinamizaci\u00f3n de la Formaci\u00f3n Profesional Dual (en adelante DFPD) cuya principal funci\u00f3n ser\u00e1 la de impulsar la Formaci\u00f3n Profesional Dual (FP Dual) en los centros docentes sostenidos con fondos p\u00fablicos que imparten Formaci\u00f3n Profesional, mediante el trabajo en red.<\/div>\n<div>&nbsp;<\/div>\n<\/header>\n<div>Los puestos de DFPD se distribuir\u00e1n dentro del sistema educativo andaluz de la siguiente forma:<br \/>\n\u2022 3 DFPD en la Direcci\u00f3n General de Formaci\u00f3n Profesional de la Consejer\u00eda de Educaci\u00f3n y<br \/>\nDeporte de la Junta de Andaluc\u00eda.<br \/>\n\u2022 47 DFPD en los <strong>Centros del Profesorado<\/strong> dependientes de la Consejer\u00eda de Educaci\u00f3n y Deporte.<\/div>\n<div>&nbsp;<\/div>\n<div>&nbsp;<\/div>\n<div><strong> PARTICIPANTES Y REQUISITOS<\/strong><\/div>\n<div>&nbsp;<\/div>\n<div>Podr\u00e1 participar en la presente convocatoria el personal que re\u00fana todos los requisitos que se relacionan a continuaci\u00f3n:<\/div>\n<ol>\n<li>&nbsp;Ser <strong>personal docente funcionario de carrera en servicio activo<\/strong> que preste servicio en centros docentes p\u00fablicos de la Comunidad Aut\u00f3noma de Andaluc\u00eda.<\/li>\n<li>Tener una antig\u00fcedad de, al menos, <strong>dos a\u00f1os como personal funcionario<\/strong> de carrera en la funci\u00f3n p\u00fablica docente.<\/li>\n<li>Haber formado parte en el equipo docente de un ciclo formativo con proyecto de FP Dual o curso de especializaci\u00f3n con proyecto de FP Dual desarrollado por la Consejer\u00eda de Educaci\u00f3n y Deporte en, al menos, uno de los dos \u00faltimos cursos escolares (curso 2020-2021 y curso 2021- 2022).<\/li>\n<li>No estar desempe\u00f1ando cargos directivos en el curso escolar 2021-2022.<\/li>\n<\/ol>\n<p>Todos los requisitos contemplados en la presente Resoluci\u00f3n deber\u00e1n reunirse <strong>en la fecha en que finalice el plazo de presentaci\u00f3n<\/strong> de solicitudes y ser\u00e1n verificados de oficio por la administraci\u00f3n educativa.<\/p>\n<div><strong>LUGAR Y PLAZO DE PRESENTACI\u00d3N DE SOLICITUDES<\/strong><\/div>\n<div>&nbsp;<\/div>\n<div>\n<div>Las solicitudes deber\u00e1n ser enviadas por<strong> correo electr\u00f3nico<\/strong>, consignando en el asunto del correo \u201cProvisi\u00f3n de puestos DFPD\u201d, a la direcci\u00f3n <a href=\"mailto:ei.dgfp.ced@juntadeandalucia.es\">ei.dgfp.ced@juntadeandalucia.es&nbsp;<\/a><br \/>\nEl plazo de presentaci\u00f3n de solicitudes ser\u00e1 de <strong>diez d\u00edas h\u00e1biles contados a partir del d\u00eda siguiente al de la publicaci\u00f3n<\/strong> de la presente Resoluci\u00f3n en la p\u00e1gina web de la Consejer\u00eda de Educaci\u00f3n y Deporte.<\/div>\n<div>&nbsp;<\/div>\n<\/div>\n<div>PARA M\u00c1S INFORMACI\u00d3N VISITA LA<a href=\"https:\/\/portals.ced.junta-andalucia.es\/educacion\/portals\/web\/ced\/contenidos\/-\/contenidos\/detalle\/resolucion-de-15-de-marzo-de-2022-de-la-direccion-general-del-profesorado-y-gestion-de-recursos-humanos-por-la-que-se\"> PUBLICACI\u00d3N EN EL PORTAL DE LA CONSEJER\u00cdA DE EDUCACI\u00d3N Y DEPORTE<\/a><\/div>\n<div><a title=\"Ir a: Resoluci\u00f3n de 15 de marzo de 2022, de la Direcci\u00f3n General del profesorado y gesti\u00f3n de recursos humanos, por la que se realiza convocatoria p\u00fablica para la provisi\u00f3n de puestos docentes para el desarrollo de funciones de impulso de la Formaci\u00f3n Profesional Dual mediante el trabajo en red\" href=\"https:\/\/portals.ced.junta-andalucia.es\/educacion\/portals\/delegate\/content\/d163b251-27bd-44d2-ab21-11579476bfdc\/Resoluci%C3%B3n%20convocatoria%20provisi%C3%B3n%20puestos%20docentes%20FP%20Dual\">Resoluci\u00f3n de 15 de marzo de 2022, por la que se realiza convocatoria p\u00fablica para la provisi\u00f3n de puestos docentes para el desarrollo de funciones de impulso de la Formaci\u00f3n Profesional Dual mediante el trabajo en red<\/a><\/div>\n<div>&nbsp;<\/div>\n<div><strong><a title=\"Solicitud y provisi\u00f3n puestos docentes FP Fual\" href=\"https:\/\/portals.ced.junta-andalucia.es\/educacion\/portals\/delegate\/content\/b2755699-72ad-462c-9332-4ed3babb1119\/Solicitud%20y%20provision%20puestos%20docentes%20FP%20Fual\" target=\"_blank\" rel=\"noopener\">Solicitud y provisi\u00f3n puestos docentes FP Fual<\/a><\/strong><\/div>\n<div>&nbsp;<\/div>\n<div>Esperamos que sea de vuestro inter\u00e9s.<\/div>\n<div>&nbsp;<\/div>\n<div>&nbsp;<\/div>\n<div>&nbsp;<\/div>\n<div>&nbsp;<\/div>\n","protected":false},"excerpt":{"rendered":"<p>Buenos d\u00edas, compa\u00f1eros y compa\u00f1eras. Ha salido publicada la convocatoria p\u00fablica para la provisi\u00f3n de puestos docentes para el desarrollo de funciones de impulso de la Formaci\u00f3n Profesional Dual mediante el trabajo en red. Convocatoria, mediante concurso de m\u00e9ritos, para la selecci\u00f3n y nombramiento de cincuenta docentes con funciones de Dinamizaci\u00f3n de la Formaci\u00f3n Profesional [&hellip;]<\/p>\n","protected":false},"author":9,"featured_media":5180,"comment_status":"closed","ping_status":"open","sticky":false,"template":"","format":"standard","meta":{"_crdt_document":"","advanced_seo_description":"","jetpack_seo_html_title":"","jetpack_seo_noindex":false,"jetpack_post_was_ever_published":false,"_jetpack_newsletter_access":"","_jetpack_dont_email_post_to_subs":false,"_jetpack_newsletter_tier_id":0,"_jetpack_memberships_contains_paywalled_content":false,"_jetpack_memberships_contains_paid_content":false,"footnotes":"","jetpack_publicize_message":"","jetpack_publicize_feature_enabled":true,"jetpack_social_post_already_shared":false,"jetpack_social_options":{"image_generator_settings":{"template":"highway","default_image_id":0,"font":"","enabled":false},"version":2}},"categories":[5],"tags":[180,295,296],"class_list":{"0":"post-5179","1":"post","2":"type-post","3":"status-publish","4":"format-standard","5":"has-post-thumbnail","7":"category-noticias","8":"tag-concursos","9":"tag-fp-dual","10":"tag-provision-de-puestos-docentes","11":"czr-hentry"},"jetpack_publicize_connections":[],"jetpack_featured_media_url":"https:\/\/i0.wp.com\/cepronda.com\/blog\/wp-content\/uploads\/2022\/03\/Copia-de-ESTANCIAS-FORMATIVAS-EN-EMPRESAS-PARA-EL-PROFESORADO-DE-FORMACION-PROFESIONAL-1.png?fit=1080%2C1080&ssl=1","jetpack_shortlink":"https:\/\/wp.me\/p8M4X7-1lx","jetpack-related-posts":[{"id":1793,"url":"https:\/\/cepronda.com\/blog\/convocatoria-de-puestos-especificos\/","url_meta":{"origin":5179,"position":0},"title":"Convocatoria de puestos espec\u00edficos","author":"V\u00edctor Caballero","date":"14 mayo, 2018","format":false,"excerpt":"Muy buenas a todo el mundo,\u00a0 Comenzamos la semana compartiendo la\u00a0Resoluci\u00f3n de 8 de mayo de 2018 de la Delegaci\u00f3n Territorial de la Consejer\u00eda de Educaci\u00f3n de la Junta de Andaluc\u00eda en Sevilla, por la que se realiza convocatoria para la cobertura, con ocasi\u00f3n de vacante y, en su caso\u2026","rel":"","context":"En \u00abFormaciones\u00bb","block_context":{"text":"Formaciones","link":"https:\/\/cepronda.com\/blog\/category\/formaciones\/"},"img":{"alt_text":"","src":"https:\/\/i0.wp.com\/cepronda.com\/blog\/wp-content\/uploads\/2017\/05\/logo_ja_ce_mejor.jpg?fit=732%2C600&ssl=1&resize=350%2C200","width":350,"height":200,"srcset":"https:\/\/i0.wp.com\/cepronda.com\/blog\/wp-content\/uploads\/2017\/05\/logo_ja_ce_mejor.jpg?fit=732%2C600&ssl=1&resize=350%2C200 1x, https:\/\/i0.wp.com\/cepronda.com\/blog\/wp-content\/uploads\/2017\/05\/logo_ja_ce_mejor.jpg?fit=732%2C600&ssl=1&resize=525%2C300 1.5x, https:\/\/i0.wp.com\/cepronda.com\/blog\/wp-content\/uploads\/2017\/05\/logo_ja_ce_mejor.jpg?fit=732%2C600&ssl=1&resize=700%2C400 2x"},"classes":[]},{"id":4675,"url":"https:\/\/cepronda.com\/blog\/experiencias-en-ronda-de-la-formacion-profesional-dual\/","url_meta":{"origin":5179,"position":1},"title":"EXPERIENCIAS EN RONDA DE LA FORMACI\u00d3N PROFESIONAL DUAL","author":"Antonio Montes","date":"27 septiembre, 2021","format":false,"excerpt":"Buenos d\u00edas. Os informamos que est\u00e1 abierto el plazo de inscripci\u00f3n de la formaci\u00f3n\u00a0 EXPERIENCIAS EN RONDA DE LA FORMACI\u00d3N PROFESIONAL DUAL (C\u00f3digo: 222924GE035).\u00a0 Las fechas de inscripci\u00f3n son las comprendidas entre el 24 de septiembre y el 3 de octubre de 2021. La actividad se llevar\u00e1 a cabo los\u2026","rel":"","context":"En \u00abFormaciones\u00bb","block_context":{"text":"Formaciones","link":"https:\/\/cepronda.com\/blog\/category\/formaciones\/"},"img":{"alt_text":"","src":"https:\/\/i0.wp.com\/cepronda.com\/blog\/wp-content\/uploads\/2021\/09\/222924GE035-EXPERIENCIAS-EN-RONDA-DE-LA-FP-DUAL.png?fit=848%2C1200&ssl=1&resize=350%2C200","width":350,"height":200,"srcset":"https:\/\/i0.wp.com\/cepronda.com\/blog\/wp-content\/uploads\/2021\/09\/222924GE035-EXPERIENCIAS-EN-RONDA-DE-LA-FP-DUAL.png?fit=848%2C1200&ssl=1&resize=350%2C200 1x, https:\/\/i0.wp.com\/cepronda.com\/blog\/wp-content\/uploads\/2021\/09\/222924GE035-EXPERIENCIAS-EN-RONDA-DE-LA-FP-DUAL.png?fit=848%2C1200&ssl=1&resize=525%2C300 1.5x, https:\/\/i0.wp.com\/cepronda.com\/blog\/wp-content\/uploads\/2021\/09\/222924GE035-EXPERIENCIAS-EN-RONDA-DE-LA-FP-DUAL.png?fit=848%2C1200&ssl=1&resize=700%2C400 2x"},"classes":[]},{"id":2563,"url":"https:\/\/cepronda.com\/blog\/conoce-la-fp-dual\/","url_meta":{"origin":5179,"position":2},"title":"CONOCE LA FP DUAL","author":"V\u00edctor Caballero","date":"8 enero, 2019","format":false,"excerpt":"Muy buenas de nuevo, Queremos comentaros a todas aquellas personas interesadas en la FP Dual que el CEP de Antequera ha organizado el pr\u00f3ximo d\u00eda 17 de enero, jueves, una jornada informativa sobre la misma. La finalidad de la actividad es que el profesorado conozca en qu\u00e9 consiste esta modalidad\u2026","rel":"","context":"En \u00abFormaciones\u00bb","block_context":{"text":"Formaciones","link":"https:\/\/cepronda.com\/blog\/category\/formaciones\/"},"img":{"alt_text":"","src":"https:\/\/i0.wp.com\/cepronda.com\/blog\/wp-content\/uploads\/2019\/01\/achievement-3520015_1920.jpg?fit=1200%2C847&ssl=1&resize=350%2C200","width":350,"height":200,"srcset":"https:\/\/i0.wp.com\/cepronda.com\/blog\/wp-content\/uploads\/2019\/01\/achievement-3520015_1920.jpg?fit=1200%2C847&ssl=1&resize=350%2C200 1x, https:\/\/i0.wp.com\/cepronda.com\/blog\/wp-content\/uploads\/2019\/01\/achievement-3520015_1920.jpg?fit=1200%2C847&ssl=1&resize=525%2C300 1.5x, https:\/\/i0.wp.com\/cepronda.com\/blog\/wp-content\/uploads\/2019\/01\/achievement-3520015_1920.jpg?fit=1200%2C847&ssl=1&resize=700%2C400 2x, https:\/\/i0.wp.com\/cepronda.com\/blog\/wp-content\/uploads\/2019\/01\/achievement-3520015_1920.jpg?fit=1200%2C847&ssl=1&resize=1050%2C600 3x"},"classes":[]},{"id":3343,"url":"https:\/\/cepronda.com\/blog\/lanzamiento-feria-de-busqueda-de-socios-en-formacion-profesional-entre-espana-y-francia\/","url_meta":{"origin":5179,"position":3},"title":"Lanzamiento Feria de B\u00fasqueda de socios en Formaci\u00f3n Profesional entre Espa\u00f1a y Francia","author":"V\u00edctor Caballero","date":"15 enero, 2020","format":false,"excerpt":"Compartimos con nuestros centros que imparten Formaci\u00f3n Profesional esta informaci\u00f3n que puede ser de vuestro inter\u00e9s. Se est\u00e1 desarrollando en eTwinning una iniciativa para Formaci\u00f3n Profesional, uno de los temas prioritarios para 2020. Se ha abierto una\u00a0Feria de b\u00fasqueda de socios para docentes de Formaci\u00f3n profesional con el objetivo de\u2026","rel":"","context":"En \u00abNoticias\u00bb","block_context":{"text":"Noticias","link":"https:\/\/cepronda.com\/blog\/category\/noticias\/"},"img":{"alt_text":"","src":"https:\/\/i0.wp.com\/cepronda.com\/blog\/wp-content\/uploads\/2017\/12\/layout_icon-etwining.jpg?resize=350%2C200","width":350,"height":200},"classes":[]},{"id":5382,"url":"https:\/\/cepronda.com\/blog\/estancias-docentes-extranjeros\/","url_meta":{"origin":5179,"position":4},"title":"ESTANCIAS DOCENTES EXTRANJEROS","author":"Maribel Mu\u00f1oz","date":"27 junio, 2022","format":false,"excerpt":"Buenas tardes compa\u00f1eras y compa\u00f1eros, Os recordamos que\u00a0hasta el 6 de julio est\u00e1 abierta la convocatoria del Ministerio de Educaci\u00f3n y Formaci\u00f3n Profesional para centros educativos sostenidos con fondos p\u00fablicos que deseen acoger a un docente extranjero para una estancia de dos semanas durante el curso 2022-23.\u00a0 Para m\u00e1s informaci\u00f3n\u2026","rel":"","context":"En \u00abFormaciones\u00bb","block_context":{"text":"Formaciones","link":"https:\/\/cepronda.com\/blog\/category\/formaciones\/"},"img":{"alt_text":"","src":"https:\/\/i0.wp.com\/cepronda.com\/blog\/wp-content\/uploads\/2022\/06\/1280px-Logotipo_del_Ministerio_de_Educacion_y_Formacion_Profesional.svg_-1.png?fit=1200%2C300&ssl=1&resize=350%2C200","width":350,"height":200,"srcset":"https:\/\/i0.wp.com\/cepronda.com\/blog\/wp-content\/uploads\/2022\/06\/1280px-Logotipo_del_Ministerio_de_Educacion_y_Formacion_Profesional.svg_-1.png?fit=1200%2C300&ssl=1&resize=350%2C200 1x, https:\/\/i0.wp.com\/cepronda.com\/blog\/wp-content\/uploads\/2022\/06\/1280px-Logotipo_del_Ministerio_de_Educacion_y_Formacion_Profesional.svg_-1.png?fit=1200%2C300&ssl=1&resize=525%2C300 1.5x, https:\/\/i0.wp.com\/cepronda.com\/blog\/wp-content\/uploads\/2022\/06\/1280px-Logotipo_del_Ministerio_de_Educacion_y_Formacion_Profesional.svg_-1.png?fit=1200%2C300&ssl=1&resize=700%2C400 2x, https:\/\/i0.wp.com\/cepronda.com\/blog\/wp-content\/uploads\/2022\/06\/1280px-Logotipo_del_Ministerio_de_Educacion_y_Formacion_Profesional.svg_-1.png?fit=1200%2C300&ssl=1&resize=1050%2C600 3x"},"classes":[]},{"id":5432,"url":"https:\/\/cepronda.com\/blog\/proyectos-especificos-destinados-a-reforzar-las-competencias-profesionales-y-la-empleabilidad-del-alumnado\/","url_meta":{"origin":5179,"position":5},"title":"PROYECTOS ESPEC\u00cdFICOS DESTINADOS A REFORZAR LAS COMPETENCIAS PROFESIONALES Y LA EMPLEABILIDAD DEL ALUMNADO .","author":"Inmaculada Garc\u00eda","date":"2 septiembre, 2022","format":false,"excerpt":"Se convocan, por la Resoluci\u00f3n de 24 de mayo de 2022 de la Direcci\u00f3n General de Formaci\u00f3n Profesional,\u00a0 proyectos espec\u00edficos destinados a reforzar las competencias profesionales y la empleabilidad del alumnado\u00a0que cursa proyectos de Formaci\u00f3n Profesional dual en el primer trimestre del curso escolar 2022-2023 mediante la colaboraci\u00f3n de los\u2026","rel":"","context":"En \u00abFormaciones\u00bb","block_context":{"text":"Formaciones","link":"https:\/\/cepronda.com\/blog\/category\/formaciones\/"},"img":{"alt_text":"","src":"https:\/\/i0.wp.com\/cepronda.com\/blog\/wp-content\/uploads\/2022\/09\/Copia-de-ESTANCIAS-FORMATIVAS-EN-EMPRESAS-PARA-EL-PROFESORADO-DE-FORMACION-PROFESIONAL-5.png?fit=1080%2C1080&ssl=1&resize=350%2C200","width":350,"height":200,"srcset":"https:\/\/i0.wp.com\/cepronda.com\/blog\/wp-content\/uploads\/2022\/09\/Copia-de-ESTANCIAS-FORMATIVAS-EN-EMPRESAS-PARA-EL-PROFESORADO-DE-FORMACION-PROFESIONAL-5.png?fit=1080%2C1080&ssl=1&resize=350%2C200 1x, https:\/\/i0.wp.com\/cepronda.com\/blog\/wp-content\/uploads\/2022\/09\/Copia-de-ESTANCIAS-FORMATIVAS-EN-EMPRESAS-PARA-EL-PROFESORADO-DE-FORMACION-PROFESIONAL-5.png?fit=1080%2C1080&ssl=1&resize=525%2C300 1.5x, https:\/\/i0.wp.com\/cepronda.com\/blog\/wp-content\/uploads\/2022\/09\/Copia-de-ESTANCIAS-FORMATIVAS-EN-EMPRESAS-PARA-EL-PROFESORADO-DE-FORMACION-PROFESIONAL-5.png?fit=1080%2C1080&ssl=1&resize=700%2C400 2x, https:\/\/i0.wp.com\/cepronda.com\/blog\/wp-content\/uploads\/2022\/09\/Copia-de-ESTANCIAS-FORMATIVAS-EN-EMPRESAS-PARA-EL-PROFESORADO-DE-FORMACION-PROFESIONAL-5.png?fit=1080%2C1080&ssl=1&resize=1050%2C600 3x"},"classes":[]}],"jetpack_sharing_enabled":true,"_links":{"self":[{"href":"https:\/\/cepronda.com\/blog\/wp-json\/wp\/v2\/posts\/5179","targetHints":{"allow":["GET"]}}],"collection":[{"href":"https:\/\/cepronda.com\/blog\/wp-json\/wp\/v2\/posts"}],"about":[{"href":"https:\/\/cepronda.com\/blog\/wp-json\/wp\/v2\/types\/post"}],"author":[{"embeddable":true,"href":"https:\/\/cepronda.com\/blog\/wp-json\/wp\/v2\/users\/9"}],"replies":[{"embeddable":true,"href":"https:\/\/cepronda.com\/blog\/wp-json\/wp\/v2\/comments?post=5179"}],"version-history":[{"count":1,"href":"https:\/\/cepronda.com\/blog\/wp-json\/wp\/v2\/posts\/5179\/revisions"}],"predecessor-version":[{"id":5181,"href":"https:\/\/cepronda.com\/blog\/wp-json\/wp\/v2\/posts\/5179\/revisions\/5181"}],"wp:featuredmedia":[{"embeddable":true,"href":"https:\/\/cepronda.com\/blog\/wp-json\/wp\/v2\/media\/5180"}],"wp:attachment":[{"href":"https:\/\/cepronda.com\/blog\/wp-json\/wp\/v2\/media?parent=5179"}],"wp:term":[{"taxonomy":"category","embeddable":true,"href":"https:\/\/cepronda.com\/blog\/wp-json\/wp\/v2\/categories?post=5179"},{"taxonomy":"post_tag","embeddable":true,"href":"https:\/\/cepronda.com\/blog\/wp-json\/wp\/v2\/tags?post=5179"}],"curies":[{"name":"wp","href":"https:\/\/api.w.org\/{rel}","templated":true}]}}