{"id":5167,"date":"2022-03-16T13:34:31","date_gmt":"2022-03-16T12:34:31","guid":{"rendered":"http:\/\/cepronda.com\/blog\/?p=5167"},"modified":"2025-04-28T11:57:09","modified_gmt":"2025-04-28T09:57:09","slug":"uso-didactico-de-los-distintos-formatos-de-debate-en-el-aula","status":"publish","type":"post","link":"https:\/\/cepronda.com\/blog\/uso-didactico-de-los-distintos-formatos-de-debate-en-el-aula\/","title":{"rendered":"USO DID\u00c1CTICO DE LOS DISTINTOS FORMATOS DE DEBATE EN EL AULA"},"content":{"rendered":"<div class=\"row\">\n<div class=\"col-xs-12 col-md-6 form-group\">\n<p>Buenas tardes compa\u00f1eras y compa\u00f1eros<\/p>\n<p>Os informamos que se encuentra abierta la inscripci\u00f3n del curso a distancia provincial \u00abUSO DID\u00c1CTICO DE LOS DISTINTOS FORMATOS DE DEBATE EN EL AULA\u00bb ( <b>C\u00f3digo:<\/b> 222925GE204 ). Es un curso con seguimiento y se realizaci\u00f3n se desarrollar\u00e1 ONLINE, con duraci\u00f3n de 10 horas.<\/p>\n<p><b>Fecha inscripci\u00f3n:<\/b> 16\/03\/2022 hasta 07\/04\/2022<\/p>\n<p><b>Fecha actividad:<\/b>&nbsp;19\/04\/2022 hasta 13\/05\/2022<\/p>\n<p><b>Fechas sesiones:<\/b><\/p>\n<ul>\n<li><b>19\/04\/2022<\/b><\/li>\n<li><b>20\/04\/2022<\/b><\/li>\n<li><b>04\/05\/2022<\/b><\/li>\n<\/ul>\n<\/div>\n<div class=\"col-xs-12 col-md-6 form-group\">&nbsp;<\/div>\n<\/div>\n<div class=\"row\">\n<p>M\u00e1s informaci\u00f3n e inscripciones&nbsp;en el siguiente <a href=\"https:\/\/www.juntadeandalucia.es\/educacion\/secretariavirtual\/consultaCEP\/actividad\/222925GE204\/\">enlace<\/a> .<\/p>\n<div class=\"col-xs-12 col-md-6 form-group\">\n<p>Deseamos que sea de vuestro inter\u00e9s.<\/p>\n<p>Un saludo<\/p>\n<\/div>\n<p><b><a href=\"http:\/\/https:\/\/www.juntadeandalucia.es\/educacion\/secretariavirtual\/consultaCEP\/actividad\/222925GE204\/\"><img data-recalc-dims=\"1\" loading=\"lazy\" decoding=\"async\" class=\"aligncenter wp-image-5171 size-large\" src=\"https:\/\/i0.wp.com\/cepronda.com\/blog\/wp-content\/uploads\/2022\/03\/formacion-debate-724x1024.jpeg?resize=724%2C1024\" alt=\"\" width=\"724\" height=\"1024\" srcset=\"https:\/\/i0.wp.com\/cepronda.com\/blog\/wp-content\/uploads\/2022\/03\/formacion-debate.jpeg?resize=724%2C1024&amp;ssl=1 724w, https:\/\/i0.wp.com\/cepronda.com\/blog\/wp-content\/uploads\/2022\/03\/formacion-debate.jpeg?resize=212%2C300&amp;ssl=1 212w, https:\/\/i0.wp.com\/cepronda.com\/blog\/wp-content\/uploads\/2022\/03\/formacion-debate.jpeg?resize=768%2C1086&amp;ssl=1 768w, https:\/\/i0.wp.com\/cepronda.com\/blog\/wp-content\/uploads\/2022\/03\/formacion-debate.jpeg?resize=1086%2C1536&amp;ssl=1 1086w, https:\/\/i0.wp.com\/cepronda.com\/blog\/wp-content\/uploads\/2022\/03\/formacion-debate.jpeg?w=1131&amp;ssl=1 1131w\" sizes=\"auto, (max-width: 724px) 100vw, 724px\" \/><\/a><\/b><\/p>\n<div class=\"col-xs-12 col-md-6 form-group\">\n<p>&nbsp;<\/p>\n<\/div>\n<\/div>\n","protected":false},"excerpt":{"rendered":"<p>Buenas tardes compa\u00f1eras y compa\u00f1eros Os informamos que se encuentra abierta la inscripci\u00f3n del curso a distancia provincial \u00abUSO DID\u00c1CTICO DE LOS DISTINTOS FORMATOS DE DEBATE EN EL AULA\u00bb ( C\u00f3digo: 222925GE204 ). Es un curso con seguimiento y se realizaci\u00f3n se desarrollar\u00e1 ONLINE, con duraci\u00f3n de 10 horas. Fecha inscripci\u00f3n: 16\/03\/2022 hasta 07\/04\/2022 Fecha [&hellip;]<\/p>\n","protected":false},"author":9,"featured_media":5171,"comment_status":"closed","ping_status":"open","sticky":false,"template":"","format":"standard","meta":{"_crdt_document":"","advanced_seo_description":"","jetpack_seo_html_title":"","jetpack_seo_noindex":false,"jetpack_post_was_ever_published":false,"_jetpack_newsletter_access":"","_jetpack_dont_email_post_to_subs":false,"_jetpack_newsletter_tier_id":0,"_jetpack_memberships_contains_paywalled_content":false,"_jetpack_memberships_contains_paid_content":false,"footnotes":"","jetpack_publicize_message":"","jetpack_publicize_feature_enabled":true,"jetpack_social_post_already_shared":false,"jetpack_social_options":{"image_generator_settings":{"template":"highway","default_image_id":0,"font":"","enabled":false},"version":2}},"categories":[3,5],"tags":[],"class_list":{"0":"post-5167","1":"post","2":"type-post","3":"status-publish","4":"format-standard","5":"has-post-thumbnail","7":"category-formaciones","8":"category-noticias","9":"czr-hentry"},"jetpack_publicize_connections":[],"jetpack_featured_media_url":"https:\/\/i0.wp.com\/cepronda.com\/blog\/wp-content\/uploads\/2022\/03\/formacion-debate.jpeg?fit=1131%2C1600&ssl=1","jetpack_shortlink":"https:\/\/wp.me\/p8M4X7-1ll","jetpack-related-posts":[{"id":5115,"url":"https:\/\/cepronda.com\/blog\/uso-de-herramientas-office-365-en-el-aula-2\/","url_meta":{"origin":5167,"position":0},"title":"USO DE HERRAMIENTAS OFFICE 365 EN EL AULA","author":"Maribel Mu\u00f1oz","date":"15 febrero, 2022","format":false,"excerpt":"Buenas tardes compa\u00f1eras y compa\u00f1eros Os informamos que se encuentra abierta la inscripci\u00f3n del curso a distancia provincial USO DE HERRAMIENTAS OFFICE 365 EN EL AULA C\u00f3digo: 222925GE610 Inscripciones: Del 14\/2\/22 hasta el 07\/03\/2022 Comienzo del curso: 14\/03\/2022 Lugar de realizaci\u00f3n: AVFP (Aula virtual de formaci\u00f3n del Profesorado) M\u00e1s informaci\u00f3n\u2026","rel":"","context":"En \u00abFormaciones\u00bb","block_context":{"text":"Formaciones","link":"https:\/\/cepronda.com\/blog\/category\/formaciones\/"},"img":{"alt_text":"","src":"https:\/\/i0.wp.com\/cepronda.com\/blog\/wp-content\/uploads\/2022\/02\/WhatsApp-Image-2022-02-15-at-13.41.18.jpeg?fit=848%2C1200&ssl=1&resize=350%2C200","width":350,"height":200,"srcset":"https:\/\/i0.wp.com\/cepronda.com\/blog\/wp-content\/uploads\/2022\/02\/WhatsApp-Image-2022-02-15-at-13.41.18.jpeg?fit=848%2C1200&ssl=1&resize=350%2C200 1x, https:\/\/i0.wp.com\/cepronda.com\/blog\/wp-content\/uploads\/2022\/02\/WhatsApp-Image-2022-02-15-at-13.41.18.jpeg?fit=848%2C1200&ssl=1&resize=525%2C300 1.5x, https:\/\/i0.wp.com\/cepronda.com\/blog\/wp-content\/uploads\/2022\/02\/WhatsApp-Image-2022-02-15-at-13.41.18.jpeg?fit=848%2C1200&ssl=1&resize=700%2C400 2x"},"classes":[]},{"id":4979,"url":"https:\/\/cepronda.com\/blog\/aplicacion-didactica-de-classroom-y-herramientas-de-google-avanzado-222924ge039\/","url_meta":{"origin":5167,"position":1},"title":"\u00abAPLICACI\u00d3N DID\u00c1CTICA DE CLASSROOM Y HERRAMIENTAS DE GOOGLE. AVANZADO\u00bb (222924GE039)","author":"Inmaculada Garc\u00eda","date":"13 enero, 2022","format":false,"excerpt":"Buenas tardes, compa\u00f1eras y compa\u00f1eros. Os recordamos que est\u00e1 abierto el plazo de inscripci\u00f3n en la actividad \"APLICACI\u00d3N DID\u00c1CTICA DE CLASSROOM Y HERRAMIENTAS DE GOOGLE. AVANZADO\", c\u00f3digo 222924GE039. Es una actividad en modalidad de \u00abCurso a distancia\u00bb, que se desarrollar\u00e1 en el Aula Virtual de Formaci\u00f3n del Profesorado. Duraci\u00f3n de\u2026","rel":"","context":"En \u00abFormaciones\u00bb","block_context":{"text":"Formaciones","link":"https:\/\/cepronda.com\/blog\/category\/formaciones\/"},"img":{"alt_text":"","src":"https:\/\/i0.wp.com\/cepronda.com\/blog\/wp-content\/uploads\/2022\/01\/22224GE039_APLICACION-DIDACTICA-DE-CLASSROOM-Y-HERRAMIENTASDE-GOOGLE.-INICIAL.png?fit=848%2C1200&ssl=1&resize=350%2C200","width":350,"height":200,"srcset":"https:\/\/i0.wp.com\/cepronda.com\/blog\/wp-content\/uploads\/2022\/01\/22224GE039_APLICACION-DIDACTICA-DE-CLASSROOM-Y-HERRAMIENTASDE-GOOGLE.-INICIAL.png?fit=848%2C1200&ssl=1&resize=350%2C200 1x, https:\/\/i0.wp.com\/cepronda.com\/blog\/wp-content\/uploads\/2022\/01\/22224GE039_APLICACION-DIDACTICA-DE-CLASSROOM-Y-HERRAMIENTASDE-GOOGLE.-INICIAL.png?fit=848%2C1200&ssl=1&resize=525%2C300 1.5x, https:\/\/i0.wp.com\/cepronda.com\/blog\/wp-content\/uploads\/2022\/01\/22224GE039_APLICACION-DIDACTICA-DE-CLASSROOM-Y-HERRAMIENTASDE-GOOGLE.-INICIAL.png?fit=848%2C1200&ssl=1&resize=700%2C400 2x"},"classes":[]},{"id":5513,"url":"https:\/\/cepronda.com\/blog\/acompanando-la-labor-docente-herramientas-de-autogestion-del-aula\/","url_meta":{"origin":5167,"position":2},"title":"ACOMPA\u00d1ANDO LA LABOR DOCENTE: HERRAMIENTAS DE AUTOGESTI\u00d3N DEL AULA","author":"Inmaculada Garc\u00eda","date":"28 septiembre, 2022","format":false,"excerpt":"Buenas d\u00edas, compa\u00f1eras y compa\u00f1eros. Os\u00a0 informamos que est\u00e1 abierto el plazo de inscripci\u00f3n en el curso presencial:\u00a0 ACOMPA\u00d1ANDO LA LABOR DOCENTE: HERRAMIENTAS DE AUTOGESTI\u00d3N DEL AULA, con c\u00f3digo 232924GE006, de 20 horas de duraci\u00f3n. Fecha inscripci\u00f3n:\u00a027\/09\/2022 hasta 21\/10\/2022 Fecha actividad:\u00a026\/10\/2022 hasta 10\/05\/2023 Una formaci\u00f3n creada con la intenci\u00f3n de\u2026","rel":"","context":"En \u00abFormaciones\u00bb","block_context":{"text":"Formaciones","link":"https:\/\/cepronda.com\/blog\/category\/formaciones\/"},"img":{"alt_text":"","src":"https:\/\/i0.wp.com\/cepronda.com\/blog\/wp-content\/uploads\/2022\/09\/WhatsApp-Image-2022-09-27-at-19.10.53.jpeg?fit=848%2C1200&ssl=1&resize=350%2C200","width":350,"height":200,"srcset":"https:\/\/i0.wp.com\/cepronda.com\/blog\/wp-content\/uploads\/2022\/09\/WhatsApp-Image-2022-09-27-at-19.10.53.jpeg?fit=848%2C1200&ssl=1&resize=350%2C200 1x, https:\/\/i0.wp.com\/cepronda.com\/blog\/wp-content\/uploads\/2022\/09\/WhatsApp-Image-2022-09-27-at-19.10.53.jpeg?fit=848%2C1200&ssl=1&resize=525%2C300 1.5x, https:\/\/i0.wp.com\/cepronda.com\/blog\/wp-content\/uploads\/2022\/09\/WhatsApp-Image-2022-09-27-at-19.10.53.jpeg?fit=848%2C1200&ssl=1&resize=700%2C400 2x"},"classes":[]},{"id":5529,"url":"https:\/\/cepronda.com\/blog\/oralidad-en-el-aula-recursos-y-estrategias\/","url_meta":{"origin":5167,"position":3},"title":"ORALIDAD EN EL AULA. RECURSOS Y ESTRATEGIAS","author":"Maribel Mu\u00f1oz","date":"13 octubre, 2022","format":false,"excerpt":"Buenos d\u00edas compa\u00f1eras y compa\u00f1eros, Os\u00a0 informamos que est\u00e1 abierto el plazo de inscripci\u00f3n en el curso ORALIDAD EN EL AULA. RECURSOS Y ESTRATEGIAS con c\u00f3digo 232924GE15. Fechas de inscripci\u00f3n : del 11\/10\/2022 al 27\/10\/2022 Fecha de inicio: 02\/11\/2022 Fecha finalizaci\u00f3n: 30\/11\/2022 Horas: 12\u00a0 ( 10h de videoconferencias y 2\u2026","rel":"","context":"En \u00abFormaciones\u00bb","block_context":{"text":"Formaciones","link":"https:\/\/cepronda.com\/blog\/category\/formaciones\/"},"img":{"alt_text":"","src":"https:\/\/i0.wp.com\/cepronda.com\/blog\/wp-content\/uploads\/2022\/10\/WhatsApp-Image-2022-10-13-at-09.57.49.jpeg?fit=848%2C1200&ssl=1&resize=350%2C200","width":350,"height":200,"srcset":"https:\/\/i0.wp.com\/cepronda.com\/blog\/wp-content\/uploads\/2022\/10\/WhatsApp-Image-2022-10-13-at-09.57.49.jpeg?fit=848%2C1200&ssl=1&resize=350%2C200 1x, https:\/\/i0.wp.com\/cepronda.com\/blog\/wp-content\/uploads\/2022\/10\/WhatsApp-Image-2022-10-13-at-09.57.49.jpeg?fit=848%2C1200&ssl=1&resize=525%2C300 1.5x, https:\/\/i0.wp.com\/cepronda.com\/blog\/wp-content\/uploads\/2022\/10\/WhatsApp-Image-2022-10-13-at-09.57.49.jpeg?fit=848%2C1200&ssl=1&resize=700%2C400 2x"},"classes":[]},{"id":5123,"url":"https:\/\/cepronda.com\/blog\/intervencion-en-el-aula-ordinaria-con-el-alumnado-con-tea\/","url_meta":{"origin":5167,"position":4},"title":"INTERVENCI\u00d3N EN EL AULA ORDINARIA CON EL ALUMNADO CON TEA","author":"Maribel Mu\u00f1oz","date":"16 febrero, 2022","format":false,"excerpt":"Buenas tardes compa\u00f1eras y compa\u00f1eros Os informamos que est\u00e1 abierto el plazo de\u00a0 inscripci\u00f3n del CURSO PROVINCIAL : INTERVENCI\u00d3N EN EL AULA ORDINARIA CON EL ALUMNADO CON TEA C\u00f3digo: 222923KOE757 Inscripciones: 17\/02\/2022 hasta 07\/03\/2022\u00a0 Duraci\u00f3n del curso: 28\/03\/2022 hasta 06\/04\/2022 Lugar de realizaci\u00f3n: AVFP (Aula virtual de formaci\u00f3n del Profesorado)\u2026","rel":"","context":"En \u00abFormaciones\u00bb","block_context":{"text":"Formaciones","link":"https:\/\/cepronda.com\/blog\/category\/formaciones\/"},"img":{"alt_text":"","src":"https:\/\/i0.wp.com\/cepronda.com\/blog\/wp-content\/uploads\/2022\/02\/WhatsApp-Image-2022-02-16-at-17.18.03-1.jpeg?fit=848%2C1200&ssl=1&resize=350%2C200","width":350,"height":200,"srcset":"https:\/\/i0.wp.com\/cepronda.com\/blog\/wp-content\/uploads\/2022\/02\/WhatsApp-Image-2022-02-16-at-17.18.03-1.jpeg?fit=848%2C1200&ssl=1&resize=350%2C200 1x, https:\/\/i0.wp.com\/cepronda.com\/blog\/wp-content\/uploads\/2022\/02\/WhatsApp-Image-2022-02-16-at-17.18.03-1.jpeg?fit=848%2C1200&ssl=1&resize=525%2C300 1.5x, https:\/\/i0.wp.com\/cepronda.com\/blog\/wp-content\/uploads\/2022\/02\/WhatsApp-Image-2022-02-16-at-17.18.03-1.jpeg?fit=848%2C1200&ssl=1&resize=700%2C400 2x"},"classes":[]},{"id":5598,"url":"https:\/\/cepronda.com\/blog\/competencia-digital-docente-nivel-a1\/","url_meta":{"origin":5167,"position":5},"title":"COMPETENCIA DIGITAL DOCENTE NIVEL A1","author":"Inmaculada Garc\u00eda","date":"10 noviembre, 2022","format":false,"excerpt":"Os informamos que est\u00e1 abierto el plazo de inscripci\u00f3n en el curso COMPETENCIA DIGITAL DOCENTE NIVEL A1\u00a0con c\u00f3digo239924KPF420. Fechas de inscripci\u00f3n : 10\/11\/2022 hasta el 25\/11\/2022 Fecha de realizaci\u00f3n: 01\/12\/2022 hasta 15\/02\/2023 Horas: 40 horas no presenciales. Lugar de realizaci\u00f3n: Aula Virtual de Formaci\u00f3n del Profesorado. Para m\u00e1s informaci\u00f3n e\u2026","rel":"","context":"En \u00abNoticias\u00bb","block_context":{"text":"Noticias","link":"https:\/\/cepronda.com\/blog\/category\/noticias\/"},"img":{"alt_text":"","src":"https:\/\/i0.wp.com\/cepronda.com\/blog\/wp-content\/uploads\/2022\/11\/Copia-de-CDD-A1.jpg?fit=1000%2C1000&ssl=1&resize=350%2C200","width":350,"height":200,"srcset":"https:\/\/i0.wp.com\/cepronda.com\/blog\/wp-content\/uploads\/2022\/11\/Copia-de-CDD-A1.jpg?fit=1000%2C1000&ssl=1&resize=350%2C200 1x, https:\/\/i0.wp.com\/cepronda.com\/blog\/wp-content\/uploads\/2022\/11\/Copia-de-CDD-A1.jpg?fit=1000%2C1000&ssl=1&resize=525%2C300 1.5x, https:\/\/i0.wp.com\/cepronda.com\/blog\/wp-content\/uploads\/2022\/11\/Copia-de-CDD-A1.jpg?fit=1000%2C1000&ssl=1&resize=700%2C400 2x"},"classes":[]}],"jetpack_sharing_enabled":true,"_links":{"self":[{"href":"https:\/\/cepronda.com\/blog\/wp-json\/wp\/v2\/posts\/5167","targetHints":{"allow":["GET"]}}],"collection":[{"href":"https:\/\/cepronda.com\/blog\/wp-json\/wp\/v2\/posts"}],"about":[{"href":"https:\/\/cepronda.com\/blog\/wp-json\/wp\/v2\/types\/post"}],"author":[{"embeddable":true,"href":"https:\/\/cepronda.com\/blog\/wp-json\/wp\/v2\/users\/9"}],"replies":[{"embeddable":true,"href":"https:\/\/cepronda.com\/blog\/wp-json\/wp\/v2\/comments?post=5167"}],"version-history":[{"count":3,"href":"https:\/\/cepronda.com\/blog\/wp-json\/wp\/v2\/posts\/5167\/revisions"}],"predecessor-version":[{"id":5177,"href":"https:\/\/cepronda.com\/blog\/wp-json\/wp\/v2\/posts\/5167\/revisions\/5177"}],"wp:featuredmedia":[{"embeddable":true,"href":"https:\/\/cepronda.com\/blog\/wp-json\/wp\/v2\/media\/5171"}],"wp:attachment":[{"href":"https:\/\/cepronda.com\/blog\/wp-json\/wp\/v2\/media?parent=5167"}],"wp:term":[{"taxonomy":"category","embeddable":true,"href":"https:\/\/cepronda.com\/blog\/wp-json\/wp\/v2\/categories?post=5167"},{"taxonomy":"post_tag","embeddable":true,"href":"https:\/\/cepronda.com\/blog\/wp-json\/wp\/v2\/tags?post=5167"}],"curies":[{"name":"wp","href":"https:\/\/api.w.org\/{rel}","templated":true}]}}