{"id":5131,"date":"2022-02-18T13:58:16","date_gmt":"2022-02-18T12:58:16","guid":{"rendered":"http:\/\/cepronda.com\/blog\/?p=5131"},"modified":"2025-04-25T11:59:57","modified_gmt":"2025-04-25T09:59:57","slug":"oralidad-ludica-en-primaria-y-primer-ciclo-de-secundaria-los-juegos-del-habla","status":"publish","type":"post","link":"https:\/\/cepronda.com\/blog\/oralidad-ludica-en-primaria-y-primer-ciclo-de-secundaria-los-juegos-del-habla\/","title":{"rendered":"ORALIDAD L\u00daDICA EN PRIMARIA Y PRIMER CICLO DE SECUNDARIA. LOS JUEGOS DEL HABLA"},"content":{"rendered":"<p>Buenas tardes compa\u00f1eras y compa\u00f1eros<\/p>\n<p>Os informamos que est\u00e1 abierto el plazo de&nbsp; inscripci\u00f3n de la actividad formativa provincial <strong>ORALIDAD L\u00daDICA EN PRIMARIA Y PRIMER CICLO DE SECUNDARIA. LOS JUEGOS DEL HABLA<\/strong><\/p>\n<p>&#x1f3af; Curso dirigido a profesorado cualquier \u00e1rea de Educaci\u00f3n Primaria y Educaci\u00f3n Secundaria Obligatoria de la provincia de M\u00e1laga<\/p>\n<p>&#x1f5a5; Curso por videoconferencia<\/p>\n<p>&#x270d;&#xfe0f; Inscripciones del 18 de febrero a 9 de marzo de 2022<\/p>\n<p>&#x1f5d3; Fecha de actividad: 17 de marzo<\/p>\n<p>&#x1f447;&#x1f3fb; M\u00e1s informaci\u00f3n e inscripciones&nbsp;en el siguiente <a href=\"https:\/\/www.juntadeandalucia.es\/educacion\/secretariavirtual\/consultaCEP\/actividad\/222923GE807\/\">enlace<\/a> .<\/p>\n<p>Deseamos que sea de vuestro inter\u00e9s.<\/p>\n<p>Un saludo<\/p>\n<p>&nbsp;<\/p>\n<p><img data-recalc-dims=\"1\" loading=\"lazy\" decoding=\"async\" class=\"wp-image-5132 size-medium aligncenter\" src=\"https:\/\/i0.wp.com\/cepronda.com\/blog\/wp-content\/uploads\/2022\/02\/WhatsApp-Image-2022-02-18-at-13.31.35-300x300.jpeg?resize=300%2C300\" alt=\"\" width=\"300\" height=\"300\" srcset=\"https:\/\/i0.wp.com\/cepronda.com\/blog\/wp-content\/uploads\/2022\/02\/WhatsApp-Image-2022-02-18-at-13.31.35.jpeg?resize=300%2C300&amp;ssl=1 300w, https:\/\/i0.wp.com\/cepronda.com\/blog\/wp-content\/uploads\/2022\/02\/WhatsApp-Image-2022-02-18-at-13.31.35.jpeg?resize=150%2C150&amp;ssl=1 150w, https:\/\/i0.wp.com\/cepronda.com\/blog\/wp-content\/uploads\/2022\/02\/WhatsApp-Image-2022-02-18-at-13.31.35.jpeg?resize=768%2C768&amp;ssl=1 768w, https:\/\/i0.wp.com\/cepronda.com\/blog\/wp-content\/uploads\/2022\/02\/WhatsApp-Image-2022-02-18-at-13.31.35.jpeg?resize=50%2C50&amp;ssl=1 50w, https:\/\/i0.wp.com\/cepronda.com\/blog\/wp-content\/uploads\/2022\/02\/WhatsApp-Image-2022-02-18-at-13.31.35.jpeg?w=1001&amp;ssl=1 1001w\" sizes=\"auto, (max-width: 300px) 100vw, 300px\" \/><\/p>\n<p>&nbsp;<\/p>\n<p>&nbsp;<\/p>\n","protected":false},"excerpt":{"rendered":"<p>Buenas tardes compa\u00f1eras y compa\u00f1eros Os informamos que est\u00e1 abierto el plazo de&nbsp; inscripci\u00f3n de la actividad formativa provincial ORALIDAD L\u00daDICA EN PRIMARIA Y PRIMER CICLO DE SECUNDARIA. LOS JUEGOS DEL HABLA &#x1f3af; Curso dirigido a profesorado cualquier \u00e1rea de Educaci\u00f3n Primaria y Educaci\u00f3n Secundaria Obligatoria de la provincia de M\u00e1laga &#x1f5a5; Curso por videoconferencia [&hellip;]<\/p>\n","protected":false},"author":10,"featured_media":5132,"comment_status":"closed","ping_status":"open","sticky":false,"template":"","format":"standard","meta":{"_crdt_document":"","advanced_seo_description":"","jetpack_seo_html_title":"","jetpack_seo_noindex":false,"jetpack_post_was_ever_published":false,"_jetpack_newsletter_access":"","_jetpack_dont_email_post_to_subs":false,"_jetpack_newsletter_tier_id":0,"_jetpack_memberships_contains_paywalled_content":false,"_jetpack_memberships_contains_paid_content":false,"footnotes":"","jetpack_publicize_message":"","jetpack_publicize_feature_enabled":true,"jetpack_social_post_already_shared":false,"jetpack_social_options":{"image_generator_settings":{"template":"highway","default_image_id":0,"font":"","enabled":false},"version":2}},"categories":[3],"tags":[270,222,258,202],"class_list":{"0":"post-5131","1":"post","2":"type-post","3":"status-publish","4":"format-standard","5":"has-post-thumbnail","7":"category-formaciones","8":"tag-interdisciplinar","9":"tag-internivelar","10":"tag-oralidad","11":"tag-provincial","12":"czr-hentry"},"jetpack_publicize_connections":[],"jetpack_featured_media_url":"https:\/\/i0.wp.com\/cepronda.com\/blog\/wp-content\/uploads\/2022\/02\/WhatsApp-Image-2022-02-18-at-13.31.35.jpeg?fit=1001%2C1001&ssl=1","jetpack_shortlink":"https:\/\/wp.me\/p8M4X7-1kL","jetpack-related-posts":[{"id":9454,"url":"https:\/\/cepronda.com\/blog\/jjjj\/","url_meta":{"origin":5131,"position":0},"title":"BBPP PARA EL FOMENTO DE LA ORALIDAD EN EL AULA BILING\u00dcE EN SECUNDARIA Y BACHILLERATO","author":"Encarni Jim\u00e9nez Rosado","date":"12 marzo, 2026","format":false,"excerpt":"Abierta inscripci\u00f3n de la Actividad Formativa: \"BBPP PARA EL FOMENTO DE LA ORALIDAD EN EL AULA BILING\u00dcE EN SECUNDARIA Y BACCHILLERATO\" Curso enfocado a facilitar a los docentes las herramientas necesarias para dominar la oralidad en el enfoque AICLE (Aprendizaje Integrado de contenidos y Lenguas Extranjeras). A trav\u00e9s de buenas\u2026","rel":"","context":"En \u00abFormaciones\u00bb","block_context":{"text":"Formaciones","link":"https:\/\/cepronda.com\/blog\/category\/formaciones\/"},"img":{"alt_text":"","src":"","width":0,"height":0},"classes":[]},{"id":8006,"url":"https:\/\/cepronda.com\/blog\/curso-provincial-jefatura-de-estudios-organizacion-y-funcionamiento-secundaria-codigo-259923kpf494\/","url_meta":{"origin":5131,"position":1},"title":"CURSO PROVINCIAL: JEFATURA DE ESTUDIOS: ORGANIZACI\u00d3N Y FUNCIONAMIENTO (SECUNDARIA)\u201d. C\u00f3digo 259923KPF494.","author":"Inmaculada Garc\u00eda","date":"8 enero, 2025","format":false,"excerpt":"Abierto el plazo de solicitud de la actividad formativa provincial a distancia \u201cJEFATURA DE ESTUDIOS: ORGANIZACI\u00d3N Y FUNCIONAMIENTO (SECUNDARIA)\u201d. C\u00f3digo: 259923KPF494. \u00a0 Curso a distancia de 40 horas, dirigido a profesorado de EDUCACI\u00d3N SECUNDARIA Y BACHILLERATO Lugar de realizaci\u00f3n: AVFP \u00a0 Fechas de realizaci\u00f3n del 29\/01\/2025 hasta 30\/03\/2025. \u270d\ufe0f Inscripciones\u2026","rel":"","context":"En \u00abFormaciones\u00bb","block_context":{"text":"Formaciones","link":"https:\/\/cepronda.com\/blog\/category\/formaciones\/"},"img":{"alt_text":"","src":"https:\/\/i0.wp.com\/cepronda.com\/blog\/wp-content\/uploads\/2025\/01\/WhatsApp-Image-2025-01-08-at-12.42.22.jpeg?fit=1080%2C1080&ssl=1&resize=350%2C200","width":350,"height":200,"srcset":"https:\/\/i0.wp.com\/cepronda.com\/blog\/wp-content\/uploads\/2025\/01\/WhatsApp-Image-2025-01-08-at-12.42.22.jpeg?fit=1080%2C1080&ssl=1&resize=350%2C200 1x, https:\/\/i0.wp.com\/cepronda.com\/blog\/wp-content\/uploads\/2025\/01\/WhatsApp-Image-2025-01-08-at-12.42.22.jpeg?fit=1080%2C1080&ssl=1&resize=525%2C300 1.5x, https:\/\/i0.wp.com\/cepronda.com\/blog\/wp-content\/uploads\/2025\/01\/WhatsApp-Image-2025-01-08-at-12.42.22.jpeg?fit=1080%2C1080&ssl=1&resize=700%2C400 2x, https:\/\/i0.wp.com\/cepronda.com\/blog\/wp-content\/uploads\/2025\/01\/WhatsApp-Image-2025-01-08-at-12.42.22.jpeg?fit=1080%2C1080&ssl=1&resize=1050%2C600 3x"},"classes":[]},{"id":7873,"url":"https:\/\/cepronda.com\/blog\/curso-provincial-a-distancia-atencion-al-alumnado-tdah-estrategias-de-intervencion-en-primaria-codigo-252922ge050\/","url_meta":{"origin":5131,"position":2},"title":"CURSO PROVINCIAL A DISTANCIA: ATENCI\u00d3N AL ALUMNADO TDAH: ESTRATEGIAS DE INTERVENCI\u00d3N EN PRIMARIA. C\u00f3digo: 252922GE050.","author":"Inmaculada Garc\u00eda","date":"28 noviembre, 2024","format":false,"excerpt":"Abierto el plazo de solicitudes para el curso provincial a distancia: ATENCI\u00d3N AL ALUMNADO TDAH: ESTRATEGIAS DE INTERVENCI\u00d3N EN PRIMARIA. C\u00f3digo: 252922GE050. Dirigido preferentemente a profesorado de educaci\u00f3n primaria. \u27a1 Curso a distancia de 40 horas, dirigido preferentemente a profesorado de educaci\u00f3n primaria. \u270f Inscripci\u00f3n: 02\/12\/2024 al 15\/12\/2024. Fecha de\u2026","rel":"","context":"En \u00abFormaciones\u00bb","block_context":{"text":"Formaciones","link":"https:\/\/cepronda.com\/blog\/category\/formaciones\/"},"img":{"alt_text":"","src":"https:\/\/i0.wp.com\/cepronda.com\/blog\/wp-content\/uploads\/2024\/11\/WhatsApp-Image-2024-11-28-at-10.46.36.jpeg?fit=1080%2C1080&ssl=1&resize=350%2C200","width":350,"height":200,"srcset":"https:\/\/i0.wp.com\/cepronda.com\/blog\/wp-content\/uploads\/2024\/11\/WhatsApp-Image-2024-11-28-at-10.46.36.jpeg?fit=1080%2C1080&ssl=1&resize=350%2C200 1x, https:\/\/i0.wp.com\/cepronda.com\/blog\/wp-content\/uploads\/2024\/11\/WhatsApp-Image-2024-11-28-at-10.46.36.jpeg?fit=1080%2C1080&ssl=1&resize=525%2C300 1.5x, https:\/\/i0.wp.com\/cepronda.com\/blog\/wp-content\/uploads\/2024\/11\/WhatsApp-Image-2024-11-28-at-10.46.36.jpeg?fit=1080%2C1080&ssl=1&resize=700%2C400 2x, https:\/\/i0.wp.com\/cepronda.com\/blog\/wp-content\/uploads\/2024\/11\/WhatsApp-Image-2024-11-28-at-10.46.36.jpeg?fit=1080%2C1080&ssl=1&resize=1050%2C600 3x"},"classes":[]},{"id":5239,"url":"https:\/\/cepronda.com\/blog\/actividades-formativas-de-transito-educativo\/","url_meta":{"origin":5131,"position":3},"title":"ACTIVIDADES FORMATIVAS DE TR\u00c1NSITO EDUCATIVO.","author":"Inmaculada Garc\u00eda","date":"20 abril, 2022","format":false,"excerpt":"Estimados compa\u00f1eros y compa\u00f1eras os presentamos dos nuevas actividades formativas, esta vez relacionadas con el TR\u00c1NSITO EDUCATIVO: \"EL TR\u00c1NSITO EDUCATIVO EN INFANTIL Y PRIMARIA\", donde conoceremos estrategias, recursos y experiencias en Tr\u00e1nsito entre las etapas de Educaci\u00f3n Infantil 0-3 y 3-6, as\u00ed como el paso del alumnado a Educaci\u00f3n Primaria\u2026","rel":"","context":"En \u00abNoticias\u00bb","block_context":{"text":"Noticias","link":"https:\/\/cepronda.com\/blog\/category\/noticias\/"},"img":{"alt_text":"","src":"https:\/\/i0.wp.com\/cepronda.com\/blog\/wp-content\/uploads\/2022\/04\/El-transito-en-infantil-y-primaria-4.jpg?fit=1105%2C1200&ssl=1&resize=350%2C200","width":350,"height":200,"srcset":"https:\/\/i0.wp.com\/cepronda.com\/blog\/wp-content\/uploads\/2022\/04\/El-transito-en-infantil-y-primaria-4.jpg?fit=1105%2C1200&ssl=1&resize=350%2C200 1x, https:\/\/i0.wp.com\/cepronda.com\/blog\/wp-content\/uploads\/2022\/04\/El-transito-en-infantil-y-primaria-4.jpg?fit=1105%2C1200&ssl=1&resize=525%2C300 1.5x, https:\/\/i0.wp.com\/cepronda.com\/blog\/wp-content\/uploads\/2022\/04\/El-transito-en-infantil-y-primaria-4.jpg?fit=1105%2C1200&ssl=1&resize=700%2C400 2x, https:\/\/i0.wp.com\/cepronda.com\/blog\/wp-content\/uploads\/2022\/04\/El-transito-en-infantil-y-primaria-4.jpg?fit=1105%2C1200&ssl=1&resize=1050%2C600 3x"},"classes":[]},{"id":8032,"url":"https:\/\/cepronda.com\/blog\/cerebro-y-corazon-del-alumnado-con-tdah-en-secundaria-con-codigo-252923ge557\/","url_meta":{"origin":5131,"position":4},"title":"CEREBRO Y CORAZ\u00d3N DEL ALUMNADO CON TDAH EN SECUNDARIA\u201d, con c\u00f3digo 252923GE557.","author":"Inmaculada Garc\u00eda","date":"13 enero, 2025","format":false,"excerpt":"Abierto el plazo de solicitudes de la actividad formativa \u201cCEREBRO Y CORAZ\u00d3N DEL ALUMNADO CON TDAH EN SECUNDARIA\u201d, con c\u00f3digo 252923GE557. Curso dirigido a profesorado de EDUCACI\u00d3N SECUNDARIA Y BACHILLERATO Lugar de realizaci\u00f3n: WEBEX Fechas: 4,11 de febrero y 5,11,18 y 25 de marzo. Inscripciones: Del 10 al 28 de\u2026","rel":"","context":"En \u00abFormaciones\u00bb","block_context":{"text":"Formaciones","link":"https:\/\/cepronda.com\/blog\/category\/formaciones\/"},"img":{"alt_text":"","src":"https:\/\/i0.wp.com\/cepronda.com\/blog\/wp-content\/uploads\/2025\/01\/Curso-provincial.jpg?fit=1080%2C1080&ssl=1&resize=350%2C200","width":350,"height":200,"srcset":"https:\/\/i0.wp.com\/cepronda.com\/blog\/wp-content\/uploads\/2025\/01\/Curso-provincial.jpg?fit=1080%2C1080&ssl=1&resize=350%2C200 1x, https:\/\/i0.wp.com\/cepronda.com\/blog\/wp-content\/uploads\/2025\/01\/Curso-provincial.jpg?fit=1080%2C1080&ssl=1&resize=525%2C300 1.5x, https:\/\/i0.wp.com\/cepronda.com\/blog\/wp-content\/uploads\/2025\/01\/Curso-provincial.jpg?fit=1080%2C1080&ssl=1&resize=700%2C400 2x, https:\/\/i0.wp.com\/cepronda.com\/blog\/wp-content\/uploads\/2025\/01\/Curso-provincial.jpg?fit=1080%2C1080&ssl=1&resize=1050%2C600 3x"},"classes":[]},{"id":7337,"url":"https:\/\/cepronda.com\/blog\/jefatura-de-estudios-organizacion-y-funcionamiento-de-los-centros-educacion-infantil-y-primaria-online\/","url_meta":{"origin":5131,"position":5},"title":"JEFATURA\u00a0DE\u00a0ESTUDIOS:\u00a0ORGANIZACI\u00d3N\u00a0Y\u00a0FUNCIONAMIENTO\u00a0DE\u00a0LOS\u00a0CENTROS\u00a0(EDUCACI\u00d3N\u00a0INFANTIL\u00a0Y\u00a0PRIMARIA &#8211; ONLINE)","author":"Mamen Moreno","date":"12 enero, 2024","format":false,"excerpt":"Informamos que se encuentra abierto el plazo de inscripci\u00f3n del curso\u00a0provincial:\u00a0\u00a0\"JEFATURA\u00a0DE\u00a0ESTUDIOS:\u00a0ORGANIZACI\u00d3N\u00a0Y\u00a0FUNCIONAMIENTO\u00a0DE\u00a0LOS\u00a0CENTROS\u00a0(EDUCACI\u00d3N\u00a0INFANTIL\u00a0Y\u00a0PRIMARIA - ONLINE)\"\u00a0\u00a0C\u00f3digo:\u00a0249925KPF372 Inscripciones: del 11\/01\/2024 al 22\/01\/2024 Fechas de realizaci\u00f3n: del 29 de enero al 18 de marzo de 2024 Lugar de realizaci\u00f3n: AULA VIRTUAL DE FORMACI\u00d3N DEL PROFESORADO (Curso\u00a0a distancia) Detalle e inscripci\u00f3n en el siguiente enlace: https:\/\/www.juntadeandalucia.es\/educacion\/secretariavirtual\/consultaCEP\/actividad\/249925KPF372","rel":"","context":"En \u00abFormaciones\u00bb","block_context":{"text":"Formaciones","link":"https:\/\/cepronda.com\/blog\/category\/formaciones\/"},"img":{"alt_text":"","src":"https:\/\/i0.wp.com\/cepronda.com\/blog\/wp-content\/uploads\/2024\/01\/JEFATURA-ESTUDIOS-CEIP-3-1.png?fit=848%2C1200&ssl=1&resize=350%2C200","width":350,"height":200,"srcset":"https:\/\/i0.wp.com\/cepronda.com\/blog\/wp-content\/uploads\/2024\/01\/JEFATURA-ESTUDIOS-CEIP-3-1.png?fit=848%2C1200&ssl=1&resize=350%2C200 1x, https:\/\/i0.wp.com\/cepronda.com\/blog\/wp-content\/uploads\/2024\/01\/JEFATURA-ESTUDIOS-CEIP-3-1.png?fit=848%2C1200&ssl=1&resize=525%2C300 1.5x, https:\/\/i0.wp.com\/cepronda.com\/blog\/wp-content\/uploads\/2024\/01\/JEFATURA-ESTUDIOS-CEIP-3-1.png?fit=848%2C1200&ssl=1&resize=700%2C400 2x"},"classes":[]}],"jetpack_sharing_enabled":true,"_links":{"self":[{"href":"https:\/\/cepronda.com\/blog\/wp-json\/wp\/v2\/posts\/5131","targetHints":{"allow":["GET"]}}],"collection":[{"href":"https:\/\/cepronda.com\/blog\/wp-json\/wp\/v2\/posts"}],"about":[{"href":"https:\/\/cepronda.com\/blog\/wp-json\/wp\/v2\/types\/post"}],"author":[{"embeddable":true,"href":"https:\/\/cepronda.com\/blog\/wp-json\/wp\/v2\/users\/10"}],"replies":[{"embeddable":true,"href":"https:\/\/cepronda.com\/blog\/wp-json\/wp\/v2\/comments?post=5131"}],"version-history":[{"count":1,"href":"https:\/\/cepronda.com\/blog\/wp-json\/wp\/v2\/posts\/5131\/revisions"}],"predecessor-version":[{"id":5133,"href":"https:\/\/cepronda.com\/blog\/wp-json\/wp\/v2\/posts\/5131\/revisions\/5133"}],"wp:featuredmedia":[{"embeddable":true,"href":"https:\/\/cepronda.com\/blog\/wp-json\/wp\/v2\/media\/5132"}],"wp:attachment":[{"href":"https:\/\/cepronda.com\/blog\/wp-json\/wp\/v2\/media?parent=5131"}],"wp:term":[{"taxonomy":"category","embeddable":true,"href":"https:\/\/cepronda.com\/blog\/wp-json\/wp\/v2\/categories?post=5131"},{"taxonomy":"post_tag","embeddable":true,"href":"https:\/\/cepronda.com\/blog\/wp-json\/wp\/v2\/tags?post=5131"}],"curies":[{"name":"wp","href":"https:\/\/api.w.org\/{rel}","templated":true}]}}