{"id":5115,"date":"2022-02-15T14:48:22","date_gmt":"2022-02-15T13:48:22","guid":{"rendered":"http:\/\/cepronda.com\/blog\/?p=5115"},"modified":"2025-04-28T11:57:09","modified_gmt":"2025-04-28T09:57:09","slug":"uso-de-herramientas-office-365-en-el-aula-2","status":"publish","type":"post","link":"https:\/\/cepronda.com\/blog\/uso-de-herramientas-office-365-en-el-aula-2\/","title":{"rendered":"USO DE HERRAMIENTAS OFFICE 365 EN EL AULA"},"content":{"rendered":"<p>Buenas tardes compa\u00f1eras y compa\u00f1eros<\/p>\n<p>Os informamos que se encuentra abierta la inscripci\u00f3n del curso a distancia provincial USO DE HERRAMIENTAS OFFICE 365 EN EL AULA<br \/>\n<strong>C\u00f3digo<\/strong>: 222925GE610<br \/>\n<strong>Inscripciones<\/strong>: Del 14\/2\/22 hasta el 07\/03\/2022<br \/>\n<strong>Comienzo del curso<\/strong>: 14\/03\/2022<br \/>\n<strong>Lugar de realizaci\u00f3n<\/strong>: AVFP (Aula virtual de formaci\u00f3n del Profesorado)<\/p>\n<p>M\u00e1s informaci\u00f3n e inscripci\u00f3n en el siguiente <a href=\"https:\/\/seneca.ced.junta-andalucia.es\/seneca\/jsp\/gestionactividades\/RegActForPub.jsp?&amp;BUSCAR=BUSCAR&amp;C_EDIACTFOR=222925ge610\">enlace<\/a> .<\/p>\n<p>Deseamos que sea de vuestro inter\u00e9s.<\/p>\n<p>Un saludo<\/p>\n<p>&nbsp;<\/p>\n<p><img data-recalc-dims=\"1\" loading=\"lazy\" decoding=\"async\" class=\"wp-image-5116 size-medium aligncenter\" src=\"https:\/\/i0.wp.com\/cepronda.com\/blog\/wp-content\/uploads\/2022\/02\/WhatsApp-Image-2022-02-15-at-13.41.18-212x300.jpeg?resize=212%2C300\" alt=\"\" width=\"212\" height=\"300\" srcset=\"https:\/\/i0.wp.com\/cepronda.com\/blog\/wp-content\/uploads\/2022\/02\/WhatsApp-Image-2022-02-15-at-13.41.18.jpeg?resize=212%2C300&amp;ssl=1 212w, https:\/\/i0.wp.com\/cepronda.com\/blog\/wp-content\/uploads\/2022\/02\/WhatsApp-Image-2022-02-15-at-13.41.18.jpeg?resize=724%2C1024&amp;ssl=1 724w, https:\/\/i0.wp.com\/cepronda.com\/blog\/wp-content\/uploads\/2022\/02\/WhatsApp-Image-2022-02-15-at-13.41.18.jpeg?resize=768%2C1086&amp;ssl=1 768w, https:\/\/i0.wp.com\/cepronda.com\/blog\/wp-content\/uploads\/2022\/02\/WhatsApp-Image-2022-02-15-at-13.41.18.jpeg?resize=1086%2C1536&amp;ssl=1 1086w, https:\/\/i0.wp.com\/cepronda.com\/blog\/wp-content\/uploads\/2022\/02\/WhatsApp-Image-2022-02-15-at-13.41.18.jpeg?w=1131&amp;ssl=1 1131w\" sizes=\"auto, (max-width: 212px) 100vw, 212px\" \/><\/p>\n<p>&nbsp;<\/p>\n","protected":false},"excerpt":{"rendered":"<p>Buenas tardes compa\u00f1eras y compa\u00f1eros Os informamos que se encuentra abierta la inscripci\u00f3n del curso a distancia provincial USO DE HERRAMIENTAS OFFICE 365 EN EL AULA C\u00f3digo: 222925GE610 Inscripciones: Del 14\/2\/22 hasta el 07\/03\/2022 Comienzo del curso: 14\/03\/2022 Lugar de realizaci\u00f3n: AVFP (Aula virtual de formaci\u00f3n del Profesorado) M\u00e1s informaci\u00f3n e inscripci\u00f3n en el siguiente [&hellip;]<\/p>\n","protected":false},"author":10,"featured_media":5116,"comment_status":"closed","ping_status":"open","sticky":false,"template":"","format":"standard","meta":{"_crdt_document":"","advanced_seo_description":"","jetpack_seo_html_title":"","jetpack_seo_noindex":false,"jetpack_post_was_ever_published":false,"_jetpack_newsletter_access":"","_jetpack_dont_email_post_to_subs":false,"_jetpack_newsletter_tier_id":0,"_jetpack_memberships_contains_paywalled_content":false,"_jetpack_memberships_contains_paid_content":false,"footnotes":"","jetpack_publicize_message":"","jetpack_publicize_feature_enabled":true,"jetpack_social_post_already_shared":false,"jetpack_social_options":{"image_generator_settings":{"template":"highway","default_image_id":0,"font":"","enabled":false},"version":2}},"categories":[3,5],"tags":[270,222,182],"class_list":{"0":"post-5115","1":"post","2":"type-post","3":"status-publish","4":"format-standard","5":"has-post-thumbnail","7":"category-formaciones","8":"category-noticias","9":"tag-interdisciplinar","10":"tag-internivelar","11":"tag-tic","12":"czr-hentry"},"jetpack_publicize_connections":[],"jetpack_featured_media_url":"https:\/\/i0.wp.com\/cepronda.com\/blog\/wp-content\/uploads\/2022\/02\/WhatsApp-Image-2022-02-15-at-13.41.18.jpeg?fit=1131%2C1600&ssl=1","jetpack_shortlink":"https:\/\/wp.me\/p8M4X7-1kv","jetpack-related-posts":[{"id":4075,"url":"https:\/\/cepronda.com\/blog\/uso-de-herramientas-office-365-en-el-aula\/","url_meta":{"origin":5115,"position":0},"title":"USO DE HERRAMIENTAS OFFICE 365 EN EL AULA","author":"Maribel Mu\u00f1oz","date":"18 diciembre, 2020","format":false,"excerpt":"Buenas tardes compa\u00f1eras y compa\u00f1eros, Os informamos que est\u00e1 abierto el plazo de inscripci\u00f3n de la formaci\u00f3n USO DE HERRAMIENTAS OFFICE 365 EN EL AULA a nivel provincial,\u00a0 y que comenzar\u00e1 a desarrollarse el pr\u00f3ximo\u00a0 22\/01\/2021. Adjuntamos enlace : https:\/\/www.juntadeandalucia.es\/educacion\/secretariavirtual\/consultaCEP\/actividad\/219925KPF246\/ Te rogamos que en el caso de renunciar o no\u2026","rel":"","context":"En \u00abFormaciones\u00bb","block_context":{"text":"Formaciones","link":"https:\/\/cepronda.com\/blog\/category\/formaciones\/"},"img":{"alt_text":"","src":"https:\/\/i0.wp.com\/cepronda.com\/blog\/wp-content\/uploads\/2020\/03\/S%C2%B0mbolo-gen%C3%87rico-RRSS-redondo-negativo-300x300.png?resize=350%2C200","width":350,"height":200},"classes":[]},{"id":5902,"url":"https:\/\/cepronda.com\/blog\/curso-uso-de-herramientas-digitales-en-el-aula\/","url_meta":{"origin":5115,"position":1},"title":"CURSO \u00abUSO DE HERRAMIENTAS DIGITALES EN EL AULA\u00bb","author":"V\u00edctor Caballero","date":"10 abril, 2023","format":false,"excerpt":"Os Informamos de que se encuentra abierto el plazo de inscripci\u00f3n del CURSO \"USO DE HERRAMIENTAS DIGITALES EN EL AULA\" con c\u00f3digo: 232924GE045. \u00a0 Fecha inscripci\u00f3n: \u00a1\u00a1\u00a1\u00a1 10\/04\/2023 hasta 12\/04\/2023 !!!! Fecha actividad: 13\/04\/2023 hasta 04\/05\/2023 \u00a0 Es una formaci\u00f3n de \u00faltima hora destinada al CEPER Constituci\u00f3n Espa\u00f1ola pero que\u2026","rel":"","context":"En \u00abFormaciones\u00bb","block_context":{"text":"Formaciones","link":"https:\/\/cepronda.com\/blog\/category\/formaciones\/"},"img":{"alt_text":"","src":"https:\/\/i0.wp.com\/cepronda.com\/blog\/wp-content\/uploads\/2023\/04\/Herramientas-digitales-en-el-aula-CEPER.jpg?fit=848%2C1200&ssl=1&resize=350%2C200","width":350,"height":200,"srcset":"https:\/\/i0.wp.com\/cepronda.com\/blog\/wp-content\/uploads\/2023\/04\/Herramientas-digitales-en-el-aula-CEPER.jpg?fit=848%2C1200&ssl=1&resize=350%2C200 1x, https:\/\/i0.wp.com\/cepronda.com\/blog\/wp-content\/uploads\/2023\/04\/Herramientas-digitales-en-el-aula-CEPER.jpg?fit=848%2C1200&ssl=1&resize=525%2C300 1.5x, https:\/\/i0.wp.com\/cepronda.com\/blog\/wp-content\/uploads\/2023\/04\/Herramientas-digitales-en-el-aula-CEPER.jpg?fit=848%2C1200&ssl=1&resize=700%2C400 2x"},"classes":[]},{"id":5513,"url":"https:\/\/cepronda.com\/blog\/acompanando-la-labor-docente-herramientas-de-autogestion-del-aula\/","url_meta":{"origin":5115,"position":2},"title":"ACOMPA\u00d1ANDO LA LABOR DOCENTE: HERRAMIENTAS DE AUTOGESTI\u00d3N DEL AULA","author":"Inmaculada Garc\u00eda","date":"28 septiembre, 2022","format":false,"excerpt":"Buenas d\u00edas, compa\u00f1eras y compa\u00f1eros. Os\u00a0 informamos que est\u00e1 abierto el plazo de inscripci\u00f3n en el curso presencial:\u00a0 ACOMPA\u00d1ANDO LA LABOR DOCENTE: HERRAMIENTAS DE AUTOGESTI\u00d3N DEL AULA, con c\u00f3digo 232924GE006, de 20 horas de duraci\u00f3n. Fecha inscripci\u00f3n:\u00a027\/09\/2022 hasta 21\/10\/2022 Fecha actividad:\u00a026\/10\/2022 hasta 10\/05\/2023 Una formaci\u00f3n creada con la intenci\u00f3n de\u2026","rel":"","context":"En \u00abFormaciones\u00bb","block_context":{"text":"Formaciones","link":"https:\/\/cepronda.com\/blog\/category\/formaciones\/"},"img":{"alt_text":"","src":"https:\/\/i0.wp.com\/cepronda.com\/blog\/wp-content\/uploads\/2022\/09\/WhatsApp-Image-2022-09-27-at-19.10.53.jpeg?fit=848%2C1200&ssl=1&resize=350%2C200","width":350,"height":200,"srcset":"https:\/\/i0.wp.com\/cepronda.com\/blog\/wp-content\/uploads\/2022\/09\/WhatsApp-Image-2022-09-27-at-19.10.53.jpeg?fit=848%2C1200&ssl=1&resize=350%2C200 1x, https:\/\/i0.wp.com\/cepronda.com\/blog\/wp-content\/uploads\/2022\/09\/WhatsApp-Image-2022-09-27-at-19.10.53.jpeg?fit=848%2C1200&ssl=1&resize=525%2C300 1.5x, https:\/\/i0.wp.com\/cepronda.com\/blog\/wp-content\/uploads\/2022\/09\/WhatsApp-Image-2022-09-27-at-19.10.53.jpeg?fit=848%2C1200&ssl=1&resize=700%2C400 2x"},"classes":[]},{"id":5167,"url":"https:\/\/cepronda.com\/blog\/uso-didactico-de-los-distintos-formatos-de-debate-en-el-aula\/","url_meta":{"origin":5115,"position":3},"title":"USO DID\u00c1CTICO DE LOS DISTINTOS FORMATOS DE DEBATE EN EL AULA","author":"Inmaculada Garc\u00eda","date":"16 marzo, 2022","format":false,"excerpt":"Buenas tardes compa\u00f1eras y compa\u00f1eros Os informamos que se encuentra abierta la inscripci\u00f3n del curso a distancia provincial \"USO DID\u00c1CTICO DE LOS DISTINTOS FORMATOS DE DEBATE EN EL AULA\" ( C\u00f3digo: 222925GE204 ). Es un curso con seguimiento y se realizaci\u00f3n se desarrollar\u00e1 ONLINE, con duraci\u00f3n de 10 horas. Fecha\u2026","rel":"","context":"En \u00abFormaciones\u00bb","block_context":{"text":"Formaciones","link":"https:\/\/cepronda.com\/blog\/category\/formaciones\/"},"img":{"alt_text":"","src":"https:\/\/i0.wp.com\/cepronda.com\/blog\/wp-content\/uploads\/2022\/03\/formacion-debate.jpeg?fit=848%2C1200&ssl=1&resize=350%2C200","width":350,"height":200,"srcset":"https:\/\/i0.wp.com\/cepronda.com\/blog\/wp-content\/uploads\/2022\/03\/formacion-debate.jpeg?fit=848%2C1200&ssl=1&resize=350%2C200 1x, https:\/\/i0.wp.com\/cepronda.com\/blog\/wp-content\/uploads\/2022\/03\/formacion-debate.jpeg?fit=848%2C1200&ssl=1&resize=525%2C300 1.5x, https:\/\/i0.wp.com\/cepronda.com\/blog\/wp-content\/uploads\/2022\/03\/formacion-debate.jpeg?fit=848%2C1200&ssl=1&resize=700%2C400 2x"},"classes":[]},{"id":5995,"url":"https:\/\/cepronda.com\/blog\/curso-aplicaciones-en-el-aula-de-inteligencia-artificial-231812ge220\/","url_meta":{"origin":5115,"position":4},"title":"CURSO APLICACIONES EN EL AULA DE INTELIGENCIA ARTIFICIAL (231812GE220)","author":"Inmaculada Garc\u00eda","date":"24 mayo, 2023","format":false,"excerpt":"Estimado\/a compa\u00f1ero\/a, Te informo que se encuentra abierta la inscripci\u00f3n al CURSO a DISTANCIA de \u00c1MBITO REGIONAL, INTERDISCIPLINAR: APLICACIONES EN EL AULA DE INTELIGENCIA ARTIFICIAL, organizado por el CEP de Motril. C\u00f3digo: 231812GE220 Inscripciones: desde el 16\/05\/2023 hasta 24\/05\/2023 Fecha actividad:\u00a026\/05\/2023 hasta 26\/06\/2023 Lugar de realizaci\u00f3n: Aula Virtual de Formaci\u00f3n\u2026","rel":"","context":"En \u00abFormaciones\u00bb","block_context":{"text":"Formaciones","link":"https:\/\/cepronda.com\/blog\/category\/formaciones\/"},"img":{"alt_text":"","src":"https:\/\/i0.wp.com\/cepronda.com\/blog\/wp-content\/uploads\/2023\/05\/inteligencia-artificial-aplicaciones.png?fit=1200%2C1200&ssl=1&resize=350%2C200","width":350,"height":200,"srcset":"https:\/\/i0.wp.com\/cepronda.com\/blog\/wp-content\/uploads\/2023\/05\/inteligencia-artificial-aplicaciones.png?fit=1200%2C1200&ssl=1&resize=350%2C200 1x, https:\/\/i0.wp.com\/cepronda.com\/blog\/wp-content\/uploads\/2023\/05\/inteligencia-artificial-aplicaciones.png?fit=1200%2C1200&ssl=1&resize=525%2C300 1.5x, https:\/\/i0.wp.com\/cepronda.com\/blog\/wp-content\/uploads\/2023\/05\/inteligencia-artificial-aplicaciones.png?fit=1200%2C1200&ssl=1&resize=700%2C400 2x, https:\/\/i0.wp.com\/cepronda.com\/blog\/wp-content\/uploads\/2023\/05\/inteligencia-artificial-aplicaciones.png?fit=1200%2C1200&ssl=1&resize=1050%2C600 3x"},"classes":[]},{"id":6013,"url":"https:\/\/cepronda.com\/blog\/kit-de-herramientas-digitales-para-el-profesorado-ii-232924ge043\/","url_meta":{"origin":5115,"position":5},"title":"KIT DE HERRAMIENTAS DIGITALES PARA EL PROFESORADO II (232924GE043)","author":"Inmaculada Garc\u00eda","date":"17 abril, 2023","format":false,"excerpt":"Abierto el plazo de inscripci\u00f3n del CURSO A DISTANCIA: KIT DE HERRAMIENTAS DIGITALES PARA EL PROFESORADO II (232924GE043). Curso a distancia en el Aula Virtual del Profesorado, con una duraci\u00f3n de 30h. M\u00e1s informaci\u00f3n e inscripci\u00f3n: https:\/\/www.juntadeandalucia.es\/educacion\/secretariavirtual\/consultaCEP\/actividad\/232924GE043\/ Fecha actividad:\u00a004\/05\/2023 hasta 23\/06\/2023 Fecha inscripci\u00f3n:\u00a017\/04\/2023 hasta 26\/04\/2023 \u00a0","rel":"","context":"En \u00abFormaciones\u00bb","block_context":{"text":"Formaciones","link":"https:\/\/cepronda.com\/blog\/category\/formaciones\/"},"img":{"alt_text":"","src":"https:\/\/i0.wp.com\/cepronda.com\/blog\/wp-content\/uploads\/2023\/02\/Colorful-Illustration-Technology-Assists-in-Learning-Poster.jpg?fit=848%2C1200&ssl=1&resize=350%2C200","width":350,"height":200,"srcset":"https:\/\/i0.wp.com\/cepronda.com\/blog\/wp-content\/uploads\/2023\/02\/Colorful-Illustration-Technology-Assists-in-Learning-Poster.jpg?fit=848%2C1200&ssl=1&resize=350%2C200 1x, https:\/\/i0.wp.com\/cepronda.com\/blog\/wp-content\/uploads\/2023\/02\/Colorful-Illustration-Technology-Assists-in-Learning-Poster.jpg?fit=848%2C1200&ssl=1&resize=525%2C300 1.5x, https:\/\/i0.wp.com\/cepronda.com\/blog\/wp-content\/uploads\/2023\/02\/Colorful-Illustration-Technology-Assists-in-Learning-Poster.jpg?fit=848%2C1200&ssl=1&resize=700%2C400 2x"},"classes":[]}],"jetpack_sharing_enabled":true,"_links":{"self":[{"href":"https:\/\/cepronda.com\/blog\/wp-json\/wp\/v2\/posts\/5115","targetHints":{"allow":["GET"]}}],"collection":[{"href":"https:\/\/cepronda.com\/blog\/wp-json\/wp\/v2\/posts"}],"about":[{"href":"https:\/\/cepronda.com\/blog\/wp-json\/wp\/v2\/types\/post"}],"author":[{"embeddable":true,"href":"https:\/\/cepronda.com\/blog\/wp-json\/wp\/v2\/users\/10"}],"replies":[{"embeddable":true,"href":"https:\/\/cepronda.com\/blog\/wp-json\/wp\/v2\/comments?post=5115"}],"version-history":[{"count":2,"href":"https:\/\/cepronda.com\/blog\/wp-json\/wp\/v2\/posts\/5115\/revisions"}],"predecessor-version":[{"id":5118,"href":"https:\/\/cepronda.com\/blog\/wp-json\/wp\/v2\/posts\/5115\/revisions\/5118"}],"wp:featuredmedia":[{"embeddable":true,"href":"https:\/\/cepronda.com\/blog\/wp-json\/wp\/v2\/media\/5116"}],"wp:attachment":[{"href":"https:\/\/cepronda.com\/blog\/wp-json\/wp\/v2\/media?parent=5115"}],"wp:term":[{"taxonomy":"category","embeddable":true,"href":"https:\/\/cepronda.com\/blog\/wp-json\/wp\/v2\/categories?post=5115"},{"taxonomy":"post_tag","embeddable":true,"href":"https:\/\/cepronda.com\/blog\/wp-json\/wp\/v2\/tags?post=5115"}],"curies":[{"name":"wp","href":"https:\/\/api.w.org\/{rel}","templated":true}]}}