{"id":5102,"date":"2022-02-14T13:17:25","date_gmt":"2022-02-14T12:17:25","guid":{"rendered":"http:\/\/cepronda.com\/blog\/?p=5102"},"modified":"2025-04-28T11:57:36","modified_gmt":"2025-04-28T09:57:36","slug":"jefatura-de-estudios-organizacion-y-funcionamiento-de-los-centros-secundaria","status":"publish","type":"post","link":"https:\/\/cepronda.com\/blog\/jefatura-de-estudios-organizacion-y-funcionamiento-de-los-centros-secundaria\/","title":{"rendered":"JEFATURA DE ESTUDIOS: ORGANIZACI\u00d3N Y FUNCIONAMIENTO DE LOS CENTROS (SECUNDARIA)"},"content":{"rendered":"<p>Buenos d\u00edas compa\u00f1eras y compa\u00f1eros<\/p>\n<p>Os informamos que se encuentra abierta la inscripci\u00f3n del Curso a distancia provincial JEFATURA DE ESTUDIOS: ORGANIZACI\u00d3N Y FUNCIONAMIENTO DE LOS CENTROS (SECUNDARIA)<br \/>\nC\u00f3digo: 229923PF373<br \/>\nInscripciones: Del 14\/2\/22 hasta el 04\/03\/2022<br \/>\nComienzo del curso: 15\/03\/2022<br \/>\nLugar de realizaci\u00f3n: AVFP (Aula virtual de formaci\u00f3n del Profesorado)<\/p>\n<p>M\u00e1s informaci\u00f3n e inscripci\u00f3n en el siguiente <a href=\"https:\/\/www.juntadeandalucia.es\/educacion\/secretariavirtual\/consultaCEP\/actividad\/229923PF373\/\">enlace<\/a> .<\/p>\n<p>Deseamos que sea de vuestro inter\u00e9s.<\/p>\n<p>Un saludo<\/p>\n<p>&nbsp;<\/p>\n<p><img data-recalc-dims=\"1\" loading=\"lazy\" decoding=\"async\" class=\"wp-image-5103 size-medium aligncenter\" src=\"https:\/\/i0.wp.com\/cepronda.com\/blog\/wp-content\/uploads\/2022\/02\/WhatsApp-Image-2022-02-14-at-10.50.24-212x300.jpeg?resize=212%2C300\" alt=\"\" width=\"212\" height=\"300\" srcset=\"https:\/\/i0.wp.com\/cepronda.com\/blog\/wp-content\/uploads\/2022\/02\/WhatsApp-Image-2022-02-14-at-10.50.24.jpeg?resize=212%2C300&amp;ssl=1 212w, https:\/\/i0.wp.com\/cepronda.com\/blog\/wp-content\/uploads\/2022\/02\/WhatsApp-Image-2022-02-14-at-10.50.24.jpeg?resize=724%2C1024&amp;ssl=1 724w, https:\/\/i0.wp.com\/cepronda.com\/blog\/wp-content\/uploads\/2022\/02\/WhatsApp-Image-2022-02-14-at-10.50.24.jpeg?resize=768%2C1086&amp;ssl=1 768w, https:\/\/i0.wp.com\/cepronda.com\/blog\/wp-content\/uploads\/2022\/02\/WhatsApp-Image-2022-02-14-at-10.50.24.jpeg?resize=1086%2C1536&amp;ssl=1 1086w, https:\/\/i0.wp.com\/cepronda.com\/blog\/wp-content\/uploads\/2022\/02\/WhatsApp-Image-2022-02-14-at-10.50.24.jpeg?w=1131&amp;ssl=1 1131w\" sizes=\"auto, (max-width: 212px) 100vw, 212px\" \/><\/p>\n","protected":false},"excerpt":{"rendered":"<p>Buenos d\u00edas compa\u00f1eras y compa\u00f1eros Os informamos que se encuentra abierta la inscripci\u00f3n del Curso a distancia provincial JEFATURA DE ESTUDIOS: ORGANIZACI\u00d3N Y FUNCIONAMIENTO DE LOS CENTROS (SECUNDARIA) C\u00f3digo: 229923PF373 Inscripciones: Del 14\/2\/22 hasta el 04\/03\/2022 Comienzo del curso: 15\/03\/2022 Lugar de realizaci\u00f3n: AVFP (Aula virtual de formaci\u00f3n del Profesorado) M\u00e1s informaci\u00f3n e inscripci\u00f3n en [&hellip;]<\/p>\n","protected":false},"author":10,"featured_media":5103,"comment_status":"closed","ping_status":"open","sticky":false,"template":"","format":"standard","meta":{"_crdt_document":"","advanced_seo_description":"","jetpack_seo_html_title":"","jetpack_seo_noindex":false,"jetpack_post_was_ever_published":false,"_jetpack_newsletter_access":"","_jetpack_dont_email_post_to_subs":false,"_jetpack_newsletter_tier_id":0,"_jetpack_memberships_contains_paywalled_content":false,"_jetpack_memberships_contains_paid_content":false,"footnotes":"","jetpack_publicize_message":"","jetpack_publicize_feature_enabled":true,"jetpack_social_post_already_shared":false,"jetpack_social_options":{"image_generator_settings":{"template":"highway","default_image_id":0,"font":"","enabled":false},"version":2}},"categories":[3,5],"tags":[285,62],"class_list":{"0":"post-5102","1":"post","2":"type-post","3":"status-publish","4":"format-standard","5":"has-post-thumbnail","7":"category-formaciones","8":"category-noticias","9":"tag-jefatura-estudios","10":"tag-secundaria","11":"czr-hentry"},"jetpack_publicize_connections":[],"jetpack_featured_media_url":"https:\/\/i0.wp.com\/cepronda.com\/blog\/wp-content\/uploads\/2022\/02\/WhatsApp-Image-2022-02-14-at-10.50.24.jpeg?fit=1131%2C1600&ssl=1","jetpack_shortlink":"https:\/\/wp.me\/p8M4X7-1ki","jetpack-related-posts":[{"id":7399,"url":"https:\/\/cepronda.com\/blog\/jefatura-de-estudios-organizacion-y-funcionamiento-de-los-centros-secundaria-2\/","url_meta":{"origin":5102,"position":0},"title":"JEFATURA DE ESTUDIOS: ORGANIZACI\u00d3N Y FUNCIONAMIENTO DE LOS CENTROS (SECUNDARIA)","author":"Mamen Moreno","date":"19 enero, 2024","format":false,"excerpt":"Os informamos que se encuentra abierta la inscripci\u00f3n en el curso provincial, JEFATURA DE ESTUDIOS: ORGANIZACI\u00d3N Y FUNCIONAMIENTO DE LOS CENTROS (SECUNDARIA) con c\u00f3digo 249923PF373 Inscripciones: 18\/01\/2024 al 31\/01\/2024 Fecha actividad: 7 de febrero hasta el 7 de abril de 2024 Duraci\u00f3n: 30 horas no presenciales en AVFP Detalle e\u2026","rel":"","context":"En \u00abFormaciones\u00bb","block_context":{"text":"Formaciones","link":"https:\/\/cepronda.com\/blog\/category\/formaciones\/"},"img":{"alt_text":"","src":"https:\/\/i0.wp.com\/cepronda.com\/blog\/wp-content\/uploads\/2024\/01\/WhatsApp-Image-2024-01-18-at-19.45.23.jpeg?fit=1080%2C1080&ssl=1&resize=350%2C200","width":350,"height":200,"srcset":"https:\/\/i0.wp.com\/cepronda.com\/blog\/wp-content\/uploads\/2024\/01\/WhatsApp-Image-2024-01-18-at-19.45.23.jpeg?fit=1080%2C1080&ssl=1&resize=350%2C200 1x, https:\/\/i0.wp.com\/cepronda.com\/blog\/wp-content\/uploads\/2024\/01\/WhatsApp-Image-2024-01-18-at-19.45.23.jpeg?fit=1080%2C1080&ssl=1&resize=525%2C300 1.5x, https:\/\/i0.wp.com\/cepronda.com\/blog\/wp-content\/uploads\/2024\/01\/WhatsApp-Image-2024-01-18-at-19.45.23.jpeg?fit=1080%2C1080&ssl=1&resize=700%2C400 2x, https:\/\/i0.wp.com\/cepronda.com\/blog\/wp-content\/uploads\/2024\/01\/WhatsApp-Image-2024-01-18-at-19.45.23.jpeg?fit=1080%2C1080&ssl=1&resize=1050%2C600 3x"},"classes":[]},{"id":8006,"url":"https:\/\/cepronda.com\/blog\/curso-provincial-jefatura-de-estudios-organizacion-y-funcionamiento-secundaria-codigo-259923kpf494\/","url_meta":{"origin":5102,"position":1},"title":"CURSO PROVINCIAL: JEFATURA DE ESTUDIOS: ORGANIZACI\u00d3N Y FUNCIONAMIENTO (SECUNDARIA)\u201d. C\u00f3digo 259923KPF494.","author":"Inmaculada Garc\u00eda","date":"8 enero, 2025","format":false,"excerpt":"Abierto el plazo de solicitud de la actividad formativa provincial a distancia \u201cJEFATURA DE ESTUDIOS: ORGANIZACI\u00d3N Y FUNCIONAMIENTO (SECUNDARIA)\u201d. C\u00f3digo: 259923KPF494. \u00a0 Curso a distancia de 40 horas, dirigido a profesorado de EDUCACI\u00d3N SECUNDARIA Y BACHILLERATO Lugar de realizaci\u00f3n: AVFP \u00a0 Fechas de realizaci\u00f3n del 29\/01\/2025 hasta 30\/03\/2025. \u270d\ufe0f Inscripciones\u2026","rel":"","context":"En \u00abFormaciones\u00bb","block_context":{"text":"Formaciones","link":"https:\/\/cepronda.com\/blog\/category\/formaciones\/"},"img":{"alt_text":"","src":"https:\/\/i0.wp.com\/cepronda.com\/blog\/wp-content\/uploads\/2025\/01\/WhatsApp-Image-2025-01-08-at-12.42.22.jpeg?fit=1080%2C1080&ssl=1&resize=350%2C200","width":350,"height":200,"srcset":"https:\/\/i0.wp.com\/cepronda.com\/blog\/wp-content\/uploads\/2025\/01\/WhatsApp-Image-2025-01-08-at-12.42.22.jpeg?fit=1080%2C1080&ssl=1&resize=350%2C200 1x, https:\/\/i0.wp.com\/cepronda.com\/blog\/wp-content\/uploads\/2025\/01\/WhatsApp-Image-2025-01-08-at-12.42.22.jpeg?fit=1080%2C1080&ssl=1&resize=525%2C300 1.5x, https:\/\/i0.wp.com\/cepronda.com\/blog\/wp-content\/uploads\/2025\/01\/WhatsApp-Image-2025-01-08-at-12.42.22.jpeg?fit=1080%2C1080&ssl=1&resize=700%2C400 2x, https:\/\/i0.wp.com\/cepronda.com\/blog\/wp-content\/uploads\/2025\/01\/WhatsApp-Image-2025-01-08-at-12.42.22.jpeg?fit=1080%2C1080&ssl=1&resize=1050%2C600 3x"},"classes":[]},{"id":5110,"url":"https:\/\/cepronda.com\/blog\/jefatura-de-estudios-organizacion-y-funcionamiento-de-los-centros-e-infantil-y-primaria\/","url_meta":{"origin":5102,"position":2},"title":"JEFATURA DE ESTUDIOS: ORGANIZACI\u00d3N Y FUNCIONAMIENTO DE LOS CENTROS (E. INFANTIL Y PRIMARIA)","author":"Maribel Mu\u00f1oz","date":"15 febrero, 2022","format":false,"excerpt":"Buenas tardes compa\u00f1eras y compa\u00f1eros Os informamos que se encuentra abierta la inscripci\u00f3n del Curso a distancia provincial JEFATURA DE ESTUDIOS: ORGANIZACI\u00d3N Y FUNCIONAMIENTO DE LOS CENTROS (E. INFANTIL Y PRIMARIA)\"\u00a0 C\u00f3digo: 229925PF372 Inscripciones: Del 14\/2\/22 hasta el 10\/03\/2022 Comienzo del curso: 15\/03\/2022 Lugar de realizaci\u00f3n: AVFP (Aula virtual de\u2026","rel":"","context":"En \u00abFormaciones\u00bb","block_context":{"text":"Formaciones","link":"https:\/\/cepronda.com\/blog\/category\/formaciones\/"},"img":{"alt_text":"","src":"https:\/\/i0.wp.com\/cepronda.com\/blog\/wp-content\/uploads\/2022\/02\/WhatsApp-Image-2022-02-15-at-13.41.17.jpeg?fit=848%2C1200&ssl=1&resize=350%2C200","width":350,"height":200,"srcset":"https:\/\/i0.wp.com\/cepronda.com\/blog\/wp-content\/uploads\/2022\/02\/WhatsApp-Image-2022-02-15-at-13.41.17.jpeg?fit=848%2C1200&ssl=1&resize=350%2C200 1x, https:\/\/i0.wp.com\/cepronda.com\/blog\/wp-content\/uploads\/2022\/02\/WhatsApp-Image-2022-02-15-at-13.41.17.jpeg?fit=848%2C1200&ssl=1&resize=525%2C300 1.5x, https:\/\/i0.wp.com\/cepronda.com\/blog\/wp-content\/uploads\/2022\/02\/WhatsApp-Image-2022-02-15-at-13.41.17.jpeg?fit=848%2C1200&ssl=1&resize=700%2C400 2x"},"classes":[]},{"id":7337,"url":"https:\/\/cepronda.com\/blog\/jefatura-de-estudios-organizacion-y-funcionamiento-de-los-centros-educacion-infantil-y-primaria-online\/","url_meta":{"origin":5102,"position":3},"title":"JEFATURA\u00a0DE\u00a0ESTUDIOS:\u00a0ORGANIZACI\u00d3N\u00a0Y\u00a0FUNCIONAMIENTO\u00a0DE\u00a0LOS\u00a0CENTROS\u00a0(EDUCACI\u00d3N\u00a0INFANTIL\u00a0Y\u00a0PRIMARIA &#8211; ONLINE)","author":"Mamen Moreno","date":"12 enero, 2024","format":false,"excerpt":"Informamos que se encuentra abierto el plazo de inscripci\u00f3n del curso\u00a0provincial:\u00a0\u00a0\"JEFATURA\u00a0DE\u00a0ESTUDIOS:\u00a0ORGANIZACI\u00d3N\u00a0Y\u00a0FUNCIONAMIENTO\u00a0DE\u00a0LOS\u00a0CENTROS\u00a0(EDUCACI\u00d3N\u00a0INFANTIL\u00a0Y\u00a0PRIMARIA - ONLINE)\"\u00a0\u00a0C\u00f3digo:\u00a0249925KPF372 Inscripciones: del 11\/01\/2024 al 22\/01\/2024 Fechas de realizaci\u00f3n: del 29 de enero al 18 de marzo de 2024 Lugar de realizaci\u00f3n: AULA VIRTUAL DE FORMACI\u00d3N DEL PROFESORADO (Curso\u00a0a distancia) Detalle e inscripci\u00f3n en el siguiente enlace: https:\/\/www.juntadeandalucia.es\/educacion\/secretariavirtual\/consultaCEP\/actividad\/249925KPF372","rel":"","context":"En \u00abFormaciones\u00bb","block_context":{"text":"Formaciones","link":"https:\/\/cepronda.com\/blog\/category\/formaciones\/"},"img":{"alt_text":"","src":"https:\/\/i0.wp.com\/cepronda.com\/blog\/wp-content\/uploads\/2024\/01\/JEFATURA-ESTUDIOS-CEIP-3-1.png?fit=848%2C1200&ssl=1&resize=350%2C200","width":350,"height":200,"srcset":"https:\/\/i0.wp.com\/cepronda.com\/blog\/wp-content\/uploads\/2024\/01\/JEFATURA-ESTUDIOS-CEIP-3-1.png?fit=848%2C1200&ssl=1&resize=350%2C200 1x, https:\/\/i0.wp.com\/cepronda.com\/blog\/wp-content\/uploads\/2024\/01\/JEFATURA-ESTUDIOS-CEIP-3-1.png?fit=848%2C1200&ssl=1&resize=525%2C300 1.5x, https:\/\/i0.wp.com\/cepronda.com\/blog\/wp-content\/uploads\/2024\/01\/JEFATURA-ESTUDIOS-CEIP-3-1.png?fit=848%2C1200&ssl=1&resize=700%2C400 2x"},"classes":[]},{"id":5716,"url":"https:\/\/cepronda.com\/blog\/jefatura-de-estudios-organizacion-y-funcionamiento-de-los-centros-educacion-infantil-y-primaria-232925ge607\/","url_meta":{"origin":5102,"position":4},"title":"JEFATURA DE ESTUDIOS: ORGANIZACI\u00d3N Y FUNCIONAMIENTO DE LOS CENTROS (EDUCACI\u00d3N INFANTIL Y PRIMARIA) (232925GE607)","author":"Inmaculada Garc\u00eda","date":"20 enero, 2023","format":false,"excerpt":"Estimado\/a compa\u00f1ero\/a, Te informo que est\u00e1 abierto el plazo de inscripci\u00f3n del curso provincial, organizado por el CEP de Antequera: \"JEFATURA DE ESTUDIOS: ORGANIZACI\u00d3N Y FUNCIONAMIENTO DE LOS CENTROS (EDUCACI\u00d3N INFANTIL Y PRIMARIA)\" C\u00f3digo: 232925GE607 Inscripciones: desde 20\/01\/2023 al 03\/02\/2023 Fechas de realizaci\u00f3n: del 13 de febrero al 27 de\u2026","rel":"","context":"En \u00abFormaciones\u00bb","block_context":{"text":"Formaciones","link":"https:\/\/cepronda.com\/blog\/category\/formaciones\/"},"img":{"alt_text":"","src":"https:\/\/i0.wp.com\/cepronda.com\/blog\/wp-content\/uploads\/2023\/01\/WhatsApp-Image-2023-01-20-at-13.21.21.jpeg?fit=848%2C1200&ssl=1&resize=350%2C200","width":350,"height":200,"srcset":"https:\/\/i0.wp.com\/cepronda.com\/blog\/wp-content\/uploads\/2023\/01\/WhatsApp-Image-2023-01-20-at-13.21.21.jpeg?fit=848%2C1200&ssl=1&resize=350%2C200 1x, https:\/\/i0.wp.com\/cepronda.com\/blog\/wp-content\/uploads\/2023\/01\/WhatsApp-Image-2023-01-20-at-13.21.21.jpeg?fit=848%2C1200&ssl=1&resize=525%2C300 1.5x, https:\/\/i0.wp.com\/cepronda.com\/blog\/wp-content\/uploads\/2023\/01\/WhatsApp-Image-2023-01-20-at-13.21.21.jpeg?fit=848%2C1200&ssl=1&resize=700%2C400 2x"},"classes":[]},{"id":7928,"url":"https:\/\/cepronda.com\/blog\/jefatura-de-estudios-organizacion-y-funcionamiento-infantil-y-primaria-codigo-259925pf493\/","url_meta":{"origin":5102,"position":5},"title":"\u00abJEFATURA DE ESTUDIOS: ORGANIZACI\u00d3N Y FUNCIONAMIENTO (INFANTIL Y PRIMARIA)\u00bb C\u00f3digo: 259925PF493.","author":"Inmaculada Garc\u00eda","date":"11 diciembre, 2024","format":false,"excerpt":"Abierto el plazo de inscripci\u00f3n para la actividad provincial: \"JEFATURA DE ESTUDIOS: ORGANIZACI\u00d3N Y FUNCIONAMIENTO (INFANTIL Y PRIMARIA)\" C\u00f3digo: 259925PF493. Lugar de realizaci\u00f3n: Curso a distancia en el Aula Virtual de Formaci\u00f3n del Profesorado. \u270f\ufe0fFecha inscripci\u00f3n: del 11\/12\/2024 al 13\/01\/2025. Fecha actividad:del 20 de enero al 24 de marzo de\u2026","rel":"","context":"En \u00abFormaciones\u00bb","block_context":{"text":"Formaciones","link":"https:\/\/cepronda.com\/blog\/category\/formaciones\/"},"img":{"alt_text":"","src":"https:\/\/i0.wp.com\/cepronda.com\/blog\/wp-content\/uploads\/2024\/12\/JEFATURA-ESTUDIOS-CEIP-1_page-0001-1-scaled.jpg?fit=848%2C1200&ssl=1&resize=350%2C200","width":350,"height":200,"srcset":"https:\/\/i0.wp.com\/cepronda.com\/blog\/wp-content\/uploads\/2024\/12\/JEFATURA-ESTUDIOS-CEIP-1_page-0001-1-scaled.jpg?fit=848%2C1200&ssl=1&resize=350%2C200 1x, https:\/\/i0.wp.com\/cepronda.com\/blog\/wp-content\/uploads\/2024\/12\/JEFATURA-ESTUDIOS-CEIP-1_page-0001-1-scaled.jpg?fit=848%2C1200&ssl=1&resize=525%2C300 1.5x, https:\/\/i0.wp.com\/cepronda.com\/blog\/wp-content\/uploads\/2024\/12\/JEFATURA-ESTUDIOS-CEIP-1_page-0001-1-scaled.jpg?fit=848%2C1200&ssl=1&resize=700%2C400 2x"},"classes":[]}],"jetpack_sharing_enabled":true,"_links":{"self":[{"href":"https:\/\/cepronda.com\/blog\/wp-json\/wp\/v2\/posts\/5102","targetHints":{"allow":["GET"]}}],"collection":[{"href":"https:\/\/cepronda.com\/blog\/wp-json\/wp\/v2\/posts"}],"about":[{"href":"https:\/\/cepronda.com\/blog\/wp-json\/wp\/v2\/types\/post"}],"author":[{"embeddable":true,"href":"https:\/\/cepronda.com\/blog\/wp-json\/wp\/v2\/users\/10"}],"replies":[{"embeddable":true,"href":"https:\/\/cepronda.com\/blog\/wp-json\/wp\/v2\/comments?post=5102"}],"version-history":[{"count":2,"href":"https:\/\/cepronda.com\/blog\/wp-json\/wp\/v2\/posts\/5102\/revisions"}],"predecessor-version":[{"id":5105,"href":"https:\/\/cepronda.com\/blog\/wp-json\/wp\/v2\/posts\/5102\/revisions\/5105"}],"wp:featuredmedia":[{"embeddable":true,"href":"https:\/\/cepronda.com\/blog\/wp-json\/wp\/v2\/media\/5103"}],"wp:attachment":[{"href":"https:\/\/cepronda.com\/blog\/wp-json\/wp\/v2\/media?parent=5102"}],"wp:term":[{"taxonomy":"category","embeddable":true,"href":"https:\/\/cepronda.com\/blog\/wp-json\/wp\/v2\/categories?post=5102"},{"taxonomy":"post_tag","embeddable":true,"href":"https:\/\/cepronda.com\/blog\/wp-json\/wp\/v2\/tags?post=5102"}],"curies":[{"name":"wp","href":"https:\/\/api.w.org\/{rel}","templated":true}]}}