{"id":5097,"date":"2022-02-14T13:07:11","date_gmt":"2022-02-14T12:07:11","guid":{"rendered":"http:\/\/cepronda.com\/blog\/?p=5097"},"modified":"2025-04-28T11:57:36","modified_gmt":"2025-04-28T09:57:36","slug":"diseno-grafico-para-docentes-posibilidades-pedagogicas-en-el-aula","status":"publish","type":"post","link":"https:\/\/cepronda.com\/blog\/diseno-grafico-para-docentes-posibilidades-pedagogicas-en-el-aula\/","title":{"rendered":"DISE\u00d1O GR\u00c1FICO PARA DOCENTES: POSIBILIDADES PEDAG\u00d3GICAS EN EL AULA"},"content":{"rendered":"<p>Buenos d\u00edas compa\u00f1eras y compa\u00f1eros<\/p>\n<p>Os informamos que est\u00e1 abierto el plazo de solicitudes para&nbsp; el curso <strong>DISE\u00d1O GR\u00c1FICO PARA DOCENTES: POSIBILIDADES PEDAG\u00d3GICAS EN EL AULA<\/strong> con c\u00f3digo <strong>222924GE021<\/strong>.<\/p>\n<p><strong>Fechas de inscripci\u00f3n<\/strong> : del&nbsp; 14\/02\/2022 al 20\/003\/2022<\/p>\n<p><strong>Fecha de inicio<\/strong>: 23\/03\/2022<\/p>\n<p><strong>Fecha finalizaci\u00f3n<\/strong>: 24\/04\/2022<\/p>\n<p><strong>Horas<\/strong>: 15&nbsp; ( 6 por videoconferencia y 9 online&nbsp; )<\/p>\n<p><em>El presente curso pretende acercarnos el dise\u00f1o gr\u00e1fico como herramienta para generar materiales y recursos educativos, que transmitan de manera adecuada y eficiente, ideas y mensajes con finalidad pedag\u00f3gica. Adem\u00e1s, busca acercarnos a la realizaci\u00f3n de esquemas y conceptualizaciones gr\u00e1ficas. Est\u00e1 pensado para docentes no s\u00f3lo del \u00e1mbito de idiomas y ling\u00fc\u00edstico , sino que su car\u00e1cter multidisciplinar e internivelar, permite su aprovechamiento desde distintas \u00e1reas y niveles, como herramienta de un amplio potencial.<\/em><\/p>\n<p>Para m\u00e1s informaci\u00f3n e inscripci\u00f3n, consulta el siguiente <a href=\"https:\/\/www.juntadeandalucia.es\/educacion\/secretariavirtual\/consultaCEP\/actividad\/222924GE021\/\">enlace<\/a>&nbsp;<\/p>\n<p>Deseamos que sea de vuestro inter\u00e9s.<\/p>\n<p>Un saludo<\/p>\n<p>&nbsp;<\/p>\n<p><img data-recalc-dims=\"1\" loading=\"lazy\" decoding=\"async\" class=\"size-large wp-image-5100 aligncenter\" src=\"https:\/\/i0.wp.com\/cepronda.com\/blog\/wp-content\/uploads\/2022\/02\/WhatsApp-Image-2022-02-11-at-11.23.17-1-1024x418.jpeg?resize=1024%2C418\" alt=\"\" width=\"1024\" height=\"418\" srcset=\"https:\/\/i0.wp.com\/cepronda.com\/blog\/wp-content\/uploads\/2022\/02\/WhatsApp-Image-2022-02-11-at-11.23.17-1.jpeg?resize=1024%2C418&amp;ssl=1 1024w, https:\/\/i0.wp.com\/cepronda.com\/blog\/wp-content\/uploads\/2022\/02\/WhatsApp-Image-2022-02-11-at-11.23.17-1.jpeg?resize=300%2C122&amp;ssl=1 300w, https:\/\/i0.wp.com\/cepronda.com\/blog\/wp-content\/uploads\/2022\/02\/WhatsApp-Image-2022-02-11-at-11.23.17-1.jpeg?resize=768%2C313&amp;ssl=1 768w, https:\/\/i0.wp.com\/cepronda.com\/blog\/wp-content\/uploads\/2022\/02\/WhatsApp-Image-2022-02-11-at-11.23.17-1.jpeg?resize=1536%2C627&amp;ssl=1 1536w, https:\/\/i0.wp.com\/cepronda.com\/blog\/wp-content\/uploads\/2022\/02\/WhatsApp-Image-2022-02-11-at-11.23.17-1.jpeg?w=1600&amp;ssl=1 1600w\" sizes=\"auto, (max-width: 1024px) 100vw, 1024px\" \/><\/p>\n","protected":false},"excerpt":{"rendered":"<p>Buenos d\u00edas compa\u00f1eras y compa\u00f1eros Os informamos que est\u00e1 abierto el plazo de solicitudes para&nbsp; el curso DISE\u00d1O GR\u00c1FICO PARA DOCENTES: POSIBILIDADES PEDAG\u00d3GICAS EN EL AULA con c\u00f3digo 222924GE021. Fechas de inscripci\u00f3n : del&nbsp; 14\/02\/2022 al 20\/003\/2022 Fecha de inicio: 23\/03\/2022 Fecha finalizaci\u00f3n: 24\/04\/2022 Horas: 15&nbsp; ( 6 por videoconferencia y 9 online&nbsp; ) El [&hellip;]<\/p>\n","protected":false},"author":10,"featured_media":5098,"comment_status":"closed","ping_status":"open","sticky":false,"template":"","format":"standard","meta":{"_crdt_document":"","advanced_seo_description":"","jetpack_seo_html_title":"","jetpack_seo_noindex":false,"jetpack_post_was_ever_published":false,"_jetpack_newsletter_access":"","_jetpack_dont_email_post_to_subs":false,"_jetpack_newsletter_tier_id":0,"_jetpack_memberships_contains_paywalled_content":false,"_jetpack_memberships_contains_paid_content":false,"footnotes":"","jetpack_publicize_message":"","jetpack_publicize_feature_enabled":true,"jetpack_social_post_already_shared":false,"jetpack_social_options":{"image_generator_settings":{"template":"highway","default_image_id":0,"font":"","enabled":false},"version":2}},"categories":[3,5],"tags":[73,270,222],"class_list":{"0":"post-5097","1":"post","2":"type-post","3":"status-publish","4":"format-standard","5":"has-post-thumbnail","7":"category-formaciones","8":"category-noticias","9":"tag-idiomas","10":"tag-interdisciplinar","11":"tag-internivelar","12":"czr-hentry"},"jetpack_publicize_connections":[],"jetpack_featured_media_url":"https:\/\/i0.wp.com\/cepronda.com\/blog\/wp-content\/uploads\/2022\/02\/WhatsApp-Image-2022-02-11-at-11.23.17.jpeg?fit=1600%2C653&ssl=1","jetpack_shortlink":"https:\/\/wp.me\/p8M4X7-1kd","jetpack-related-posts":[{"id":4973,"url":"https:\/\/cepronda.com\/blog\/uso-de-la-plataforma-moodle-centros-profundizacion-222924ge042\/","url_meta":{"origin":5097,"position":0},"title":"USO DE LA PLATAFORMA MOODLE CENTROS (PROFUNDIZACI\u00d3N). 222924GE042","author":"Inmaculada Garc\u00eda","date":"13 enero, 2022","format":false,"excerpt":"Buenos d\u00edas, compa\u00f1eras y compa\u00f1eros. Os recordamos que est\u00e1 abierto el plazo de inscripci\u00f3n en la actividad USO DE LA PLATAFORMA MOODLE CENTROS (PROFUNDIZACI\u00d3N), c\u00f3digo 222924GE042. Es una actividad en modalidad de \u00abCurso a distancia\u00bb, que se desarrollar\u00e1 en el Aula Virtual de Formaci\u00f3n del Profesorado. Duraci\u00f3n de 25 horas\u2026","rel":"","context":"En \u00abFormaciones\u00bb","block_context":{"text":"Formaciones","link":"https:\/\/cepronda.com\/blog\/category\/formaciones\/"},"img":{"alt_text":"","src":"https:\/\/i0.wp.com\/cepronda.com\/blog\/wp-content\/uploads\/2022\/01\/USO-PLATAFORMA-MOODLE-CENTRO-1.png?fit=848%2C1200&ssl=1&resize=350%2C200","width":350,"height":200,"srcset":"https:\/\/i0.wp.com\/cepronda.com\/blog\/wp-content\/uploads\/2022\/01\/USO-PLATAFORMA-MOODLE-CENTRO-1.png?fit=848%2C1200&ssl=1&resize=350%2C200 1x, https:\/\/i0.wp.com\/cepronda.com\/blog\/wp-content\/uploads\/2022\/01\/USO-PLATAFORMA-MOODLE-CENTRO-1.png?fit=848%2C1200&ssl=1&resize=525%2C300 1.5x, https:\/\/i0.wp.com\/cepronda.com\/blog\/wp-content\/uploads\/2022\/01\/USO-PLATAFORMA-MOODLE-CENTRO-1.png?fit=848%2C1200&ssl=1&resize=700%2C400 2x"},"classes":[]},{"id":5537,"url":"https:\/\/cepronda.com\/blog\/diseno-de-situaciones-de-aprendizaje-en-andalucia\/","url_meta":{"origin":5097,"position":1},"title":"DISE\u00d1O DE SITUACIONES DE APRENDIZAJE EN ANDALUC\u00cdA","author":"Mamen Moreno","date":"19 octubre, 2022","format":false,"excerpt":"Os\u00a0 informamos que est\u00e1 abierto el plazo de inscripci\u00f3n en el curso DISE\u00d1O DE SITUACIONES DE APRENDIZAJE EN ANDALUC\u00cdA con c\u00f3digo\u00a0232924KPF411 Fechas de inscripci\u00f3n : del 19\/10\/2022 al 25\/10\/2022 Fecha de inicio: 03\/11\/2022 Fecha finalizaci\u00f3n: 12\/12\/2022 Horas: 25h no presenciales. Lugar de realizaci\u00f3n:\u00a0AULA VIRTUAL DE FORMACI\u00d3N DEL PROFESORADO (AVFP) Para\u2026","rel":"","context":"En \u00abFormaciones\u00bb","block_context":{"text":"Formaciones","link":"https:\/\/cepronda.com\/blog\/category\/formaciones\/"},"img":{"alt_text":"","src":"https:\/\/i0.wp.com\/cepronda.com\/blog\/wp-content\/uploads\/2022\/10\/Imagen_para_twitter1.jpg?fit=1200%2C675&ssl=1&resize=350%2C200","width":350,"height":200,"srcset":"https:\/\/i0.wp.com\/cepronda.com\/blog\/wp-content\/uploads\/2022\/10\/Imagen_para_twitter1.jpg?fit=1200%2C675&ssl=1&resize=350%2C200 1x, https:\/\/i0.wp.com\/cepronda.com\/blog\/wp-content\/uploads\/2022\/10\/Imagen_para_twitter1.jpg?fit=1200%2C675&ssl=1&resize=525%2C300 1.5x, https:\/\/i0.wp.com\/cepronda.com\/blog\/wp-content\/uploads\/2022\/10\/Imagen_para_twitter1.jpg?fit=1200%2C675&ssl=1&resize=700%2C400 2x, https:\/\/i0.wp.com\/cepronda.com\/blog\/wp-content\/uploads\/2022\/10\/Imagen_para_twitter1.jpg?fit=1200%2C675&ssl=1&resize=1050%2C600 3x"},"classes":[]},{"id":5230,"url":"https:\/\/cepronda.com\/blog\/mindfulness-para-docentes-ultimos-dias\/","url_meta":{"origin":5097,"position":2},"title":"MINDFULNESS PARA DOCENTES \u00a1\u00daLTIMOS D\u00cdAS!","author":"V\u00edctor Caballero","date":"17 abril, 2022","format":false,"excerpt":"\u00a1\u00daLTIMOS D\u00cdAS! \u00a1NO TE LO PIERDAS! Os informamos que a\u00fan sigue abierto el plazo de inscripci\u00f3n del curso MINDFULNESS PARA DOCENTES con c\u00f3digo 222924GE047. Fechas de inscripci\u00f3n : hasta el lunes 18\/04\/2022 Fecha de inicio: 19\/04\/2022 Fecha finalizaci\u00f3n: 31\/05\/2022 Horas: 16h\u00a0 ( 3 sesiones de 2h + 4 sesiones de\u2026","rel":"","context":"En \u00abFormaciones\u00bb","block_context":{"text":"Formaciones","link":"https:\/\/cepronda.com\/blog\/category\/formaciones\/"},"img":{"alt_text":"","src":"https:\/\/i0.wp.com\/cepronda.com\/blog\/wp-content\/uploads\/2022\/04\/222924GE047-Cartel-Mindfulness.png?fit=848%2C1200&ssl=1&resize=350%2C200","width":350,"height":200,"srcset":"https:\/\/i0.wp.com\/cepronda.com\/blog\/wp-content\/uploads\/2022\/04\/222924GE047-Cartel-Mindfulness.png?fit=848%2C1200&ssl=1&resize=350%2C200 1x, https:\/\/i0.wp.com\/cepronda.com\/blog\/wp-content\/uploads\/2022\/04\/222924GE047-Cartel-Mindfulness.png?fit=848%2C1200&ssl=1&resize=525%2C300 1.5x, https:\/\/i0.wp.com\/cepronda.com\/blog\/wp-content\/uploads\/2022\/04\/222924GE047-Cartel-Mindfulness.png?fit=848%2C1200&ssl=1&resize=700%2C400 2x"},"classes":[]},{"id":5208,"url":"https:\/\/cepronda.com\/blog\/mindfulness-para-docentes-2\/","url_meta":{"origin":5097,"position":3},"title":"MINDFULNESS PARA DOCENTES","author":"V\u00edctor Caballero","date":"1 abril, 2022","format":false,"excerpt":"Buenos d\u00edas compa\u00f1eras y compa\u00f1eros Os informamos que est\u00e1 abierto el plazo de solicitudes para\u00a0 el curso MINDFULNESS PARA DOCENTES con c\u00f3digo 222924GE047 Fechas de inscripci\u00f3n : del\u00a0 01\/04\/2022 al 15\/04\/2022 Fecha de inicio: 19\/04\/2022 Fecha finalizaci\u00f3n: 31\/05\/2022 Horas: 16h\u00a0 ( 3 sesiones de 2h + 4 sesiones de 2,5h.\u2026","rel":"","context":"En \u00abFormaciones\u00bb","block_context":{"text":"Formaciones","link":"https:\/\/cepronda.com\/blog\/category\/formaciones\/"},"img":{"alt_text":"","src":"https:\/\/i0.wp.com\/cepronda.com\/blog\/wp-content\/uploads\/2022\/04\/222924GE047-Cartel-Mindfulness.png?fit=848%2C1200&ssl=1&resize=350%2C200","width":350,"height":200,"srcset":"https:\/\/i0.wp.com\/cepronda.com\/blog\/wp-content\/uploads\/2022\/04\/222924GE047-Cartel-Mindfulness.png?fit=848%2C1200&ssl=1&resize=350%2C200 1x, https:\/\/i0.wp.com\/cepronda.com\/blog\/wp-content\/uploads\/2022\/04\/222924GE047-Cartel-Mindfulness.png?fit=848%2C1200&ssl=1&resize=525%2C300 1.5x, https:\/\/i0.wp.com\/cepronda.com\/blog\/wp-content\/uploads\/2022\/04\/222924GE047-Cartel-Mindfulness.png?fit=848%2C1200&ssl=1&resize=700%2C400 2x"},"classes":[]},{"id":2066,"url":"https:\/\/cepronda.com\/blog\/convocatoria-del-curso-de-formacion-en-red-proyecta-etwinning\/","url_meta":{"origin":5097,"position":4},"title":"Convocatoria del Curso de formaci\u00f3n en red Proyecta eTwinning","author":"V\u00edctor Caballero","date":"4 junio, 2018","format":false,"excerpt":"Muy buenas,\u00a0 Os informamos de la convocatoria de este curso en l\u00ednea, cuyo plazo termina el pr\u00f3ximo 7 de junio. Se trata de un curso en l\u00ednea para docentes, con materiales y metodolog\u00edas totalmente renovadas y adaptadas a los \u00faltimos desarrollos de la plataforma, orientado a conocer mejor eTwinning y\u2026","rel":"","context":"En \u00abFormaciones\u00bb","block_context":{"text":"Formaciones","link":"https:\/\/cepronda.com\/blog\/category\/formaciones\/"},"img":{"alt_text":"","src":"https:\/\/i0.wp.com\/cepronda.com\/blog\/wp-content\/uploads\/2017\/11\/logo_1269x942.png?fit=1200%2C891&ssl=1&resize=350%2C200","width":350,"height":200,"srcset":"https:\/\/i0.wp.com\/cepronda.com\/blog\/wp-content\/uploads\/2017\/11\/logo_1269x942.png?fit=1200%2C891&ssl=1&resize=350%2C200 1x, https:\/\/i0.wp.com\/cepronda.com\/blog\/wp-content\/uploads\/2017\/11\/logo_1269x942.png?fit=1200%2C891&ssl=1&resize=525%2C300 1.5x, https:\/\/i0.wp.com\/cepronda.com\/blog\/wp-content\/uploads\/2017\/11\/logo_1269x942.png?fit=1200%2C891&ssl=1&resize=700%2C400 2x, https:\/\/i0.wp.com\/cepronda.com\/blog\/wp-content\/uploads\/2017\/11\/logo_1269x942.png?fit=1200%2C891&ssl=1&resize=1050%2C600 3x"},"classes":[]},{"id":5167,"url":"https:\/\/cepronda.com\/blog\/uso-didactico-de-los-distintos-formatos-de-debate-en-el-aula\/","url_meta":{"origin":5097,"position":5},"title":"USO DID\u00c1CTICO DE LOS DISTINTOS FORMATOS DE DEBATE EN EL AULA","author":"Inmaculada Garc\u00eda","date":"16 marzo, 2022","format":false,"excerpt":"Buenas tardes compa\u00f1eras y compa\u00f1eros Os informamos que se encuentra abierta la inscripci\u00f3n del curso a distancia provincial \"USO DID\u00c1CTICO DE LOS DISTINTOS FORMATOS DE DEBATE EN EL AULA\" ( C\u00f3digo: 222925GE204 ). Es un curso con seguimiento y se realizaci\u00f3n se desarrollar\u00e1 ONLINE, con duraci\u00f3n de 10 horas. Fecha\u2026","rel":"","context":"En \u00abFormaciones\u00bb","block_context":{"text":"Formaciones","link":"https:\/\/cepronda.com\/blog\/category\/formaciones\/"},"img":{"alt_text":"","src":"https:\/\/i0.wp.com\/cepronda.com\/blog\/wp-content\/uploads\/2022\/03\/formacion-debate.jpeg?fit=848%2C1200&ssl=1&resize=350%2C200","width":350,"height":200,"srcset":"https:\/\/i0.wp.com\/cepronda.com\/blog\/wp-content\/uploads\/2022\/03\/formacion-debate.jpeg?fit=848%2C1200&ssl=1&resize=350%2C200 1x, https:\/\/i0.wp.com\/cepronda.com\/blog\/wp-content\/uploads\/2022\/03\/formacion-debate.jpeg?fit=848%2C1200&ssl=1&resize=525%2C300 1.5x, https:\/\/i0.wp.com\/cepronda.com\/blog\/wp-content\/uploads\/2022\/03\/formacion-debate.jpeg?fit=848%2C1200&ssl=1&resize=700%2C400 2x"},"classes":[]}],"jetpack_sharing_enabled":true,"_links":{"self":[{"href":"https:\/\/cepronda.com\/blog\/wp-json\/wp\/v2\/posts\/5097","targetHints":{"allow":["GET"]}}],"collection":[{"href":"https:\/\/cepronda.com\/blog\/wp-json\/wp\/v2\/posts"}],"about":[{"href":"https:\/\/cepronda.com\/blog\/wp-json\/wp\/v2\/types\/post"}],"author":[{"embeddable":true,"href":"https:\/\/cepronda.com\/blog\/wp-json\/wp\/v2\/users\/10"}],"replies":[{"embeddable":true,"href":"https:\/\/cepronda.com\/blog\/wp-json\/wp\/v2\/comments?post=5097"}],"version-history":[{"count":2,"href":"https:\/\/cepronda.com\/blog\/wp-json\/wp\/v2\/posts\/5097\/revisions"}],"predecessor-version":[{"id":5101,"href":"https:\/\/cepronda.com\/blog\/wp-json\/wp\/v2\/posts\/5097\/revisions\/5101"}],"wp:featuredmedia":[{"embeddable":true,"href":"https:\/\/cepronda.com\/blog\/wp-json\/wp\/v2\/media\/5098"}],"wp:attachment":[{"href":"https:\/\/cepronda.com\/blog\/wp-json\/wp\/v2\/media?parent=5097"}],"wp:term":[{"taxonomy":"category","embeddable":true,"href":"https:\/\/cepronda.com\/blog\/wp-json\/wp\/v2\/categories?post=5097"},{"taxonomy":"post_tag","embeddable":true,"href":"https:\/\/cepronda.com\/blog\/wp-json\/wp\/v2\/tags?post=5097"}],"curies":[{"name":"wp","href":"https:\/\/api.w.org\/{rel}","templated":true}]}}