{"id":5085,"date":"2022-02-04T13:12:14","date_gmt":"2022-02-04T12:12:14","guid":{"rendered":"http:\/\/cepronda.com\/blog\/?p=5085"},"modified":"2025-04-25T11:59:57","modified_gmt":"2025-04-25T09:59:57","slug":"segunda-convocatoria-regional-de-cursos-de-formacion-a-distancia-2021-22","status":"publish","type":"post","link":"https:\/\/cepronda.com\/blog\/segunda-convocatoria-regional-de-cursos-de-formacion-a-distancia-2021-22\/","title":{"rendered":"SEGUNDA CONVOCATORIA REGIONAL DE CURSOS DE FORMACI\u00d3N A DISTANCIA 2021-22"},"content":{"rendered":"<p>Buenas tardes compa\u00f1eras y compa\u00f1eros,<\/p>\n<p>Os informamos que dentro del plan de formaci\u00f3n del profesorado andaluz de la Consejer\u00eda de Educaci\u00f3n y Deporte de la Junta de Andaluc\u00eda se ofertan <strong>31 cursos en la modalidad on-line<\/strong>, para esta segunda convocatoria, cuyos plazos son los siguientes:<\/p>\n<ul>\n<li><strong>Plazo de inscripci\u00f3n<\/strong>: Desde el martes 8 de febrero de 2022 a las 15:00 hasta las 15:00 horas del viernes 11 de febrero de 2022.<\/li>\n<li><strong>Publicaci\u00f3n de listas de admisi\u00f3n en los cursos<\/strong>: viernes, 25 de febrero de 2022.<\/li>\n<li><strong>Fechas de realizaci\u00f3n<\/strong>: Los cursos se iniciar\u00e1n el lunes, 14 de marzo de 2022. La fecha de finalizaci\u00f3n estar\u00e1 en funci\u00f3n de la duraci\u00f3n de cada curso.<\/li>\n<li><strong>Destinatarios<\/strong>: Profesorado de los centros docentes andaluces no universitarios sostenidos con fondos p\u00fablicos.<\/li>\n<li><strong>Cursos convocados<\/strong>:&nbsp;<a href=\"https:\/\/www.juntadeandalucia.es\/educacion\/secretariavirtual\/consultaCEP\/?X_CATMODACT=3&amp;C_EDIACTFOR=22Q99&amp;\">Listado de cursos de la Convocatoria<\/a><\/li>\n<li><strong>Modalidad y lugar de realizaci\u00f3n<\/strong>: Los cursos se realizan en la modalidad a distancia, en el&nbsp;<a href=\"https:\/\/educacionadistancia.juntadeandalucia.es\/profesorado\">Aula Virtual de Formaci\u00f3n del Profesorado<\/a>&nbsp;de la Consejer\u00eda de Educaci\u00f3n y Deporte. Una vez realizada la adjudicaci\u00f3n de las solicitudes los cursos ser\u00e1n gestionados por los Centros de Profesorado, apareciendo a partir de ese momento en la ficha del curso en S\u00e9neca el CEP correspondiente.<\/li>\n<li><strong>Duraci\u00f3n<\/strong>: Los cursos tendr\u00e1n una duraci\u00f3n variable seg\u00fan las tem\u00e1ticas.<\/li>\n<li><strong>Procedimiento de solicitud<\/strong>: La inscripci\u00f3n en los cursos se realiza a trav\u00e9s de la&nbsp;<a href=\"https:\/\/www.juntadeandalucia.es\/educacion\/secretariavirtual\/consultaCEP\/?X_CATMODACT=3&amp;C_EDIACTFOR=22Q99&amp;\">web de Formaci\u00f3n del Profesorado<\/a>. Podr\u00e1n solicitarse hasta 3 cursos simult\u00e1neamente, se considerar\u00e1 prioridad en la adjudicaci\u00f3n de cursos el orden cronol\u00f3gico en el que han sido realizadas las solicitudes, es decir, una solicitud realizada a las 15:00 tendr\u00e1 prioridad sobre una realizada a las 15:05. Solo se adjudicar\u00e1 un curso por cada solicitante, si bien podr\u00e1 realizarse nuevamente la petici\u00f3n de los cursos no adjudicados en las siguientes convocatorias.<\/li>\n<li><strong>Criterios de adjudicaci\u00f3n<\/strong>: La adjudicaci\u00f3n se realizar\u00e1 seg\u00fan los criterios establecidos en el detalle de la actividad.<\/li>\n<li><strong>Criterios de abandono<\/strong>: Si en un plazo de 15 d\u00edas una vez empezado el curso un participante no ha realizado la primera actividad del primer m\u00f3dulo posterior al m\u00f3dulo de Inicio, se entender\u00e1 que dicho participante abandona el curso y se cursar\u00e1 su baja en el mismo. Tambi\u00e9n se dar\u00e1 de baja en el curso a aquellas personas que a\u00fan habi\u00e9ndose presentado en el foro, soliciten su baja voluntaria. Las plazas sobrantes ser\u00e1n ocupadas por el primer candidato de la lista de espera del curso, si lo hubiere. &nbsp;<\/li>\n<li>No podr\u00e1n participar en un curso aquellas personas que ya lo hayan realizado con evaluaci\u00f3n&nbsp; positiva en ediciones anteriores.<\/li>\n<\/ul>\n<p>Deseamos que sea de vuestro inter\u00e9s.<\/p>\n<p>Saludos<\/p>\n<p><iframe class=\"wp-embedded-content\" sandbox=\"allow-scripts\" security=\"restricted\" title=\"Copia - 1\u00aa Convocatoria regional\" frameborder='0' width='720' height='405' src='https:\/\/view.genial.ly\/615d7bcb427cba0dc9086436#?secret=FO5G5QD1kH' data-secret='FO5G5QD1kH' scrolling='yes'><\/iframe><\/p>\n<p>&nbsp;<\/p>\n","protected":false},"excerpt":{"rendered":"<p>Buenas tardes compa\u00f1eras y compa\u00f1eros, Os informamos que dentro del plan de formaci\u00f3n del profesorado andaluz de la Consejer\u00eda de Educaci\u00f3n y Deporte de la Junta de Andaluc\u00eda se ofertan 31 cursos en la modalidad on-line, para esta segunda convocatoria, cuyos plazos son los siguientes: Plazo de inscripci\u00f3n: Desde el martes 8 de febrero de [&hellip;]<\/p>\n","protected":false},"author":10,"featured_media":5086,"comment_status":"closed","ping_status":"open","sticky":false,"template":"","format":"standard","meta":{"_crdt_document":"","advanced_seo_description":"","jetpack_seo_html_title":"","jetpack_seo_noindex":false,"jetpack_post_was_ever_published":false,"_jetpack_newsletter_access":"","_jetpack_dont_email_post_to_subs":false,"_jetpack_newsletter_tier_id":0,"_jetpack_memberships_contains_paywalled_content":false,"_jetpack_memberships_contains_paid_content":false,"footnotes":"","jetpack_publicize_message":"","jetpack_publicize_feature_enabled":true,"jetpack_social_post_already_shared":false,"jetpack_social_options":{"image_generator_settings":{"template":"highway","default_image_id":0,"font":"","enabled":false},"version":2}},"categories":[3],"tags":[],"class_list":{"0":"post-5085","1":"post","2":"type-post","3":"status-publish","4":"format-standard","5":"has-post-thumbnail","7":"category-formaciones","8":"czr-hentry"},"jetpack_publicize_connections":[],"jetpack_featured_media_url":"https:\/\/i0.wp.com\/cepronda.com\/blog\/wp-content\/uploads\/2022\/02\/Aula-virtual.jpg?fit=728%2C419&ssl=1","jetpack_shortlink":"https:\/\/wp.me\/p8M4X7-1k1","jetpack-related-posts":[{"id":3329,"url":"https:\/\/cepronda.com\/blog\/segunda-convocatoria-regional-2019-2020-oferta-formativa-del-aula-virtual-de-formacion-del-profesorado\/","url_meta":{"origin":5085,"position":0},"title":"Segunda convocatoria regional 2019\/2020. Oferta formativa del aula virtual de formaci\u00f3n del profesorado","author":"V\u00edctor Caballero","date":"13 enero, 2020","format":false,"excerpt":"Dentro del plan de formaci\u00f3n del profesorado de la Consejer\u00eda de Educaci\u00f3n se ofertan 23 cursos en la modalidad de cursos a distancia. Las condiciones de la oferta son las siguientes: Plazo de inscripci\u00f3n: Desde el 13 de enero de 2020 a las 15:00 horas al 16 de enero de\u2026","rel":"","context":"En \u00abFormaciones\u00bb","block_context":{"text":"Formaciones","link":"https:\/\/cepronda.com\/blog\/category\/formaciones\/"},"img":{"alt_text":"","src":"https:\/\/i0.wp.com\/cepronda.com\/blog\/wp-content\/uploads\/2019\/05\/logo-nuevo.jpg?fit=531%2C342&ssl=1&resize=350%2C200","width":350,"height":200,"srcset":"https:\/\/i0.wp.com\/cepronda.com\/blog\/wp-content\/uploads\/2019\/05\/logo-nuevo.jpg?fit=531%2C342&ssl=1&resize=350%2C200 1x, https:\/\/i0.wp.com\/cepronda.com\/blog\/wp-content\/uploads\/2019\/05\/logo-nuevo.jpg?fit=531%2C342&ssl=1&resize=525%2C300 1.5x"},"classes":[]},{"id":5421,"url":"https:\/\/cepronda.com\/blog\/convocatoria-provincial-para-el-desarrollo-de-la-competencia-digital-docente\/","url_meta":{"origin":5085,"position":1},"title":"CONVOCATORIA PROVINCIAL PARA EL DESARROLLO DE LA COMPETENCIA DIGITAL DOCENTE.","author":"Inmaculada Garc\u00eda","date":"20 septiembre, 2022","format":false,"excerpt":"Os informamos de que el pr\u00f3ximo viernes \u00a023 de septiembre se abrir\u00e1 el plazo para solicitar la inscripci\u00f3n en las formaciones ofertadas en la Convocatoria Provincial para el desarrollo de la Competencia Digital Docente, dentro del plan de formaci\u00f3n del profesorado de la Consejer\u00eda de Desarrollo Educativo y Formaci\u00f3n Profesional.\u2026","rel":"","context":"En \u00abFormaciones\u00bb","block_context":{"text":"Formaciones","link":"https:\/\/cepronda.com\/blog\/category\/formaciones\/"},"img":{"alt_text":"","src":"https:\/\/i0.wp.com\/cepronda.com\/blog\/wp-content\/uploads\/2022\/09\/convocatoria-provincial-para-el-desarrollo-de-la-competencia-digital.png?fit=1200%2C705&ssl=1&resize=350%2C200","width":350,"height":200,"srcset":"https:\/\/i0.wp.com\/cepronda.com\/blog\/wp-content\/uploads\/2022\/09\/convocatoria-provincial-para-el-desarrollo-de-la-competencia-digital.png?fit=1200%2C705&ssl=1&resize=350%2C200 1x, https:\/\/i0.wp.com\/cepronda.com\/blog\/wp-content\/uploads\/2022\/09\/convocatoria-provincial-para-el-desarrollo-de-la-competencia-digital.png?fit=1200%2C705&ssl=1&resize=525%2C300 1.5x, https:\/\/i0.wp.com\/cepronda.com\/blog\/wp-content\/uploads\/2022\/09\/convocatoria-provincial-para-el-desarrollo-de-la-competencia-digital.png?fit=1200%2C705&ssl=1&resize=700%2C400 2x, https:\/\/i0.wp.com\/cepronda.com\/blog\/wp-content\/uploads\/2022\/09\/convocatoria-provincial-para-el-desarrollo-de-la-competencia-digital.png?fit=1200%2C705&ssl=1&resize=1050%2C600 3x"},"classes":[]},{"id":3091,"url":"https:\/\/cepronda.com\/blog\/primera-convocatoria-regional-2019-2020-oferta-formativa-del-aula-virtual-de-formacion-del-profesorado\/","url_meta":{"origin":5085,"position":2},"title":"Primera convocatoria regional 2019\/2020. Oferta formativa del aula virtual de formaci\u00f3n del profesorado.","author":"V\u00edctor Caballero","date":"12 octubre, 2019","format":false,"excerpt":"Dentro del plan de formaci\u00f3n del profesorado de la Consejer\u00eda de Educaci\u00f3n se ofertan 35 cursos en la modalidad de cursos a distancia. Las condiciones de la oferta son las siguientes: Plazo de inscripci\u00f3n:\u00a0Desde el 14 de octubre de 2019 a las 15:00 horas hasta el 17 de octubre de\u2026","rel":"","context":"En \u00abFormaciones\u00bb","block_context":{"text":"Formaciones","link":"https:\/\/cepronda.com\/blog\/category\/formaciones\/"},"img":{"alt_text":"","src":"https:\/\/i0.wp.com\/cepronda.com\/blog\/wp-content\/uploads\/2019\/10\/AVFP1920.png?resize=350%2C200&ssl=1","width":350,"height":200,"srcset":"https:\/\/i0.wp.com\/cepronda.com\/blog\/wp-content\/uploads\/2019\/10\/AVFP1920.png?resize=350%2C200&ssl=1 1x, https:\/\/i0.wp.com\/cepronda.com\/blog\/wp-content\/uploads\/2019\/10\/AVFP1920.png?resize=525%2C300&ssl=1 1.5x"},"classes":[]},{"id":1888,"url":"https:\/\/cepronda.com\/blog\/2a-convocatoria-de-2018-del-intef\/","url_meta":{"origin":5085,"position":3},"title":"2\u00aa convocatoria de 2018 del INTEF","author":"V\u00edctor Caballero","date":"22 mayo, 2018","format":false,"excerpt":"Muy buenas,\u00a0 Queremos compartir la 2\u00aa convocatoria de este a\u00f1o 2018 del INTEF. Se trata de una convocatoria de plazas en concurrencia competitiva para la realizaci\u00f3n de cursos de formaci\u00f3n en Red para la formaci\u00f3n permanente del profesorado que ejerce en niveles anteriores al universitario, en centros sostenidos con fondos\u2026","rel":"","context":"En \u00abNoticias\u00bb","block_context":{"text":"Noticias","link":"https:\/\/cepronda.com\/blog\/category\/noticias\/"},"img":{"alt_text":"","src":"","width":0,"height":0},"classes":[]},{"id":4738,"url":"https:\/\/cepronda.com\/blog\/primera-convocatoria-regional-de-cursos-de-formacion-a-distancia-2021-22\/","url_meta":{"origin":5085,"position":4},"title":"Primera Convocatoria Regional de cursos de formaci\u00f3n a distancia 2021-22","author":"Inmaculada Garc\u00eda","date":"11 octubre, 2021","format":false,"excerpt":"Dentro del plan de formaci\u00f3n del profesorado de la Consejer\u00eda de Educaci\u00f3n se ofertan 50 cursos en la modalidad de a distancia. Las condiciones de la oferta son las siguientes: Plazo de inscripci\u00f3n: Desde el lunes 18 de octubre de 2021 a las 15:00 hasta las 15:00 horas del jueves\u2026","rel":"","context":"En \u00abFormaciones\u00bb","block_context":{"text":"Formaciones","link":"https:\/\/cepronda.com\/blog\/category\/formaciones\/"},"img":{"alt_text":"","src":"","width":0,"height":0},"classes":[]},{"id":2621,"url":"https:\/\/cepronda.com\/blog\/2a-convocatoria-de-cursos-de-teleformacion-regional-2018-19\/","url_meta":{"origin":5085,"position":5},"title":"2\u00aa Convocatoria de cursos de Teleformaci\u00f3n Regional 2018-19","author":"V\u00edctor Caballero","date":"30 enero, 2019","format":false,"excerpt":"Dentro\u00a0del\u00a0plan de formaci\u00f3n del profesorado de la Consejer\u00eda de Educaci\u00f3n se ofertan 21 cursos\u00a0en la modalidad de teleformaci\u00f3n. Las condiciones de la oferta son las siguientes: Plazo de inscripci\u00f3n:\u00a0Desde el 1 de febrero\u00a0de 2019\u00a0a las 10:00 horas al 6 de febrero de 2019 a las 14:00h\u00a0Publicaci\u00f3n de listas de admisi\u00f3n\u2026","rel":"","context":"En \u00abFormaciones\u00bb","block_context":{"text":"Formaciones","link":"https:\/\/cepronda.com\/blog\/category\/formaciones\/"},"img":{"alt_text":"","src":"","width":0,"height":0},"classes":[]}],"jetpack_sharing_enabled":true,"_links":{"self":[{"href":"https:\/\/cepronda.com\/blog\/wp-json\/wp\/v2\/posts\/5085","targetHints":{"allow":["GET"]}}],"collection":[{"href":"https:\/\/cepronda.com\/blog\/wp-json\/wp\/v2\/posts"}],"about":[{"href":"https:\/\/cepronda.com\/blog\/wp-json\/wp\/v2\/types\/post"}],"author":[{"embeddable":true,"href":"https:\/\/cepronda.com\/blog\/wp-json\/wp\/v2\/users\/10"}],"replies":[{"embeddable":true,"href":"https:\/\/cepronda.com\/blog\/wp-json\/wp\/v2\/comments?post=5085"}],"version-history":[{"count":2,"href":"https:\/\/cepronda.com\/blog\/wp-json\/wp\/v2\/posts\/5085\/revisions"}],"predecessor-version":[{"id":5088,"href":"https:\/\/cepronda.com\/blog\/wp-json\/wp\/v2\/posts\/5085\/revisions\/5088"}],"wp:featuredmedia":[{"embeddable":true,"href":"https:\/\/cepronda.com\/blog\/wp-json\/wp\/v2\/media\/5086"}],"wp:attachment":[{"href":"https:\/\/cepronda.com\/blog\/wp-json\/wp\/v2\/media?parent=5085"}],"wp:term":[{"taxonomy":"category","embeddable":true,"href":"https:\/\/cepronda.com\/blog\/wp-json\/wp\/v2\/categories?post=5085"},{"taxonomy":"post_tag","embeddable":true,"href":"https:\/\/cepronda.com\/blog\/wp-json\/wp\/v2\/tags?post=5085"}],"curies":[{"name":"wp","href":"https:\/\/api.w.org\/{rel}","templated":true}]}}