{"id":5074,"date":"2022-02-03T17:34:15","date_gmt":"2022-02-03T16:34:15","guid":{"rendered":"http:\/\/cepronda.com\/blog\/?p=5074"},"modified":"2025-04-28T12:01:17","modified_gmt":"2025-04-28T10:01:17","slug":"movilidades-eramus-entrevista-en-canal-charry-meprural","status":"publish","type":"post","link":"https:\/\/cepronda.com\/blog\/movilidades-eramus-entrevista-en-canal-charry-meprural\/","title":{"rendered":"MOVILIDADES ERAMUS+. ENTREVISTA EN CANAL CHARRY. MEPRural."},"content":{"rendered":"<p>Buenas tardes compa\u00f1eras y compa\u00f1eros<\/p>\n<p>Os compartimos el v\u00eddeo de la entrevista realizada por Canal Charry a las compa\u00f1eras y a los compa\u00f1eros que han participado en las dos movilidades desarrolladas hasta el momento, dentro del Consorcio Erasmus+ MEPRural del CEP de Ronda.<\/p>\n<p>En estas movilidades hemos tenido como entidades de acogida un centro de la localidad de Omegna (Italia) y otro centro de la localidad de Biella( Italia). En ellas han participado seis compa\u00f1eras y compa\u00f1eros de Primaria; y cinco compa\u00f1eras y compa\u00f1eros de Infantil.<\/p>\n<p>Los dos grupos de compa\u00f1eras y compa\u00f1eros han estado integrados por docentes de centros educativos diferentes dentro del \u00e1mbito de actuaci\u00f3n del CEP de Ronda.<\/p>\n<p><a href=\"https:\/\/youtu.be\/Zoc8sHx0K-E\">Enlace a la entrevista<\/a><\/p>\n<p>Deseamos que sea de vuestro inter\u00e9s.<\/p>\n<p>Un saludo<\/p>\n<p><img data-recalc-dims=\"1\" loading=\"lazy\" decoding=\"async\" class=\" wp-image-5075 aligncenter\" src=\"https:\/\/i0.wp.com\/cepronda.com\/blog\/wp-content\/uploads\/2022\/02\/Publicacion-Erasmus-300x153.jpg?resize=375%2C192\" alt=\"\" width=\"375\" height=\"192\" srcset=\"https:\/\/i0.wp.com\/cepronda.com\/blog\/wp-content\/uploads\/2022\/02\/Publicacion-Erasmus.jpg?resize=300%2C153&amp;ssl=1 300w, https:\/\/i0.wp.com\/cepronda.com\/blog\/wp-content\/uploads\/2022\/02\/Publicacion-Erasmus.jpg?resize=1024%2C522&amp;ssl=1 1024w, https:\/\/i0.wp.com\/cepronda.com\/blog\/wp-content\/uploads\/2022\/02\/Publicacion-Erasmus.jpg?resize=768%2C391&amp;ssl=1 768w, https:\/\/i0.wp.com\/cepronda.com\/blog\/wp-content\/uploads\/2022\/02\/Publicacion-Erasmus.jpg?w=1394&amp;ssl=1 1394w\" sizes=\"auto, (max-width: 375px) 100vw, 375px\" \/><\/p>\n<p>&nbsp;<\/p>\n","protected":false},"excerpt":{"rendered":"<p>Buenas tardes compa\u00f1eras y compa\u00f1eros Os compartimos el v\u00eddeo de la entrevista realizada por Canal Charry a las compa\u00f1eras y a los compa\u00f1eros que han participado en las dos movilidades desarrolladas hasta el momento, dentro del Consorcio Erasmus+ MEPRural del CEP de Ronda. En estas movilidades hemos tenido como entidades de acogida un centro de [&hellip;]<\/p>\n","protected":false},"author":10,"featured_media":5075,"comment_status":"closed","ping_status":"open","sticky":false,"template":"","format":"standard","meta":{"_crdt_document":"","advanced_seo_description":"","jetpack_seo_html_title":"","jetpack_seo_noindex":false,"jetpack_post_was_ever_published":false,"_jetpack_newsletter_access":"","_jetpack_dont_email_post_to_subs":false,"_jetpack_newsletter_tier_id":0,"_jetpack_memberships_contains_paywalled_content":false,"_jetpack_memberships_contains_paid_content":false,"footnotes":"","jetpack_publicize_message":"","jetpack_publicize_feature_enabled":true,"jetpack_social_post_already_shared":false,"jetpack_social_options":{"image_generator_settings":{"template":"highway","default_image_id":0,"font":"","enabled":false},"version":2}},"categories":[3,5],"tags":[283,214,405,282],"class_list":{"0":"post-5074","1":"post","2":"type-post","3":"status-publish","4":"format-standard","5":"has-post-thumbnail","7":"category-formaciones","8":"category-noticias","9":"tag-cep-ronda","10":"tag-consorcio","11":"tag-erasmus-europa","12":"tag-meprural","13":"czr-hentry"},"jetpack_publicize_connections":[],"jetpack_featured_media_url":"https:\/\/i0.wp.com\/cepronda.com\/blog\/wp-content\/uploads\/2022\/02\/Publicacion-Erasmus.jpg?fit=1394%2C710&ssl=1","jetpack_shortlink":"https:\/\/wp.me\/p8M4X7-1jQ","jetpack-related-posts":[{"id":5081,"url":"https:\/\/cepronda.com\/blog\/acreditacion-eramus-concesion-entrevista-en-canal-charry-meprural\/","url_meta":{"origin":5074,"position":0},"title":"ACREDITACI\u00d3N ERAMUS+. CONCESI\u00d3N. ENTREVISTA EN CANAL CHARRY. MEPRural.","author":"Maribel Mu\u00f1oz","date":"3 febrero, 2022","format":false,"excerpt":"Buenas tardes compa\u00f1eras y compa\u00f1eros Os compartimos el v\u00eddeo de la entrevista realizada por Canal Charry con motivo de la concesi\u00f3n de una Acreditaci\u00f3n Erasmus+ al Consorcio coordinado desde el CEP de Ronda, durante todo el periodo 21\/27.\u00a0 Con esta concesi\u00f3n de Acreditaci\u00f3n Erasmus+, el CEP de Ronda va a\u2026","rel":"","context":"En \u00abFormaciones\u00bb","block_context":{"text":"Formaciones","link":"https:\/\/cepronda.com\/blog\/category\/formaciones\/"},"img":{"alt_text":"","src":"https:\/\/i0.wp.com\/cepronda.com\/blog\/wp-content\/uploads\/2022\/02\/Publicacion-Erasmus.jpg?fit=1200%2C611&ssl=1&resize=350%2C200","width":350,"height":200,"srcset":"https:\/\/i0.wp.com\/cepronda.com\/blog\/wp-content\/uploads\/2022\/02\/Publicacion-Erasmus.jpg?fit=1200%2C611&ssl=1&resize=350%2C200 1x, https:\/\/i0.wp.com\/cepronda.com\/blog\/wp-content\/uploads\/2022\/02\/Publicacion-Erasmus.jpg?fit=1200%2C611&ssl=1&resize=525%2C300 1.5x, https:\/\/i0.wp.com\/cepronda.com\/blog\/wp-content\/uploads\/2022\/02\/Publicacion-Erasmus.jpg?fit=1200%2C611&ssl=1&resize=700%2C400 2x, https:\/\/i0.wp.com\/cepronda.com\/blog\/wp-content\/uploads\/2022\/02\/Publicacion-Erasmus.jpg?fit=1200%2C611&ssl=1&resize=1050%2C600 3x"},"classes":[]},{"id":4061,"url":"https:\/\/cepronda.com\/blog\/consorcio-eramus-entrevista-en-charrytv\/","url_meta":{"origin":5074,"position":1},"title":"CONSORCIO ERAMUS+. Entrevista en CharryTV","author":"Maribel Mu\u00f1oz","date":"18 diciembre, 2020","format":false,"excerpt":"Buenas tardes compa\u00f1eras y compa\u00f1eros, Os hacemos llegar la entrevista realizada por Charry TV al Equipo Erasmus del CEP de Ronda, como consecuencia de la puesta en marcha del Consorcio KA101 que coordina y\u00a0 en el cual participan diez centros de nuestro \u00e1mbito de actuaci\u00f3n.\u00a0 Deseamos que sea de vuestro\u2026","rel":"","context":"En \u00abNoticias\u00bb","block_context":{"text":"Noticias","link":"https:\/\/cepronda.com\/blog\/category\/noticias\/"},"img":{"alt_text":"","src":"https:\/\/i0.wp.com\/cepronda.com\/blog\/wp-content\/uploads\/2020\/10\/erasmus.jpg?fit=500%2C500&ssl=1&resize=350%2C200","width":350,"height":200},"classes":[]},{"id":7811,"url":"https:\/\/cepronda.com\/blog\/celebracion-del-erasmus-day-un-agradecimiento-a-todos-los-centros-participantes\/","url_meta":{"origin":5074,"position":2},"title":"CELEBRACI\u00d3N DEL ERASMUS DAY. UN AGRADECIMIENTO A TODOS LOS CENTROS PARTICIPANTES.","author":"Maribel Mu\u00f1oz","date":"24 octubre, 2024","format":false,"excerpt":"En el marco del Erasmus Day, queremos dedicar este espacio para agradecer a todos los centros que han participado activamente en las movilidades docentes durante el curso 2023\/2024 dentro del Consorcio MEPRural del CEP de Ronda. El programa Erasmus+ sigue siendo una oportunidad \u00fanica para el intercambio de experiencias, conocimientos\u2026","rel":"","context":"En \u00abFormaciones\u00bb","block_context":{"text":"Formaciones","link":"https:\/\/cepronda.com\/blog\/category\/formaciones\/"},"img":{"alt_text":"","src":"https:\/\/i0.wp.com\/cepronda.com\/blog\/wp-content\/uploads\/2024\/10\/Erasmus-day-video-portada.jpg?fit=446%2C787&ssl=1&resize=350%2C200","width":350,"height":200},"classes":[]},{"id":5615,"url":"https:\/\/cepronda.com\/blog\/acompanamiento-en-internacionalizacion-de-centros-consorcio-erasmus\/","url_meta":{"origin":5074,"position":3},"title":"ACOMPA\u00d1AMIENTO EN INTERNACIONALIZACI\u00d3N DE CENTROS. CONSORCIO ERASMUS","author":"Maribel Mu\u00f1oz","date":"11 noviembre, 2022","format":false,"excerpt":"Buenas tardes compa\u00f1eras y compa\u00f1eros, Os\u00a0 informamos que est\u00e1 abierto el plazo de inscripci\u00f3n en el curso ACOMPA\u00d1AMIENTO EN INTERNACIONALIZACI\u00d3N DE CENTROS. CONSORCIO ERASMUS con c\u00f3digo 232924GE030. Fechas de inscripci\u00f3n : del 11\/11\/2022 al 21\/11\/2022 Fecha de inicio: 23\/11\/2022 Fecha finalizaci\u00f3n: 8\/02\/2023 Horas: 15\u00a0 ( 10h de videoconferencias y 5\u2026","rel":"","context":"En \u00abFormaciones\u00bb","block_context":{"text":"Formaciones","link":"https:\/\/cepronda.com\/blog\/category\/formaciones\/"},"img":{"alt_text":"","src":"https:\/\/i0.wp.com\/cepronda.com\/blog\/wp-content\/uploads\/2022\/11\/WhatsApp-Image-2022-11-10-at-17.04.44-1.jpeg?fit=848%2C1200&ssl=1&resize=350%2C200","width":350,"height":200,"srcset":"https:\/\/i0.wp.com\/cepronda.com\/blog\/wp-content\/uploads\/2022\/11\/WhatsApp-Image-2022-11-10-at-17.04.44-1.jpeg?fit=848%2C1200&ssl=1&resize=350%2C200 1x, https:\/\/i0.wp.com\/cepronda.com\/blog\/wp-content\/uploads\/2022\/11\/WhatsApp-Image-2022-11-10-at-17.04.44-1.jpeg?fit=848%2C1200&ssl=1&resize=525%2C300 1.5x, https:\/\/i0.wp.com\/cepronda.com\/blog\/wp-content\/uploads\/2022\/11\/WhatsApp-Image-2022-11-10-at-17.04.44-1.jpeg?fit=848%2C1200&ssl=1&resize=700%2C400 2x"},"classes":[]},{"id":4058,"url":"https:\/\/cepronda.com\/blog\/el-cep-de-ronda-os-desea-felices-fiestas\/","url_meta":{"origin":5074,"position":4},"title":"EL CEP DE RONDA OS DESEA FELICES FIESTAS","author":"Inmaculada Garc\u00eda","date":"16 diciembre, 2020","format":false,"excerpt":"Hola compa\u00f1eros y compa\u00f1eras. Especialmente en este a\u00f1o tan complicado queremos haceros llegar nuestra muestra de apoyo y agradecimiento a trav\u00e9s de esta felicitaci\u00f3n. Felices Fiestas. HAZ CLIC AQU\u00cd","rel":"","context":"En \u00abNoticias\u00bb","block_context":{"text":"Noticias","link":"https:\/\/cepronda.com\/blog\/category\/noticias\/"},"img":{"alt_text":"","src":"https:\/\/i0.wp.com\/cepronda.com\/blog\/wp-content\/uploads\/2020\/12\/felicitaciondef.png?fit=767%2C1061&ssl=1&resize=350%2C200","width":350,"height":200,"srcset":"https:\/\/i0.wp.com\/cepronda.com\/blog\/wp-content\/uploads\/2020\/12\/felicitaciondef.png?fit=767%2C1061&ssl=1&resize=350%2C200 1x, https:\/\/i0.wp.com\/cepronda.com\/blog\/wp-content\/uploads\/2020\/12\/felicitaciondef.png?fit=767%2C1061&ssl=1&resize=525%2C300 1.5x, https:\/\/i0.wp.com\/cepronda.com\/blog\/wp-content\/uploads\/2020\/12\/felicitaciondef.png?fit=767%2C1061&ssl=1&resize=700%2C400 2x"},"classes":[]},{"id":5644,"url":"https:\/\/cepronda.com\/blog\/actividades-formativas-del-cep-de-ronda-para-el-curso-22-23\/","url_meta":{"origin":5074,"position":5},"title":"ACTIVIDADES FORMATIVAS DEL CEP DE RONDA para el CURSO 22-23","author":"Inmaculada Garc\u00eda","date":"7 diciembre, 2022","format":false,"excerpt":"Buenos d\u00edas, compa\u00f1eros y compa\u00f1eras. Os compartimos nuestro cartel vivo con las ACTIVIDADES FORMATIVAS DEL CEP DE RONDA para el CURSO 22-23 \u00a0Pincha en el enlace 00-Cartel vivo CEP QR o escanea el c\u00f3digo QR para visualizar la relaci\u00f3n de actividades formativas del CEP de Ronda para este curso.","rel":"","context":"En \u00abNoticias\u00bb","block_context":{"text":"Noticias","link":"https:\/\/cepronda.com\/blog\/category\/noticias\/"},"img":{"alt_text":"","src":"https:\/\/i0.wp.com\/cepronda.com\/blog\/wp-content\/uploads\/2022\/12\/Diseno-sin-titulo.png?fit=848%2C1200&ssl=1&resize=350%2C200","width":350,"height":200,"srcset":"https:\/\/i0.wp.com\/cepronda.com\/blog\/wp-content\/uploads\/2022\/12\/Diseno-sin-titulo.png?fit=848%2C1200&ssl=1&resize=350%2C200 1x, https:\/\/i0.wp.com\/cepronda.com\/blog\/wp-content\/uploads\/2022\/12\/Diseno-sin-titulo.png?fit=848%2C1200&ssl=1&resize=525%2C300 1.5x, https:\/\/i0.wp.com\/cepronda.com\/blog\/wp-content\/uploads\/2022\/12\/Diseno-sin-titulo.png?fit=848%2C1200&ssl=1&resize=700%2C400 2x"},"classes":[]}],"jetpack_sharing_enabled":true,"_links":{"self":[{"href":"https:\/\/cepronda.com\/blog\/wp-json\/wp\/v2\/posts\/5074","targetHints":{"allow":["GET"]}}],"collection":[{"href":"https:\/\/cepronda.com\/blog\/wp-json\/wp\/v2\/posts"}],"about":[{"href":"https:\/\/cepronda.com\/blog\/wp-json\/wp\/v2\/types\/post"}],"author":[{"embeddable":true,"href":"https:\/\/cepronda.com\/blog\/wp-json\/wp\/v2\/users\/10"}],"replies":[{"embeddable":true,"href":"https:\/\/cepronda.com\/blog\/wp-json\/wp\/v2\/comments?post=5074"}],"version-history":[{"count":5,"href":"https:\/\/cepronda.com\/blog\/wp-json\/wp\/v2\/posts\/5074\/revisions"}],"predecessor-version":[{"id":5080,"href":"https:\/\/cepronda.com\/blog\/wp-json\/wp\/v2\/posts\/5074\/revisions\/5080"}],"wp:featuredmedia":[{"embeddable":true,"href":"https:\/\/cepronda.com\/blog\/wp-json\/wp\/v2\/media\/5075"}],"wp:attachment":[{"href":"https:\/\/cepronda.com\/blog\/wp-json\/wp\/v2\/media?parent=5074"}],"wp:term":[{"taxonomy":"category","embeddable":true,"href":"https:\/\/cepronda.com\/blog\/wp-json\/wp\/v2\/categories?post=5074"},{"taxonomy":"post_tag","embeddable":true,"href":"https:\/\/cepronda.com\/blog\/wp-json\/wp\/v2\/tags?post=5074"}],"curies":[{"name":"wp","href":"https:\/\/api.w.org\/{rel}","templated":true}]}}