{"id":5072,"date":"2022-02-02T14:14:36","date_gmt":"2022-02-02T13:14:36","guid":{"rendered":"http:\/\/cepronda.com\/blog\/?p=5072"},"modified":"2025-04-28T11:57:36","modified_gmt":"2025-04-28T09:57:36","slug":"funcion-asesora-y-liderazgo-docente","status":"publish","type":"post","link":"https:\/\/cepronda.com\/blog\/funcion-asesora-y-liderazgo-docente\/","title":{"rendered":"FUNCI\u00d3N ASESORA Y LIDERAZGO DOCENTE"},"content":{"rendered":"<p>Buenos d\u00edas compa\u00f1eras y compa\u00f1eros<\/p>\n<p>Os informamos que est\u00e1 abierto el plazo de solicitudes para&nbsp; el curso <strong>FUNCI\u00d3N ASESORA Y LIDERAZGO DOCENTE: ASESORAR PARA INNOVAR 229902PF383<\/strong><\/p>\n<blockquote><p><strong>Este curso va dirigido a aquel profesorado de centros de titularidad p\u00fablica que quiera conocer en qu\u00e9 consiste la funci\u00f3n asesora, cu\u00e1l es el rol de la persona que asume el asesoramiento y tenga inter\u00e9s por formar parte del equipo asesor de un centro del profesorado.<br \/>\n<\/strong><\/p>\n<p><strong>C\u00f3digo<\/strong>: 229902PF383<\/p>\n<p><strong>Modalidad<\/strong>:Curso a distancia<\/p>\n<p><strong>Lugar de realizaci\u00f3n<\/strong>: AVFP<\/p>\n<p><strong>\u00c1mbito<\/strong>: Regional<\/p>\n<p><strong>Horas<\/strong>: 30 no presenciales<\/p>\n<p><strong>Fechas de inscripci\u00f3n<\/strong>&nbsp;: del 01\/02\/2022 al 15\/02\/2022<\/p>\n<p><strong>Publicaci\u00f3n de las listas provisionales:<\/strong>&nbsp;17 de febrero<\/p>\n<p><strong>Plazo de reclamaciones:&nbsp;<\/strong>del 17 al 19 de febrero<\/p>\n<p><strong>Publicaci\u00f3n de las listas definitivas:&nbsp;<\/strong>20 de febrero<\/p>\n<p><strong>Fecha de inicio<\/strong>: 01\/03\/2022<\/p>\n<p><strong>Fecha finalizaci\u00f3n<\/strong>: 15\/04\/2022<\/p>\n<p><strong>N\u00ba plazas<\/strong>: 80<\/p>\n<p><strong>Enlace a la convocatoria<\/strong>:<\/p>\n<p><a href=\"https:\/\/www.juntadeandalucia.es\/educacion\/secretariavirtual\/consultaCEP\/actividad\/229902PF383\/\" target=\"_blank\" rel=\"noopener\" data-saferedirecturl=\"https:\/\/www.google.com\/url?q=https:\/\/www.juntadeandalucia.es\/educacion\/secretariavirtual\/consultaCEP\/actividad\/229902PF383\/&amp;source=gmail&amp;ust=1643893298158000&amp;usg=AOvVaw3k6BVzseP1Bf3rJwtLhBML\">https:\/\/www.juntadeandalucia.<wbr>es\/educacion\/<wbr>secretariavirtual\/consultaCEP\/<wbr>actividad\/229902PF383\/<\/a><\/p><\/blockquote>\n<p>Deseamos que sea de vuestro inter\u00e9s.<\/p>\n<p>Un saludo<\/p>\n<p><img data-recalc-dims=\"1\" loading=\"lazy\" decoding=\"async\" class=\"size-medium wp-image-3495 aligncenter\" src=\"https:\/\/i0.wp.com\/cepronda.com\/blog\/wp-content\/uploads\/2020\/03\/S%C2%B0mbolo-gen%C3%87rico-RRSS-redondo-negativo-300x300.png?resize=300%2C300\" alt=\"\" width=\"300\" height=\"300\" srcset=\"https:\/\/i0.wp.com\/cepronda.com\/blog\/wp-content\/uploads\/2020\/03\/S%C2%B0mbolo-gen%C3%87rico-RRSS-redondo-negativo.png?resize=300%2C300&amp;ssl=1 300w, https:\/\/i0.wp.com\/cepronda.com\/blog\/wp-content\/uploads\/2020\/03\/S%C2%B0mbolo-gen%C3%87rico-RRSS-redondo-negativo.png?resize=1024%2C1024&amp;ssl=1 1024w, https:\/\/i0.wp.com\/cepronda.com\/blog\/wp-content\/uploads\/2020\/03\/S%C2%B0mbolo-gen%C3%87rico-RRSS-redondo-negativo.png?resize=150%2C150&amp;ssl=1 150w, https:\/\/i0.wp.com\/cepronda.com\/blog\/wp-content\/uploads\/2020\/03\/S%C2%B0mbolo-gen%C3%87rico-RRSS-redondo-negativo.png?resize=768%2C768&amp;ssl=1 768w, https:\/\/i0.wp.com\/cepronda.com\/blog\/wp-content\/uploads\/2020\/03\/S%C2%B0mbolo-gen%C3%87rico-RRSS-redondo-negativo.png?resize=50%2C50&amp;ssl=1 50w, https:\/\/i0.wp.com\/cepronda.com\/blog\/wp-content\/uploads\/2020\/03\/S%C2%B0mbolo-gen%C3%87rico-RRSS-redondo-negativo.png?w=1500&amp;ssl=1 1500w\" sizes=\"auto, (max-width: 300px) 100vw, 300px\" \/><\/p>\n","protected":false},"excerpt":{"rendered":"<p>Buenos d\u00edas compa\u00f1eras y compa\u00f1eros Os informamos que est\u00e1 abierto el plazo de solicitudes para&nbsp; el curso FUNCI\u00d3N ASESORA Y LIDERAZGO DOCENTE: ASESORAR PARA INNOVAR 229902PF383 Este curso va dirigido a aquel profesorado de centros de titularidad p\u00fablica que quiera conocer en qu\u00e9 consiste la funci\u00f3n asesora, cu\u00e1l es el rol de la persona que [&hellip;]<\/p>\n","protected":false},"author":10,"featured_media":3495,"comment_status":"closed","ping_status":"open","sticky":false,"template":"","format":"standard","meta":{"_crdt_document":"","advanced_seo_description":"","jetpack_seo_html_title":"","jetpack_seo_noindex":false,"jetpack_post_was_ever_published":false,"_jetpack_newsletter_access":"","_jetpack_dont_email_post_to_subs":false,"_jetpack_newsletter_tier_id":0,"_jetpack_memberships_contains_paywalled_content":false,"_jetpack_memberships_contains_paid_content":false,"footnotes":"","jetpack_publicize_message":"","jetpack_publicize_feature_enabled":true,"jetpack_social_post_already_shared":false,"jetpack_social_options":{"image_generator_settings":{"template":"highway","default_image_id":0,"font":"","enabled":false},"version":2}},"categories":[3,5],"tags":[281],"class_list":{"0":"post-5072","1":"post","2":"type-post","3":"status-publish","4":"format-standard","5":"has-post-thumbnail","7":"category-formaciones","8":"category-noticias","9":"tag-funcion-asesora","10":"czr-hentry"},"jetpack_publicize_connections":[],"jetpack_featured_media_url":"https:\/\/i0.wp.com\/cepronda.com\/blog\/wp-content\/uploads\/2020\/03\/S%C2%B0mbolo-gen%C3%87rico-RRSS-redondo-negativo.png?fit=1500%2C1500&ssl=1","jetpack_shortlink":"https:\/\/wp.me\/p8M4X7-1jO","jetpack-related-posts":[{"id":5421,"url":"https:\/\/cepronda.com\/blog\/convocatoria-provincial-para-el-desarrollo-de-la-competencia-digital-docente\/","url_meta":{"origin":5072,"position":0},"title":"CONVOCATORIA PROVINCIAL PARA EL DESARROLLO DE LA COMPETENCIA DIGITAL DOCENTE.","author":"Inmaculada Garc\u00eda","date":"20 septiembre, 2022","format":false,"excerpt":"Os informamos de que el pr\u00f3ximo viernes \u00a023 de septiembre se abrir\u00e1 el plazo para solicitar la inscripci\u00f3n en las formaciones ofertadas en la Convocatoria Provincial para el desarrollo de la Competencia Digital Docente, dentro del plan de formaci\u00f3n del profesorado de la Consejer\u00eda de Desarrollo Educativo y Formaci\u00f3n Profesional.\u2026","rel":"","context":"En \u00abFormaciones\u00bb","block_context":{"text":"Formaciones","link":"https:\/\/cepronda.com\/blog\/category\/formaciones\/"},"img":{"alt_text":"","src":"https:\/\/i0.wp.com\/cepronda.com\/blog\/wp-content\/uploads\/2022\/09\/convocatoria-provincial-para-el-desarrollo-de-la-competencia-digital.png?fit=1200%2C705&ssl=1&resize=350%2C200","width":350,"height":200,"srcset":"https:\/\/i0.wp.com\/cepronda.com\/blog\/wp-content\/uploads\/2022\/09\/convocatoria-provincial-para-el-desarrollo-de-la-competencia-digital.png?fit=1200%2C705&ssl=1&resize=350%2C200 1x, https:\/\/i0.wp.com\/cepronda.com\/blog\/wp-content\/uploads\/2022\/09\/convocatoria-provincial-para-el-desarrollo-de-la-competencia-digital.png?fit=1200%2C705&ssl=1&resize=525%2C300 1.5x, https:\/\/i0.wp.com\/cepronda.com\/blog\/wp-content\/uploads\/2022\/09\/convocatoria-provincial-para-el-desarrollo-de-la-competencia-digital.png?fit=1200%2C705&ssl=1&resize=700%2C400 2x, https:\/\/i0.wp.com\/cepronda.com\/blog\/wp-content\/uploads\/2022\/09\/convocatoria-provincial-para-el-desarrollo-de-la-competencia-digital.png?fit=1200%2C705&ssl=1&resize=1050%2C600 3x"},"classes":[]},{"id":8172,"url":"https:\/\/cepronda.com\/blog\/curso-provincial-bienestar-emocional-y-autocuidado-del-personal-docente-codigo-259925ci478\/","url_meta":{"origin":5072,"position":1},"title":"BIENESTAR EMOCIONAL Y AUTOCUIDADO DEL PERSONAL DOCENTE.","author":"Inmaculada Garc\u00eda","date":"19 febrero, 2025","format":false,"excerpt":"Se encuentra abierto el plazo de inscripci\u00f3n del curso provincial:\u00a0 \"BIENESTAR EMOCIONAL Y AUTOCUIDADO DEL PERSONAL DOCENTE.\"\u00a0\u00a0C\u00f3digo:\u00a0259925CI478 Curso\u00a0a distancia, de 30 horas de duraci\u00f3n, en el Aula Virtual de Formaci\u00f3n del Profesorado. Internivelar. Plazo de inscripci\u00f3n:\u00a0del 18 de febrero al 3 de marzo de 2025. Fechas\u00a0de\u00a0realizaci\u00f3n:\u00a0del 11 de marzo al\u2026","rel":"","context":"En \u00abFormaciones\u00bb","block_context":{"text":"Formaciones","link":"https:\/\/cepronda.com\/blog\/category\/formaciones\/"},"img":{"alt_text":"","src":"https:\/\/i0.wp.com\/cepronda.com\/blog\/wp-content\/uploads\/2025\/02\/BINESTAR-EMOCIONAL-Y-AUTOCUIDADO-DEL-PERSONAL-DOCENTE.jpg?fit=864%2C1080&ssl=1&resize=350%2C200","width":350,"height":200,"srcset":"https:\/\/i0.wp.com\/cepronda.com\/blog\/wp-content\/uploads\/2025\/02\/BINESTAR-EMOCIONAL-Y-AUTOCUIDADO-DEL-PERSONAL-DOCENTE.jpg?fit=864%2C1080&ssl=1&resize=350%2C200 1x, https:\/\/i0.wp.com\/cepronda.com\/blog\/wp-content\/uploads\/2025\/02\/BINESTAR-EMOCIONAL-Y-AUTOCUIDADO-DEL-PERSONAL-DOCENTE.jpg?fit=864%2C1080&ssl=1&resize=525%2C300 1.5x, https:\/\/i0.wp.com\/cepronda.com\/blog\/wp-content\/uploads\/2025\/02\/BINESTAR-EMOCIONAL-Y-AUTOCUIDADO-DEL-PERSONAL-DOCENTE.jpg?fit=864%2C1080&ssl=1&resize=700%2C400 2x"},"classes":[]},{"id":9043,"url":"https:\/\/cepronda.com\/blog\/curso-de-formacion-sobre-el-desarrollo-de-la-funcion-directiva-2025-2026\/","url_meta":{"origin":5072,"position":2},"title":"Curso de Formaci\u00f3n sobre el Desarrollo de la Funci\u00f3n Directiva 2025-2026","author":"Inmaculada Garc\u00eda","date":"13 noviembre, 2025","format":false,"excerpt":"Hoy se ha publicado la convocatoria para el Curso de Formaci\u00f3n sobre el Desarrollo de la Funci\u00f3n Directiva 2025-26. Plazo de presentaci\u00f3n de solicitudes del 14 al 27 de noviembre ambos inclusive a trav\u00e9s de Portal Docente. Pincha aqu\u00ed para acceder al\u00a0ENLACE A LA CONVOCATORIA.","rel":"","context":"En \u00abNoticias\u00bb","block_context":{"text":"Noticias","link":"https:\/\/cepronda.com\/blog\/category\/noticias\/"},"img":{"alt_text":"","src":"https:\/\/i0.wp.com\/cepronda.com\/blog\/wp-content\/uploads\/2025\/11\/direccion.jpg?fit=640%2C900&ssl=1&resize=350%2C200","width":350,"height":200,"srcset":"https:\/\/i0.wp.com\/cepronda.com\/blog\/wp-content\/uploads\/2025\/11\/direccion.jpg?fit=640%2C900&ssl=1&resize=350%2C200 1x, https:\/\/i0.wp.com\/cepronda.com\/blog\/wp-content\/uploads\/2025\/11\/direccion.jpg?fit=640%2C900&ssl=1&resize=525%2C300 1.5x"},"classes":[]},{"id":7304,"url":"https:\/\/cepronda.com\/blog\/convocado-el-curso-de-formacion-sobre-el-desarrollo-de-la-funcion-directiva\/","url_meta":{"origin":5072,"position":3},"title":"CONVOCADO EL CURSO DE FORMACI\u00d3N SOBRE EL DESARROLLO DE LA FUNCI\u00d3N DIRECTIVA","author":"Inmaculada Garc\u00eda","date":"9 enero, 2024","format":false,"excerpt":"Se ha publicado la Resoluci\u00f3n de 21 de diciembre de 2023, de Direcci\u00f3n General de Tecnolog\u00edas Avanzadas y Transformaci\u00f3n Educativa, por la que se convoca curso de formaci\u00f3n sobre el desarrollo de la funci\u00f3n directiva, establecido en el art\u00edculo 134.1 de la Ley Org\u00e1nica 2\/2006, de 3 de mayo, de\u2026","rel":"","context":"En \u00abFormaciones\u00bb","block_context":{"text":"Formaciones","link":"https:\/\/cepronda.com\/blog\/category\/formaciones\/"},"img":{"alt_text":"","src":"https:\/\/i0.wp.com\/cepronda.com\/blog\/wp-content\/uploads\/2024\/01\/Post-de-Instagram-para-rebajas-y-ofertas-tiendas-azul-y-terracota.png?fit=1080%2C1080&ssl=1&resize=350%2C200","width":350,"height":200,"srcset":"https:\/\/i0.wp.com\/cepronda.com\/blog\/wp-content\/uploads\/2024\/01\/Post-de-Instagram-para-rebajas-y-ofertas-tiendas-azul-y-terracota.png?fit=1080%2C1080&ssl=1&resize=350%2C200 1x, https:\/\/i0.wp.com\/cepronda.com\/blog\/wp-content\/uploads\/2024\/01\/Post-de-Instagram-para-rebajas-y-ofertas-tiendas-azul-y-terracota.png?fit=1080%2C1080&ssl=1&resize=525%2C300 1.5x, https:\/\/i0.wp.com\/cepronda.com\/blog\/wp-content\/uploads\/2024\/01\/Post-de-Instagram-para-rebajas-y-ofertas-tiendas-azul-y-terracota.png?fit=1080%2C1080&ssl=1&resize=700%2C400 2x, https:\/\/i0.wp.com\/cepronda.com\/blog\/wp-content\/uploads\/2024\/01\/Post-de-Instagram-para-rebajas-y-ofertas-tiendas-azul-y-terracota.png?fit=1080%2C1080&ssl=1&resize=1050%2C600 3x"},"classes":[]},{"id":9217,"url":"https:\/\/cepronda.com\/blog\/9217-2\/","url_meta":{"origin":5072,"position":4},"title":"CURSO  PRATIQUES D&#8217;ENSEIGNEMENT INNOVANTES SOUTENUES PAR L&#8217;UTILISATION DES TICE DANS LA CLASSE DE LANGUE","author":"Encarni Jim\u00e9nez Rosado","date":"16 enero, 2026","format":false,"excerpt":"Abierto plazo de inscripci\u00f3n para el curso \u201cPRATIQUES D'ENSEIGNEMENT INNOVANTES SOUTENUES PAR L'UTILISATION DES TICE DANS LA CLASSE DE LANGUE\u201d C\u00d3DIGO:\u00a0\u00a026K9911AV158 MODALIDAD:\u00a0Curso a distancia \u00c1MBITO:\u00a0Regional LUGAR DE REALIZACI\u00d3N:\u00a0Aula Virtual de Formaci\u00f3n\u00a0del Profesorado (AVFP)\u00a0\u00a0 \u00a0 INSCRIPCIONES:\u00a0del 21 de enero al 4 de febrero 2026 LISTA PROVISIONAL ADMITIDOS:\u00a05 de febrero de 2026\u2026","rel":"","context":"En \u00abFormaciones\u00bb","block_context":{"text":"Formaciones","link":"https:\/\/cepronda.com\/blog\/category\/formaciones\/"},"img":{"alt_text":"","src":"https:\/\/i0.wp.com\/cepronda.com\/blog\/wp-content\/uploads\/2026\/01\/frances.jpg?fit=959%2C1200&ssl=1&resize=350%2C200","width":350,"height":200,"srcset":"https:\/\/i0.wp.com\/cepronda.com\/blog\/wp-content\/uploads\/2026\/01\/frances.jpg?fit=959%2C1200&ssl=1&resize=350%2C200 1x, https:\/\/i0.wp.com\/cepronda.com\/blog\/wp-content\/uploads\/2026\/01\/frances.jpg?fit=959%2C1200&ssl=1&resize=525%2C300 1.5x, https:\/\/i0.wp.com\/cepronda.com\/blog\/wp-content\/uploads\/2026\/01\/frances.jpg?fit=959%2C1200&ssl=1&resize=700%2C400 2x"},"classes":[]},{"id":5598,"url":"https:\/\/cepronda.com\/blog\/competencia-digital-docente-nivel-a1\/","url_meta":{"origin":5072,"position":5},"title":"COMPETENCIA DIGITAL DOCENTE NIVEL A1","author":"Inmaculada Garc\u00eda","date":"10 noviembre, 2022","format":false,"excerpt":"Os informamos que est\u00e1 abierto el plazo de inscripci\u00f3n en el curso COMPETENCIA DIGITAL DOCENTE NIVEL A1\u00a0con c\u00f3digo239924KPF420. Fechas de inscripci\u00f3n : 10\/11\/2022 hasta el 25\/11\/2022 Fecha de realizaci\u00f3n: 01\/12\/2022 hasta 15\/02\/2023 Horas: 40 horas no presenciales. Lugar de realizaci\u00f3n: Aula Virtual de Formaci\u00f3n del Profesorado. Para m\u00e1s informaci\u00f3n e\u2026","rel":"","context":"En \u00abNoticias\u00bb","block_context":{"text":"Noticias","link":"https:\/\/cepronda.com\/blog\/category\/noticias\/"},"img":{"alt_text":"","src":"https:\/\/i0.wp.com\/cepronda.com\/blog\/wp-content\/uploads\/2022\/11\/Copia-de-CDD-A1.jpg?fit=1000%2C1000&ssl=1&resize=350%2C200","width":350,"height":200,"srcset":"https:\/\/i0.wp.com\/cepronda.com\/blog\/wp-content\/uploads\/2022\/11\/Copia-de-CDD-A1.jpg?fit=1000%2C1000&ssl=1&resize=350%2C200 1x, https:\/\/i0.wp.com\/cepronda.com\/blog\/wp-content\/uploads\/2022\/11\/Copia-de-CDD-A1.jpg?fit=1000%2C1000&ssl=1&resize=525%2C300 1.5x, https:\/\/i0.wp.com\/cepronda.com\/blog\/wp-content\/uploads\/2022\/11\/Copia-de-CDD-A1.jpg?fit=1000%2C1000&ssl=1&resize=700%2C400 2x"},"classes":[]}],"jetpack_sharing_enabled":true,"_links":{"self":[{"href":"https:\/\/cepronda.com\/blog\/wp-json\/wp\/v2\/posts\/5072","targetHints":{"allow":["GET"]}}],"collection":[{"href":"https:\/\/cepronda.com\/blog\/wp-json\/wp\/v2\/posts"}],"about":[{"href":"https:\/\/cepronda.com\/blog\/wp-json\/wp\/v2\/types\/post"}],"author":[{"embeddable":true,"href":"https:\/\/cepronda.com\/blog\/wp-json\/wp\/v2\/users\/10"}],"replies":[{"embeddable":true,"href":"https:\/\/cepronda.com\/blog\/wp-json\/wp\/v2\/comments?post=5072"}],"version-history":[{"count":1,"href":"https:\/\/cepronda.com\/blog\/wp-json\/wp\/v2\/posts\/5072\/revisions"}],"predecessor-version":[{"id":5073,"href":"https:\/\/cepronda.com\/blog\/wp-json\/wp\/v2\/posts\/5072\/revisions\/5073"}],"wp:featuredmedia":[{"embeddable":true,"href":"https:\/\/cepronda.com\/blog\/wp-json\/wp\/v2\/media\/3495"}],"wp:attachment":[{"href":"https:\/\/cepronda.com\/blog\/wp-json\/wp\/v2\/media?parent=5072"}],"wp:term":[{"taxonomy":"category","embeddable":true,"href":"https:\/\/cepronda.com\/blog\/wp-json\/wp\/v2\/categories?post=5072"},{"taxonomy":"post_tag","embeddable":true,"href":"https:\/\/cepronda.com\/blog\/wp-json\/wp\/v2\/tags?post=5072"}],"curies":[{"name":"wp","href":"https:\/\/api.w.org\/{rel}","templated":true}]}}