{"id":5068,"date":"2022-02-02T14:09:24","date_gmt":"2022-02-02T13:09:24","guid":{"rendered":"http:\/\/cepronda.com\/blog\/?p=5068"},"modified":"2025-04-28T11:57:36","modified_gmt":"2025-04-28T09:57:36","slug":"xv-jornadas-andaluzas-de-ensenanza-de-economia-en-secundaria","status":"publish","type":"post","link":"https:\/\/cepronda.com\/blog\/xv-jornadas-andaluzas-de-ensenanza-de-economia-en-secundaria\/","title":{"rendered":"XV JORNADAS ANDALUZAS DE ENSE\u00d1ANZA DE ECONOM\u00cdA EN SECUNDARIA"},"content":{"rendered":"<p>Buenos d\u00edas compa\u00f1eras y compa\u00f1eros<\/p>\n<p>Os informamos que est\u00e1 abierto el plazo de solicitudes para las jornadas : XV JORNADAS ANDALUZAS DE ENSE\u00d1ANZA DE ECONOM\u00cdA EN SECUNDARIA<\/p>\n<ul class=\"list-group\">\n<li class=\"list-group-item\"><b>Fecha actividad:<\/b>&nbsp;11\/02\/2022 hasta 12\/02\/2022<\/li>\n<li class=\"list-group-item\"><b>Fecha inscripci\u00f3n:<\/b> 11\/01\/2022 hasta 04\/02\/2022<\/li>\n<\/ul>\n<p>M\u00e1s informaci\u00f3n e inscripciones en <a href=\"https:\/\/t.co\/xdcsHr6mX8\">https:\/\/t.co\/xdcsHr6mX8<\/a> y <a href=\"https:\/\/t.co\/N43ow5oMCn\">https:\/\/t.co\/N43ow5oMCn<\/a><\/p>\n<p><a href=\"http:\/\/cepronda.com\/blog\/wp-content\/uploads\/2022\/02\/Triptico-XV-JEE-2022-Version-con-QR-y-todos-lo-logos.pdf\">Tr\u00edptico XV JEE 2022 Versi\u00f3n con QR y todos lo logos<\/a><\/p>\n<p>Deseamos que sea de vuestro inter\u00e9s.<\/p>\n<p>Un saludo<\/p>\n<p><img data-recalc-dims=\"1\" loading=\"lazy\" decoding=\"async\" class=\"size-medium wp-image-3495 aligncenter\" src=\"https:\/\/i0.wp.com\/cepronda.com\/blog\/wp-content\/uploads\/2020\/03\/S%C2%B0mbolo-gen%C3%87rico-RRSS-redondo-negativo-300x300.png?resize=300%2C300\" alt=\"\" width=\"300\" height=\"300\" srcset=\"https:\/\/i0.wp.com\/cepronda.com\/blog\/wp-content\/uploads\/2020\/03\/S%C2%B0mbolo-gen%C3%87rico-RRSS-redondo-negativo.png?resize=300%2C300&amp;ssl=1 300w, https:\/\/i0.wp.com\/cepronda.com\/blog\/wp-content\/uploads\/2020\/03\/S%C2%B0mbolo-gen%C3%87rico-RRSS-redondo-negativo.png?resize=1024%2C1024&amp;ssl=1 1024w, https:\/\/i0.wp.com\/cepronda.com\/blog\/wp-content\/uploads\/2020\/03\/S%C2%B0mbolo-gen%C3%87rico-RRSS-redondo-negativo.png?resize=150%2C150&amp;ssl=1 150w, https:\/\/i0.wp.com\/cepronda.com\/blog\/wp-content\/uploads\/2020\/03\/S%C2%B0mbolo-gen%C3%87rico-RRSS-redondo-negativo.png?resize=768%2C768&amp;ssl=1 768w, https:\/\/i0.wp.com\/cepronda.com\/blog\/wp-content\/uploads\/2020\/03\/S%C2%B0mbolo-gen%C3%87rico-RRSS-redondo-negativo.png?resize=50%2C50&amp;ssl=1 50w, https:\/\/i0.wp.com\/cepronda.com\/blog\/wp-content\/uploads\/2020\/03\/S%C2%B0mbolo-gen%C3%87rico-RRSS-redondo-negativo.png?w=1500&amp;ssl=1 1500w\" sizes=\"auto, (max-width: 300px) 100vw, 300px\" \/><\/p>\n","protected":false},"excerpt":{"rendered":"<p>Buenos d\u00edas compa\u00f1eras y compa\u00f1eros Os informamos que est\u00e1 abierto el plazo de solicitudes para las jornadas : XV JORNADAS ANDALUZAS DE ENSE\u00d1ANZA DE ECONOM\u00cdA EN SECUNDARIA Fecha actividad:&nbsp;11\/02\/2022 hasta 12\/02\/2022 Fecha inscripci\u00f3n: 11\/01\/2022 hasta 04\/02\/2022 M\u00e1s informaci\u00f3n e inscripciones en https:\/\/t.co\/xdcsHr6mX8 y https:\/\/t.co\/N43ow5oMCn Tr\u00edptico XV JEE 2022 Versi\u00f3n con QR y todos lo logos [&hellip;]<\/p>\n","protected":false},"author":10,"featured_media":3495,"comment_status":"closed","ping_status":"open","sticky":false,"template":"","format":"standard","meta":{"_crdt_document":"","advanced_seo_description":"","jetpack_seo_html_title":"","jetpack_seo_noindex":false,"jetpack_post_was_ever_published":false,"_jetpack_newsletter_access":"","_jetpack_dont_email_post_to_subs":false,"_jetpack_newsletter_tier_id":0,"_jetpack_memberships_contains_paywalled_content":false,"_jetpack_memberships_contains_paid_content":false,"footnotes":"","jetpack_publicize_message":"","jetpack_publicize_feature_enabled":true,"jetpack_social_post_already_shared":false,"jetpack_social_options":{"image_generator_settings":{"template":"highway","default_image_id":0,"font":"","enabled":false},"version":2}},"categories":[3,5],"tags":[280,254],"class_list":{"0":"post-5068","1":"post","2":"type-post","3":"status-publish","4":"format-standard","5":"has-post-thumbnail","7":"category-formaciones","8":"category-noticias","9":"tag-economia","10":"tag-secundaria-y-bachillerato","11":"czr-hentry"},"jetpack_publicize_connections":[],"jetpack_featured_media_url":"https:\/\/i0.wp.com\/cepronda.com\/blog\/wp-content\/uploads\/2020\/03\/S%C2%B0mbolo-gen%C3%87rico-RRSS-redondo-negativo.png?fit=1500%2C1500&ssl=1","jetpack_shortlink":"https:\/\/wp.me\/p8M4X7-1jK","jetpack-related-posts":[{"id":9161,"url":"https:\/\/cepronda.com\/blog\/xix-jornadas-andaluzas-de-ensenanza-de-economia-en-secundaria\/","url_meta":{"origin":5068,"position":0},"title":"XIX JORNADAS ANDALUZAS DE ENSE\u00d1ANZA DE ECONOM\u00cdA EN SECUNDARIA","author":"Inmaculada Garc\u00eda","date":"18 diciembre, 2025","format":false,"excerpt":"Se encuentra abierto el plazo de inscripci\u00f3n para la actividad: XIX JORNADAS ANDALUZAS DE ENSE\u00d1ANZA DE ECONOM\u00cdA EN SECUNDARIA, con c\u00f3digo 262922GE055. Dirigido a PROFESORADO ECONOM\u00cdA. Inscripci\u00f3n: desde 18\/12\/2025 a 29\/01\/2026 Actividad: viernes 6 de febrero y s\u00e1bado 7 de febrero 2026 Duraci\u00f3n: 12 horas Lugar: SAL\u00d3N ACTOS FACULTAD CIENCIAS\u2026","rel":"","context":"En \u00abFormaciones\u00bb","block_context":{"text":"Formaciones","link":"https:\/\/cepronda.com\/blog\/category\/formaciones\/"},"img":{"alt_text":"","src":"https:\/\/i0.wp.com\/cepronda.com\/blog\/wp-content\/uploads\/2025\/12\/unnamed.png?fit=597%2C588&ssl=1&resize=350%2C200","width":350,"height":200,"srcset":"https:\/\/i0.wp.com\/cepronda.com\/blog\/wp-content\/uploads\/2025\/12\/unnamed.png?fit=597%2C588&ssl=1&resize=350%2C200 1x, https:\/\/i0.wp.com\/cepronda.com\/blog\/wp-content\/uploads\/2025\/12\/unnamed.png?fit=597%2C588&ssl=1&resize=525%2C300 1.5x"},"classes":[]},{"id":5200,"url":"https:\/\/cepronda.com\/blog\/reunion-informativa-v-premios-bibliotecas-escolares-y-fomento-de-la-lectura-2\/","url_meta":{"origin":5068,"position":1},"title":"JORNADAS REDES PROVINCIALES DE BIBLIOTECAS ESCOLARES","author":"Maribel Mu\u00f1oz","date":"29 marzo, 2022","format":false,"excerpt":"Buenas tardes compa\u00f1eras y compa\u00f1eros Os informamos que est\u00e1 abierto el plazo de inscripci\u00f3n en las JORNADAS REDES PROVINCIALES DE BIBLIOTECAS ESCOLARES, con c\u00f3digo 229922BE001. Estas jornadas est\u00e1n dirigidas al profesorado de los centros docentes p\u00fablicos que imparten Educaci\u00f3n Infantil, Educaci\u00f3n Primaria y Educaci\u00f3n Secundaria. Las fechas son las siguientes:\u2026","rel":"","context":"En \u00abNoticias\u00bb","block_context":{"text":"Noticias","link":"https:\/\/cepronda.com\/blog\/category\/noticias\/"},"img":{"alt_text":"","src":"https:\/\/i0.wp.com\/cepronda.com\/blog\/wp-content\/uploads\/2022\/03\/Jornadas-provinciales-BBEE-19-20-de-abril.jpg?fit=577%2C824&ssl=1&resize=350%2C200","width":350,"height":200,"srcset":"https:\/\/i0.wp.com\/cepronda.com\/blog\/wp-content\/uploads\/2022\/03\/Jornadas-provinciales-BBEE-19-20-de-abril.jpg?fit=577%2C824&ssl=1&resize=350%2C200 1x, https:\/\/i0.wp.com\/cepronda.com\/blog\/wp-content\/uploads\/2022\/03\/Jornadas-provinciales-BBEE-19-20-de-abril.jpg?fit=577%2C824&ssl=1&resize=525%2C300 1.5x"},"classes":[]},{"id":5534,"url":"https:\/\/cepronda.com\/blog\/ii-jornadas-de-mediacion-escolar\/","url_meta":{"origin":5068,"position":2},"title":"II JORNADAS DE MEDIACI\u00d3N ESCOLAR","author":"Inmaculada Garc\u00eda","date":"28 octubre, 2022","format":false,"excerpt":"Buenos d\u00edas compa\u00f1eras y compa\u00f1eros, Os\u00a0 informamos que est\u00e1 abierto el plazo de inscripci\u00f3n en las II JORNADAS DE MEDIACI\u00d3N ESCOLAR,\u00a0 con c\u00f3digo 232922GE089. Fecha actividad: 16 y\u00a0 17 de noviembre del 2022. Fecha inscripci\u00f3n: 24\/10\/2022 hasta 10\/11\/2022 Lugar de realizaci\u00f3n: Facultad de Ciencias de la Educaci\u00f3n Inscripciones en el\u2026","rel":"","context":"En \u00abFormaciones\u00bb","block_context":{"text":"Formaciones","link":"https:\/\/cepronda.com\/blog\/category\/formaciones\/"},"img":{"alt_text":"","src":"https:\/\/i0.wp.com\/cepronda.com\/blog\/wp-content\/uploads\/2022\/11\/WhatsApp-Image-2022-10-28-at-08.42.57-212x300.jpeg?resize=350%2C200","width":350,"height":200},"classes":[]},{"id":5818,"url":"https:\/\/cepronda.com\/blog\/xxiii-jornadas-regionales-de-directores-y-directoras-de-instituto-por-una-direccion-competente-para-la-escuela-del-futuro\/","url_meta":{"origin":5068,"position":3},"title":"XXIII JORNADAS REGIONALES DE DIRECTORES Y DIRECTORAS DE INSTITUTO: POR UNA DIRECCI\u00d3N COMPETENTE PARA LA ESCUELA DEL FUTURO","author":"Inmaculada Garc\u00eda","date":"8 marzo, 2023","format":false,"excerpt":"Se convoca la actividad formativa Regional\u00a0 \u201cXXIII JORNADAS REGIONALES DE DIRECTORES Y DIRECTORAS DE INSTITUTO: POR UNA DIRECCI\u00d3N COMPETENTE PARA LA ESCUELA DEL FUTURO\u201d con c\u00f3digo 239904DI012, dirigida a directores y directoras de Institutos de Ense\u00f1anza Secundaria p\u00fablicos de la Comunidad Andaluza. Formaci\u00f3n presencial de 10 horas de duraci\u00f3n. Plazo\u2026","rel":"","context":"En \u00abNoticias\u00bb","block_context":{"text":"Noticias","link":"https:\/\/cepronda.com\/blog\/category\/noticias\/"},"img":{"alt_text":"","src":"","width":0,"height":0},"classes":[]},{"id":9237,"url":"https:\/\/cepronda.com\/blog\/jornadas-trastornos-de-espectro-autista-una-mirada-desde-la-inclusion-provinciales\/","url_meta":{"origin":5068,"position":4},"title":"JORNADAS TRASTORNOS DE ESPECTRO AUTISTA: UNA MIRADA DESDE LA INCLUSI\u00d3N (PROVINCIALES)","author":"Encarni Jim\u00e9nez Rosado","date":"20 enero, 2026","format":false,"excerpt":"Se abre plazo de inscripci\u00f3n para las II JORNADAS TRASTORNOS DE ESPECTRO AUTISTA: UNA MIRADA DESDE LA INCLUSI\u00d3N (PROVINCIALES), con c\u00f3digo: 269922OE001. Fecha actividad: 16\/02\/2026 de 9:00 a 14:00. Lugar: Facultad de Ciencias de la Educaci\u00f3n. Semipresencial: 5h presenciales y 3h de tareas en el AVFP. Fecha inscripci\u00f3n: 20\/01\/2026 hasta\u2026","rel":"","context":"En \u00abFormaciones\u00bb","block_context":{"text":"Formaciones","link":"https:\/\/cepronda.com\/blog\/category\/formaciones\/"},"img":{"alt_text":"","src":"https:\/\/i0.wp.com\/cepronda.com\/blog\/wp-content\/uploads\/2026\/01\/autista.jpg?fit=1200%2C1200&ssl=1&resize=350%2C200","width":350,"height":200,"srcset":"https:\/\/i0.wp.com\/cepronda.com\/blog\/wp-content\/uploads\/2026\/01\/autista.jpg?fit=1200%2C1200&ssl=1&resize=350%2C200 1x, https:\/\/i0.wp.com\/cepronda.com\/blog\/wp-content\/uploads\/2026\/01\/autista.jpg?fit=1200%2C1200&ssl=1&resize=525%2C300 1.5x, https:\/\/i0.wp.com\/cepronda.com\/blog\/wp-content\/uploads\/2026\/01\/autista.jpg?fit=1200%2C1200&ssl=1&resize=700%2C400 2x, https:\/\/i0.wp.com\/cepronda.com\/blog\/wp-content\/uploads\/2026\/01\/autista.jpg?fit=1200%2C1200&ssl=1&resize=1050%2C600 3x"},"classes":[]},{"id":8786,"url":"https:\/\/cepronda.com\/blog\/xv-jornadas-las-pruebas-de-la-educacion-inclusion-3d\/","url_meta":{"origin":5068,"position":5},"title":"XV JORNADAS DEL CONSEJO ESCOLAR \u00abLas Pruebas de la Educaci\u00f3n &#038; Inclusi\u00f3n 3D\u00bb","author":"Mamen Moreno","date":"11 septiembre, 2025","format":false,"excerpt":"El Consejo Escolar de Andaluc\u00eda organiza las XV Jornadas del Consejo Escolar de Andaluc\u00eda: \u201cLas Pruebas de la Educaci\u00f3n & Inclusi\u00f3n 3D\", que celebraremos los pr\u00f3ximos d\u00edas 16 y 17 de octubre de 2025 en la Escuela T\u00e9cnica Superior de Arquitectura de Granada. \u00a0 Desde el Consejo Escolar de Andaluc\u00eda\u2026","rel":"","context":"En \u00abFormaciones\u00bb","block_context":{"text":"Formaciones","link":"https:\/\/cepronda.com\/blog\/category\/formaciones\/"},"img":{"alt_text":"","src":"https:\/\/i0.wp.com\/cepronda.com\/blog\/wp-content\/uploads\/2025\/09\/544070332_17979172922879832_4134245255170936447_n.jpg?fit=960%2C1200&ssl=1&resize=350%2C200","width":350,"height":200,"srcset":"https:\/\/i0.wp.com\/cepronda.com\/blog\/wp-content\/uploads\/2025\/09\/544070332_17979172922879832_4134245255170936447_n.jpg?fit=960%2C1200&ssl=1&resize=350%2C200 1x, https:\/\/i0.wp.com\/cepronda.com\/blog\/wp-content\/uploads\/2025\/09\/544070332_17979172922879832_4134245255170936447_n.jpg?fit=960%2C1200&ssl=1&resize=525%2C300 1.5x, https:\/\/i0.wp.com\/cepronda.com\/blog\/wp-content\/uploads\/2025\/09\/544070332_17979172922879832_4134245255170936447_n.jpg?fit=960%2C1200&ssl=1&resize=700%2C400 2x"},"classes":[]}],"jetpack_sharing_enabled":true,"_links":{"self":[{"href":"https:\/\/cepronda.com\/blog\/wp-json\/wp\/v2\/posts\/5068","targetHints":{"allow":["GET"]}}],"collection":[{"href":"https:\/\/cepronda.com\/blog\/wp-json\/wp\/v2\/posts"}],"about":[{"href":"https:\/\/cepronda.com\/blog\/wp-json\/wp\/v2\/types\/post"}],"author":[{"embeddable":true,"href":"https:\/\/cepronda.com\/blog\/wp-json\/wp\/v2\/users\/10"}],"replies":[{"embeddable":true,"href":"https:\/\/cepronda.com\/blog\/wp-json\/wp\/v2\/comments?post=5068"}],"version-history":[{"count":1,"href":"https:\/\/cepronda.com\/blog\/wp-json\/wp\/v2\/posts\/5068\/revisions"}],"predecessor-version":[{"id":5070,"href":"https:\/\/cepronda.com\/blog\/wp-json\/wp\/v2\/posts\/5068\/revisions\/5070"}],"wp:featuredmedia":[{"embeddable":true,"href":"https:\/\/cepronda.com\/blog\/wp-json\/wp\/v2\/media\/3495"}],"wp:attachment":[{"href":"https:\/\/cepronda.com\/blog\/wp-json\/wp\/v2\/media?parent=5068"}],"wp:term":[{"taxonomy":"category","embeddable":true,"href":"https:\/\/cepronda.com\/blog\/wp-json\/wp\/v2\/categories?post=5068"},{"taxonomy":"post_tag","embeddable":true,"href":"https:\/\/cepronda.com\/blog\/wp-json\/wp\/v2\/tags?post=5068"}],"curies":[{"name":"wp","href":"https:\/\/api.w.org\/{rel}","templated":true}]}}