{"id":5041,"date":"2022-02-02T10:47:33","date_gmt":"2022-02-02T09:47:33","guid":{"rendered":"http:\/\/cepronda.com\/blog\/?p=5041"},"modified":"2025-04-28T11:57:36","modified_gmt":"2025-04-28T09:57:36","slug":"elaboracion-de-congelados-y-cocinados-de-pescado","status":"publish","type":"post","link":"https:\/\/cepronda.com\/blog\/elaboracion-de-congelados-y-cocinados-de-pescado\/","title":{"rendered":"ELABORACI\u00d3N DE CONGELADOS Y COCINADOS DE PESCADO"},"content":{"rendered":"<p>Buenos d\u00edas<\/p>\n<p>Os informamos que en el IES P\u00e9rez de Guzm\u00e1n se va a llevar a cabo el curso siguiente: <strong>ELABORACI\u00d3N DE CONGELADOS Y COCINADOS DE PESCADO<\/strong> (Certificado de Profesionalidad, con pr\u00e1cticas profesionales).<\/p>\n<p>Este curso, de 110 horas de duraci\u00f3n, se desarrollar\u00e1 desde marzo a junio, de martes a viernes,&nbsp; en horario de 16:00 h a 20:30 h<\/p>\n<p>Para m\u00e1s informaci\u00f3n e inscripci\u00f3n en el IES P\u00e9rez de Guzm\u00e1n<\/p>\n<p>E-mail: 29007998.edu@juntadeandalucia.es<\/p>\n<p>Tel\u00e9fonos: 952169918 y 697954302<\/p>\n<p>Deseamos que&nbsp; esta informaci\u00f3n sea de vuestro inter\u00e9s.<\/p>\n<p>Un saludo<\/p>\n<p><img data-recalc-dims=\"1\" loading=\"lazy\" decoding=\"async\" class=\" wp-image-5051 aligncenter\" src=\"https:\/\/i0.wp.com\/cepronda.com\/blog\/wp-content\/uploads\/2022\/02\/Elaboracion-de-Congelados-y-Cocinados-de-Pescado3-212x300.png?resize=305%2C432\" alt=\"\" width=\"305\" height=\"432\" srcset=\"https:\/\/i0.wp.com\/cepronda.com\/blog\/wp-content\/uploads\/2022\/02\/Elaboracion-de-Congelados-y-Cocinados-de-Pescado3.png?resize=212%2C300&amp;ssl=1 212w, https:\/\/i0.wp.com\/cepronda.com\/blog\/wp-content\/uploads\/2022\/02\/Elaboracion-de-Congelados-y-Cocinados-de-Pescado3.png?resize=724%2C1024&amp;ssl=1 724w, https:\/\/i0.wp.com\/cepronda.com\/blog\/wp-content\/uploads\/2022\/02\/Elaboracion-de-Congelados-y-Cocinados-de-Pescado3.png?resize=768%2C1086&amp;ssl=1 768w, https:\/\/i0.wp.com\/cepronda.com\/blog\/wp-content\/uploads\/2022\/02\/Elaboracion-de-Congelados-y-Cocinados-de-Pescado3.png?resize=1086%2C1536&amp;ssl=1 1086w, https:\/\/i0.wp.com\/cepronda.com\/blog\/wp-content\/uploads\/2022\/02\/Elaboracion-de-Congelados-y-Cocinados-de-Pescado3.png?w=1217&amp;ssl=1 1217w\" sizes=\"auto, (max-width: 305px) 100vw, 305px\" \/><\/p>\n","protected":false},"excerpt":{"rendered":"<p>Buenos d\u00edas Os informamos que en el IES P\u00e9rez de Guzm\u00e1n se va a llevar a cabo el curso siguiente: ELABORACI\u00d3N DE CONGELADOS Y COCINADOS DE PESCADO (Certificado de Profesionalidad, con pr\u00e1cticas profesionales). Este curso, de 110 horas de duraci\u00f3n, se desarrollar\u00e1 desde marzo a junio, de martes a viernes,&nbsp; en horario de 16:00 h [&hellip;]<\/p>\n","protected":false},"author":12,"featured_media":5051,"comment_status":"closed","ping_status":"open","sticky":false,"template":"","format":"standard","meta":{"_crdt_document":"","advanced_seo_description":"","jetpack_seo_html_title":"","jetpack_seo_noindex":false,"jetpack_post_was_ever_published":false,"_jetpack_newsletter_access":"","_jetpack_dont_email_post_to_subs":false,"_jetpack_newsletter_tier_id":0,"_jetpack_memberships_contains_paywalled_content":false,"_jetpack_memberships_contains_paid_content":false,"footnotes":"","jetpack_publicize_message":"","jetpack_publicize_feature_enabled":true,"jetpack_social_post_already_shared":false,"jetpack_social_options":{"image_generator_settings":{"template":"highway","default_image_id":0,"font":"","enabled":false},"version":2}},"categories":[3,5],"tags":[279,71],"class_list":{"0":"post-5041","1":"post","2":"type-post","3":"status-publish","4":"format-standard","5":"has-post-thumbnail","7":"category-formaciones","8":"category-noticias","9":"tag-certificado-de-profesionalidad","10":"tag-formacion-profesional","11":"czr-hentry"},"jetpack_publicize_connections":[],"jetpack_featured_media_url":"https:\/\/i0.wp.com\/cepronda.com\/blog\/wp-content\/uploads\/2022\/02\/Elaboracion-de-Congelados-y-Cocinados-de-Pescado3.png?fit=1217%2C1721&ssl=1","jetpack_shortlink":"https:\/\/wp.me\/p8M4X7-1jj","jetpack-related-posts":[{"id":5033,"url":"https:\/\/cepronda.com\/blog\/atencion-sociosanitaria-a-personas-dependientes-en-instituciones-sociales\/","url_meta":{"origin":5041,"position":0},"title":"ATENCI\u00d3N SOCIOSANITARIA A PERSONAS DEPENDIENTES EN INSTITUCIONES SOCIALES","author":"Antonio Montes","date":"2 febrero, 2022","format":false,"excerpt":"Buenos d\u00edas Os informamos que en el IES P\u00e9rez de Guzm\u00e1n se va a llevar a cabo el curso siguiente: ATENCI\u00d3N SOCIOSANITARIA A PERSONAS DEPENDIENTES EN INSTITUCIONES SOCIALES (Certificado de Profesionalidad, con pr\u00e1cticas profesionales). Tendr\u00e1 una duraci\u00f3n de 450 horas y se desarrollar\u00e1 a partir del mes de febrero, de\u2026","rel":"","context":"En \u00abFormaciones\u00bb","block_context":{"text":"Formaciones","link":"https:\/\/cepronda.com\/blog\/category\/formaciones\/"},"img":{"alt_text":"","src":"https:\/\/i0.wp.com\/cepronda.com\/blog\/wp-content\/uploads\/2022\/02\/aTENCION-SOCIOSANITARIO-3.png?fit=849%2C1200&ssl=1&resize=350%2C200","width":350,"height":200,"srcset":"https:\/\/i0.wp.com\/cepronda.com\/blog\/wp-content\/uploads\/2022\/02\/aTENCION-SOCIOSANITARIO-3.png?fit=849%2C1200&ssl=1&resize=350%2C200 1x, https:\/\/i0.wp.com\/cepronda.com\/blog\/wp-content\/uploads\/2022\/02\/aTENCION-SOCIOSANITARIO-3.png?fit=849%2C1200&ssl=1&resize=525%2C300 1.5x, https:\/\/i0.wp.com\/cepronda.com\/blog\/wp-content\/uploads\/2022\/02\/aTENCION-SOCIOSANITARIO-3.png?fit=849%2C1200&ssl=1&resize=700%2C400 2x"},"classes":[]},{"id":5355,"url":"https:\/\/cepronda.com\/blog\/fpa-ies-perez-de-guzman\/","url_meta":{"origin":5041,"position":1},"title":"FPA IES P\u00c9REZ DE GUZM\u00c1N","author":"Maribel Mu\u00f1oz","date":"1 junio, 2022","format":false,"excerpt":"Buenas tardes compa\u00f1eras y compa\u00f1eros, Os informamos que desde el IES P\u00e9rez de Guzm\u00e1n se van a ofertar para el pr\u00f3ximo curso, entre otros, estos tres ciclos formativos: *T\u00c9CNICO SUPERIOR EN PROCESOS Y CALIDAD EN LA INDUSTRIA ALIMENTARIA *T\u00c9CNICO EN ATENCI\u00d3N A PERSONAS EN SITUACI\u00d3N DE DEPENDENCIA DUAL *T\u00c9CNICO EN\u2026","rel":"","context":"En \u00abFormaciones\u00bb","block_context":{"text":"Formaciones","link":"https:\/\/cepronda.com\/blog\/category\/formaciones\/"},"img":{"alt_text":"","src":"https:\/\/i0.wp.com\/cepronda.com\/blog\/wp-content\/uploads\/2020\/03\/S%C2%B0mbolo-gen%C3%87rico-RRSS-redondo-negativo.png?fit=1200%2C1200&ssl=1&resize=350%2C200","width":350,"height":200,"srcset":"https:\/\/i0.wp.com\/cepronda.com\/blog\/wp-content\/uploads\/2020\/03\/S%C2%B0mbolo-gen%C3%87rico-RRSS-redondo-negativo.png?fit=1200%2C1200&ssl=1&resize=350%2C200 1x, https:\/\/i0.wp.com\/cepronda.com\/blog\/wp-content\/uploads\/2020\/03\/S%C2%B0mbolo-gen%C3%87rico-RRSS-redondo-negativo.png?fit=1200%2C1200&ssl=1&resize=525%2C300 1.5x, https:\/\/i0.wp.com\/cepronda.com\/blog\/wp-content\/uploads\/2020\/03\/S%C2%B0mbolo-gen%C3%87rico-RRSS-redondo-negativo.png?fit=1200%2C1200&ssl=1&resize=700%2C400 2x, https:\/\/i0.wp.com\/cepronda.com\/blog\/wp-content\/uploads\/2020\/03\/S%C2%B0mbolo-gen%C3%87rico-RRSS-redondo-negativo.png?fit=1200%2C1200&ssl=1&resize=1050%2C600 3x"},"classes":[]},{"id":2522,"url":"https:\/\/cepronda.com\/blog\/el-ies-perez-de-guzman-reconocido-como-centro-promotor-convivencia\/","url_meta":{"origin":5041,"position":2},"title":"El IES P\u00e9rez de Guzm\u00e1n reconocido como centro promotor Convivencia+","author":"V\u00edctor Caballero","date":"5 diciembre, 2018","format":false,"excerpt":"\u00a1Hola de nuevo! Compartimos con todas y todos vosotros, la noticia de que el IES P\u00e9rez de Guzm\u00e1n ha sido reconocido como centro promotor Convivencia + dentro de la\u00a0Resoluci\u00f3n de 28 de noviembre de 2018, de la Direcci\u00f3n General de Participaci\u00f3n y Equidad, por la que se reconocen centros docentes\u2026","rel":"","context":"En \u00abNoticias\u00bb","block_context":{"text":"Noticias","link":"https:\/\/cepronda.com\/blog\/category\/noticias\/"},"img":{"alt_text":"","src":"https:\/\/i0.wp.com\/cepronda.com\/blog\/wp-content\/uploads\/2018\/12\/convivencia.jpg?fit=531%2C471&ssl=1&resize=350%2C200","width":350,"height":200,"srcset":"https:\/\/i0.wp.com\/cepronda.com\/blog\/wp-content\/uploads\/2018\/12\/convivencia.jpg?fit=531%2C471&ssl=1&resize=350%2C200 1x, https:\/\/i0.wp.com\/cepronda.com\/blog\/wp-content\/uploads\/2018\/12\/convivencia.jpg?fit=531%2C471&ssl=1&resize=525%2C300 1.5x"},"classes":[]},{"id":5496,"url":"https:\/\/cepronda.com\/blog\/proyecto-proyectoedia-ies-perez-de-guzman-ronda\/","url_meta":{"origin":5041,"position":3},"title":"PROYECTO @proyectoEDIA. IES P\u00e9rez de Guzm\u00e1n. Ronda.","author":"Mamen Moreno","date":"21 septiembre, 2022","format":false,"excerpt":"Felicidades por vuestra participaci\u00f3n en el INTEF del Ministerio de Educaci\u00f3n compartiendo vuestra experiencia de uso de los REA, recursos educativos abiertos del #proyectoEDIA como v\u00eda para la mejora del aprendizaje competencial, de la motivaci\u00f3n, de la convivencia y de la autonom\u00eda del alumnado @educaINTEF, @proyectoEDIA, @exelearning_sp #5JE_REAventura. \u00a0 \u00a0\u2026","rel":"","context":"En \u00abNoticias\u00bb","block_context":{"text":"Noticias","link":"https:\/\/cepronda.com\/blog\/category\/noticias\/"},"img":{"alt_text":"","src":"https:\/\/i0.wp.com\/cepronda.com\/blog\/wp-content\/uploads\/2022\/09\/302545866_1225219891358916_8588385042584351171_n.jpg?fit=600%2C450&ssl=1&resize=350%2C200","width":350,"height":200,"srcset":"https:\/\/i0.wp.com\/cepronda.com\/blog\/wp-content\/uploads\/2022\/09\/302545866_1225219891358916_8588385042584351171_n.jpg?fit=600%2C450&ssl=1&resize=350%2C200 1x, https:\/\/i0.wp.com\/cepronda.com\/blog\/wp-content\/uploads\/2022\/09\/302545866_1225219891358916_8588385042584351171_n.jpg?fit=600%2C450&ssl=1&resize=525%2C300 1.5x"},"classes":[]},{"id":5378,"url":"https:\/\/cepronda.com\/blog\/fp-agraria-ies-andres-perez-serrano\/","url_meta":{"origin":5041,"position":4},"title":"FP AGRARIA  IES ANDR\u00c9S P\u00c9REZ SERRANO","author":"Maribel Mu\u00f1oz","date":"27 junio, 2022","format":false,"excerpt":"Buenas tardes compa\u00f1eras y compa\u00f1eros, Os recordamos que desde el IES Andr\u00e9s P\u00e9rez Serrano se ofertan, para el pr\u00f3ximo curso, los siguientes ciclos formativos: *CICLO FORMATIVO DE GRADO MEDIO EN APROVECHAMIENTO Y CONSERVACI\u00d3N DEL MEDIO NATURAL *FP DUAL DUAL EN APROVECHAMIENTO Y CONSERVACI\u00d3N DEL MEDIO NATURAL *CICLO FORMATIVO DE GRADO\u2026","rel":"","context":"En \u00abFormaciones\u00bb","block_context":{"text":"Formaciones","link":"https:\/\/cepronda.com\/blog\/category\/formaciones\/"},"img":{"alt_text":"","src":"https:\/\/i0.wp.com\/cepronda.com\/blog\/wp-content\/uploads\/2020\/03\/S%C2%B0mbolo-gen%C3%87rico-RRSS-redondo-negativo.png?fit=1200%2C1200&ssl=1&resize=350%2C200","width":350,"height":200,"srcset":"https:\/\/i0.wp.com\/cepronda.com\/blog\/wp-content\/uploads\/2020\/03\/S%C2%B0mbolo-gen%C3%87rico-RRSS-redondo-negativo.png?fit=1200%2C1200&ssl=1&resize=350%2C200 1x, https:\/\/i0.wp.com\/cepronda.com\/blog\/wp-content\/uploads\/2020\/03\/S%C2%B0mbolo-gen%C3%87rico-RRSS-redondo-negativo.png?fit=1200%2C1200&ssl=1&resize=525%2C300 1.5x, https:\/\/i0.wp.com\/cepronda.com\/blog\/wp-content\/uploads\/2020\/03\/S%C2%B0mbolo-gen%C3%87rico-RRSS-redondo-negativo.png?fit=1200%2C1200&ssl=1&resize=700%2C400 2x, https:\/\/i0.wp.com\/cepronda.com\/blog\/wp-content\/uploads\/2020\/03\/S%C2%B0mbolo-gen%C3%87rico-RRSS-redondo-negativo.png?fit=1200%2C1200&ssl=1&resize=1050%2C600 3x"},"classes":[]},{"id":2155,"url":"https:\/\/cepronda.com\/blog\/nuevas-titulaciones-en-el-ies-perez-de-guzman\/","url_meta":{"origin":5041,"position":5},"title":"Nuevas titulaciones en el IES P\u00e9rez de Guzm\u00e1n","author":"V\u00edctor Caballero","date":"11 junio, 2018","format":false,"excerpt":"\u00a1Hola de nuevo! Seguimos informando de novedades en nuestros centros, en este caso nos acercamos al IES P\u00e9rez de Guzm\u00e1n donde nos informan de nuevas titulaciones, de nuevos\u00a0Ciclos Formativos: CFGS Animaci\u00f3n Sociocultural y Tur\u00edstica. Formaci\u00f3n DUAL, formaci\u00f3n empresa-instituto. Formaci\u00f3n B\u00e1sica de Actividades Dom\u00e9sticas y Limpieza de Edificios. Formaci\u00f3n DUAL, formaci\u00f3n\u2026","rel":"","context":"En \u00abNoticias\u00bb","block_context":{"text":"Noticias","link":"https:\/\/cepronda.com\/blog\/category\/noticias\/"},"img":{"alt_text":"","src":"https:\/\/i0.wp.com\/cepronda.com\/blog\/wp-content\/uploads\/2018\/06\/IMG-20180611-WA0002.jpg?fit=849%2C1200&ssl=1&resize=350%2C200","width":350,"height":200,"srcset":"https:\/\/i0.wp.com\/cepronda.com\/blog\/wp-content\/uploads\/2018\/06\/IMG-20180611-WA0002.jpg?fit=849%2C1200&ssl=1&resize=350%2C200 1x, https:\/\/i0.wp.com\/cepronda.com\/blog\/wp-content\/uploads\/2018\/06\/IMG-20180611-WA0002.jpg?fit=849%2C1200&ssl=1&resize=525%2C300 1.5x, https:\/\/i0.wp.com\/cepronda.com\/blog\/wp-content\/uploads\/2018\/06\/IMG-20180611-WA0002.jpg?fit=849%2C1200&ssl=1&resize=700%2C400 2x"},"classes":[]}],"jetpack_sharing_enabled":true,"_links":{"self":[{"href":"https:\/\/cepronda.com\/blog\/wp-json\/wp\/v2\/posts\/5041","targetHints":{"allow":["GET"]}}],"collection":[{"href":"https:\/\/cepronda.com\/blog\/wp-json\/wp\/v2\/posts"}],"about":[{"href":"https:\/\/cepronda.com\/blog\/wp-json\/wp\/v2\/types\/post"}],"author":[{"embeddable":true,"href":"https:\/\/cepronda.com\/blog\/wp-json\/wp\/v2\/users\/12"}],"replies":[{"embeddable":true,"href":"https:\/\/cepronda.com\/blog\/wp-json\/wp\/v2\/comments?post=5041"}],"version-history":[{"count":6,"href":"https:\/\/cepronda.com\/blog\/wp-json\/wp\/v2\/posts\/5041\/revisions"}],"predecessor-version":[{"id":5049,"href":"https:\/\/cepronda.com\/blog\/wp-json\/wp\/v2\/posts\/5041\/revisions\/5049"}],"wp:featuredmedia":[{"embeddable":true,"href":"https:\/\/cepronda.com\/blog\/wp-json\/wp\/v2\/media\/5051"}],"wp:attachment":[{"href":"https:\/\/cepronda.com\/blog\/wp-json\/wp\/v2\/media?parent=5041"}],"wp:term":[{"taxonomy":"category","embeddable":true,"href":"https:\/\/cepronda.com\/blog\/wp-json\/wp\/v2\/categories?post=5041"},{"taxonomy":"post_tag","embeddable":true,"href":"https:\/\/cepronda.com\/blog\/wp-json\/wp\/v2\/tags?post=5041"}],"curies":[{"name":"wp","href":"https:\/\/api.w.org\/{rel}","templated":true}]}}