{"id":5022,"date":"2022-01-25T11:35:08","date_gmt":"2022-01-25T10:35:08","guid":{"rendered":"http:\/\/cepronda.com\/blog\/?p=5022"},"modified":"2025-04-28T11:57:36","modified_gmt":"2025-04-28T09:57:36","slug":"proyectos-especificos-destinados-a-reforzar-las-competencias-profesionales-y-la-empleabilidad","status":"publish","type":"post","link":"https:\/\/cepronda.com\/blog\/proyectos-especificos-destinados-a-reforzar-las-competencias-profesionales-y-la-empleabilidad\/","title":{"rendered":"PROYECTOS ESPEC\u00cdFICOS DESTINADOS A REFORZAR LAS COMPETENCIAS PROFESIONALES Y LA EMPLEABILIDAD"},"content":{"rendered":"<p>Buenos d\u00edas compa\u00f1eras y compa\u00f1eros<\/p>\n<p>Os informamos que se ha publicado la&nbsp; RESOLUCI\u00d3N DE 24 DE ENERO DE 2022, DE LA DIRECCI\u00d3N GENERAL DE FORMACI\u00d3N PROFESIONAL, POR LA QUE SE CONVOCAN&nbsp;<strong>PROYECTOS ESPEC\u00cdFICOS<\/strong>&nbsp;DESTINADOS A&nbsp;<strong>REFORZAR LAS COMPETENCIAS PROFESIONALES<\/strong>&nbsp;Y LA EMPLEABILIDAD DEL ALUMNADO QUE CURSA PROYECTOS DE FORMACI\u00d3N PROFESIONAL DUAL EN EL SEGUNDO Y TERCER TRIMESTRE DEL CURSO ESCOLAR 2021-2022 MEDIANTE LA COLABORACI\u00d3N DE LOS SECTORES PRODUCTIVOS.<\/p>\n<p>M\u00e1s informaci\u00f3n en el siguiente <a href=\"https:\/\/www.juntadeandalucia.es\/educacion\/portals\/web\/inspeccion-educativa\/normativa-d\/-\/contenidos\/detalle\/resolucion-de-22-de-febrero-de-2021-de-la-direccion-general-de-formacion-profesional-por-la-que-se-convocan-proyectos-1gqtb1wunmrth\">enlace<\/a><\/p>\n<p>Deseamos que sea de vuestro inter\u00e9s.<\/p>\n<p>Un saludo<\/p>\n<p><img data-recalc-dims=\"1\" loading=\"lazy\" decoding=\"async\" class=\"size-medium wp-image-3495 aligncenter\" src=\"https:\/\/i0.wp.com\/cepronda.com\/blog\/wp-content\/uploads\/2020\/03\/S%C2%B0mbolo-gen%C3%87rico-RRSS-redondo-negativo-300x300.png?resize=300%2C300\" alt=\"\" width=\"300\" height=\"300\" srcset=\"https:\/\/i0.wp.com\/cepronda.com\/blog\/wp-content\/uploads\/2020\/03\/S%C2%B0mbolo-gen%C3%87rico-RRSS-redondo-negativo.png?resize=300%2C300&amp;ssl=1 300w, https:\/\/i0.wp.com\/cepronda.com\/blog\/wp-content\/uploads\/2020\/03\/S%C2%B0mbolo-gen%C3%87rico-RRSS-redondo-negativo.png?resize=1024%2C1024&amp;ssl=1 1024w, https:\/\/i0.wp.com\/cepronda.com\/blog\/wp-content\/uploads\/2020\/03\/S%C2%B0mbolo-gen%C3%87rico-RRSS-redondo-negativo.png?resize=150%2C150&amp;ssl=1 150w, https:\/\/i0.wp.com\/cepronda.com\/blog\/wp-content\/uploads\/2020\/03\/S%C2%B0mbolo-gen%C3%87rico-RRSS-redondo-negativo.png?resize=768%2C768&amp;ssl=1 768w, https:\/\/i0.wp.com\/cepronda.com\/blog\/wp-content\/uploads\/2020\/03\/S%C2%B0mbolo-gen%C3%87rico-RRSS-redondo-negativo.png?resize=50%2C50&amp;ssl=1 50w, https:\/\/i0.wp.com\/cepronda.com\/blog\/wp-content\/uploads\/2020\/03\/S%C2%B0mbolo-gen%C3%87rico-RRSS-redondo-negativo.png?w=1500&amp;ssl=1 1500w\" sizes=\"auto, (max-width: 300px) 100vw, 300px\" \/><\/p>\n","protected":false},"excerpt":{"rendered":"<p>Buenos d\u00edas compa\u00f1eras y compa\u00f1eros Os informamos que se ha publicado la&nbsp; RESOLUCI\u00d3N DE 24 DE ENERO DE 2022, DE LA DIRECCI\u00d3N GENERAL DE FORMACI\u00d3N PROFESIONAL, POR LA QUE SE CONVOCAN&nbsp;PROYECTOS ESPEC\u00cdFICOS&nbsp;DESTINADOS A&nbsp;REFORZAR LAS COMPETENCIAS PROFESIONALES&nbsp;Y LA EMPLEABILIDAD DEL ALUMNADO QUE CURSA PROYECTOS DE FORMACI\u00d3N PROFESIONAL DUAL EN EL SEGUNDO Y TERCER TRIMESTRE DEL CURSO [&hellip;]<\/p>\n","protected":false},"author":10,"featured_media":3495,"comment_status":"closed","ping_status":"open","sticky":false,"template":"","format":"standard","meta":{"_crdt_document":"","advanced_seo_description":"","jetpack_seo_html_title":"","jetpack_seo_noindex":false,"jetpack_post_was_ever_published":false,"_jetpack_newsletter_access":"","_jetpack_dont_email_post_to_subs":false,"_jetpack_newsletter_tier_id":0,"_jetpack_memberships_contains_paywalled_content":false,"_jetpack_memberships_contains_paid_content":false,"footnotes":"","jetpack_publicize_message":"","jetpack_publicize_feature_enabled":true,"jetpack_social_post_already_shared":false,"jetpack_social_options":{"image_generator_settings":{"template":"highway","default_image_id":0,"font":"","enabled":false},"version":2}},"categories":[3,5],"tags":[39,42],"class_list":{"0":"post-5022","1":"post","2":"type-post","3":"status-publish","4":"format-standard","5":"has-post-thumbnail","7":"category-formaciones","8":"category-noticias","9":"tag-innovacion-educativa","10":"tag-investigacion","11":"czr-hentry"},"jetpack_publicize_connections":[],"jetpack_featured_media_url":"https:\/\/i0.wp.com\/cepronda.com\/blog\/wp-content\/uploads\/2020\/03\/S%C2%B0mbolo-gen%C3%87rico-RRSS-redondo-negativo.png?fit=1500%2C1500&ssl=1","jetpack_shortlink":"https:\/\/wp.me\/p8M4X7-1j0","jetpack-related-posts":[{"id":5432,"url":"https:\/\/cepronda.com\/blog\/proyectos-especificos-destinados-a-reforzar-las-competencias-profesionales-y-la-empleabilidad-del-alumnado\/","url_meta":{"origin":5022,"position":0},"title":"PROYECTOS ESPEC\u00cdFICOS DESTINADOS A REFORZAR LAS COMPETENCIAS PROFESIONALES Y LA EMPLEABILIDAD DEL ALUMNADO .","author":"Inmaculada Garc\u00eda","date":"2 septiembre, 2022","format":false,"excerpt":"Se convocan, por la Resoluci\u00f3n de 24 de mayo de 2022 de la Direcci\u00f3n General de Formaci\u00f3n Profesional,\u00a0 proyectos espec\u00edficos destinados a reforzar las competencias profesionales y la empleabilidad del alumnado\u00a0que cursa proyectos de Formaci\u00f3n Profesional dual en el primer trimestre del curso escolar 2022-2023 mediante la colaboraci\u00f3n de los\u2026","rel":"","context":"En \u00abFormaciones\u00bb","block_context":{"text":"Formaciones","link":"https:\/\/cepronda.com\/blog\/category\/formaciones\/"},"img":{"alt_text":"","src":"https:\/\/i0.wp.com\/cepronda.com\/blog\/wp-content\/uploads\/2022\/09\/Copia-de-ESTANCIAS-FORMATIVAS-EN-EMPRESAS-PARA-EL-PROFESORADO-DE-FORMACION-PROFESIONAL-5.png?fit=1080%2C1080&ssl=1&resize=350%2C200","width":350,"height":200,"srcset":"https:\/\/i0.wp.com\/cepronda.com\/blog\/wp-content\/uploads\/2022\/09\/Copia-de-ESTANCIAS-FORMATIVAS-EN-EMPRESAS-PARA-EL-PROFESORADO-DE-FORMACION-PROFESIONAL-5.png?fit=1080%2C1080&ssl=1&resize=350%2C200 1x, https:\/\/i0.wp.com\/cepronda.com\/blog\/wp-content\/uploads\/2022\/09\/Copia-de-ESTANCIAS-FORMATIVAS-EN-EMPRESAS-PARA-EL-PROFESORADO-DE-FORMACION-PROFESIONAL-5.png?fit=1080%2C1080&ssl=1&resize=525%2C300 1.5x, https:\/\/i0.wp.com\/cepronda.com\/blog\/wp-content\/uploads\/2022\/09\/Copia-de-ESTANCIAS-FORMATIVAS-EN-EMPRESAS-PARA-EL-PROFESORADO-DE-FORMACION-PROFESIONAL-5.png?fit=1080%2C1080&ssl=1&resize=700%2C400 2x, https:\/\/i0.wp.com\/cepronda.com\/blog\/wp-content\/uploads\/2022\/09\/Copia-de-ESTANCIAS-FORMATIVAS-EN-EMPRESAS-PARA-EL-PROFESORADO-DE-FORMACION-PROFESIONAL-5.png?fit=1080%2C1080&ssl=1&resize=1050%2C600 3x"},"classes":[]},{"id":5024,"url":"https:\/\/cepronda.com\/blog\/estancias-formativas-en-empresas-para-el-profesorado-de-formacion-profesional\/","url_meta":{"origin":5022,"position":1},"title":"ESTANCIAS FORMATIVAS EN EMPRESAS\u00a0PARA EL PROFESORADO DE FORMACI\u00d3N PROFESIONAL","author":"Maribel Mu\u00f1oz","date":"25 enero, 2022","format":false,"excerpt":"Buenos d\u00edas compa\u00f1eras y compa\u00f1eros Os informamos que se ha publicado la RESOLUCI\u00d3N DE 24 DE ENERO DE 2022, DE LA DIRECCI\u00d3N GENERAL DE FORMACI\u00d3N PROFESIONAL, POR LA QUE SE CONVOCAN\u00a0ESTANCIAS FORMATIVAS EN EMPRESAS\u00a0PARA EL PROFESORADO DE FORMACI\u00d3N PROFESIONAL, DESTINADOS A ACTUALIZAR SU FORMACI\u00d3N Y REFORZAR SUS COMPETENCIAS PROFESIONALES EN\u2026","rel":"","context":"En \u00abFormaciones\u00bb","block_context":{"text":"Formaciones","link":"https:\/\/cepronda.com\/blog\/category\/formaciones\/"},"img":{"alt_text":"","src":"https:\/\/i0.wp.com\/cepronda.com\/blog\/wp-content\/uploads\/2020\/03\/S%C2%B0mbolo-gen%C3%87rico-RRSS-redondo-negativo.png?fit=1200%2C1200&ssl=1&resize=350%2C200","width":350,"height":200,"srcset":"https:\/\/i0.wp.com\/cepronda.com\/blog\/wp-content\/uploads\/2020\/03\/S%C2%B0mbolo-gen%C3%87rico-RRSS-redondo-negativo.png?fit=1200%2C1200&ssl=1&resize=350%2C200 1x, https:\/\/i0.wp.com\/cepronda.com\/blog\/wp-content\/uploads\/2020\/03\/S%C2%B0mbolo-gen%C3%87rico-RRSS-redondo-negativo.png?fit=1200%2C1200&ssl=1&resize=525%2C300 1.5x, https:\/\/i0.wp.com\/cepronda.com\/blog\/wp-content\/uploads\/2020\/03\/S%C2%B0mbolo-gen%C3%87rico-RRSS-redondo-negativo.png?fit=1200%2C1200&ssl=1&resize=700%2C400 2x, https:\/\/i0.wp.com\/cepronda.com\/blog\/wp-content\/uploads\/2020\/03\/S%C2%B0mbolo-gen%C3%87rico-RRSS-redondo-negativo.png?fit=1200%2C1200&ssl=1&resize=1050%2C600 3x"},"classes":[]},{"id":5435,"url":"https:\/\/cepronda.com\/blog\/proyectos-destinados-a-fomentar-el-espiritu-emprendedor-y-el-autoempleo-en-el-alumnado-de-formacion-profesional\/","url_meta":{"origin":5022,"position":2},"title":"PROYECTOS DESTINADOS A FOMENTAR EL ESP\u00cdRITU EMPRENDEDOR Y EL AUTOEMPLEO EN EL ALUMNADO DE FORMACI\u00d3N PROFESIONAL.","author":"Inmaculada Garc\u00eda","date":"2 septiembre, 2022","format":false,"excerpt":"Se convocan, por la Resoluci\u00f3n de 24 de mayo de 2022, de la Direcci\u00f3n General de Formaci\u00f3n Profesional, proyectos destinados a fomentar el esp\u00edritu emprendedor y el autoempleo\u00a0en el alumnado de Formaci\u00f3n Profesional en el primer trimestre del Curso Escolar 2022-2023 en colaboraci\u00f3n con las empresas. Ver resoluci\u00f3n:\u00a0pinchar aqu\u00ed Presentaci\u00f3n\u2026","rel":"","context":"En \u00abFormaciones\u00bb","block_context":{"text":"Formaciones","link":"https:\/\/cepronda.com\/blog\/category\/formaciones\/"},"img":{"alt_text":"","src":"https:\/\/i0.wp.com\/cepronda.com\/blog\/wp-content\/uploads\/2022\/09\/Copia-de-ESTANCIAS-FORMATIVAS-EN-EMPRESAS-PARA-EL-PROFESORADO-DE-FORMACION-PROFESIONAL-6.png?fit=1080%2C1080&ssl=1&resize=350%2C200","width":350,"height":200,"srcset":"https:\/\/i0.wp.com\/cepronda.com\/blog\/wp-content\/uploads\/2022\/09\/Copia-de-ESTANCIAS-FORMATIVAS-EN-EMPRESAS-PARA-EL-PROFESORADO-DE-FORMACION-PROFESIONAL-6.png?fit=1080%2C1080&ssl=1&resize=350%2C200 1x, https:\/\/i0.wp.com\/cepronda.com\/blog\/wp-content\/uploads\/2022\/09\/Copia-de-ESTANCIAS-FORMATIVAS-EN-EMPRESAS-PARA-EL-PROFESORADO-DE-FORMACION-PROFESIONAL-6.png?fit=1080%2C1080&ssl=1&resize=525%2C300 1.5x, https:\/\/i0.wp.com\/cepronda.com\/blog\/wp-content\/uploads\/2022\/09\/Copia-de-ESTANCIAS-FORMATIVAS-EN-EMPRESAS-PARA-EL-PROFESORADO-DE-FORMACION-PROFESIONAL-6.png?fit=1080%2C1080&ssl=1&resize=700%2C400 2x, https:\/\/i0.wp.com\/cepronda.com\/blog\/wp-content\/uploads\/2022\/09\/Copia-de-ESTANCIAS-FORMATIVAS-EN-EMPRESAS-PARA-EL-PROFESORADO-DE-FORMACION-PROFESIONAL-6.png?fit=1080%2C1080&ssl=1&resize=1050%2C600 3x"},"classes":[]},{"id":5428,"url":"https:\/\/cepronda.com\/blog\/estancias-formativas-en-empresas-para-el-profesorado-de-formacion-profesional-2\/","url_meta":{"origin":5022,"position":3},"title":"ESTANCIAS FORMATIVAS EN EMPRESAS PARA EL PROFESORADO DE FORMACI\u00d3N PROFESIONAL","author":"Inmaculada Garc\u00eda","date":"2 septiembre, 2022","format":false,"excerpt":"Se convocan estancias formativas en empresas para el profesorado\u00a0de Formaci\u00f3n Profesional, destinados a actualizar su formaci\u00f3n y reforzar sus competencias profesionales en el primer trimestre del curso escolar 2022-2023. (Resoluci\u00f3n de 24 de mayo de 2022, de la Direcci\u00f3n General de Formaci\u00f3n Profesional) Ver resoluci\u00f3n:\u00a0pinchar aqu\u00ed Presentaci\u00f3n de solicitudes: del\u00a01\u2026","rel":"","context":"En \u00abFormaciones\u00bb","block_context":{"text":"Formaciones","link":"https:\/\/cepronda.com\/blog\/category\/formaciones\/"},"img":{"alt_text":"","src":"https:\/\/i0.wp.com\/cepronda.com\/blog\/wp-content\/uploads\/2022\/09\/Copia-de-ESTANCIAS-FORMATIVAS-EN-EMPRESAS-PARA-EL-PROFESORADO-DE-FORMACION-PROFESIONAL-4.png?fit=1080%2C1080&ssl=1&resize=350%2C200","width":350,"height":200,"srcset":"https:\/\/i0.wp.com\/cepronda.com\/blog\/wp-content\/uploads\/2022\/09\/Copia-de-ESTANCIAS-FORMATIVAS-EN-EMPRESAS-PARA-EL-PROFESORADO-DE-FORMACION-PROFESIONAL-4.png?fit=1080%2C1080&ssl=1&resize=350%2C200 1x, https:\/\/i0.wp.com\/cepronda.com\/blog\/wp-content\/uploads\/2022\/09\/Copia-de-ESTANCIAS-FORMATIVAS-EN-EMPRESAS-PARA-EL-PROFESORADO-DE-FORMACION-PROFESIONAL-4.png?fit=1080%2C1080&ssl=1&resize=525%2C300 1.5x, https:\/\/i0.wp.com\/cepronda.com\/blog\/wp-content\/uploads\/2022\/09\/Copia-de-ESTANCIAS-FORMATIVAS-EN-EMPRESAS-PARA-EL-PROFESORADO-DE-FORMACION-PROFESIONAL-4.png?fit=1080%2C1080&ssl=1&resize=700%2C400 2x, https:\/\/i0.wp.com\/cepronda.com\/blog\/wp-content\/uploads\/2022\/09\/Copia-de-ESTANCIAS-FORMATIVAS-EN-EMPRESAS-PARA-EL-PROFESORADO-DE-FORMACION-PROFESIONAL-4.png?fit=1080%2C1080&ssl=1&resize=1050%2C600 3x"},"classes":[]},{"id":5020,"url":"https:\/\/cepronda.com\/blog\/proyectos-destinados-a-fomentar-el-espiritu-emprendedor-y-el-autoempleo\/","url_meta":{"origin":5022,"position":4},"title":"PROYECTOS DESTINADOS A FOMENTAR EL ESP\u00cdRITU EMPRENDEDOR Y EL AUTOEMPLEO","author":"Maribel Mu\u00f1oz","date":"25 enero, 2022","format":false,"excerpt":"Buenos d\u00edas compa\u00f1eras y compa\u00f1eros Os informamos que se ha publicado la\u00a0 RESOLUCI\u00d3N DE 24 DE ENERO DE 2022, DE LA DIRECCI\u00d3N GENERAL DE FORMACI\u00d3N PROFESIONAL, POR LA QUE SE CONVOCAN PROYECTOS DESTINADOS A\u00a0FOMENTAR EL ESP\u00cdRITU EMPRENDEDOR\u00a0Y EL\u00a0AUTOEMPLEO\u00a0EN EL ALUMNADO DE FORMACI\u00d3N PROFESIONAL EN EL SEGUNDO Y TERCER TRIMESTRE DEL\u2026","rel":"","context":"En \u00abFormaciones\u00bb","block_context":{"text":"Formaciones","link":"https:\/\/cepronda.com\/blog\/category\/formaciones\/"},"img":{"alt_text":"","src":"https:\/\/i0.wp.com\/cepronda.com\/blog\/wp-content\/uploads\/2020\/03\/S%C2%B0mbolo-gen%C3%87rico-RRSS-redondo-negativo.png?fit=1200%2C1200&ssl=1&resize=350%2C200","width":350,"height":200,"srcset":"https:\/\/i0.wp.com\/cepronda.com\/blog\/wp-content\/uploads\/2020\/03\/S%C2%B0mbolo-gen%C3%87rico-RRSS-redondo-negativo.png?fit=1200%2C1200&ssl=1&resize=350%2C200 1x, https:\/\/i0.wp.com\/cepronda.com\/blog\/wp-content\/uploads\/2020\/03\/S%C2%B0mbolo-gen%C3%87rico-RRSS-redondo-negativo.png?fit=1200%2C1200&ssl=1&resize=525%2C300 1.5x, https:\/\/i0.wp.com\/cepronda.com\/blog\/wp-content\/uploads\/2020\/03\/S%C2%B0mbolo-gen%C3%87rico-RRSS-redondo-negativo.png?fit=1200%2C1200&ssl=1&resize=700%2C400 2x, https:\/\/i0.wp.com\/cepronda.com\/blog\/wp-content\/uploads\/2020\/03\/S%C2%B0mbolo-gen%C3%87rico-RRSS-redondo-negativo.png?fit=1200%2C1200&ssl=1&resize=1050%2C600 3x"},"classes":[]},{"id":5310,"url":"https:\/\/cepronda.com\/blog\/conversion-de-aulas-en-espacios-de-tecnologias-aplicada-ateca-para-la-formacion-profesional\/","url_meta":{"origin":5022,"position":5},"title":"CONVERSI\u00d3N DE AULAS EN ESPACIOS DE TECNOLOG\u00cdAS APLICADA (ATECA) PARA LA FORMACI\u00d3N PROFESIONAL.","author":"Inmaculada Garc\u00eda","date":"12 mayo, 2022","format":false,"excerpt":"Se ha publicado la \"Resoluci\u00f3n de 9 de Mayo de 2022 de la Direcci\u00f3n General de Formaci\u00f3n Profesional, por la que se convocan proyectos destinados a la conversi\u00f3n de nueve aulas en espacios de Tecnolog\u00eda aplicada (ATECA) para la Formaci\u00f3n Profesional durante el curso escolar 2021-2022\". M\u00e1s informaci\u00f3n en el\u2026","rel":"","context":"En \u00abNoticias\u00bb","block_context":{"text":"Noticias","link":"https:\/\/cepronda.com\/blog\/category\/noticias\/"},"img":{"alt_text":"","src":"https:\/\/i0.wp.com\/cepronda.com\/blog\/wp-content\/uploads\/2022\/05\/Copia-de-ESTANCIAS-FORMATIVAS-EN-EMPRESAS-PARA-EL-PROFESORADO-DE-FORMACION-PROFESIONAL-4.png?fit=1080%2C1080&ssl=1&resize=350%2C200","width":350,"height":200,"srcset":"https:\/\/i0.wp.com\/cepronda.com\/blog\/wp-content\/uploads\/2022\/05\/Copia-de-ESTANCIAS-FORMATIVAS-EN-EMPRESAS-PARA-EL-PROFESORADO-DE-FORMACION-PROFESIONAL-4.png?fit=1080%2C1080&ssl=1&resize=350%2C200 1x, https:\/\/i0.wp.com\/cepronda.com\/blog\/wp-content\/uploads\/2022\/05\/Copia-de-ESTANCIAS-FORMATIVAS-EN-EMPRESAS-PARA-EL-PROFESORADO-DE-FORMACION-PROFESIONAL-4.png?fit=1080%2C1080&ssl=1&resize=525%2C300 1.5x, https:\/\/i0.wp.com\/cepronda.com\/blog\/wp-content\/uploads\/2022\/05\/Copia-de-ESTANCIAS-FORMATIVAS-EN-EMPRESAS-PARA-EL-PROFESORADO-DE-FORMACION-PROFESIONAL-4.png?fit=1080%2C1080&ssl=1&resize=700%2C400 2x, https:\/\/i0.wp.com\/cepronda.com\/blog\/wp-content\/uploads\/2022\/05\/Copia-de-ESTANCIAS-FORMATIVAS-EN-EMPRESAS-PARA-EL-PROFESORADO-DE-FORMACION-PROFESIONAL-4.png?fit=1080%2C1080&ssl=1&resize=1050%2C600 3x"},"classes":[]}],"jetpack_sharing_enabled":true,"_links":{"self":[{"href":"https:\/\/cepronda.com\/blog\/wp-json\/wp\/v2\/posts\/5022","targetHints":{"allow":["GET"]}}],"collection":[{"href":"https:\/\/cepronda.com\/blog\/wp-json\/wp\/v2\/posts"}],"about":[{"href":"https:\/\/cepronda.com\/blog\/wp-json\/wp\/v2\/types\/post"}],"author":[{"embeddable":true,"href":"https:\/\/cepronda.com\/blog\/wp-json\/wp\/v2\/users\/10"}],"replies":[{"embeddable":true,"href":"https:\/\/cepronda.com\/blog\/wp-json\/wp\/v2\/comments?post=5022"}],"version-history":[{"count":1,"href":"https:\/\/cepronda.com\/blog\/wp-json\/wp\/v2\/posts\/5022\/revisions"}],"predecessor-version":[{"id":5023,"href":"https:\/\/cepronda.com\/blog\/wp-json\/wp\/v2\/posts\/5022\/revisions\/5023"}],"wp:featuredmedia":[{"embeddable":true,"href":"https:\/\/cepronda.com\/blog\/wp-json\/wp\/v2\/media\/3495"}],"wp:attachment":[{"href":"https:\/\/cepronda.com\/blog\/wp-json\/wp\/v2\/media?parent=5022"}],"wp:term":[{"taxonomy":"category","embeddable":true,"href":"https:\/\/cepronda.com\/blog\/wp-json\/wp\/v2\/categories?post=5022"},{"taxonomy":"post_tag","embeddable":true,"href":"https:\/\/cepronda.com\/blog\/wp-json\/wp\/v2\/tags?post=5022"}],"curies":[{"name":"wp","href":"https:\/\/api.w.org\/{rel}","templated":true}]}}