{"id":4986,"date":"2022-01-14T09:50:53","date_gmt":"2022-01-14T08:50:53","guid":{"rendered":"http:\/\/cepronda.com\/blog\/?p=4986"},"modified":"2025-04-28T11:57:36","modified_gmt":"2025-04-28T09:57:36","slug":"lo-que-cuentan-los-cuentos-educar-en-valores-desde-el-area-de-religion","status":"publish","type":"post","link":"https:\/\/cepronda.com\/blog\/lo-que-cuentan-los-cuentos-educar-en-valores-desde-el-area-de-religion\/","title":{"rendered":"LO QUE CUENTAN LOS CUENTOS: EDUCAR EN VALORES DESDE EL \u00c1REA DE RELIGI\u00d3N"},"content":{"rendered":"<p>Buenos d\u00edas:<br \/>\nOs informamos de la apertura de solicitudes para la siguiente actividad:<\/p>\n<p><strong>LO QUE CUENTAN LOS CUENTOS: EDUCAR EN VALORES DESDE EL \u00c1REA DE RELIGI\u00d3N (222924GE058)<\/strong><\/p>\n<p>Curso con seguimiento de <strong>20 h totales&nbsp; (18 h presenciales y 2 h no presenciales)<br \/>\n<\/strong><\/p>\n<p><strong>SESIONES PRESENCIALES: 8, 9, 10, 15, 16 y 17 de febrero de 2022, en horario de 16:30 h a 19:30 h<br \/>\n<\/strong><\/p>\n<p><strong>LUGAR: Biblioteca del Centro del Profesorado de Ronda<\/strong><\/p>\n<p><strong>INSCRIPCIONES: desde el 14 de enero hasta el 2 de febrero de 2022<\/strong><\/p>\n<p>Para m\u00e1s detalle e inscripci\u00f3n pincha en el siguiente <a href=\"https:\/\/www.juntadeandalucia.es\/educacion\/secretariavirtual\/consultaCEP\/actividad\/222924GE058\/\"><strong>enlace<\/strong><\/a><\/p>\n<p>Deseamos que sea de vuestro inter\u00e9s.<\/p>\n<p>Saludos.<\/p>\n<p><img data-recalc-dims=\"1\" loading=\"lazy\" decoding=\"async\" class=\"attachment-266x266 aligncenter\" src=\"https:\/\/i0.wp.com\/cepronda.com\/blog\/wp-content\/uploads\/2022\/01\/222924GE058-LO-QUE-CUENTAN-LOS-CUENTOS.png?resize=252%2C357\" sizes=\"auto, (max-width: 188px) 100vw, 188px\" srcset=\"https:\/\/i0.wp.com\/cepronda.com\/blog\/wp-content\/uploads\/2022\/01\/222924GE058-LO-QUE-CUENTAN-LOS-CUENTOS.png?w=1587 1587w, https:\/\/i0.wp.com\/cepronda.com\/blog\/wp-content\/uploads\/2022\/01\/222924GE058-LO-QUE-CUENTAN-LOS-CUENTOS.png?resize=212%2C300 212w, https:\/\/i0.wp.com\/cepronda.com\/blog\/wp-content\/uploads\/2022\/01\/222924GE058-LO-QUE-CUENTAN-LOS-CUENTOS.png?resize=724%2C1024 724w, https:\/\/i0.wp.com\/cepronda.com\/blog\/wp-content\/uploads\/2022\/01\/222924GE058-LO-QUE-CUENTAN-LOS-CUENTOS.png?resize=768%2C1086 768w, https:\/\/i0.wp.com\/cepronda.com\/blog\/wp-content\/uploads\/2022\/01\/222924GE058-LO-QUE-CUENTAN-LOS-CUENTOS.png?resize=1086%2C1536 1086w, https:\/\/i0.wp.com\/cepronda.com\/blog\/wp-content\/uploads\/2022\/01\/222924GE058-LO-QUE-CUENTAN-LOS-CUENTOS.png?resize=1448%2C2048 1448w\" alt=\"\" width=\"252\" height=\"357\"><\/p>\n","protected":false},"excerpt":{"rendered":"<p>Buenos d\u00edas: Os informamos de la apertura de solicitudes para la siguiente actividad: LO QUE CUENTAN LOS CUENTOS: EDUCAR EN VALORES DESDE EL \u00c1REA DE RELIGI\u00d3N (222924GE058) Curso con seguimiento de 20 h totales&nbsp; (18 h presenciales y 2 h no presenciales) SESIONES PRESENCIALES: 8, 9, 10, 15, 16 y 17 de febrero de 2022, [&hellip;]<\/p>\n","protected":false},"author":12,"featured_media":4987,"comment_status":"closed","ping_status":"open","sticky":false,"template":"","format":"standard","meta":{"_crdt_document":"","advanced_seo_description":"","jetpack_seo_html_title":"","jetpack_seo_noindex":false,"jetpack_post_was_ever_published":false,"_jetpack_newsletter_access":"","_jetpack_dont_email_post_to_subs":false,"_jetpack_newsletter_tier_id":0,"_jetpack_memberships_contains_paywalled_content":false,"_jetpack_memberships_contains_paid_content":false,"footnotes":"","jetpack_publicize_message":"","jetpack_publicize_feature_enabled":true,"jetpack_social_post_already_shared":false,"jetpack_social_options":{"image_generator_settings":{"template":"highway","default_image_id":0,"font":"","enabled":false},"version":2}},"categories":[3,5],"tags":[278,277],"class_list":{"0":"post-4986","1":"post","2":"type-post","3":"status-publish","4":"format-standard","5":"has-post-thumbnail","7":"category-formaciones","8":"category-noticias","9":"tag-cuentos","10":"tag-religion","11":"czr-hentry"},"jetpack_publicize_connections":[],"jetpack_featured_media_url":"https:\/\/i0.wp.com\/cepronda.com\/blog\/wp-content\/uploads\/2022\/01\/222924GE058-LO-QUE-CUENTAN-LOS-CUENTOS.png?fit=1587%2C2245&ssl=1","jetpack_shortlink":"https:\/\/wp.me\/p8M4X7-1iq","jetpack-related-posts":[{"id":5137,"url":"https:\/\/cepronda.com\/blog\/taller-de-ceramica-para-el-profesorado\/","url_meta":{"origin":4986,"position":0},"title":"TALLER DE CER\u00c1MICA PARA EL PROFESORADO","author":"Antonio Montes","date":"24 febrero, 2022","format":false,"excerpt":"Buenos d\u00edas: Os informamos de la apertura de solicitudes para la siguiente actividad: TALLER DE CER\u00c1MICA PARA EL PROFESORADO (222924GE063) Curso de 21 horas SESIONES PRESENCIALES: 10, 17, 24 y 31 de marzo, 7, 21 y 28 de abril; en horario de 16:30 h a 19:30 h LUGAR: IES Mart\u00edn\u2026","rel":"","context":"En \u00abFormaciones\u00bb","block_context":{"text":"Formaciones","link":"https:\/\/cepronda.com\/blog\/category\/formaciones\/"},"img":{"alt_text":"","src":"https:\/\/i0.wp.com\/cepronda.com\/blog\/wp-content\/uploads\/2022\/02\/TALLER-DE-CERAMICA.jpg?fit=848%2C1200&ssl=1&resize=350%2C200","width":350,"height":200,"srcset":"https:\/\/i0.wp.com\/cepronda.com\/blog\/wp-content\/uploads\/2022\/02\/TALLER-DE-CERAMICA.jpg?fit=848%2C1200&ssl=1&resize=350%2C200 1x, https:\/\/i0.wp.com\/cepronda.com\/blog\/wp-content\/uploads\/2022\/02\/TALLER-DE-CERAMICA.jpg?fit=848%2C1200&ssl=1&resize=525%2C300 1.5x, https:\/\/i0.wp.com\/cepronda.com\/blog\/wp-content\/uploads\/2022\/02\/TALLER-DE-CERAMICA.jpg?fit=848%2C1200&ssl=1&resize=700%2C400 2x"},"classes":[]},{"id":4941,"url":"https:\/\/cepronda.com\/blog\/abn-en-primaria-desarrollo-de-la-competencia-matematica\/","url_meta":{"origin":4986,"position":1},"title":"ABN EN PRIMARIA: DESARROLLO DE LA COMPETENCIA MATEM\u00c1TICA","author":"V\u00edctor Caballero","date":"10 enero, 2022","format":false,"excerpt":"Buenas tardes compa\u00f1eros y compa\u00f1eras. Os informamos de la apertura de solicitudes para un curso muy interesante sobre: ABN EN PRIMARIA: DESARROLLO DE LA COMPETENCIA MATEM\u00c1TICA (222924GE044) Curso de 13 h totales 4 sesiones de 2,5 horas presenciales. Y 3 horas no presenciales con tareas SESIONES: M08\/02 (17 a 19:30h)\u2026","rel":"","context":"En \u00abFormaciones\u00bb","block_context":{"text":"Formaciones","link":"https:\/\/cepronda.com\/blog\/category\/formaciones\/"},"img":{"alt_text":"","src":"https:\/\/i0.wp.com\/cepronda.com\/blog\/wp-content\/uploads\/2022\/01\/20220208-Cartel-222924GE044-ABN-Primaria-724x1024.png?resize=350%2C200","width":350,"height":200,"srcset":"https:\/\/i0.wp.com\/cepronda.com\/blog\/wp-content\/uploads\/2022\/01\/20220208-Cartel-222924GE044-ABN-Primaria-724x1024.png?resize=350%2C200 1x, https:\/\/i0.wp.com\/cepronda.com\/blog\/wp-content\/uploads\/2022\/01\/20220208-Cartel-222924GE044-ABN-Primaria-724x1024.png?resize=525%2C300 1.5x, https:\/\/i0.wp.com\/cepronda.com\/blog\/wp-content\/uploads\/2022\/01\/20220208-Cartel-222924GE044-ABN-Primaria-724x1024.png?resize=700%2C400 2x"},"classes":[]},{"id":4937,"url":"https:\/\/cepronda.com\/blog\/abn-en-infantil-y-educacion-especial-desarrollo-de-la-competencia-matematica\/","url_meta":{"origin":4986,"position":2},"title":"ABN EN INFANTIL Y EDUCACI\u00d3N ESPECIAL: DESARROLLO DE LA COMPETENCIA MATEM\u00c1TICA","author":"V\u00edctor Caballero","date":"10 enero, 2022","format":false,"excerpt":"Buenas tardes compa\u00f1eros y compa\u00f1eras. Os informamos de la apertura de solicitudes para un curso muy interesante sobre: ABN EN INFANTIL Y EDUCACI\u00d3N ESPECIAL: DESARROLLO DE LA COMPETENCIA MATEM\u00c1TICA (222924GE045) Curso de 13 h totales 4 sesiones de 2,5 horas presenciales (2 de ellas por videoconferencias) Y 3 horas no\u2026","rel":"","context":"En \u00abFormaciones\u00bb","block_context":{"text":"Formaciones","link":"https:\/\/cepronda.com\/blog\/category\/formaciones\/"},"img":{"alt_text":"","src":"https:\/\/i0.wp.com\/cepronda.com\/blog\/wp-content\/uploads\/2022\/01\/20220208-Cartel-222924GE045-ABN-Infantil-y-EE.png?fit=848%2C1200&ssl=1&resize=350%2C200","width":350,"height":200,"srcset":"https:\/\/i0.wp.com\/cepronda.com\/blog\/wp-content\/uploads\/2022\/01\/20220208-Cartel-222924GE045-ABN-Infantil-y-EE.png?fit=848%2C1200&ssl=1&resize=350%2C200 1x, https:\/\/i0.wp.com\/cepronda.com\/blog\/wp-content\/uploads\/2022\/01\/20220208-Cartel-222924GE045-ABN-Infantil-y-EE.png?fit=848%2C1200&ssl=1&resize=525%2C300 1.5x, https:\/\/i0.wp.com\/cepronda.com\/blog\/wp-content\/uploads\/2022\/01\/20220208-Cartel-222924GE045-ABN-Infantil-y-EE.png?fit=848%2C1200&ssl=1&resize=700%2C400 2x"},"classes":[]},{"id":5447,"url":"https:\/\/cepronda.com\/blog\/curso-creacion-digital-de-personajes-en-2d-y-3d-para-caracterizacion-2a-edicion\/","url_meta":{"origin":4986,"position":3},"title":"CURSO: CREACI\u00d3N DIGITAL DE PERSONAJES EN 2D Y 3D PARA CARACTERIZACI\u00d3N. 2\u00aa EDICI\u00d3N","author":"Antonio Montes","date":"14 septiembre, 2022","format":false,"excerpt":"Os informamos que\u00a0 desde el 14\/09 al 29\/09 est\u00e1 abierto el plazo de inscripci\u00f3n en el curso: CREACI\u00d3N DIGITAL DE PERSONAJES EN 2D Y 3D PARA CARACTERIZACI\u00d3N. 2\u00aa EDICI\u00d3N\u00a0 (C\u00f3digo: 232924GE002). Este curso, de car\u00e1cter regional, de 30 h de duraci\u00f3n (5 h presenciales por videoconferencias y 25 h no\u2026","rel":"","context":"En \u00abFormaciones\u00bb","block_context":{"text":"Formaciones","link":"https:\/\/cepronda.com\/blog\/category\/formaciones\/"},"img":{"alt_text":"","src":"https:\/\/i0.wp.com\/cepronda.com\/blog\/wp-content\/uploads\/2022\/09\/232924GE002-CREACION-DIGITAL-EN-2D-Y-3D.png-2.png?fit=848%2C1200&ssl=1&resize=350%2C200","width":350,"height":200,"srcset":"https:\/\/i0.wp.com\/cepronda.com\/blog\/wp-content\/uploads\/2022\/09\/232924GE002-CREACION-DIGITAL-EN-2D-Y-3D.png-2.png?fit=848%2C1200&ssl=1&resize=350%2C200 1x, https:\/\/i0.wp.com\/cepronda.com\/blog\/wp-content\/uploads\/2022\/09\/232924GE002-CREACION-DIGITAL-EN-2D-Y-3D.png-2.png?fit=848%2C1200&ssl=1&resize=525%2C300 1.5x, https:\/\/i0.wp.com\/cepronda.com\/blog\/wp-content\/uploads\/2022\/09\/232924GE002-CREACION-DIGITAL-EN-2D-Y-3D.png-2.png?fit=848%2C1200&ssl=1&resize=700%2C400 2x"},"classes":[]},{"id":5712,"url":"https:\/\/cepronda.com\/blog\/gestion-economica-para-secretarias-232924kpf230\/","url_meta":{"origin":4986,"position":4},"title":"GESTI\u00d3N ECON\u00d3MICA PARA SECRETAR\u00cdAS (232924KPF230)","author":"Mamen Moreno","date":"20 enero, 2023","format":false,"excerpt":"Os informamos que se encuentra abierta la inscripci\u00f3n en el curso Provincial GESTI\u00d3N ECON\u00d3MICA PARA SECRETAR\u00cdAS con c\u00f3digo 232924KPF230, organizado por el CEP de Ronda: Inscripciones: desde 20\/01\/2023 al 30\/01\/2023 Fecha actividad: 1 de febrero hasta el 9 de marzo de 2023 Duraci\u00f3n: 40 horas. 10 horas presenciales y 30\u2026","rel":"","context":"En \u00abFormaciones\u00bb","block_context":{"text":"Formaciones","link":"https:\/\/cepronda.com\/blog\/category\/formaciones\/"},"img":{"alt_text":"","src":"https:\/\/i0.wp.com\/cepronda.com\/blog\/wp-content\/uploads\/2023\/01\/GESTION-ECONOMICA-PARA-SECRETARIAS-1.jpg?fit=848%2C1200&ssl=1&resize=350%2C200","width":350,"height":200,"srcset":"https:\/\/i0.wp.com\/cepronda.com\/blog\/wp-content\/uploads\/2023\/01\/GESTION-ECONOMICA-PARA-SECRETARIAS-1.jpg?fit=848%2C1200&ssl=1&resize=350%2C200 1x, https:\/\/i0.wp.com\/cepronda.com\/blog\/wp-content\/uploads\/2023\/01\/GESTION-ECONOMICA-PARA-SECRETARIAS-1.jpg?fit=848%2C1200&ssl=1&resize=525%2C300 1.5x, https:\/\/i0.wp.com\/cepronda.com\/blog\/wp-content\/uploads\/2023\/01\/GESTION-ECONOMICA-PARA-SECRETARIAS-1.jpg?fit=848%2C1200&ssl=1&resize=700%2C400 2x"},"classes":[]},{"id":6085,"url":"https:\/\/cepronda.com\/blog\/tecnicas-ceramicas-engobes-y-esmaltes-nivel-avanzado\/","url_meta":{"origin":4986,"position":5},"title":"T\u00c9CNICAS CER\u00c1MICAS. ENGOBES Y ESMALTES (NIVEL AVANZADO)","author":"Mamen Moreno","date":"6 octubre, 2023","format":false,"excerpt":"Os informamos que se encuentra abierto el plazo de solicitudes para el curso\u00a0T\u00c9CNICAS CER\u00c1MICAS. ENGOBES Y ESMALTES (NIVEL AVANZADO) C\u00f3digo 242924GE022 Ponente: Uta Gruber Curso de 18 horas SESIONES PRESENCIALES: 25 de octubre, 8, 15 y 29 de noviembre , 13 de diciembre y 10 de enero de 16:30 h\u2026","rel":"","context":"En \u00abFormaciones\u00bb","block_context":{"text":"Formaciones","link":"https:\/\/cepronda.com\/blog\/category\/formaciones\/"},"img":{"alt_text":"","src":"https:\/\/i0.wp.com\/cepronda.com\/blog\/wp-content\/uploads\/2023\/10\/Nuevo-taller-ceramica-y-hh-codigo-242924GE020-1.jpg?fit=1080%2C1080&ssl=1&resize=350%2C200","width":350,"height":200,"srcset":"https:\/\/i0.wp.com\/cepronda.com\/blog\/wp-content\/uploads\/2023\/10\/Nuevo-taller-ceramica-y-hh-codigo-242924GE020-1.jpg?fit=1080%2C1080&ssl=1&resize=350%2C200 1x, https:\/\/i0.wp.com\/cepronda.com\/blog\/wp-content\/uploads\/2023\/10\/Nuevo-taller-ceramica-y-hh-codigo-242924GE020-1.jpg?fit=1080%2C1080&ssl=1&resize=525%2C300 1.5x, https:\/\/i0.wp.com\/cepronda.com\/blog\/wp-content\/uploads\/2023\/10\/Nuevo-taller-ceramica-y-hh-codigo-242924GE020-1.jpg?fit=1080%2C1080&ssl=1&resize=700%2C400 2x, https:\/\/i0.wp.com\/cepronda.com\/blog\/wp-content\/uploads\/2023\/10\/Nuevo-taller-ceramica-y-hh-codigo-242924GE020-1.jpg?fit=1080%2C1080&ssl=1&resize=1050%2C600 3x"},"classes":[]}],"jetpack_sharing_enabled":true,"_links":{"self":[{"href":"https:\/\/cepronda.com\/blog\/wp-json\/wp\/v2\/posts\/4986","targetHints":{"allow":["GET"]}}],"collection":[{"href":"https:\/\/cepronda.com\/blog\/wp-json\/wp\/v2\/posts"}],"about":[{"href":"https:\/\/cepronda.com\/blog\/wp-json\/wp\/v2\/types\/post"}],"author":[{"embeddable":true,"href":"https:\/\/cepronda.com\/blog\/wp-json\/wp\/v2\/users\/12"}],"replies":[{"embeddable":true,"href":"https:\/\/cepronda.com\/blog\/wp-json\/wp\/v2\/comments?post=4986"}],"version-history":[{"count":4,"href":"https:\/\/cepronda.com\/blog\/wp-json\/wp\/v2\/posts\/4986\/revisions"}],"predecessor-version":[{"id":4991,"href":"https:\/\/cepronda.com\/blog\/wp-json\/wp\/v2\/posts\/4986\/revisions\/4991"}],"wp:featuredmedia":[{"embeddable":true,"href":"https:\/\/cepronda.com\/blog\/wp-json\/wp\/v2\/media\/4987"}],"wp:attachment":[{"href":"https:\/\/cepronda.com\/blog\/wp-json\/wp\/v2\/media?parent=4986"}],"wp:term":[{"taxonomy":"category","embeddable":true,"href":"https:\/\/cepronda.com\/blog\/wp-json\/wp\/v2\/categories?post=4986"},{"taxonomy":"post_tag","embeddable":true,"href":"https:\/\/cepronda.com\/blog\/wp-json\/wp\/v2\/tags?post=4986"}],"curies":[{"name":"wp","href":"https:\/\/api.w.org\/{rel}","templated":true}]}}