{"id":4981,"date":"2022-01-14T13:15:34","date_gmt":"2022-01-14T12:15:34","guid":{"rendered":"http:\/\/cepronda.com\/blog\/?p=4981"},"modified":"2022-01-14T13:16:23","modified_gmt":"2022-01-14T12:16:23","slug":"diseno-universal-de-aprendizaje-dua-en-educacion-primaria-codigo-222924ge016","status":"publish","type":"post","link":"https:\/\/cepronda.com\/blog\/diseno-universal-de-aprendizaje-dua-en-educacion-primaria-codigo-222924ge016\/","title":{"rendered":"\u00abDISE\u00d1O UNIVERSAL DE APRENDIZAJE (DUA) EN EDUCACI\u00d3N PRIMARIA.\u00bb C\u00f3digo: 222924GE016."},"content":{"rendered":"<p>Buenos&nbsp; d\u00edas, compa\u00f1eras y compa\u00f1eros.<\/p>\n<p>Os recordamos que est\u00e1 abierto el plazo de inscripci\u00f3n en la actividad <strong>\u00abDISE\u00d1O UNIVERSAL DE APRENDIZAJE (DUA) EN EDUCACI\u00d3N PRIMARIA.\u00bb C\u00f3digo: 222924GE016<\/strong>.<\/p>\n<p>Es una actividad en modalidad de \u00abCurso Semipresencial\u00bb, las sesiones presenciales se desarrollar\u00e1n en la <strong>Sala de Videoconferencias del CEP de Ronda<\/strong>. Duraci\u00f3n de 20 horas presenciales.<\/p>\n<p>&#x1f4c6;Las fechas de la formaci\u00f3n son las siguientes:<\/p>\n<p>Fecha inscripci\u00f3n: 02\/12\/2021 hasta 21\/01\/2022<br \/>\nFecha actividad: 27\/01\/2022 hasta 29\/03\/2022<\/p>\n<p>&#x1f4cc;Para m\u00e1s informaci\u00f3n, puedes consultar la ficha de la actividad en el siguiente enlace donde tambi\u00e9n puedes realizar la&nbsp;&nbsp;<a title=\"inscripci\u00f3n\" href=\"https:\/\/www.juntadeandalucia.es\/educacion\/secretariavirtual\/consultaCEP\/actividad\/222924GE016\/\" target=\"_blank\" rel=\"noopener noreferrer\">inscripci\u00f3n<\/a>.<\/p>\n<p>Deseamos que sea de vuestro inter\u00e9s.<img data-recalc-dims=\"1\" loading=\"lazy\" decoding=\"async\" class=\"size-medium wp-image-4992 aligncenter\" src=\"https:\/\/i0.wp.com\/cepronda.com\/blog\/wp-content\/uploads\/2022\/01\/DISENO-UNIVERSAL-DE-APRENDIZAJE-DUA-EN-EDUCACION-PRIMARIA.-1-212x300.png?resize=212%2C300\" alt=\"\" width=\"212\" height=\"300\" srcset=\"https:\/\/i0.wp.com\/cepronda.com\/blog\/wp-content\/uploads\/2022\/01\/DISENO-UNIVERSAL-DE-APRENDIZAJE-DUA-EN-EDUCACION-PRIMARIA.-1.png?resize=212%2C300&amp;ssl=1 212w, https:\/\/i0.wp.com\/cepronda.com\/blog\/wp-content\/uploads\/2022\/01\/DISENO-UNIVERSAL-DE-APRENDIZAJE-DUA-EN-EDUCACION-PRIMARIA.-1.png?resize=724%2C1024&amp;ssl=1 724w, https:\/\/i0.wp.com\/cepronda.com\/blog\/wp-content\/uploads\/2022\/01\/DISENO-UNIVERSAL-DE-APRENDIZAJE-DUA-EN-EDUCACION-PRIMARIA.-1.png?resize=768%2C1086&amp;ssl=1 768w, https:\/\/i0.wp.com\/cepronda.com\/blog\/wp-content\/uploads\/2022\/01\/DISENO-UNIVERSAL-DE-APRENDIZAJE-DUA-EN-EDUCACION-PRIMARIA.-1.png?resize=1086%2C1536&amp;ssl=1 1086w, https:\/\/i0.wp.com\/cepronda.com\/blog\/wp-content\/uploads\/2022\/01\/DISENO-UNIVERSAL-DE-APRENDIZAJE-DUA-EN-EDUCACION-PRIMARIA.-1.png?resize=1448%2C2048&amp;ssl=1 1448w, https:\/\/i0.wp.com\/cepronda.com\/blog\/wp-content\/uploads\/2022\/01\/DISENO-UNIVERSAL-DE-APRENDIZAJE-DUA-EN-EDUCACION-PRIMARIA.-1.png?w=1587&amp;ssl=1 1587w\" sizes=\"auto, (max-width: 212px) 100vw, 212px\" \/><\/p>\n","protected":false},"excerpt":{"rendered":"<p>Buenos&nbsp; d\u00edas, compa\u00f1eras y compa\u00f1eros. Os recordamos que est\u00e1 abierto el plazo de inscripci\u00f3n en la actividad \u00abDISE\u00d1O UNIVERSAL DE APRENDIZAJE (DUA) EN EDUCACI\u00d3N PRIMARIA.\u00bb C\u00f3digo: 222924GE016. Es una actividad en modalidad de \u00abCurso Semipresencial\u00bb, las sesiones presenciales se desarrollar\u00e1n en la Sala de Videoconferencias del CEP de Ronda. Duraci\u00f3n de 20 horas presenciales. &#x1f4c6;Las [&hellip;]<\/p>\n","protected":false},"author":9,"featured_media":4992,"comment_status":"closed","ping_status":"open","sticky":false,"template":"","format":"standard","meta":{"_crdt_document":"","advanced_seo_description":"","jetpack_seo_html_title":"","jetpack_seo_noindex":false,"jetpack_post_was_ever_published":false,"_jetpack_newsletter_access":"","_jetpack_dont_email_post_to_subs":false,"_jetpack_newsletter_tier_id":0,"_jetpack_memberships_contains_paywalled_content":false,"_jetpack_memberships_contains_paid_content":false,"footnotes":"","jetpack_publicize_message":"","jetpack_publicize_feature_enabled":true,"jetpack_social_post_already_shared":false,"jetpack_social_options":{"image_generator_settings":{"template":"highway","default_image_id":0,"font":"","enabled":false},"version":2}},"categories":[5],"tags":[],"class_list":{"0":"post-4981","1":"post","2":"type-post","3":"status-publish","4":"format-standard","5":"has-post-thumbnail","7":"category-noticias","8":"czr-hentry"},"jetpack_publicize_connections":[],"jetpack_featured_media_url":"https:\/\/i0.wp.com\/cepronda.com\/blog\/wp-content\/uploads\/2022\/01\/DISENO-UNIVERSAL-DE-APRENDIZAJE-DUA-EN-EDUCACION-PRIMARIA.-1.png?fit=1587%2C2245&ssl=1","jetpack_shortlink":"https:\/\/wp.me\/p8M4X7-1il","jetpack-related-posts":[{"id":4888,"url":"https:\/\/cepronda.com\/blog\/4888-2\/","url_meta":{"origin":4981,"position":0},"title":"\u00abDISE\u00d1O UNIVERSAL DE APRENDIZAJE (DUA) EN EDUCACI\u00d3N PRIMARIA.\u00bb","author":"Inmaculada Garc\u00eda","date":"20 diciembre, 2021","format":false,"excerpt":"Os informamos que est\u00e1 abierto el plazo de inscripci\u00f3n en la actividad \u00abDISE\u00d1O UNIVERSAL DE APRENDIZAJE (DUA) EN EDUCACI\u00d3N PRIMARIA.\u00bb C\u00f3digo: 222924GE016. Es una actividad en modalidad de \u00abCurso Semipresencial\u00bb, las sesiones presenciales se desarrollar\u00e1n en la Sala de Videoconferencias del CEP de Ronda. Las fechas de la formaci\u00f3n son\u2026","rel":"","context":"En \u00abFormaciones\u00bb","block_context":{"text":"Formaciones","link":"https:\/\/cepronda.com\/blog\/category\/formaciones\/"},"img":{"alt_text":"","src":"https:\/\/i0.wp.com\/cepronda.com\/blog\/wp-content\/uploads\/2021\/12\/DISENO-UNIVERSAL-DE-APRENDIZAJE-DUA-EN-EDUCACION-PRIMARIA.-1.png?fit=848%2C1200&ssl=1&resize=350%2C200","width":350,"height":200,"srcset":"https:\/\/i0.wp.com\/cepronda.com\/blog\/wp-content\/uploads\/2021\/12\/DISENO-UNIVERSAL-DE-APRENDIZAJE-DUA-EN-EDUCACION-PRIMARIA.-1.png?fit=848%2C1200&ssl=1&resize=350%2C200 1x, https:\/\/i0.wp.com\/cepronda.com\/blog\/wp-content\/uploads\/2021\/12\/DISENO-UNIVERSAL-DE-APRENDIZAJE-DUA-EN-EDUCACION-PRIMARIA.-1.png?fit=848%2C1200&ssl=1&resize=525%2C300 1.5x, https:\/\/i0.wp.com\/cepronda.com\/blog\/wp-content\/uploads\/2021\/12\/DISENO-UNIVERSAL-DE-APRENDIZAJE-DUA-EN-EDUCACION-PRIMARIA.-1.png?fit=848%2C1200&ssl=1&resize=700%2C400 2x"},"classes":[]},{"id":4896,"url":"https:\/\/cepronda.com\/blog\/diseno-universal-de-aprendizaje-dua-en-educacion-secundaria\/","url_meta":{"origin":4981,"position":1},"title":"DISE\u00d1O UNIVERSAL DE APRENDIZAJE (DUA) EN EDUCACI\u00d3N SECUNDARIA.","author":"Inmaculada Garc\u00eda","date":"20 diciembre, 2021","format":false,"excerpt":"Os informamos que est\u00e1 abierto el plazo de inscripci\u00f3n en la actividad \u00abDISE\u00d1O UNIVERSAL DE APRENDIZAJE (DUA) EN EDUCACI\u00d3N SECUNDARIA.\u00bb C\u00f3digo: 222924GE017. Es una actividad en modalidad de \u00abCurso Semipresencial\u00bb, las sesiones presenciales se desarrollar\u00e1n en la Sala de Videoconferencias del CEP de Ronda. Las fechas de la formaci\u00f3n son\u2026","rel":"","context":"En \u00abFormaciones\u00bb","block_context":{"text":"Formaciones","link":"https:\/\/cepronda.com\/blog\/category\/formaciones\/"},"img":{"alt_text":"","src":"https:\/\/i0.wp.com\/cepronda.com\/blog\/wp-content\/uploads\/2022\/01\/DISENO-UNIVERSAL-DE-APRENDIZAJE-DUA-EN-EDUCACION-SECUNDARIA-1.png?fit=848%2C1200&ssl=1&resize=350%2C200","width":350,"height":200,"srcset":"https:\/\/i0.wp.com\/cepronda.com\/blog\/wp-content\/uploads\/2022\/01\/DISENO-UNIVERSAL-DE-APRENDIZAJE-DUA-EN-EDUCACION-SECUNDARIA-1.png?fit=848%2C1200&ssl=1&resize=350%2C200 1x, https:\/\/i0.wp.com\/cepronda.com\/blog\/wp-content\/uploads\/2022\/01\/DISENO-UNIVERSAL-DE-APRENDIZAJE-DUA-EN-EDUCACION-SECUNDARIA-1.png?fit=848%2C1200&ssl=1&resize=525%2C300 1.5x, https:\/\/i0.wp.com\/cepronda.com\/blog\/wp-content\/uploads\/2022\/01\/DISENO-UNIVERSAL-DE-APRENDIZAJE-DUA-EN-EDUCACION-SECUNDARIA-1.png?fit=848%2C1200&ssl=1&resize=700%2C400 2x"},"classes":[]},{"id":7712,"url":"https:\/\/cepronda.com\/blog\/convocatoria-regional-de-cursos-avfp-curso-2024-25\/","url_meta":{"origin":4981,"position":2},"title":"CONVOCATORIA REGIONAL DE CURSOS AVFP. CURSO 2024\/25.","author":"Inmaculada Garc\u00eda","date":"19 septiembre, 2024","format":false,"excerpt":"\u00a0 \u00a0 CONVOCATORIA REGIONAL DE CURSOS AVFP \u00a0 Os informamos que se encuentra abierto el plazo de inscripci\u00f3n en la convocatoria de cursos regional. La superaci\u00f3n de estos cursos supone la certificaci\u00f3n de diversos niveles de Competencia Digital Docente. - HERRAMIENTAS DIGITALES APLICADAS A LA DOCENCIA EN LA FORMACI\u00d3N PROFESIONAL,\u2026","rel":"","context":"En \u00abFormaciones\u00bb","block_context":{"text":"Formaciones","link":"https:\/\/cepronda.com\/blog\/category\/formaciones\/"},"img":{"alt_text":"","src":"https:\/\/i0.wp.com\/cepronda.com\/blog\/wp-content\/uploads\/2024\/09\/CURSOS.png?fit=1200%2C1200&ssl=1&resize=350%2C200","width":350,"height":200,"srcset":"https:\/\/i0.wp.com\/cepronda.com\/blog\/wp-content\/uploads\/2024\/09\/CURSOS.png?fit=1200%2C1200&ssl=1&resize=350%2C200 1x, https:\/\/i0.wp.com\/cepronda.com\/blog\/wp-content\/uploads\/2024\/09\/CURSOS.png?fit=1200%2C1200&ssl=1&resize=525%2C300 1.5x, https:\/\/i0.wp.com\/cepronda.com\/blog\/wp-content\/uploads\/2024\/09\/CURSOS.png?fit=1200%2C1200&ssl=1&resize=700%2C400 2x, https:\/\/i0.wp.com\/cepronda.com\/blog\/wp-content\/uploads\/2024\/09\/CURSOS.png?fit=1200%2C1200&ssl=1&resize=1050%2C600 3x"},"classes":[]},{"id":7782,"url":"https:\/\/cepronda.com\/blog\/entrenamiento-de-las-funciones-ejecutivas-en-el-aula-de-educacion-primaria\/","url_meta":{"origin":4981,"position":3},"title":"ENTRENAMIENTO DE LAS FUNCIONES EJECUTIVAS EN EL AULA DE EDUCACI\u00d3N PRIMARIA","author":"Mamen Moreno","date":"9 octubre, 2024","format":false,"excerpt":"Se abre el plazo de inscripci\u00f3n para la actividad ENTRENAMIENTO DE LAS FUNCIONES EJECUTIVAS EN EL AULA DE EDUCACI\u00d3N PRIMARIA\u00a0con c\u00f3digo 252924GE014 , destinado al profesorado de Educaci\u00f3n Primaria, profesorado PT y AL, Orientadores\/as y profesorado de apoyo. Fecha actividad: 30 octubre, 6, 13, 20 y 27 de noviembre de\u2026","rel":"","context":"En \u00abFormaciones\u00bb","block_context":{"text":"Formaciones","link":"https:\/\/cepronda.com\/blog\/category\/formaciones\/"},"img":{"alt_text":"","src":"https:\/\/i0.wp.com\/cepronda.com\/blog\/wp-content\/uploads\/2024\/10\/IMG-20241010-WA0001.jpg?fit=1080%2C1080&ssl=1&resize=350%2C200","width":350,"height":200,"srcset":"https:\/\/i0.wp.com\/cepronda.com\/blog\/wp-content\/uploads\/2024\/10\/IMG-20241010-WA0001.jpg?fit=1080%2C1080&ssl=1&resize=350%2C200 1x, https:\/\/i0.wp.com\/cepronda.com\/blog\/wp-content\/uploads\/2024\/10\/IMG-20241010-WA0001.jpg?fit=1080%2C1080&ssl=1&resize=525%2C300 1.5x, https:\/\/i0.wp.com\/cepronda.com\/blog\/wp-content\/uploads\/2024\/10\/IMG-20241010-WA0001.jpg?fit=1080%2C1080&ssl=1&resize=700%2C400 2x, https:\/\/i0.wp.com\/cepronda.com\/blog\/wp-content\/uploads\/2024\/10\/IMG-20241010-WA0001.jpg?fit=1080%2C1080&ssl=1&resize=1050%2C600 3x"},"classes":[]},{"id":4085,"url":"https:\/\/cepronda.com\/blog\/recursos-digitales-on-line-para-educacion-primaria-nivel-i-2\/","url_meta":{"origin":4981,"position":4},"title":"RECURSOS DIGITALES ON-LINE PARA EDUCACI\u00d3N PRIMARIA. NIVEL I","author":"V\u00edctor Caballero","date":"7 enero, 2021","format":false,"excerpt":"Muy buenas, compa\u00f1eros y compa\u00f1eras. Primero desearos Feliz a\u00f1o y que hay\u00e1is descansado en vuestras merecidas vacaciones. Recordaros que el plazo de inscripci\u00f3n para participar en la actividad formativa a nivel provincial que lleva el CEP de Ronda:\u00a0 \" RECURSOS DIGITALES ON-LINE PARA EDUCACI\u00d3N PRIMARIA. NIVEL I\", finaliza el martes\u2026","rel":"","context":"En \u00abFormaciones\u00bb","block_context":{"text":"Formaciones","link":"https:\/\/cepronda.com\/blog\/category\/formaciones\/"},"img":{"alt_text":"","src":"https:\/\/i0.wp.com\/cepronda.com\/blog\/wp-content\/uploads\/2020\/12\/20210114-Recursos-digitales-Primaria-I.jpg?fit=848%2C1200&ssl=1&resize=350%2C200","width":350,"height":200,"srcset":"https:\/\/i0.wp.com\/cepronda.com\/blog\/wp-content\/uploads\/2020\/12\/20210114-Recursos-digitales-Primaria-I.jpg?fit=848%2C1200&ssl=1&resize=350%2C200 1x, https:\/\/i0.wp.com\/cepronda.com\/blog\/wp-content\/uploads\/2020\/12\/20210114-Recursos-digitales-Primaria-I.jpg?fit=848%2C1200&ssl=1&resize=525%2C300 1.5x, https:\/\/i0.wp.com\/cepronda.com\/blog\/wp-content\/uploads\/2020\/12\/20210114-Recursos-digitales-Primaria-I.jpg?fit=848%2C1200&ssl=1&resize=700%2C400 2x"},"classes":[]},{"id":7318,"url":"https:\/\/cepronda.com\/blog\/abn-en-primaria-desarrollo-de-la-competencia-matematica-2\/","url_meta":{"origin":4981,"position":5},"title":"ABN EN PRIMARIA: DESARROLLO DE LA COMPETENCIA MATEM\u00c1TICA","author":"V\u00edctor Caballero","date":"11 enero, 2024","format":false,"excerpt":"Se encuentra abierto el plazo de inscripci\u00f3n para la formaci\u00f3n \u201cABN EN PRIMARIA: DESARROLLO DE LA COMPETENCIA MATEM\u00c1TICA\" C\u00d3DIGO 242924GE012 Ponente:\u00a0 Marisa Risue\u00f1o Duraci\u00f3n de la actividad 10 horas presenciales + 3 horas de tareas. Fecha actividad: X31 ene( 17:00 a 19:30h) CEP Ronda X7 feb (17:00 a 19:30h) CEP\u2026","rel":"","context":"En \u00abFormaciones\u00bb","block_context":{"text":"Formaciones","link":"https:\/\/cepronda.com\/blog\/category\/formaciones\/"},"img":{"alt_text":"","src":"https:\/\/i0.wp.com\/cepronda.com\/blog\/wp-content\/uploads\/2024\/01\/CARTEL-ABN-MATEMATICAS-ENERO-2024.png?fit=1080%2C1080&ssl=1&resize=350%2C200","width":350,"height":200,"srcset":"https:\/\/i0.wp.com\/cepronda.com\/blog\/wp-content\/uploads\/2024\/01\/CARTEL-ABN-MATEMATICAS-ENERO-2024.png?fit=1080%2C1080&ssl=1&resize=350%2C200 1x, https:\/\/i0.wp.com\/cepronda.com\/blog\/wp-content\/uploads\/2024\/01\/CARTEL-ABN-MATEMATICAS-ENERO-2024.png?fit=1080%2C1080&ssl=1&resize=525%2C300 1.5x, https:\/\/i0.wp.com\/cepronda.com\/blog\/wp-content\/uploads\/2024\/01\/CARTEL-ABN-MATEMATICAS-ENERO-2024.png?fit=1080%2C1080&ssl=1&resize=700%2C400 2x, https:\/\/i0.wp.com\/cepronda.com\/blog\/wp-content\/uploads\/2024\/01\/CARTEL-ABN-MATEMATICAS-ENERO-2024.png?fit=1080%2C1080&ssl=1&resize=1050%2C600 3x"},"classes":[]}],"jetpack_sharing_enabled":true,"_links":{"self":[{"href":"https:\/\/cepronda.com\/blog\/wp-json\/wp\/v2\/posts\/4981","targetHints":{"allow":["GET"]}}],"collection":[{"href":"https:\/\/cepronda.com\/blog\/wp-json\/wp\/v2\/posts"}],"about":[{"href":"https:\/\/cepronda.com\/blog\/wp-json\/wp\/v2\/types\/post"}],"author":[{"embeddable":true,"href":"https:\/\/cepronda.com\/blog\/wp-json\/wp\/v2\/users\/9"}],"replies":[{"embeddable":true,"href":"https:\/\/cepronda.com\/blog\/wp-json\/wp\/v2\/comments?post=4981"}],"version-history":[{"count":2,"href":"https:\/\/cepronda.com\/blog\/wp-json\/wp\/v2\/posts\/4981\/revisions"}],"predecessor-version":[{"id":4995,"href":"https:\/\/cepronda.com\/blog\/wp-json\/wp\/v2\/posts\/4981\/revisions\/4995"}],"wp:featuredmedia":[{"embeddable":true,"href":"https:\/\/cepronda.com\/blog\/wp-json\/wp\/v2\/media\/4992"}],"wp:attachment":[{"href":"https:\/\/cepronda.com\/blog\/wp-json\/wp\/v2\/media?parent=4981"}],"wp:term":[{"taxonomy":"category","embeddable":true,"href":"https:\/\/cepronda.com\/blog\/wp-json\/wp\/v2\/categories?post=4981"},{"taxonomy":"post_tag","embeddable":true,"href":"https:\/\/cepronda.com\/blog\/wp-json\/wp\/v2\/tags?post=4981"}],"curies":[{"name":"wp","href":"https:\/\/api.w.org\/{rel}","templated":true}]}}