{"id":4943,"date":"2022-01-11T11:25:33","date_gmt":"2022-01-11T10:25:33","guid":{"rendered":"http:\/\/cepronda.com\/blog\/?p=4943"},"modified":"2025-04-28T11:57:36","modified_gmt":"2025-04-28T09:57:36","slug":"proyectos-de-investigacion-innovacion-y-materiales","status":"publish","type":"post","link":"https:\/\/cepronda.com\/blog\/proyectos-de-investigacion-innovacion-y-materiales\/","title":{"rendered":"PROYECTOS DE INVESTIGACI\u00d3N, INNOVACI\u00d3N Y MATERIALES"},"content":{"rendered":"<p>Buenos d\u00edas compa\u00f1eras y compa\u00f1eros<\/p>\n<p>Os informamos que est\u00e1 abierto el plazo para solicitar <strong>proyectos de investigaci\u00f3n educativa, innovaci\u00f3n educativa y desarrollo curricular y elaboraci\u00f3n de materiales<\/strong>, tal y como establece la&nbsp;<a href=\"https:\/\/juntadeandalucia.es\/boja\/2009\/21\/d1.pdf\" target=\"_blank\" rel=\"noopener\">Orden de 14 de enero de 2009<\/a>.<\/p>\n<p>Las solicitudes recibidas se bareman de acuerdo a los criterios indicados en la orden. Los proyectos aprobados pueden recibir, en parte o en su totalidad, la financiaci\u00f3n que hayan solicitado para poder llevar a cabo el proyecto.<\/p>\n<p>Los proyectos, que tienen una duraci\u00f3n de uno o dos a\u00f1os, se inician en el curso siguiente a su aprobaci\u00f3n.<\/p>\n<p>Para m\u00e1s informaci\u00f3n pod\u00e9is contactar en el siguiente <a href=\"https:\/\/portals.ced.junta-andalucia.es\/educacion\/portals\/web\/ced\/innovacion-educativa\/investigacion\/proyectos\">enlace<\/a> o contactar en :<\/p>\n<p>&nbsp;<\/p>\n<p><strong>Servicio de Innovaci\u00f3n Educativa<\/strong><\/p>\n<p>Email:&nbsp;<a href=\"mailto:innovacion.ced@juntadeandalucia.es\">innovacion.ced@juntadeandalucia.es<\/a><\/p>\n<p>Tel\u00e9fonos: 955 06 40 71 \/ 955 04 32 91<\/p>\n<p>&nbsp;<\/p>\n<p>Deseamos que sea de vuestro inter\u00e9s.<\/p>\n<p>Un saludo<\/p>\n<p><img data-recalc-dims=\"1\" loading=\"lazy\" decoding=\"async\" class=\"size-medium wp-image-3495 aligncenter\" src=\"https:\/\/i0.wp.com\/cepronda.com\/blog\/wp-content\/uploads\/2020\/03\/S%C2%B0mbolo-gen%C3%87rico-RRSS-redondo-negativo-300x300.png?resize=300%2C300\" alt=\"\" width=\"300\" height=\"300\" srcset=\"https:\/\/i0.wp.com\/cepronda.com\/blog\/wp-content\/uploads\/2020\/03\/S%C2%B0mbolo-gen%C3%87rico-RRSS-redondo-negativo.png?resize=300%2C300&amp;ssl=1 300w, https:\/\/i0.wp.com\/cepronda.com\/blog\/wp-content\/uploads\/2020\/03\/S%C2%B0mbolo-gen%C3%87rico-RRSS-redondo-negativo.png?resize=1024%2C1024&amp;ssl=1 1024w, https:\/\/i0.wp.com\/cepronda.com\/blog\/wp-content\/uploads\/2020\/03\/S%C2%B0mbolo-gen%C3%87rico-RRSS-redondo-negativo.png?resize=150%2C150&amp;ssl=1 150w, https:\/\/i0.wp.com\/cepronda.com\/blog\/wp-content\/uploads\/2020\/03\/S%C2%B0mbolo-gen%C3%87rico-RRSS-redondo-negativo.png?resize=768%2C768&amp;ssl=1 768w, https:\/\/i0.wp.com\/cepronda.com\/blog\/wp-content\/uploads\/2020\/03\/S%C2%B0mbolo-gen%C3%87rico-RRSS-redondo-negativo.png?resize=50%2C50&amp;ssl=1 50w, https:\/\/i0.wp.com\/cepronda.com\/blog\/wp-content\/uploads\/2020\/03\/S%C2%B0mbolo-gen%C3%87rico-RRSS-redondo-negativo.png?w=1500&amp;ssl=1 1500w\" sizes=\"auto, (max-width: 300px) 100vw, 300px\" \/><\/p>\n","protected":false},"excerpt":{"rendered":"<p>Buenos d\u00edas compa\u00f1eras y compa\u00f1eros Os informamos que est\u00e1 abierto el plazo para solicitar proyectos de investigaci\u00f3n educativa, innovaci\u00f3n educativa y desarrollo curricular y elaboraci\u00f3n de materiales, tal y como establece la&nbsp;Orden de 14 de enero de 2009. Las solicitudes recibidas se bareman de acuerdo a los criterios indicados en la orden. Los proyectos aprobados [&hellip;]<\/p>\n","protected":false},"author":10,"featured_media":3495,"comment_status":"closed","ping_status":"open","sticky":false,"template":"","format":"standard","meta":{"_crdt_document":"","advanced_seo_description":"","jetpack_seo_html_title":"","jetpack_seo_noindex":false,"jetpack_post_was_ever_published":false,"_jetpack_newsletter_access":"","_jetpack_dont_email_post_to_subs":false,"_jetpack_newsletter_tier_id":0,"_jetpack_memberships_contains_paywalled_content":false,"_jetpack_memberships_contains_paid_content":false,"footnotes":"","jetpack_publicize_message":"","jetpack_publicize_feature_enabled":true,"jetpack_social_post_already_shared":false,"jetpack_social_options":{"image_generator_settings":{"template":"highway","default_image_id":0,"font":"","enabled":false},"version":2}},"categories":[3,5],"tags":[272,39,42],"class_list":{"0":"post-4943","1":"post","2":"type-post","3":"status-publish","4":"format-standard","5":"has-post-thumbnail","7":"category-formaciones","8":"category-noticias","9":"tag-elaboracion-de-materiales","10":"tag-innovacion-educativa","11":"tag-investigacion","12":"czr-hentry"},"jetpack_publicize_connections":[],"jetpack_featured_media_url":"https:\/\/i0.wp.com\/cepronda.com\/blog\/wp-content\/uploads\/2020\/03\/S%C2%B0mbolo-gen%C3%87rico-RRSS-redondo-negativo.png?fit=1500%2C1500&ssl=1","jetpack_shortlink":"https:\/\/wp.me\/p8M4X7-1hJ","jetpack-related-posts":[{"id":3283,"url":"https:\/\/cepronda.com\/blog\/convocatoria-de-medidas-de-apoyo-aprobacion-y-reconocimiento-al-profesorado-para-la-realizacion-de-proyectos-de-investigacion-e-innovacion-educativa-y-de-elaboracion-de-materiales-para-el-curso-acad\/","url_meta":{"origin":4943,"position":0},"title":"Convocatoria de medidas de apoyo, aprobaci\u00f3n y reconocimiento al profesorado para la realizaci\u00f3n de proyectos de investigaci\u00f3n, e innovaci\u00f3n educativa y de elaboraci\u00f3n de materiales para el curso acad\u00e9mico 2020\/2021","author":"V\u00edctor Caballero","date":"7 enero, 2020","format":false,"excerpt":"Compartimos con todas aquellas personas interesadas esta convocatoria. Para acceder a toda la informaci\u00f3n s\u00f3lo ten\u00e9is que seguir este enlace.","rel":"","context":"En \u00abFormaciones\u00bb","block_context":{"text":"Formaciones","link":"https:\/\/cepronda.com\/blog\/category\/formaciones\/"},"img":{"alt_text":"","src":"https:\/\/i0.wp.com\/cepronda.com\/blog\/wp-content\/uploads\/2019\/05\/logo-nuevo.jpg?fit=531%2C342&ssl=1&resize=350%2C200","width":350,"height":200,"srcset":"https:\/\/i0.wp.com\/cepronda.com\/blog\/wp-content\/uploads\/2019\/05\/logo-nuevo.jpg?fit=531%2C342&ssl=1&resize=350%2C200 1x, https:\/\/i0.wp.com\/cepronda.com\/blog\/wp-content\/uploads\/2019\/05\/logo-nuevo.jpg?fit=531%2C342&ssl=1&resize=525%2C300 1.5x"},"classes":[]},{"id":1616,"url":"https:\/\/cepronda.com\/blog\/informacion-sobre-los-proyectos-de-investigacion-e-innovacion-educativa\/","url_meta":{"origin":4943,"position":1},"title":"Informaci\u00f3n sobre los proyectos de investigaci\u00f3n e innovaci\u00f3n educativa","author":"V\u00edctor Caballero","date":"20 febrero, 2018","format":false,"excerpt":"Muy buenas de nuevo,\u00a0 Se recuerda a todo el profesorado que desee participar en la convocatoria 2018 de medidas de apoyo, aprobaci\u00f3n y reconocimiento al profesorado para la realizaci\u00f3n de proyectos de investigaci\u00f3n e innovaci\u00f3n educativa y de elaboraci\u00f3n de materiales curriculares (Orden de 14 de enero de 2009, BOJA\u2026","rel":"","context":"En \u00abNoticias\u00bb","block_context":{"text":"Noticias","link":"https:\/\/cepronda.com\/blog\/category\/noticias\/"},"img":{"alt_text":"","src":"https:\/\/i0.wp.com\/cepronda.com\/blog\/wp-content\/uploads\/2018\/02\/thought-2123970_640.jpg?fit=640%2C444&ssl=1&resize=350%2C200","width":350,"height":200,"srcset":"https:\/\/i0.wp.com\/cepronda.com\/blog\/wp-content\/uploads\/2018\/02\/thought-2123970_640.jpg?fit=640%2C444&ssl=1&resize=350%2C200 1x, https:\/\/i0.wp.com\/cepronda.com\/blog\/wp-content\/uploads\/2018\/02\/thought-2123970_640.jpg?fit=640%2C444&ssl=1&resize=525%2C300 1.5x"},"classes":[]},{"id":7976,"url":"https:\/\/cepronda.com\/blog\/guia-y-tutorizacion-para-la-participacion-en-la-convocatoria-de-proyectos-de-investigacion-innovacion-y-elaboracion-de-materiales\/","url_meta":{"origin":4943,"position":2},"title":"GU\u00cdA Y TUTORIZACI\u00d3N PARA LA PARTICIPACI\u00d3N EN LA CONVOCATORIA DE PROYECTOS DE INVESTIGACI\u00d3N, INNOVACI\u00d3N Y ELABORACI\u00d3N DE MATERIALES","author":"Inmaculada Garc\u00eda","date":"20 diciembre, 2024","format":false,"excerpt":"\u00a0\u00a0Abierta inscripci\u00f3n de la Actividad Formativa regional: \"GU\u00cdA Y TUTORIZACI\u00d3N PARA LA PARTICIPACI\u00d3N EN LA CONVOCATORIA DE PROYECTOS DE INVESTIGACI\u00d3N, INNOVACI\u00d3N Y ELABORACI\u00d3N DE MATERIALES\" (259915KPF370). \u00a0Inscripciones: hasta el 8 de enero. \u00a0Enlace a la inscripci\u00f3n:\u00a0https:\/\/www.juntadeandalucia.es\/educacion\/secretariavirtual\/consultaCEP\/actividad\/259915KPF370\/\u00a0 \u00a0El curso est\u00e1 dirigido a hacer un acompa\u00f1amiento al profesorado de cara a la\u2026","rel":"","context":"En \u00abFormaciones\u00bb","block_context":{"text":"Formaciones","link":"https:\/\/cepronda.com\/blog\/category\/formaciones\/"},"img":{"alt_text":"","src":"","width":0,"height":0},"classes":[]},{"id":667,"url":"https:\/\/cepronda.com\/blog\/informacion-sobre-la-convocatoria-de-proyectos-de-investigacion-e-innovacion-educativa\/","url_meta":{"origin":4943,"position":3},"title":"Informaci\u00f3n sobre la convocatoria de Proyectos de investigaci\u00f3n e innovaci\u00f3n educativa","author":"V\u00edctor Caballero","date":"8 febrero, 2017","format":false,"excerpt":"Muy buenas, Os comunicamos que ha salido publicada la convocatoria sobre Proyectos de innovaci\u00f3n e investigaci\u00f3n educativa, y elaboraci\u00f3n de materiales curriculares. Si quer\u00e9is tener m\u00e1s informaci\u00f3n sobre esta convocatoria, haced clic en la imagen y llegar\u00e9is a la web donde encontrar toda la informaci\u00f3n necesaria para participar en esta\u2026","rel":"","context":"En \u00abNoticias\u00bb","block_context":{"text":"Noticias","link":"https:\/\/cepronda.com\/blog\/category\/noticias\/"},"img":{"alt_text":"","src":"https:\/\/i0.wp.com\/cepronda.com\/blog\/wp-content\/uploads\/2017\/02\/image_gallery-e1486571384802.jpg?resize=350%2C200","width":350,"height":200},"classes":[]},{"id":2572,"url":"https:\/\/cepronda.com\/blog\/abierto-el-plazo-de-solicitud-de-apoyo-aprobacion-y-reconocimiento-al-profesorado-para-la-realizacion-de-proyectos-de-investigacion-e-innovacion-educativa-y-elaboracion-de-materiales-curriculares-2\/","url_meta":{"origin":4943,"position":4},"title":"Abierto el plazo de solicitud de apoyo, aprobaci\u00f3n y reconocimiento al profesorado para la realizaci\u00f3n de proyectos de investigaci\u00f3n e innovaci\u00f3n educativa y elaboraci\u00f3n de materiales curriculares.","author":"V\u00edctor Caballero","date":"11 enero, 2019","format":false,"excerpt":"Muy buenas familia, queremos animaros a participar en esta convocatoria de proyectos de investigaci\u00f3n e innovaci\u00f3n educativa y elaboraci\u00f3n de materiales curriculares. Para ello os copiamos la informaci\u00f3n aparecida en Averroes, junto con los enlaces correspondientes. La Consejer\u00eda de Educaci\u00f3n de la Junta de Andaluc\u00eda ha puesto en marcha una\u2026","rel":"","context":"En \u00abFormaciones\u00bb","block_context":{"text":"Formaciones","link":"https:\/\/cepronda.com\/blog\/category\/formaciones\/"},"img":{"alt_text":"","src":"https:\/\/i0.wp.com\/cepronda.com\/blog\/wp-content\/uploads\/2019\/01\/averroes.jpg?resize=350%2C200","width":350,"height":200},"classes":[]},{"id":591,"url":"https:\/\/cepronda.com\/blog\/abierto-el-plazo-de-solicitud-de-apoyo-aprobacion-y-reconocimiento-al-profesorado-para-la-realizacion-de-proyectos-de-investigacion-e-innovacion-educativa-y-elaboracion-de-materiales-curriculares\/","url_meta":{"origin":4943,"position":5},"title":"Abierto el plazo de solicitud de apoyo, aprobaci\u00f3n y reconocimiento al profesorado para la realizaci\u00f3n de proyectos de investigaci\u00f3n e innovaci\u00f3n educativa y elaboraci\u00f3n de materiales curriculares","author":"V\u00edctor Caballero","date":"10 enero, 2017","format":false,"excerpt":"\u00a1Muy buenas! Hoy quer\u00eda compartir con todo el profesorado esta convocatoria de la Junta de Andaluc\u00eda para el desarrollo de proyectos de investigaci\u00f3n e innovaci\u00f3n educativa. Muchas veces como docentes pecamos de no hacer valer nuestro trabajo, y hacemos grandes cosas en nuestras aulas, y tenemos que hacerlas visibles. Una\u2026","rel":"","context":"En \u00abNoticias\u00bb","block_context":{"text":"Noticias","link":"https:\/\/cepronda.com\/blog\/category\/noticias\/"},"img":{"alt_text":"","src":"","width":0,"height":0},"classes":[]}],"jetpack_sharing_enabled":true,"_links":{"self":[{"href":"https:\/\/cepronda.com\/blog\/wp-json\/wp\/v2\/posts\/4943","targetHints":{"allow":["GET"]}}],"collection":[{"href":"https:\/\/cepronda.com\/blog\/wp-json\/wp\/v2\/posts"}],"about":[{"href":"https:\/\/cepronda.com\/blog\/wp-json\/wp\/v2\/types\/post"}],"author":[{"embeddable":true,"href":"https:\/\/cepronda.com\/blog\/wp-json\/wp\/v2\/users\/10"}],"replies":[{"embeddable":true,"href":"https:\/\/cepronda.com\/blog\/wp-json\/wp\/v2\/comments?post=4943"}],"version-history":[{"count":1,"href":"https:\/\/cepronda.com\/blog\/wp-json\/wp\/v2\/posts\/4943\/revisions"}],"predecessor-version":[{"id":4944,"href":"https:\/\/cepronda.com\/blog\/wp-json\/wp\/v2\/posts\/4943\/revisions\/4944"}],"wp:featuredmedia":[{"embeddable":true,"href":"https:\/\/cepronda.com\/blog\/wp-json\/wp\/v2\/media\/3495"}],"wp:attachment":[{"href":"https:\/\/cepronda.com\/blog\/wp-json\/wp\/v2\/media?parent=4943"}],"wp:term":[{"taxonomy":"category","embeddable":true,"href":"https:\/\/cepronda.com\/blog\/wp-json\/wp\/v2\/categories?post=4943"},{"taxonomy":"post_tag","embeddable":true,"href":"https:\/\/cepronda.com\/blog\/wp-json\/wp\/v2\/tags?post=4943"}],"curies":[{"name":"wp","href":"https:\/\/api.w.org\/{rel}","templated":true}]}}