{"id":4935,"date":"2022-01-10T19:55:50","date_gmt":"2022-01-10T18:55:50","guid":{"rendered":"http:\/\/cepronda.com\/blog\/?p=4935"},"modified":"2025-04-28T11:58:04","modified_gmt":"2025-04-28T09:58:04","slug":"danzas-urbanas-aplicadas-al-area-de-educacion-fisica-ii","status":"publish","type":"post","link":"https:\/\/cepronda.com\/blog\/danzas-urbanas-aplicadas-al-area-de-educacion-fisica-ii\/","title":{"rendered":"DANZAS URBANAS APLICADAS AL \u00c1REA DE EDUCACI\u00d3N F\u00cdSICA II"},"content":{"rendered":"<p>Buenas tardes compa\u00f1eros y compa\u00f1eras.<br \/>\nOs informamos de la apertura de solicitudes para un curso muy interesante sobre:<br \/>\n<strong>DANZAS URBANAS APLICADAS AL \u00c1REA DE EDUCACI\u00d3N F\u00cdSICA II (222924GE052)<\/strong><\/p>\n<p>Curso de <strong>10 h totales (destinado a profesorado de Educaci\u00f3n f\u00edsica y m\u00fasica)<\/strong><\/p>\n<p>4 sesiones de 2,5 horas presenciales y eminentemente pr\u00e1cticas.<\/p>\n<p><strong>SESIONES:<\/strong><\/p>\n<p>X19\/01\/2021 (17:00 a 19:30h)<\/p>\n<p>X26\/01\/2021 (17:00 a 19:30h)<\/p>\n<p>X02\/02\/2021 (17:00 a 19:30h)<\/p>\n<p>X09\/02\/2021 (17:00 a 19:30h)<\/p>\n<p>&nbsp;<\/p>\n<p><strong>\u00a1\u00a1\u00a1Inscripciones hasta el 16 de enero de 2022!!!<\/strong><\/p>\n<p>Para m\u00e1s detalle e inscripci\u00f3n pincha en el siguiente <strong><a href=\"https:\/\/www.juntadeandalucia.es\/educacion\/secretariavirtual\/consultaCEP\/actividad\/222924GE052\/\">enlace<\/a><\/strong><\/p>\n<p>&nbsp;<\/p>\n<p>Deseamos que sea de vuestro inter\u00e9s.<\/p>\n<p>Saludos.<\/p>\n<p>&nbsp;<\/p>\n<p><img data-recalc-dims=\"1\" loading=\"lazy\" decoding=\"async\" class=\"aligncenter wp-image-4934 size-large\" src=\"https:\/\/i0.wp.com\/cepronda.com\/blog\/wp-content\/uploads\/2022\/01\/Cartel-Danza-urbana-II-222924GE052--724x1024.png?resize=724%2C1024\" alt=\"\" width=\"724\" height=\"1024\" srcset=\"https:\/\/i0.wp.com\/cepronda.com\/blog\/wp-content\/uploads\/2022\/01\/Cartel-Danza-urbana-II-222924GE052-.png?resize=724%2C1024&amp;ssl=1 724w, https:\/\/i0.wp.com\/cepronda.com\/blog\/wp-content\/uploads\/2022\/01\/Cartel-Danza-urbana-II-222924GE052-.png?resize=212%2C300&amp;ssl=1 212w, https:\/\/i0.wp.com\/cepronda.com\/blog\/wp-content\/uploads\/2022\/01\/Cartel-Danza-urbana-II-222924GE052-.png?resize=768%2C1086&amp;ssl=1 768w, https:\/\/i0.wp.com\/cepronda.com\/blog\/wp-content\/uploads\/2022\/01\/Cartel-Danza-urbana-II-222924GE052-.png?resize=1086%2C1536&amp;ssl=1 1086w, https:\/\/i0.wp.com\/cepronda.com\/blog\/wp-content\/uploads\/2022\/01\/Cartel-Danza-urbana-II-222924GE052-.png?resize=1448%2C2048&amp;ssl=1 1448w, https:\/\/i0.wp.com\/cepronda.com\/blog\/wp-content\/uploads\/2022\/01\/Cartel-Danza-urbana-II-222924GE052-.png?w=1587&amp;ssl=1 1587w\" sizes=\"auto, (max-width: 724px) 100vw, 724px\" \/><\/p>\n","protected":false},"excerpt":{"rendered":"<p>Buenas tardes compa\u00f1eros y compa\u00f1eras. Os informamos de la apertura de solicitudes para un curso muy interesante sobre: DANZAS URBANAS APLICADAS AL \u00c1REA DE EDUCACI\u00d3N F\u00cdSICA II (222924GE052) Curso de 10 h totales (destinado a profesorado de Educaci\u00f3n f\u00edsica y m\u00fasica) 4 sesiones de 2,5 horas presenciales y eminentemente pr\u00e1cticas. SESIONES: X19\/01\/2021 (17:00 a 19:30h) [&hellip;]<\/p>\n","protected":false},"author":3,"featured_media":4934,"comment_status":"closed","ping_status":"open","sticky":false,"template":"","format":"standard","meta":{"_crdt_document":"","advanced_seo_description":"","jetpack_seo_html_title":"","jetpack_seo_noindex":false,"jetpack_post_was_ever_published":false,"_jetpack_newsletter_access":"","_jetpack_dont_email_post_to_subs":false,"_jetpack_newsletter_tier_id":0,"_jetpack_memberships_contains_paywalled_content":false,"_jetpack_memberships_contains_paid_content":false,"footnotes":"","jetpack_publicize_message":"","jetpack_publicize_feature_enabled":true,"jetpack_social_post_already_shared":false,"jetpack_social_options":{"image_generator_settings":{"template":"highway","default_image_id":0,"font":"","enabled":false},"version":2}},"categories":[3,5],"tags":[259,216],"class_list":{"0":"post-4935","1":"post","2":"type-post","3":"status-publish","4":"format-standard","5":"has-post-thumbnail","7":"category-formaciones","8":"category-noticias","9":"tag-ambito-linguistico","10":"tag-podcast","11":"czr-hentry"},"jetpack_publicize_connections":[],"jetpack_featured_media_url":"https:\/\/i0.wp.com\/cepronda.com\/blog\/wp-content\/uploads\/2022\/01\/Cartel-Danza-urbana-II-222924GE052-.png?fit=1587%2C2245&ssl=1","jetpack_shortlink":"https:\/\/wp.me\/p8M4X7-1hB","jetpack-related-posts":[{"id":4128,"url":"https:\/\/cepronda.com\/blog\/danzas-urbanas-en-las-aulas-de-educacion-fisica\/","url_meta":{"origin":4935,"position":0},"title":"DANZAS URBANAS EN LAS AULAS DE EDUCACI\u00d3N F\u00cdSICA","author":"V\u00edctor Caballero","date":"22 enero, 2021","format":false,"excerpt":"Muy buenas, compa\u00f1eros y compa\u00f1eras. Se abre el plazo para participar en la actividad formativa dirigida especialmente para docentes de Educaci\u00f3n F\u00edsica:\u00a0 \" DANZAS URBANAS EN LAS AULAS DE EDUCACI\u00d3N F\u00cdSICA\", con Raquel\u00a0 Montiel como ponente. Esperamos que sea de vuestro inter\u00e9s. Un saludo. Fecha actividad:\u00a009\/02\/2021 hasta 16\/02\/2021 Fecha inscripci\u00f3n:\u00a022\/01\/2021\u2026","rel":"","context":"En \u00abFormaciones\u00bb","block_context":{"text":"Formaciones","link":"https:\/\/cepronda.com\/blog\/category\/formaciones\/"},"img":{"alt_text":"","src":"https:\/\/i0.wp.com\/cepronda.com\/blog\/wp-content\/uploads\/2021\/01\/Danza-urbana.jpg?fit=848%2C1200&ssl=1&resize=350%2C200","width":350,"height":200,"srcset":"https:\/\/i0.wp.com\/cepronda.com\/blog\/wp-content\/uploads\/2021\/01\/Danza-urbana.jpg?fit=848%2C1200&ssl=1&resize=350%2C200 1x, https:\/\/i0.wp.com\/cepronda.com\/blog\/wp-content\/uploads\/2021\/01\/Danza-urbana.jpg?fit=848%2C1200&ssl=1&resize=525%2C300 1.5x, https:\/\/i0.wp.com\/cepronda.com\/blog\/wp-content\/uploads\/2021\/01\/Danza-urbana.jpg?fit=848%2C1200&ssl=1&resize=700%2C400 2x"},"classes":[]},{"id":8063,"url":"https:\/\/cepronda.com\/blog\/8063-2\/","url_meta":{"origin":4935,"position":1},"title":"ACTUALIZACI\u00d3N Y APLICACI\u00d3N EN EL AULA DE LA NUEVA GRAM\u00c1TICA DE LA LENGUA","author":"Maribel Mu\u00f1oz","date":"21 enero, 2025","format":false,"excerpt":"Desde hoy, martes 21 de enero y hasta el d\u00eda 20 febrero, estar\u00e1 abierto el plazo de solicitudes para la actividad ACTUALIZACI\u00d3N Y APLICACI\u00d3N EN EL AULA DE LA NUEVA GRAM\u00c1TICA DE LA LENGUA ESPA\u00d1OLA , c\u00f3digo 252924GE151. \u00a0 INSCRIPCIONES: del 21 de enero al 20 de febrero de 2025,\u2026","rel":"","context":"En \u00abFormaciones\u00bb","block_context":{"text":"Formaciones","link":"https:\/\/cepronda.com\/blog\/category\/formaciones\/"},"img":{"alt_text":"","src":"https:\/\/i0.wp.com\/cepronda.com\/blog\/wp-content\/uploads\/2025\/01\/Nueva-Gramatica-252924GE151.jpg?fit=1080%2C1080&ssl=1&resize=350%2C200","width":350,"height":200,"srcset":"https:\/\/i0.wp.com\/cepronda.com\/blog\/wp-content\/uploads\/2025\/01\/Nueva-Gramatica-252924GE151.jpg?fit=1080%2C1080&ssl=1&resize=350%2C200 1x, https:\/\/i0.wp.com\/cepronda.com\/blog\/wp-content\/uploads\/2025\/01\/Nueva-Gramatica-252924GE151.jpg?fit=1080%2C1080&ssl=1&resize=525%2C300 1.5x, https:\/\/i0.wp.com\/cepronda.com\/blog\/wp-content\/uploads\/2025\/01\/Nueva-Gramatica-252924GE151.jpg?fit=1080%2C1080&ssl=1&resize=700%2C400 2x, https:\/\/i0.wp.com\/cepronda.com\/blog\/wp-content\/uploads\/2025\/01\/Nueva-Gramatica-252924GE151.jpg?fit=1080%2C1080&ssl=1&resize=1050%2C600 3x"},"classes":[]},{"id":8154,"url":"https:\/\/cepronda.com\/blog\/comprension-lectora-ortografia-y-escritura-estrategias-claves-para-potenciar-la-competencia-linguistica\/","url_meta":{"origin":4935,"position":2},"title":"COMPRENSI\u00d3N LECTORA, ORTOGRAF\u00cdA Y ESCRITURA: ESTRATEGIAS CLAVES PARA POTENCIAR LA COMPETENCIA LING\u00dc\u00cdSTICA","author":"Maribel Mu\u00f1oz","date":"7 febrero, 2025","format":false,"excerpt":"Desde hoy, viernes 7 de febrero y hasta el d\u00eda 21 marzo, estar\u00e1 abierto el plazo de solicitudes para la actividad COMPRENSI\u00d3N LECTORA, ORTOGRAF\u00cdA Y ESCRITURA: ESTRATEGIAS CLAVES PARA POTENCIAR LA COMPETENCIA LING\u00dc\u00cdSTICA , c\u00f3digo 252924GE025. \u00a0 INSCRIPCIONES: del 7 de febrero al 21 de marzo de 2025, ambos inclusive\u2026","rel":"","context":"En \u00abFormaciones\u00bb","block_context":{"text":"Formaciones","link":"https:\/\/cepronda.com\/blog\/category\/formaciones\/"},"img":{"alt_text":"","src":"https:\/\/i0.wp.com\/cepronda.com\/blog\/wp-content\/uploads\/2025\/02\/COMPRENSION-LECTORA-ORTOGRAFIA-Y-ESCRITURA-2.jpg?fit=1080%2C1080&ssl=1&resize=350%2C200","width":350,"height":200,"srcset":"https:\/\/i0.wp.com\/cepronda.com\/blog\/wp-content\/uploads\/2025\/02\/COMPRENSION-LECTORA-ORTOGRAFIA-Y-ESCRITURA-2.jpg?fit=1080%2C1080&ssl=1&resize=350%2C200 1x, https:\/\/i0.wp.com\/cepronda.com\/blog\/wp-content\/uploads\/2025\/02\/COMPRENSION-LECTORA-ORTOGRAFIA-Y-ESCRITURA-2.jpg?fit=1080%2C1080&ssl=1&resize=525%2C300 1.5x, https:\/\/i0.wp.com\/cepronda.com\/blog\/wp-content\/uploads\/2025\/02\/COMPRENSION-LECTORA-ORTOGRAFIA-Y-ESCRITURA-2.jpg?fit=1080%2C1080&ssl=1&resize=700%2C400 2x, https:\/\/i0.wp.com\/cepronda.com\/blog\/wp-content\/uploads\/2025\/02\/COMPRENSION-LECTORA-ORTOGRAFIA-Y-ESCRITURA-2.jpg?fit=1080%2C1080&ssl=1&resize=1050%2C600 3x"},"classes":[]},{"id":7500,"url":"https:\/\/cepronda.com\/blog\/nuevas-tendencias-en-clases-de-educacion-fisica-salud-corporal\/","url_meta":{"origin":4935,"position":3},"title":"NUEVAS TENDENCIAS EN CLASES DE EDUCACI\u00d3N F\u00cdSICA. SALUD CORPORAL","author":"V\u00edctor Caballero","date":"6 marzo, 2024","format":false,"excerpt":"Se encuentra abierto el plazo de inscripci\u00f3n para la formaci\u00f3n \u201cNUEVAS TENDENCIAS EN CLASES DE EDUCACI\u00d3N F\u00cdSICA. SALUD CORPORAL.\" C\u00d3DIGO 242924GE052. Duraci\u00f3n de la actividad 15 horas presenciales. Fecha actividad: X3 y X10 abril (17 a 19:30h): Pickleball (Antonio Casquero) X17 y X24 abril (17 a 19:30h): Tchoukball (Roc\u00edo Carro\u2026","rel":"","context":"En \u00abFormaciones\u00bb","block_context":{"text":"Formaciones","link":"https:\/\/cepronda.com\/blog\/category\/formaciones\/"},"img":{"alt_text":"","src":"https:\/\/i0.wp.com\/cepronda.com\/blog\/wp-content\/uploads\/2024\/03\/242924GE052-CARTEL-Nuevas-tendencias-EF.png?fit=1080%2C1080&ssl=1&resize=350%2C200","width":350,"height":200,"srcset":"https:\/\/i0.wp.com\/cepronda.com\/blog\/wp-content\/uploads\/2024\/03\/242924GE052-CARTEL-Nuevas-tendencias-EF.png?fit=1080%2C1080&ssl=1&resize=350%2C200 1x, https:\/\/i0.wp.com\/cepronda.com\/blog\/wp-content\/uploads\/2024\/03\/242924GE052-CARTEL-Nuevas-tendencias-EF.png?fit=1080%2C1080&ssl=1&resize=525%2C300 1.5x, https:\/\/i0.wp.com\/cepronda.com\/blog\/wp-content\/uploads\/2024\/03\/242924GE052-CARTEL-Nuevas-tendencias-EF.png?fit=1080%2C1080&ssl=1&resize=700%2C400 2x, https:\/\/i0.wp.com\/cepronda.com\/blog\/wp-content\/uploads\/2024\/03\/242924GE052-CARTEL-Nuevas-tendencias-EF.png?fit=1080%2C1080&ssl=1&resize=1050%2C600 3x"},"classes":[]},{"id":4860,"url":"https:\/\/cepronda.com\/blog\/yoga-aplicado-en-el-aula\/","url_meta":{"origin":4935,"position":4},"title":"YOGA APLICADO EN EL AULA","author":"V\u00edctor Caballero","date":"4 noviembre, 2021","format":false,"excerpt":"Buenas tardes compa\u00f1eras y compa\u00f1eros, Os informamos que est\u00e1 abierto el plazo de inscripci\u00f3n en la actividad \u00a0\"YOGA APLICADO EN EL AULA\" con c\u00f3digo 222924GE006. Es una actividad destinada s\u00f3lo al profesorado centros p\u00fablicos de la zona CEP de Ronda. Las fechas de la formaci\u00f3n son las siguientes: Inscripciones: del\u2026","rel":"","context":"En \u00abFormaciones\u00bb","block_context":{"text":"Formaciones","link":"https:\/\/cepronda.com\/blog\/category\/formaciones\/"},"img":{"alt_text":"","src":"https:\/\/i0.wp.com\/cepronda.com\/blog\/wp-content\/uploads\/2021\/11\/Captura-de-pantalla-2021-11-04-a-las-12.50.00.png?fit=640%2C907&ssl=1&resize=350%2C200","width":350,"height":200,"srcset":"https:\/\/i0.wp.com\/cepronda.com\/blog\/wp-content\/uploads\/2021\/11\/Captura-de-pantalla-2021-11-04-a-las-12.50.00.png?fit=640%2C907&ssl=1&resize=350%2C200 1x, https:\/\/i0.wp.com\/cepronda.com\/blog\/wp-content\/uploads\/2021\/11\/Captura-de-pantalla-2021-11-04-a-las-12.50.00.png?fit=640%2C907&ssl=1&resize=525%2C300 1.5x"},"classes":[]},{"id":4937,"url":"https:\/\/cepronda.com\/blog\/abn-en-infantil-y-educacion-especial-desarrollo-de-la-competencia-matematica\/","url_meta":{"origin":4935,"position":5},"title":"ABN EN INFANTIL Y EDUCACI\u00d3N ESPECIAL: DESARROLLO DE LA COMPETENCIA MATEM\u00c1TICA","author":"V\u00edctor Caballero","date":"10 enero, 2022","format":false,"excerpt":"Buenas tardes compa\u00f1eros y compa\u00f1eras. Os informamos de la apertura de solicitudes para un curso muy interesante sobre: ABN EN INFANTIL Y EDUCACI\u00d3N ESPECIAL: DESARROLLO DE LA COMPETENCIA MATEM\u00c1TICA (222924GE045) Curso de 13 h totales 4 sesiones de 2,5 horas presenciales (2 de ellas por videoconferencias) Y 3 horas no\u2026","rel":"","context":"En \u00abFormaciones\u00bb","block_context":{"text":"Formaciones","link":"https:\/\/cepronda.com\/blog\/category\/formaciones\/"},"img":{"alt_text":"","src":"https:\/\/i0.wp.com\/cepronda.com\/blog\/wp-content\/uploads\/2022\/01\/20220208-Cartel-222924GE045-ABN-Infantil-y-EE.png?fit=848%2C1200&ssl=1&resize=350%2C200","width":350,"height":200,"srcset":"https:\/\/i0.wp.com\/cepronda.com\/blog\/wp-content\/uploads\/2022\/01\/20220208-Cartel-222924GE045-ABN-Infantil-y-EE.png?fit=848%2C1200&ssl=1&resize=350%2C200 1x, https:\/\/i0.wp.com\/cepronda.com\/blog\/wp-content\/uploads\/2022\/01\/20220208-Cartel-222924GE045-ABN-Infantil-y-EE.png?fit=848%2C1200&ssl=1&resize=525%2C300 1.5x, https:\/\/i0.wp.com\/cepronda.com\/blog\/wp-content\/uploads\/2022\/01\/20220208-Cartel-222924GE045-ABN-Infantil-y-EE.png?fit=848%2C1200&ssl=1&resize=700%2C400 2x"},"classes":[]}],"jetpack_sharing_enabled":true,"_links":{"self":[{"href":"https:\/\/cepronda.com\/blog\/wp-json\/wp\/v2\/posts\/4935","targetHints":{"allow":["GET"]}}],"collection":[{"href":"https:\/\/cepronda.com\/blog\/wp-json\/wp\/v2\/posts"}],"about":[{"href":"https:\/\/cepronda.com\/blog\/wp-json\/wp\/v2\/types\/post"}],"author":[{"embeddable":true,"href":"https:\/\/cepronda.com\/blog\/wp-json\/wp\/v2\/users\/3"}],"replies":[{"embeddable":true,"href":"https:\/\/cepronda.com\/blog\/wp-json\/wp\/v2\/comments?post=4935"}],"version-history":[{"count":1,"href":"https:\/\/cepronda.com\/blog\/wp-json\/wp\/v2\/posts\/4935\/revisions"}],"predecessor-version":[{"id":4936,"href":"https:\/\/cepronda.com\/blog\/wp-json\/wp\/v2\/posts\/4935\/revisions\/4936"}],"wp:featuredmedia":[{"embeddable":true,"href":"https:\/\/cepronda.com\/blog\/wp-json\/wp\/v2\/media\/4934"}],"wp:attachment":[{"href":"https:\/\/cepronda.com\/blog\/wp-json\/wp\/v2\/media?parent=4935"}],"wp:term":[{"taxonomy":"category","embeddable":true,"href":"https:\/\/cepronda.com\/blog\/wp-json\/wp\/v2\/categories?post=4935"},{"taxonomy":"post_tag","embeddable":true,"href":"https:\/\/cepronda.com\/blog\/wp-json\/wp\/v2\/tags?post=4935"}],"curies":[{"name":"wp","href":"https:\/\/api.w.org\/{rel}","templated":true}]}}