{"id":4913,"date":"2021-12-21T10:40:36","date_gmt":"2021-12-21T09:40:36","guid":{"rendered":"http:\/\/cepronda.com\/blog\/?p=4913"},"modified":"2025-04-28T11:58:04","modified_gmt":"2025-04-28T09:58:04","slug":"la-musicoterapia-como-recurso-educativo-en-el-aula-desde-cualquier-materia","status":"publish","type":"post","link":"https:\/\/cepronda.com\/blog\/la-musicoterapia-como-recurso-educativo-en-el-aula-desde-cualquier-materia\/","title":{"rendered":"LA MUSICOTERAPIA COMO RECURSO EDUCATIVO EN EL AULA, DESDE CUALQUIER MATERIA"},"content":{"rendered":"<p>Buenos d\u00edas compa\u00f1eras y compa\u00f1eros,<\/p>\n<p>Os informamos que est\u00e1 abierto el plazo de inscripci\u00f3n en la actividad<strong> LA MUSICOTERAPIA COMO RECURSO EDUCATIVO EN EL AULA, DESDE CUALQUIER MATERIA con c\u00f3digo 222924GE027.<\/strong> Es una actividad de \u00e1mbito CEP.&nbsp; Se desarrollar\u00e1 mediante 4 sesiones de videoconferencia. Consta de 10 horas.<\/p>\n<p>Las fechas de la formaci\u00f3n son las siguientes:<\/p>\n<p><strong>Inscripciones<\/strong>: desde el 21\/12\/2021 hasta el 24\/01\/2022<br \/>\n<strong>Comienzo del curso<\/strong>: 27\/01\/2022 <strong>Finalizaci\u00f3n<\/strong>: 17\/02\/2022<\/p>\n<p>Para m\u00e1s informaci\u00f3n puedes consultar la ficha de la actividad en el siguiente enlace donde tambi\u00e9n puedes realizar la&nbsp; <a href=\"https:\/\/www.juntadeandalucia.es\/educacion\/secretariavirtual\/consultaCEP\/actividad\/222924GE027\/\">inscripci\u00f3n<\/a>. Tambi\u00e9n puedes conocer m\u00e1s informaci\u00f3n del ponente en el siguiente <a href=\"https:\/\/www.romanrodriguezmusic.com\/\">enlace<\/a>.<\/p>\n<p>Deseamos que sea de vuestro inter\u00e9s.<\/p>\n<p>Saludos.<\/p>\n<p>&nbsp;<\/p>\n<p><img data-recalc-dims=\"1\" loading=\"lazy\" decoding=\"async\" class=\"size-medium wp-image-4914 aligncenter\" src=\"https:\/\/i0.wp.com\/cepronda.com\/blog\/wp-content\/uploads\/2021\/12\/WhatsApp-Image-2021-12-20-at-13.31.24-212x300.jpeg?resize=212%2C300\" alt=\"\" width=\"212\" height=\"300\" srcset=\"https:\/\/i0.wp.com\/cepronda.com\/blog\/wp-content\/uploads\/2021\/12\/WhatsApp-Image-2021-12-20-at-13.31.24.jpeg?resize=212%2C300&amp;ssl=1 212w, https:\/\/i0.wp.com\/cepronda.com\/blog\/wp-content\/uploads\/2021\/12\/WhatsApp-Image-2021-12-20-at-13.31.24.jpeg?resize=724%2C1024&amp;ssl=1 724w, https:\/\/i0.wp.com\/cepronda.com\/blog\/wp-content\/uploads\/2021\/12\/WhatsApp-Image-2021-12-20-at-13.31.24.jpeg?resize=768%2C1086&amp;ssl=1 768w, https:\/\/i0.wp.com\/cepronda.com\/blog\/wp-content\/uploads\/2021\/12\/WhatsApp-Image-2021-12-20-at-13.31.24.jpeg?resize=1086%2C1536&amp;ssl=1 1086w, https:\/\/i0.wp.com\/cepronda.com\/blog\/wp-content\/uploads\/2021\/12\/WhatsApp-Image-2021-12-20-at-13.31.24.jpeg?w=1131&amp;ssl=1 1131w\" sizes=\"auto, (max-width: 212px) 100vw, 212px\" \/><\/p>\n","protected":false},"excerpt":{"rendered":"<p>Buenos d\u00edas compa\u00f1eras y compa\u00f1eros, Os informamos que est\u00e1 abierto el plazo de inscripci\u00f3n en la actividad LA MUSICOTERAPIA COMO RECURSO EDUCATIVO EN EL AULA, DESDE CUALQUIER MATERIA con c\u00f3digo 222924GE027. Es una actividad de \u00e1mbito CEP.&nbsp; Se desarrollar\u00e1 mediante 4 sesiones de videoconferencia. Consta de 10 horas. Las fechas de la formaci\u00f3n son las [&hellip;]<\/p>\n","protected":false},"author":10,"featured_media":4915,"comment_status":"closed","ping_status":"open","sticky":false,"template":"","format":"standard","meta":{"_crdt_document":"","advanced_seo_description":"","jetpack_seo_html_title":"","jetpack_seo_noindex":false,"jetpack_post_was_ever_published":false,"_jetpack_newsletter_access":"","_jetpack_dont_email_post_to_subs":false,"_jetpack_newsletter_tier_id":0,"_jetpack_memberships_contains_paywalled_content":false,"_jetpack_memberships_contains_paid_content":false,"footnotes":"","jetpack_publicize_message":"","jetpack_publicize_feature_enabled":true,"jetpack_social_post_already_shared":false,"jetpack_social_options":{"image_generator_settings":{"template":"highway","default_image_id":0,"font":"","enabled":false},"version":2}},"categories":[3,5],"tags":[270,222,269],"class_list":{"0":"post-4913","1":"post","2":"type-post","3":"status-publish","4":"format-standard","5":"has-post-thumbnail","7":"category-formaciones","8":"category-noticias","9":"tag-interdisciplinar","10":"tag-internivelar","11":"tag-musicoterapia","12":"czr-hentry"},"jetpack_publicize_connections":[],"jetpack_featured_media_url":"https:\/\/i0.wp.com\/cepronda.com\/blog\/wp-content\/uploads\/2021\/12\/WhatsApp-Image-2021-12-20-at-13.31.24-1.jpeg?fit=1131%2C1600&ssl=1","jetpack_shortlink":"https:\/\/wp.me\/p8M4X7-1hf","jetpack-related-posts":[{"id":4811,"url":"https:\/\/cepronda.com\/blog\/podcast-recurso-educativo-didactico-e-internivelar-para-todas-las-especialidades-dentro-y-fuera-del-aula-virtual-nivel-ii-2\/","url_meta":{"origin":4913,"position":0},"title":"PODCAST: RECURSO EDUCATIVO, DID\u00c1CTICO E INTERNIVELAR, PARA TODAS LAS ESPECIALIDADES, DENTRO Y FUERA DEL AULA VIRTUAL. NIVEL II","author":"Maribel Mu\u00f1oz","date":"25 octubre, 2021","format":false,"excerpt":"Buenas tardes compa\u00f1eras y compa\u00f1eros, Os informamos que est\u00e1 abierto el plazo de inscripci\u00f3n en la actividad \u00a0\"PODCAST: RECURSO EDUCATIVO, DID\u00c1CTICO E INTERNIVELAR, PARA TODAS LAS ESPECIALIDADES, DENTRO Y FUERA DEL AULA VIRTUAL. NIVEL II\" con c\u00f3digo 222924GE019. Es una actividad PROVINCIAL.\u00a0 Se desarrollar\u00e1 en el Aula Virtual de Formaci\u00f3n\u2026","rel":"","context":"En \u00abFormaciones\u00bb","block_context":{"text":"Formaciones","link":"https:\/\/cepronda.com\/blog\/category\/formaciones\/"},"img":{"alt_text":"","src":"https:\/\/i0.wp.com\/cepronda.com\/blog\/wp-content\/uploads\/2021\/10\/PODCAST-NIVEL-II-PROVINCIAL-212x300.png?resize=350%2C200","width":350,"height":200},"classes":[]},{"id":4821,"url":"https:\/\/cepronda.com\/blog\/implementando-la-disciplina-positiva-en-el-aula\/","url_meta":{"origin":4913,"position":1},"title":"IMPLEMENTANDO LA DISCIPLINA POSITIVA EN EL AULA.","author":"Inmaculada Garc\u00eda","date":"26 octubre, 2021","format":false,"excerpt":"Buenas d\u00edas, compa\u00f1eras y compa\u00f1eros. Os informamos que est\u00e1 abierto el plazo de inscripci\u00f3n en la actividad\u00a0 \u00ab IMPLEMENTANDO LA DISCIPLINA POSITIVA EN EL AULA\u00bb con c\u00f3digo 222924GE028. Es una actividad del \u00e1mbito CEP de Ronda.\u00a0 Se desarrollar\u00e1 de manera presencial en el CEP de Ronda. Las fechas de la\u2026","rel":"","context":"En \u00abFormaciones\u00bb","block_context":{"text":"Formaciones","link":"https:\/\/cepronda.com\/blog\/category\/formaciones\/"},"img":{"alt_text":"","src":"https:\/\/i0.wp.com\/cepronda.com\/blog\/wp-content\/uploads\/2021\/10\/escuela-primaria-la-cascada.png?fit=848%2C1200&ssl=1&resize=350%2C200","width":350,"height":200,"srcset":"https:\/\/i0.wp.com\/cepronda.com\/blog\/wp-content\/uploads\/2021\/10\/escuela-primaria-la-cascada.png?fit=848%2C1200&ssl=1&resize=350%2C200 1x, https:\/\/i0.wp.com\/cepronda.com\/blog\/wp-content\/uploads\/2021\/10\/escuela-primaria-la-cascada.png?fit=848%2C1200&ssl=1&resize=525%2C300 1.5x, https:\/\/i0.wp.com\/cepronda.com\/blog\/wp-content\/uploads\/2021\/10\/escuela-primaria-la-cascada.png?fit=848%2C1200&ssl=1&resize=700%2C400 2x"},"classes":[]},{"id":5968,"url":"https:\/\/cepronda.com\/blog\/podcast-recurso-educativo-didactico-e-internivelar-para-todas-las-especialidades-dentro-y-fuera-del-aula-virtual-2\/","url_meta":{"origin":4913,"position":2},"title":"PODCAST: RECURSO EDUCATIVO, DID\u00c1CTICO E INTERNIVELAR, PARA TODAS LAS ESPECIALIDADES, DENTRO Y FUERA\u00a0DEL AULA VIRTUAL.","author":"Mamen Moreno","date":"12 mayo, 2023","format":false,"excerpt":"Abierto el plazo de inscripciones del curso provincial PODCAST: RECURSO EDUCATIVO, DID\u00c1CTICO E INTERNIVELAR, PARA TODAS LAS ESPECIALIDADES, DENTRO Y FUERA\u00a0DEL AULA VIRTUAL. ENFOQUE PR\u00c1CTICO.(232924GE012). 15 horas: 6 Presenciales videoconferencias y 9 No presenciales online. Fechas de inscripci\u00f3n: Del 12 al 28 de mayo de 2023 Fechas de realizaci\u00f3n: Del\u2026","rel":"","context":"En \u00abFormaciones\u00bb","block_context":{"text":"Formaciones","link":"https:\/\/cepronda.com\/blog\/category\/formaciones\/"},"img":{"alt_text":"","src":"https:\/\/i0.wp.com\/cepronda.com\/blog\/wp-content\/uploads\/2023\/05\/WhatsApp-Image-2023-05-15-at-08.49.02.jpeg?fit=848%2C1200&ssl=1&resize=350%2C200","width":350,"height":200,"srcset":"https:\/\/i0.wp.com\/cepronda.com\/blog\/wp-content\/uploads\/2023\/05\/WhatsApp-Image-2023-05-15-at-08.49.02.jpeg?fit=848%2C1200&ssl=1&resize=350%2C200 1x, https:\/\/i0.wp.com\/cepronda.com\/blog\/wp-content\/uploads\/2023\/05\/WhatsApp-Image-2023-05-15-at-08.49.02.jpeg?fit=848%2C1200&ssl=1&resize=525%2C300 1.5x, https:\/\/i0.wp.com\/cepronda.com\/blog\/wp-content\/uploads\/2023\/05\/WhatsApp-Image-2023-05-15-at-08.49.02.jpeg?fit=848%2C1200&ssl=1&resize=700%2C400 2x"},"classes":[]},{"id":4880,"url":"https:\/\/cepronda.com\/blog\/aprender-haciendo-un-servicio-a-la-comunidad-aprendizaje-servicio\/","url_meta":{"origin":4913,"position":3},"title":"APRENDER HACIENDO UN SERVICIO A LA COMUNIDAD: APRENDIZAJE SERVICIO","author":"Maribel Mu\u00f1oz","date":"10 diciembre, 2021","format":false,"excerpt":"Buenas tardes compa\u00f1eras y compa\u00f1eros, Os informamos que est\u00e1 abierto el plazo de inscripci\u00f3n en la actividad \"APRENDER HACIENDO UN SERVICIO A LA COMUNIDAD: APRENDIZAJE SERVICIO\" C\u00f3digo: 222926GE901. Es una actividad PROVINCIAL, a distancia, organizada por el CEP de V\u00e9lez-M\u00e1laga.\u00a0 Se realizar\u00e1 en el\u00a0 Aula Virtual de Formaci\u00f3n del Profesorado.\u2026","rel":"","context":"En \u00abFormaciones\u00bb","block_context":{"text":"Formaciones","link":"https:\/\/cepronda.com\/blog\/category\/formaciones\/"},"img":{"alt_text":"","src":"https:\/\/i0.wp.com\/cepronda.com\/blog\/wp-content\/uploads\/2021\/12\/WhatsApp-Image-2021-12-09-at-19.36.03.jpeg?fit=848%2C1200&ssl=1&resize=350%2C200","width":350,"height":200,"srcset":"https:\/\/i0.wp.com\/cepronda.com\/blog\/wp-content\/uploads\/2021\/12\/WhatsApp-Image-2021-12-09-at-19.36.03.jpeg?fit=848%2C1200&ssl=1&resize=350%2C200 1x, https:\/\/i0.wp.com\/cepronda.com\/blog\/wp-content\/uploads\/2021\/12\/WhatsApp-Image-2021-12-09-at-19.36.03.jpeg?fit=848%2C1200&ssl=1&resize=525%2C300 1.5x, https:\/\/i0.wp.com\/cepronda.com\/blog\/wp-content\/uploads\/2021\/12\/WhatsApp-Image-2021-12-09-at-19.36.03.jpeg?fit=848%2C1200&ssl=1&resize=700%2C400 2x"},"classes":[]},{"id":5056,"url":"https:\/\/cepronda.com\/blog\/atencion-al-alumnado-neae-a-traves-de-recursos-digitales\/","url_meta":{"origin":4913,"position":4},"title":"ATENCI\u00d3N AL ALUMNADO NEAE A TRAV\u00c9S DE RECURSOS DIGITALES","author":"Inmaculada Garc\u00eda","date":"2 febrero, 2022","format":false,"excerpt":"Buenos\u00a0 d\u00edas, compa\u00f1eras y compa\u00f1eros. Os recordamos que est\u00e1 abierto el plazo de inscripci\u00f3n en la actividad\u00a0\u00abATENCI\u00d3N AL ALUMNADO NEAE A TRAV\u00c9S DE RECURSOS DIGITALES.\u00bb C\u00f3digo:\u00a0 229924KPF288 Es una actividad Provincial en modalidad de \u00abCurso a distancia\u00bb, que se desarrollar\u00e1 en el Aula Virtual de Aprendizaje del Profesorado. Duraci\u00f3n de\u2026","rel":"","context":"En \u00abFormaciones\u00bb","block_context":{"text":"Formaciones","link":"https:\/\/cepronda.com\/blog\/category\/formaciones\/"},"img":{"alt_text":"","src":"https:\/\/i0.wp.com\/cepronda.com\/blog\/wp-content\/uploads\/2022\/02\/ATENCION-AL-ALUMNADO-NEAE-A-TRAVES-DE-RECURSOS-DIGITALES-1.png?fit=848%2C1200&ssl=1&resize=350%2C200","width":350,"height":200,"srcset":"https:\/\/i0.wp.com\/cepronda.com\/blog\/wp-content\/uploads\/2022\/02\/ATENCION-AL-ALUMNADO-NEAE-A-TRAVES-DE-RECURSOS-DIGITALES-1.png?fit=848%2C1200&ssl=1&resize=350%2C200 1x, https:\/\/i0.wp.com\/cepronda.com\/blog\/wp-content\/uploads\/2022\/02\/ATENCION-AL-ALUMNADO-NEAE-A-TRAVES-DE-RECURSOS-DIGITALES-1.png?fit=848%2C1200&ssl=1&resize=525%2C300 1.5x, https:\/\/i0.wp.com\/cepronda.com\/blog\/wp-content\/uploads\/2022\/02\/ATENCION-AL-ALUMNADO-NEAE-A-TRAVES-DE-RECURSOS-DIGITALES-1.png?fit=848%2C1200&ssl=1&resize=700%2C400 2x"},"classes":[]},{"id":4925,"url":"https:\/\/cepronda.com\/blog\/recursos-digitales-para-secundaria-y-bachillerato-nivel-ii\/","url_meta":{"origin":4913,"position":5},"title":"RECURSOS DIGITALES PARA SECUNDARIA Y BACHILLERATO. NIVEL II","author":"Maribel Mu\u00f1oz","date":"23 diciembre, 2021","format":false,"excerpt":"Buenas tardes compa\u00f1eras y compa\u00f1eros, Os informamos que est\u00e1 abierto el plazo de inscripci\u00f3n en la actividad RECURSOS DIGITALES PARA SECUNDARIA Y BACHILLERATO NIVEL II con c\u00f3digo 222924GE001. Es una actividad PROVINCIAL.\u00a0 Se desarrollar\u00e1 en el Aula Virtual de Formaci\u00f3n del Profesorado. Consta de 15 horas , 9 de ellas\u2026","rel":"","context":"En \u00abFormaciones\u00bb","block_context":{"text":"Formaciones","link":"https:\/\/cepronda.com\/blog\/category\/formaciones\/"},"img":{"alt_text":"","src":"https:\/\/i0.wp.com\/cepronda.com\/blog\/wp-content\/uploads\/2021\/12\/222924GE001-RECURSOS-DIGITALES-SECUNDARIA-Y-BAHILLERATO-NIVEL-II.png?fit=848%2C1200&ssl=1&resize=350%2C200","width":350,"height":200,"srcset":"https:\/\/i0.wp.com\/cepronda.com\/blog\/wp-content\/uploads\/2021\/12\/222924GE001-RECURSOS-DIGITALES-SECUNDARIA-Y-BAHILLERATO-NIVEL-II.png?fit=848%2C1200&ssl=1&resize=350%2C200 1x, https:\/\/i0.wp.com\/cepronda.com\/blog\/wp-content\/uploads\/2021\/12\/222924GE001-RECURSOS-DIGITALES-SECUNDARIA-Y-BAHILLERATO-NIVEL-II.png?fit=848%2C1200&ssl=1&resize=525%2C300 1.5x, https:\/\/i0.wp.com\/cepronda.com\/blog\/wp-content\/uploads\/2021\/12\/222924GE001-RECURSOS-DIGITALES-SECUNDARIA-Y-BAHILLERATO-NIVEL-II.png?fit=848%2C1200&ssl=1&resize=700%2C400 2x"},"classes":[]}],"jetpack_sharing_enabled":true,"_links":{"self":[{"href":"https:\/\/cepronda.com\/blog\/wp-json\/wp\/v2\/posts\/4913","targetHints":{"allow":["GET"]}}],"collection":[{"href":"https:\/\/cepronda.com\/blog\/wp-json\/wp\/v2\/posts"}],"about":[{"href":"https:\/\/cepronda.com\/blog\/wp-json\/wp\/v2\/types\/post"}],"author":[{"embeddable":true,"href":"https:\/\/cepronda.com\/blog\/wp-json\/wp\/v2\/users\/10"}],"replies":[{"embeddable":true,"href":"https:\/\/cepronda.com\/blog\/wp-json\/wp\/v2\/comments?post=4913"}],"version-history":[{"count":4,"href":"https:\/\/cepronda.com\/blog\/wp-json\/wp\/v2\/posts\/4913\/revisions"}],"predecessor-version":[{"id":4919,"href":"https:\/\/cepronda.com\/blog\/wp-json\/wp\/v2\/posts\/4913\/revisions\/4919"}],"wp:featuredmedia":[{"embeddable":true,"href":"https:\/\/cepronda.com\/blog\/wp-json\/wp\/v2\/media\/4915"}],"wp:attachment":[{"href":"https:\/\/cepronda.com\/blog\/wp-json\/wp\/v2\/media?parent=4913"}],"wp:term":[{"taxonomy":"category","embeddable":true,"href":"https:\/\/cepronda.com\/blog\/wp-json\/wp\/v2\/categories?post=4913"},{"taxonomy":"post_tag","embeddable":true,"href":"https:\/\/cepronda.com\/blog\/wp-json\/wp\/v2\/tags?post=4913"}],"curies":[{"name":"wp","href":"https:\/\/api.w.org\/{rel}","templated":true}]}}