{"id":4907,"date":"2021-12-21T10:19:25","date_gmt":"2021-12-21T09:19:25","guid":{"rendered":"http:\/\/cepronda.com\/blog\/?p=4907"},"modified":"2021-12-21T10:19:25","modified_gmt":"2021-12-21T09:19:25","slug":"felices-fiestas-desde-el-cep-de-ronda","status":"publish","type":"post","link":"https:\/\/cepronda.com\/blog\/felices-fiestas-desde-el-cep-de-ronda\/","title":{"rendered":"FELICES FIESTAS DESDE EL CEP DE RONDA"},"content":{"rendered":"<p>Buenos d\u00edas compa\u00f1eras y compa\u00f1eros,<\/p>\n<p>Todo el equipo del CEP de Ronda queremos desearos unas felices fiestas. Nuestro m\u00e1s sincero agradecimiento por vuestro esfuerzo y dedicaci\u00f3n en el d\u00eda a d\u00eda. Hemos elaborado este v\u00eddeo de felicitaci\u00f3n con gran cari\u00f1o para vosotras y vosotros. Esperamos que os guste.<\/p>\n<p>FELICES FIESTAS<\/p>\n<div style=\"width: 1170px;\" class=\"wp-video\"><video class=\"wp-video-shortcode\" id=\"video-4907-1\" width=\"1170\" height=\"658\" preload=\"metadata\" controls=\"controls\"><source type=\"video\/mp4\" src=\"http:\/\/cepronda.com\/blog\/wp-content\/uploads\/2021\/12\/FELICITACION-CEP-NAVIDAD-DEF1-1.mp4?_=1\" \/><a href=\"http:\/\/cepronda.com\/blog\/wp-content\/uploads\/2021\/12\/FELICITACION-CEP-NAVIDAD-DEF1-1.mp4\">http:\/\/cepronda.com\/blog\/wp-content\/uploads\/2021\/12\/FELICITACION-CEP-NAVIDAD-DEF1-1.mp4<\/a><\/video><\/div>\n<p>&nbsp;<\/p>\n<p style=\"text-align: center;\">&nbsp;<\/p>\n","protected":false},"excerpt":{"rendered":"<p>Buenos d\u00edas compa\u00f1eras y compa\u00f1eros, Todo el equipo del CEP de Ronda queremos desearos unas felices fiestas. Nuestro m\u00e1s sincero agradecimiento por vuestro esfuerzo y dedicaci\u00f3n en el d\u00eda a d\u00eda. Hemos elaborado este v\u00eddeo de felicitaci\u00f3n con gran cari\u00f1o para vosotras y vosotros. Esperamos que os guste. FELICES FIESTAS &nbsp; &nbsp;<\/p>\n","protected":false},"author":10,"featured_media":4911,"comment_status":"closed","ping_status":"open","sticky":false,"template":"","format":"standard","meta":{"_crdt_document":"","advanced_seo_description":"","jetpack_seo_html_title":"","jetpack_seo_noindex":false,"jetpack_post_was_ever_published":false,"_jetpack_newsletter_access":"","_jetpack_dont_email_post_to_subs":false,"_jetpack_newsletter_tier_id":0,"_jetpack_memberships_contains_paywalled_content":false,"_jetpack_memberships_contains_paid_content":false,"footnotes":"","jetpack_publicize_message":"","jetpack_publicize_feature_enabled":true,"jetpack_social_post_already_shared":false,"jetpack_social_options":{"image_generator_settings":{"template":"highway","default_image_id":0,"font":"","enabled":false},"version":2}},"categories":[5],"tags":[],"class_list":{"0":"post-4907","1":"post","2":"type-post","3":"status-publish","4":"format-standard","5":"has-post-thumbnail","7":"category-noticias","8":"czr-hentry"},"jetpack_publicize_connections":[],"jetpack_featured_media_url":"https:\/\/i0.wp.com\/cepronda.com\/blog\/wp-content\/uploads\/2021\/12\/Felicitacion-cep-ronda.jpg?fit=780%2C442&ssl=1","jetpack_shortlink":"https:\/\/wp.me\/p8M4X7-1h9","jetpack-related-posts":[{"id":4058,"url":"https:\/\/cepronda.com\/blog\/el-cep-de-ronda-os-desea-felices-fiestas\/","url_meta":{"origin":4907,"position":0},"title":"EL CEP DE RONDA OS DESEA FELICES FIESTAS","author":"Inmaculada Garc\u00eda","date":"16 diciembre, 2020","format":false,"excerpt":"Hola compa\u00f1eros y compa\u00f1eras. Especialmente en este a\u00f1o tan complicado queremos haceros llegar nuestra muestra de apoyo y agradecimiento a trav\u00e9s de esta felicitaci\u00f3n. Felices Fiestas. HAZ CLIC AQU\u00cd","rel":"","context":"En \u00abNoticias\u00bb","block_context":{"text":"Noticias","link":"https:\/\/cepronda.com\/blog\/category\/noticias\/"},"img":{"alt_text":"","src":"https:\/\/i0.wp.com\/cepronda.com\/blog\/wp-content\/uploads\/2020\/12\/felicitaciondef.png?fit=767%2C1061&ssl=1&resize=350%2C200","width":350,"height":200,"srcset":"https:\/\/i0.wp.com\/cepronda.com\/blog\/wp-content\/uploads\/2020\/12\/felicitaciondef.png?fit=767%2C1061&ssl=1&resize=350%2C200 1x, https:\/\/i0.wp.com\/cepronda.com\/blog\/wp-content\/uploads\/2020\/12\/felicitaciondef.png?fit=767%2C1061&ssl=1&resize=525%2C300 1.5x, https:\/\/i0.wp.com\/cepronda.com\/blog\/wp-content\/uploads\/2020\/12\/felicitaciondef.png?fit=767%2C1061&ssl=1&resize=700%2C400 2x"},"classes":[]},{"id":3257,"url":"https:\/\/cepronda.com\/blog\/felices-fiestas-3\/","url_meta":{"origin":4907,"position":1},"title":"Felices fiestas","author":"V\u00edctor Caballero","date":"16 diciembre, 2019","format":false,"excerpt":"Desde el CEP de Ronda queremos desearos unas felices fiestas, donde pod\u00e1is descansar y pasar el mayor tiempo posible con las vuestros seres queridos. Nos vemos en el a\u00f1o 2020.","rel":"","context":"En \u00abNoticias\u00bb","block_context":{"text":"Noticias","link":"https:\/\/cepronda.com\/blog\/category\/noticias\/"},"img":{"alt_text":"","src":"https:\/\/i0.wp.com\/cepronda.com\/blog\/wp-content\/uploads\/2019\/12\/felicitaci%C3%B3n-navidad.jpeg?fit=1200%2C852&ssl=1&resize=350%2C200","width":350,"height":200,"srcset":"https:\/\/i0.wp.com\/cepronda.com\/blog\/wp-content\/uploads\/2019\/12\/felicitaci%C3%B3n-navidad.jpeg?fit=1200%2C852&ssl=1&resize=350%2C200 1x, https:\/\/i0.wp.com\/cepronda.com\/blog\/wp-content\/uploads\/2019\/12\/felicitaci%C3%B3n-navidad.jpeg?fit=1200%2C852&ssl=1&resize=525%2C300 1.5x, https:\/\/i0.wp.com\/cepronda.com\/blog\/wp-content\/uploads\/2019\/12\/felicitaci%C3%B3n-navidad.jpeg?fit=1200%2C852&ssl=1&resize=700%2C400 2x, https:\/\/i0.wp.com\/cepronda.com\/blog\/wp-content\/uploads\/2019\/12\/felicitaci%C3%B3n-navidad.jpeg?fit=1200%2C852&ssl=1&resize=1050%2C600 3x"},"classes":[]},{"id":2553,"url":"https:\/\/cepronda.com\/blog\/felices-fiestas-2\/","url_meta":{"origin":4907,"position":2},"title":"Felices fiestas","author":"V\u00edctor Caballero","date":"21 diciembre, 2018","format":false,"excerpt":"\u00a1Hola familia! Con la ilusi\u00f3n de saber que hoy ya nos tomamos nuestro merecid\u00edsimo descanso queremos desearos unas felices fiestas, que pas\u00e9is buenos momentos y sobre todo que desconectemos para volver a conectar en enero. Un fuerte abrazo y nuestros mejores deseos de parte de todo el equipo del CEP\u2026","rel":"","context":"En \u00abNoticias\u00bb","block_context":{"text":"Noticias","link":"https:\/\/cepronda.com\/blog\/category\/noticias\/"},"img":{"alt_text":"","src":"https:\/\/i0.wp.com\/cepronda.com\/blog\/wp-content\/uploads\/2018\/12\/Felicitaci%C3%B3n-navidad-2018.png?fit=1200%2C675&ssl=1&resize=350%2C200","width":350,"height":200,"srcset":"https:\/\/i0.wp.com\/cepronda.com\/blog\/wp-content\/uploads\/2018\/12\/Felicitaci%C3%B3n-navidad-2018.png?fit=1200%2C675&ssl=1&resize=350%2C200 1x, https:\/\/i0.wp.com\/cepronda.com\/blog\/wp-content\/uploads\/2018\/12\/Felicitaci%C3%B3n-navidad-2018.png?fit=1200%2C675&ssl=1&resize=525%2C300 1.5x, https:\/\/i0.wp.com\/cepronda.com\/blog\/wp-content\/uploads\/2018\/12\/Felicitaci%C3%B3n-navidad-2018.png?fit=1200%2C675&ssl=1&resize=700%2C400 2x, https:\/\/i0.wp.com\/cepronda.com\/blog\/wp-content\/uploads\/2018\/12\/Felicitaci%C3%B3n-navidad-2018.png?fit=1200%2C675&ssl=1&resize=1050%2C600 3x"},"classes":[]},{"id":3242,"url":"https:\/\/cepronda.com\/blog\/visita-de-belen-en-ronda-con-el-alumnado-entrada-gratuita\/","url_meta":{"origin":4907,"position":3},"title":"VISITA DE BEL\u00c9N EN RONDA CON EL ALUMNADO. (Entrada gratuita)","author":"V\u00edctor Caballero","date":"11 diciembre, 2019","format":false,"excerpt":"Muy buenas, compa\u00f1eros\/as y compa\u00f1eras: Al igual que el curso pasado, os enviamos informaci\u00f3n para visitar un genial\u00a0Bel\u00e9n ubicado en La Barriada Cruz de San Jorge. C\/ Virgen de las Nieves n\u00ba 2 (Ronda)Pod\u00e9is ir con el\u00a0alumnado, es totalmente\u00a0gratuito y muy recomendable\u00a0su visita. Lo \u00fanico que ten\u00e9is que hacer es\u00a0acordar\u2026","rel":"","context":"En \u00abNoticias\u00bb","block_context":{"text":"Noticias","link":"https:\/\/cepronda.com\/blog\/category\/noticias\/"},"img":{"alt_text":"","src":"https:\/\/i0.wp.com\/cepronda.com\/blog\/wp-content\/uploads\/2019\/12\/village-nativity-586796_1920.jpg?fit=1200%2C801&ssl=1&resize=350%2C200","width":350,"height":200,"srcset":"https:\/\/i0.wp.com\/cepronda.com\/blog\/wp-content\/uploads\/2019\/12\/village-nativity-586796_1920.jpg?fit=1200%2C801&ssl=1&resize=350%2C200 1x, https:\/\/i0.wp.com\/cepronda.com\/blog\/wp-content\/uploads\/2019\/12\/village-nativity-586796_1920.jpg?fit=1200%2C801&ssl=1&resize=525%2C300 1.5x, https:\/\/i0.wp.com\/cepronda.com\/blog\/wp-content\/uploads\/2019\/12\/village-nativity-586796_1920.jpg?fit=1200%2C801&ssl=1&resize=700%2C400 2x, https:\/\/i0.wp.com\/cepronda.com\/blog\/wp-content\/uploads\/2019\/12\/village-nativity-586796_1920.jpg?fit=1200%2C801&ssl=1&resize=1050%2C600 3x"},"classes":[]},{"id":1505,"url":"https:\/\/cepronda.com\/blog\/felices-fiestas\/","url_meta":{"origin":4907,"position":4},"title":"Felices fiestas","author":"V\u00edctor Caballero","date":"21 diciembre, 2017","format":false,"excerpt":"Muy buenas,\u00a0 No queremos olvidarnos de todos y todas vosotras en estos d\u00edas. Deseando sobre todo que descans\u00e9is y que pas\u00e9is unos d\u00edas felices con vuestra gente, recibid nuestros mejores deseos de parte de todo el equipo que formamos el Centro de Profesorado de Ronda.","rel":"","context":"En \u00abNoticias\u00bb","block_context":{"text":"Noticias","link":"https:\/\/cepronda.com\/blog\/category\/noticias\/"},"img":{"alt_text":"","src":"https:\/\/i0.wp.com\/cepronda.com\/blog\/wp-content\/uploads\/2017\/12\/FELIZ-NAVIDAD-CEP-RONDA.png?resize=350%2C200","width":350,"height":200,"srcset":"https:\/\/i0.wp.com\/cepronda.com\/blog\/wp-content\/uploads\/2017\/12\/FELIZ-NAVIDAD-CEP-RONDA.png?resize=350%2C200 1x, https:\/\/i0.wp.com\/cepronda.com\/blog\/wp-content\/uploads\/2017\/12\/FELIZ-NAVIDAD-CEP-RONDA.png?resize=525%2C300 1.5x"},"classes":[]},{"id":5644,"url":"https:\/\/cepronda.com\/blog\/actividades-formativas-del-cep-de-ronda-para-el-curso-22-23\/","url_meta":{"origin":4907,"position":5},"title":"ACTIVIDADES FORMATIVAS DEL CEP DE RONDA para el CURSO 22-23","author":"Inmaculada Garc\u00eda","date":"7 diciembre, 2022","format":false,"excerpt":"Buenos d\u00edas, compa\u00f1eros y compa\u00f1eras. Os compartimos nuestro cartel vivo con las ACTIVIDADES FORMATIVAS DEL CEP DE RONDA para el CURSO 22-23 \u00a0Pincha en el enlace 00-Cartel vivo CEP QR o escanea el c\u00f3digo QR para visualizar la relaci\u00f3n de actividades formativas del CEP de Ronda para este curso.","rel":"","context":"En \u00abNoticias\u00bb","block_context":{"text":"Noticias","link":"https:\/\/cepronda.com\/blog\/category\/noticias\/"},"img":{"alt_text":"","src":"https:\/\/i0.wp.com\/cepronda.com\/blog\/wp-content\/uploads\/2022\/12\/Diseno-sin-titulo.png?fit=848%2C1200&ssl=1&resize=350%2C200","width":350,"height":200,"srcset":"https:\/\/i0.wp.com\/cepronda.com\/blog\/wp-content\/uploads\/2022\/12\/Diseno-sin-titulo.png?fit=848%2C1200&ssl=1&resize=350%2C200 1x, https:\/\/i0.wp.com\/cepronda.com\/blog\/wp-content\/uploads\/2022\/12\/Diseno-sin-titulo.png?fit=848%2C1200&ssl=1&resize=525%2C300 1.5x, https:\/\/i0.wp.com\/cepronda.com\/blog\/wp-content\/uploads\/2022\/12\/Diseno-sin-titulo.png?fit=848%2C1200&ssl=1&resize=700%2C400 2x"},"classes":[]}],"jetpack_sharing_enabled":true,"_links":{"self":[{"href":"https:\/\/cepronda.com\/blog\/wp-json\/wp\/v2\/posts\/4907","targetHints":{"allow":["GET"]}}],"collection":[{"href":"https:\/\/cepronda.com\/blog\/wp-json\/wp\/v2\/posts"}],"about":[{"href":"https:\/\/cepronda.com\/blog\/wp-json\/wp\/v2\/types\/post"}],"author":[{"embeddable":true,"href":"https:\/\/cepronda.com\/blog\/wp-json\/wp\/v2\/users\/10"}],"replies":[{"embeddable":true,"href":"https:\/\/cepronda.com\/blog\/wp-json\/wp\/v2\/comments?post=4907"}],"version-history":[{"count":2,"href":"https:\/\/cepronda.com\/blog\/wp-json\/wp\/v2\/posts\/4907\/revisions"}],"predecessor-version":[{"id":4912,"href":"https:\/\/cepronda.com\/blog\/wp-json\/wp\/v2\/posts\/4907\/revisions\/4912"}],"wp:featuredmedia":[{"embeddable":true,"href":"https:\/\/cepronda.com\/blog\/wp-json\/wp\/v2\/media\/4911"}],"wp:attachment":[{"href":"https:\/\/cepronda.com\/blog\/wp-json\/wp\/v2\/media?parent=4907"}],"wp:term":[{"taxonomy":"category","embeddable":true,"href":"https:\/\/cepronda.com\/blog\/wp-json\/wp\/v2\/categories?post=4907"},{"taxonomy":"post_tag","embeddable":true,"href":"https:\/\/cepronda.com\/blog\/wp-json\/wp\/v2\/tags?post=4907"}],"curies":[{"name":"wp","href":"https:\/\/api.w.org\/{rel}","templated":true}]}}