{"id":4901,"date":"2021-12-21T09:58:29","date_gmt":"2021-12-21T08:58:29","guid":{"rendered":"http:\/\/cepronda.com\/blog\/?p=4901"},"modified":"2025-04-28T11:58:06","modified_gmt":"2025-04-28T09:58:06","slug":"difusion-del-programa-erasmus-y-elaboracion-de-proyectos-de-calidad","status":"publish","type":"post","link":"https:\/\/cepronda.com\/blog\/difusion-del-programa-erasmus-y-elaboracion-de-proyectos-de-calidad\/","title":{"rendered":"DIFUSI\u00d3N DEL PROGRAMA ERASMUS+ Y ELABORACI\u00d3N DE PROYECTOS DE CALIDAD"},"content":{"rendered":"<p>Buenos d\u00edas compa\u00f1eras y compa\u00f1eros,&nbsp;<\/p>\n<p>Os informamos que est\u00e1 abierto el plazo de inscripci\u00f3n en la actividad DIFUSI\u00d3N DEL PROGRAMA ERASMUS+ Y ELABORACI\u00d3N DE PROYECTOS DE CALIDAD<strong> con c\u00f3digo 221105FP109.<\/strong> Es una actividad REGIONAL.&nbsp; dirigida al <strong>profesorado de Formaci\u00f3n&nbsp;Profesional<\/strong>. El plazo de solicitudes&nbsp; finaliza el 10 de enero a las 11:00 horas. Se trata de un curso&nbsp;de&nbsp;<strong>26<\/strong><strong>&nbsp;horas<\/strong>&nbsp;que se desarrollar\u00e1 \u00edntegramente&nbsp;en el Aula Virtual de Formaci\u00f3n del Profesorado (<strong>AVFP<\/strong>) y que tiene tres videoconferencias los d\u00edas 13 de Enero, 24 de Enero y 10 de Febrero.<\/p>\n<p>Para m\u00e1s informaci\u00f3n puedes consultar la ficha de la actividad en el siguiente enlace donde tambi\u00e9n puedes realizar la&nbsp; <a href=\"https:\/\/www.juntadeandalucia.es\/educacion\/secretariavirtual\/consultaCEP\/actividad\/221105FP109\/\">inscripci\u00f3n.<\/a><\/p>\n<p>Deseamos que sea de vuestro inter\u00e9s.<\/p>\n<p>Saludos.<\/p>\n<p>&nbsp;<\/p>\n<p><img data-recalc-dims=\"1\" loading=\"lazy\" decoding=\"async\" class=\"alignnone size-medium wp-image-4902 aligncenter\" src=\"https:\/\/i0.wp.com\/cepronda.com\/blog\/wp-content\/uploads\/2021\/12\/DIFUSION-ERASMUS-FP-1-300x212.jpg?resize=300%2C212\" alt=\"\" width=\"300\" height=\"212\" srcset=\"https:\/\/i0.wp.com\/cepronda.com\/blog\/wp-content\/uploads\/2021\/12\/DIFUSION-ERASMUS-FP-1.jpg?resize=300%2C212&amp;ssl=1 300w, https:\/\/i0.wp.com\/cepronda.com\/blog\/wp-content\/uploads\/2021\/12\/DIFUSION-ERASMUS-FP-1.jpg?resize=1024%2C724&amp;ssl=1 1024w, https:\/\/i0.wp.com\/cepronda.com\/blog\/wp-content\/uploads\/2021\/12\/DIFUSION-ERASMUS-FP-1.jpg?resize=768%2C543&amp;ssl=1 768w, https:\/\/i0.wp.com\/cepronda.com\/blog\/wp-content\/uploads\/2021\/12\/DIFUSION-ERASMUS-FP-1.jpg?resize=1536%2C1086&amp;ssl=1 1536w, https:\/\/i0.wp.com\/cepronda.com\/blog\/wp-content\/uploads\/2021\/12\/DIFUSION-ERASMUS-FP-1.jpg?w=2000&amp;ssl=1 2000w\" sizes=\"auto, (max-width: 300px) 100vw, 300px\" \/><\/p>\n","protected":false},"excerpt":{"rendered":"<p>Buenos d\u00edas compa\u00f1eras y compa\u00f1eros,&nbsp; Os informamos que est\u00e1 abierto el plazo de inscripci\u00f3n en la actividad DIFUSI\u00d3N DEL PROGRAMA ERASMUS+ Y ELABORACI\u00d3N DE PROYECTOS DE CALIDAD con c\u00f3digo 221105FP109. Es una actividad REGIONAL.&nbsp; dirigida al profesorado de Formaci\u00f3n&nbsp;Profesional. El plazo de solicitudes&nbsp; finaliza el 10 de enero a las 11:00 horas. Se trata de [&hellip;]<\/p>\n","protected":false},"author":10,"featured_media":4902,"comment_status":"closed","ping_status":"open","sticky":false,"template":"","format":"standard","meta":{"_crdt_document":"","advanced_seo_description":"","jetpack_seo_html_title":"","jetpack_seo_noindex":false,"jetpack_post_was_ever_published":false,"_jetpack_newsletter_access":"","_jetpack_dont_email_post_to_subs":false,"_jetpack_newsletter_tier_id":0,"_jetpack_memberships_contains_paywalled_content":false,"_jetpack_memberships_contains_paid_content":false,"footnotes":"","jetpack_publicize_message":"","jetpack_publicize_feature_enabled":true,"jetpack_social_post_already_shared":false,"jetpack_social_options":{"image_generator_settings":{"template":"highway","default_image_id":0,"font":"","enabled":false},"version":2}},"categories":[3,5],"tags":[259,96],"class_list":{"0":"post-4901","1":"post","2":"type-post","3":"status-publish","4":"format-standard","5":"has-post-thumbnail","7":"category-formaciones","8":"category-noticias","9":"tag-ambito-linguistico","10":"tag-erasmus","11":"czr-hentry"},"jetpack_publicize_connections":[],"jetpack_featured_media_url":"https:\/\/i0.wp.com\/cepronda.com\/blog\/wp-content\/uploads\/2021\/12\/DIFUSION-ERASMUS-FP-1.jpg?fit=2000%2C1414&ssl=1","jetpack_shortlink":"https:\/\/wp.me\/p8M4X7-1h3","jetpack-related-posts":[{"id":4904,"url":"https:\/\/cepronda.com\/blog\/elaboracion-de-proyectos-de-calidad-erasmus-2022\/","url_meta":{"origin":4901,"position":0},"title":"ELABORACI\u00d3N DE PROYECTOS DE CALIDAD ERASMUS 2022","author":"Maribel Mu\u00f1oz","date":"21 diciembre, 2021","format":false,"excerpt":"Buenos d\u00edas compa\u00f1eras y compa\u00f1eros, Os informamos que est\u00e1 abierto el plazo de inscripci\u00f3n en la actividad ELABORACI\u00d3N DE PROYECTOS DE CALIDAD ERASMUS 2022 con c\u00f3digo 229923PI303. Es una actividad PROVINCIAL.\u00a0 Se desarrollar\u00e1 en el Aula Virtual de Formaci\u00f3n del Profesorado. Consta de 20 horas , 6 de ellas se\u2026","rel":"","context":"En \u00abFormaciones\u00bb","block_context":{"text":"Formaciones","link":"https:\/\/cepronda.com\/blog\/category\/formaciones\/"},"img":{"alt_text":"","src":"https:\/\/i0.wp.com\/cepronda.com\/blog\/wp-content\/uploads\/2021\/12\/WhatsApp-Image-2021-12-17-at-12.08.18-1.jpeg?fit=848%2C1200&ssl=1&resize=350%2C200","width":350,"height":200,"srcset":"https:\/\/i0.wp.com\/cepronda.com\/blog\/wp-content\/uploads\/2021\/12\/WhatsApp-Image-2021-12-17-at-12.08.18-1.jpeg?fit=848%2C1200&ssl=1&resize=350%2C200 1x, https:\/\/i0.wp.com\/cepronda.com\/blog\/wp-content\/uploads\/2021\/12\/WhatsApp-Image-2021-12-17-at-12.08.18-1.jpeg?fit=848%2C1200&ssl=1&resize=525%2C300 1.5x, https:\/\/i0.wp.com\/cepronda.com\/blog\/wp-content\/uploads\/2021\/12\/WhatsApp-Image-2021-12-17-at-12.08.18-1.jpeg?fit=848%2C1200&ssl=1&resize=700%2C400 2x"},"classes":[]},{"id":7266,"url":"https:\/\/cepronda.com\/blog\/formacion-elaboracion-de-proyectos-de-calidad-erasmus-2024-249923pi303\/","url_meta":{"origin":4901,"position":1},"title":"FORMACI\u00d3N: ELABORACI\u00d3N DE PROYECTOS DE CALIDAD ERASMUS 2024\u00a0(249923PI303)","author":"Inmaculada Garc\u00eda","date":"11 diciembre, 2023","format":false,"excerpt":"Abierto el plazo de inscripci\u00f3n para el curso a distancia Provincial : ELABORACI\u00d3N DE PROYECTOS DE CALIDAD ERASMUS 2024\u00a0(249923PI303) Duraci\u00f3n: 20 horas Fecha actividad:\u00a021\/12\/2023 hasta 29\/02\/2024 Fecha inscripci\u00f3n: 04\/12\/2023 hasta 18\/12\/2023 Lugar: AVFP( aula virtual de formaci\u00f3n de profesorado) Sesiones de videoconferencia duplicadas en horario de ma\u00f1ana y tarde para\u2026","rel":"","context":"En \u00abFormaciones\u00bb","block_context":{"text":"Formaciones","link":"https:\/\/cepronda.com\/blog\/category\/formaciones\/"},"img":{"alt_text":"","src":"https:\/\/i0.wp.com\/cepronda.com\/blog\/wp-content\/uploads\/2023\/12\/WhatsApp-Image-2023-12-11-at-12.47.10.jpeg?fit=800%2C800&ssl=1&resize=350%2C200","width":350,"height":200,"srcset":"https:\/\/i0.wp.com\/cepronda.com\/blog\/wp-content\/uploads\/2023\/12\/WhatsApp-Image-2023-12-11-at-12.47.10.jpeg?fit=800%2C800&ssl=1&resize=350%2C200 1x, https:\/\/i0.wp.com\/cepronda.com\/blog\/wp-content\/uploads\/2023\/12\/WhatsApp-Image-2023-12-11-at-12.47.10.jpeg?fit=800%2C800&ssl=1&resize=525%2C300 1.5x, https:\/\/i0.wp.com\/cepronda.com\/blog\/wp-content\/uploads\/2023\/12\/WhatsApp-Image-2023-12-11-at-12.47.10.jpeg?fit=800%2C800&ssl=1&resize=700%2C400 2x"},"classes":[]},{"id":5657,"url":"https:\/\/cepronda.com\/blog\/elaboracion-de-proyectos-de-calidad-erasmus-2023\/","url_meta":{"origin":4901,"position":2},"title":"ELABORACI\u00d3N DE PROYECTOS DE CALIDAD ERASMUS 2023","author":"Mamen Moreno","date":"13 diciembre, 2022","format":false,"excerpt":"Se encuentra abierto el plazo de solicitudes de la actividad formativa ELABORACI\u00d3N DE PROYECTOS DE CALIDAD ERASMUS 2023 Curso dirigido a Equipos Directivos y profesorado interesado en participar en el Programa Erasmus+ en los pr\u00f3ximos cursos acad\u00e9micos Curso a distancia en el Aula Virtual de Formaci\u00f3n del Profesorado \u270d\ufe0f Inscripciones\u2026","rel":"","context":"En \u00abFormaciones\u00bb","block_context":{"text":"Formaciones","link":"https:\/\/cepronda.com\/blog\/category\/formaciones\/"},"img":{"alt_text":"","src":"https:\/\/i0.wp.com\/cepronda.com\/blog\/wp-content\/uploads\/2022\/12\/d8f22376-1582-46c4-b762-083e18e67201-2.jpg?fit=1080%2C1080&ssl=1&resize=350%2C200","width":350,"height":200,"srcset":"https:\/\/i0.wp.com\/cepronda.com\/blog\/wp-content\/uploads\/2022\/12\/d8f22376-1582-46c4-b762-083e18e67201-2.jpg?fit=1080%2C1080&ssl=1&resize=350%2C200 1x, https:\/\/i0.wp.com\/cepronda.com\/blog\/wp-content\/uploads\/2022\/12\/d8f22376-1582-46c4-b762-083e18e67201-2.jpg?fit=1080%2C1080&ssl=1&resize=525%2C300 1.5x, https:\/\/i0.wp.com\/cepronda.com\/blog\/wp-content\/uploads\/2022\/12\/d8f22376-1582-46c4-b762-083e18e67201-2.jpg?fit=1080%2C1080&ssl=1&resize=700%2C400 2x, https:\/\/i0.wp.com\/cepronda.com\/blog\/wp-content\/uploads\/2022\/12\/d8f22376-1582-46c4-b762-083e18e67201-2.jpg?fit=1080%2C1080&ssl=1&resize=1050%2C600 3x"},"classes":[]},{"id":4447,"url":"https:\/\/cepronda.com\/blog\/erasmus-elaboracion-de-proyectos-de-calidad\/","url_meta":{"origin":4901,"position":3},"title":"ERASMUS+:  ELABORACI\u00d3N DE PROYECTOS DE CALIDAD","author":"Maribel Mu\u00f1oz","date":"19 abril, 2021","format":false,"excerpt":"Buenas tardes\u00a0 compa\u00f1eras y compa\u00f1eros, Os informamos que est\u00e1 abierto el plazo de inscripci\u00f3n del curso a distancia de \u00e1mbito provincial ERASMUS+: ELABORACI\u00d3N DE PROYECTOS DE CALIDAD. C\u00f3digo: 219922KPI303.\u00a0 Es una formaci\u00f3n PROVINCIAL, gestionada por el CEP de M\u00c1LAGA. Las fechas de la formaci\u00f3n son las siguientes:\u00a0 *Fecha actividad: 22\/04\/2021\u2026","rel":"","context":"En \u00abFormaciones\u00bb","block_context":{"text":"Formaciones","link":"https:\/\/cepronda.com\/blog\/category\/formaciones\/"},"img":{"alt_text":"","src":"https:\/\/i0.wp.com\/cepronda.com\/blog\/wp-content\/uploads\/2021\/03\/bandera-europea.jpg?resize=350%2C200","width":350,"height":200},"classes":[]},{"id":7870,"url":"https:\/\/cepronda.com\/blog\/curso-proyectos-erasmus-no-acreditados-2025-sector-escolar-y-adultos-con-codigo-259923kpi546\/","url_meta":{"origin":4901,"position":4},"title":"CURSO: PROYECTOS ERASMUS+ NO ACREDITADOS 2025 (SECTOR ESCOLAR Y ADULTOS), con c\u00f3digo 259923KPI546.","author":"Inmaculada Garc\u00eda","date":"28 noviembre, 2024","format":false,"excerpt":"Abierto el plazo de solicitudes para el curso provincial semipresencial: \u00a0 PROYECTOS ERASMUS+ NO ACREDITADOS 2025 (SECTOR ESCOLAR Y ADULTOS), con c\u00f3digo 259923KPI546. \u270f Inscripci\u00f3n del 28 nov al 13 dic 2024 Actividad del 20 dic al 14 feb 2025 \u27a1 Duraci\u00f3n: 30 horas (6 por Webex y 24 en\u2026","rel":"","context":"En \u00abFormaciones\u00bb","block_context":{"text":"Formaciones","link":"https:\/\/cepronda.com\/blog\/category\/formaciones\/"},"img":{"alt_text":"","src":"https:\/\/i0.wp.com\/cepronda.com\/blog\/wp-content\/uploads\/2024\/11\/Cartel-Curso-Erasmus-202425.png?fit=800%2C800&ssl=1&resize=350%2C200","width":350,"height":200,"srcset":"https:\/\/i0.wp.com\/cepronda.com\/blog\/wp-content\/uploads\/2024\/11\/Cartel-Curso-Erasmus-202425.png?fit=800%2C800&ssl=1&resize=350%2C200 1x, https:\/\/i0.wp.com\/cepronda.com\/blog\/wp-content\/uploads\/2024\/11\/Cartel-Curso-Erasmus-202425.png?fit=800%2C800&ssl=1&resize=525%2C300 1.5x, https:\/\/i0.wp.com\/cepronda.com\/blog\/wp-content\/uploads\/2024\/11\/Cartel-Curso-Erasmus-202425.png?fit=800%2C800&ssl=1&resize=700%2C400 2x"},"classes":[]},{"id":4847,"url":"https:\/\/cepronda.com\/blog\/gestion-economica-de-proyectos-erasmus\/","url_meta":{"origin":4901,"position":5},"title":"GESTI\u00d3N ECON\u00d3MICA DE PROYECTOS ERASMUS","author":"Maribel Mu\u00f1oz","date":"2 noviembre, 2021","format":false,"excerpt":"Buenas tardes compa\u00f1eras y compa\u00f1eros, Os informamos que est\u00e1 abierto el plazo de inscripci\u00f3n en la actividad GESTI\u00d3N ECON\u00d3MICA DE PROYECTOS ERASMUS con c\u00f3digo 229924PI002. Es una actividad PROVINCIAL.\u00a0 Se desarrollar\u00e1 en el Aula Virtual de Formaci\u00f3n del Profesorado. Consta de 10 horas , 6 de ellas se desarrollaran mediante\u2026","rel":"","context":"En \u00abFormaciones\u00bb","block_context":{"text":"Formaciones","link":"https:\/\/cepronda.com\/blog\/category\/formaciones\/"},"img":{"alt_text":"","src":"https:\/\/i0.wp.com\/cepronda.com\/blog\/wp-content\/uploads\/2021\/11\/229924PI002-Gestion-Economica-Erasmus-212x300.png?resize=350%2C200","width":350,"height":200},"classes":[]}],"jetpack_sharing_enabled":true,"_links":{"self":[{"href":"https:\/\/cepronda.com\/blog\/wp-json\/wp\/v2\/posts\/4901","targetHints":{"allow":["GET"]}}],"collection":[{"href":"https:\/\/cepronda.com\/blog\/wp-json\/wp\/v2\/posts"}],"about":[{"href":"https:\/\/cepronda.com\/blog\/wp-json\/wp\/v2\/types\/post"}],"author":[{"embeddable":true,"href":"https:\/\/cepronda.com\/blog\/wp-json\/wp\/v2\/users\/10"}],"replies":[{"embeddable":true,"href":"https:\/\/cepronda.com\/blog\/wp-json\/wp\/v2\/comments?post=4901"}],"version-history":[{"count":1,"href":"https:\/\/cepronda.com\/blog\/wp-json\/wp\/v2\/posts\/4901\/revisions"}],"predecessor-version":[{"id":4903,"href":"https:\/\/cepronda.com\/blog\/wp-json\/wp\/v2\/posts\/4901\/revisions\/4903"}],"wp:featuredmedia":[{"embeddable":true,"href":"https:\/\/cepronda.com\/blog\/wp-json\/wp\/v2\/media\/4902"}],"wp:attachment":[{"href":"https:\/\/cepronda.com\/blog\/wp-json\/wp\/v2\/media?parent=4901"}],"wp:term":[{"taxonomy":"category","embeddable":true,"href":"https:\/\/cepronda.com\/blog\/wp-json\/wp\/v2\/categories?post=4901"},{"taxonomy":"post_tag","embeddable":true,"href":"https:\/\/cepronda.com\/blog\/wp-json\/wp\/v2\/tags?post=4901"}],"curies":[{"name":"wp","href":"https:\/\/api.w.org\/{rel}","templated":true}]}}