{"id":4840,"date":"2021-10-30T13:01:36","date_gmt":"2021-10-30T11:01:36","guid":{"rendered":"http:\/\/cepronda.com\/blog\/?p=4840"},"modified":"2025-04-28T11:44:22","modified_gmt":"2025-04-28T09:44:22","slug":"i-congreso-internacional-de-innovacion-educativa-en-andalucia","status":"publish","type":"post","link":"https:\/\/cepronda.com\/blog\/i-congreso-internacional-de-innovacion-educativa-en-andalucia\/","title":{"rendered":"I CONGRESO INTERNACIONAL DE INNOVACI\u00d3N EDUCATIVA EN ANDALUC\u00cdA"},"content":{"rendered":"<p>Buenos d\u00edas compa\u00f1eras y compa\u00f1eros,<\/p>\n<p>Os informamos que est\u00e1 abierto el plazo de inscripci\u00f3n en el<strong> I CONGRESO INTERNACIONAL DE INNOVACI\u00d3N EDUCATIVA EN ANDALUC\u00cdA &nbsp;con c\u00f3digo 229922PF002.<\/strong> Es una actividad de \u00e1mbito REGIONAL.&nbsp; Se desarrollar\u00e1 en el FYCMA. Palacio de Ferias y Congresos de M\u00e1laga. Hay un total de 400 plazas.&nbsp;<\/p>\n<p>Las fechas del congreso son las siguientes:<\/p>\n<p><strong>Inscripciones<\/strong>: desde el 29\/10\/2021 al 15\/11\/2021 (ACTUALIZADO: Plazas agotadas. Nuevas inscripciones en lista de espera)<br \/>\n<strong>Comienzo del congreso<\/strong>: 19\/11\/2021 . <strong>Finalizaci\u00f3n<\/strong>: 20\/11\/2021<\/p>\n<p>Para m\u00e1s informaci\u00f3n puedes consultar la ficha de la actividad en el siguiente enlace donde tambi\u00e9n puedes realizar la&nbsp; <a href=\"https:\/\/www.juntadeandalucia.es\/educacion\/secretariavirtual\/consultaCEP\/actividad\/229922PF002\/\">inscripci\u00f3n<\/a>.&nbsp;Si es de tu inter\u00e9s, real\u00edzala a la mayor brevedad posible.<\/p>\n<p>M\u00e1s detalles, en la<a href=\"http:\/\/cieand.es\/\"> web<\/a> del congreso.<\/p>\n<p>Deseamos que sea de vuestro inter\u00e9s.<\/p>\n<p>Saludos.<\/p>\n<p><img data-recalc-dims=\"1\" loading=\"lazy\" decoding=\"async\" class=\"alignnone size-medium wp-image-4841 aligncenter\" src=\"https:\/\/i0.wp.com\/cepronda.com\/blog\/wp-content\/uploads\/2021\/10\/Congreso-300x196.jpg?resize=300%2C196\" alt=\"\" width=\"300\" height=\"196\"><\/p>\n<p>&nbsp;<\/p>\n<p>&nbsp;<\/p>\n","protected":false},"excerpt":{"rendered":"<p>Buenos d\u00edas compa\u00f1eras y compa\u00f1eros, Os informamos que est\u00e1 abierto el plazo de inscripci\u00f3n en el I CONGRESO INTERNACIONAL DE INNOVACI\u00d3N EDUCATIVA EN ANDALUC\u00cdA &nbsp;con c\u00f3digo 229922PF002. Es una actividad de \u00e1mbito REGIONAL.&nbsp; Se desarrollar\u00e1 en el FYCMA. Palacio de Ferias y Congresos de M\u00e1laga. Hay un total de 400 plazas.&nbsp; Las fechas del congreso [&hellip;]<\/p>\n","protected":false},"author":10,"featured_media":0,"comment_status":"closed","ping_status":"open","sticky":false,"template":"","format":"standard","meta":{"_crdt_document":"","advanced_seo_description":"","jetpack_seo_html_title":"","jetpack_seo_noindex":false,"jetpack_post_was_ever_published":false,"_jetpack_newsletter_access":"","_jetpack_dont_email_post_to_subs":false,"_jetpack_newsletter_tier_id":0,"_jetpack_memberships_contains_paywalled_content":false,"_jetpack_memberships_contains_paid_content":false,"footnotes":"","jetpack_publicize_message":"","jetpack_publicize_feature_enabled":true,"jetpack_social_post_already_shared":false,"jetpack_social_options":{"image_generator_settings":{"template":"highway","default_image_id":0,"font":"","enabled":false},"version":2}},"categories":[3,5],"tags":[15,204,39],"class_list":{"0":"post-4840","1":"post","2":"type-post","3":"status-publish","4":"format-standard","6":"category-formaciones","7":"category-noticias","8":"tag-congreso","9":"tag-convocatoria-regional","10":"tag-innovacion-educativa","11":"czr-hentry"},"jetpack_publicize_connections":[],"jetpack_featured_media_url":"","jetpack_shortlink":"https:\/\/wp.me\/p8M4X7-1g4","jetpack-related-posts":[{"id":7203,"url":"https:\/\/cepronda.com\/blog\/ii-congreso-internacional-de-innovacion-educativa-2ciieand\/","url_meta":{"origin":4840,"position":0},"title":"II Congreso Internacional de Innovaci\u00f3n Educativa #2CIIEAND.","author":"Inmaculada Garc\u00eda","date":"10 noviembre, 2023","format":false,"excerpt":"El 15 y el 16 de diciembre tendr\u00e1 lugar en M\u00e1laga el II Congreso Internacional de Innovaci\u00f3n Educativa #2CIIEAND. Hoy se abre la inscripci\u00f3n en la web de la Consejer\u00eda. Solicita tu plaza aqu\u00ed. https:\/\/lajunta.es\/4gvmb","rel":"","context":"En \u00abNoticias\u00bb","block_context":{"text":"Noticias","link":"https:\/\/cepronda.com\/blog\/category\/noticias\/"},"img":{"alt_text":"","src":"https:\/\/i0.wp.com\/cepronda.com\/blog\/wp-content\/uploads\/2023\/11\/II-congrso-internacionesl.jpg?fit=680%2C589&ssl=1&resize=350%2C200","width":350,"height":200,"srcset":"https:\/\/i0.wp.com\/cepronda.com\/blog\/wp-content\/uploads\/2023\/11\/II-congrso-internacionesl.jpg?fit=680%2C589&ssl=1&resize=350%2C200 1x, https:\/\/i0.wp.com\/cepronda.com\/blog\/wp-content\/uploads\/2023\/11\/II-congrso-internacionesl.jpg?fit=680%2C589&ssl=1&resize=525%2C300 1.5x"},"classes":[]},{"id":8899,"url":"https:\/\/cepronda.com\/blog\/8899-2\/","url_meta":{"origin":4840,"position":1},"title":"III CONGRESO INTERNACIONAL DE EDUCACI\u00d3N Y FLAMENCO: FORMACI\u00d3N E INNOVACI\u00d3N EN EL AULA.","author":"Inmaculada Garc\u00eda","date":"9 octubre, 2025","format":false,"excerpt":"Os informamos de que ya est\u00e1 abierto el plazo de inscripci\u00f3n en el III CONGRESO INTERNACIONAL DE EDUCACI\u00d3N Y FLAMENCO: FORMACI\u00d3N E INNOVACI\u00d3N EN EL AULA. (C\u00f3digo 269915CIEF03) Esta actividad regional se celebrar\u00e1 en Huelva los d\u00edas 11-13 de noviembre. \u00a0 Fecha inscripci\u00f3n: 03\/10\/2025 hasta 20\/10\/2025 \u00a0 Para inscripci\u00f3n y\u2026","rel":"","context":"En \u00abFormaciones\u00bb","block_context":{"text":"Formaciones","link":"https:\/\/cepronda.com\/blog\/category\/formaciones\/"},"img":{"alt_text":"","src":"https:\/\/i0.wp.com\/cepronda.com\/blog\/wp-content\/uploads\/2025\/10\/flamenco-cep-huelva2.jpg?fit=740%2C1200&ssl=1&resize=350%2C200","width":350,"height":200,"srcset":"https:\/\/i0.wp.com\/cepronda.com\/blog\/wp-content\/uploads\/2025\/10\/flamenco-cep-huelva2.jpg?fit=740%2C1200&ssl=1&resize=350%2C200 1x, https:\/\/i0.wp.com\/cepronda.com\/blog\/wp-content\/uploads\/2025\/10\/flamenco-cep-huelva2.jpg?fit=740%2C1200&ssl=1&resize=525%2C300 1.5x, https:\/\/i0.wp.com\/cepronda.com\/blog\/wp-content\/uploads\/2025\/10\/flamenco-cep-huelva2.jpg?fit=740%2C1200&ssl=1&resize=700%2C400 2x"},"classes":[]},{"id":9207,"url":"https:\/\/cepronda.com\/blog\/9207-2\/","url_meta":{"origin":4840,"position":2},"title":"CONGRESO NACIONAL PARA LA CONVIVENCIA EN LA ERA DIGITAL. ANDALUC\u00cdA FRENTE AL ACOSO","author":"Encarni Jim\u00e9nez Rosado","date":"13 enero, 2026","format":false,"excerpt":"Abierto plazo de inscripci\u00f3n para el \u201cCONGRESO NACIONAL PARA LA CONVIVENCIA EN LA ERA DIGITAL. ANDALUC\u00cdA FRENTE AL ACOSO, con c\u00f3digo 269908CI006. Actividad regional presencial, que se desarrollar\u00e1 los d\u00edas 29 y 30 de enero de 2026, en el Centro de Exposiciones, Ferias y Convenciones de C\u00f3rdoba. Las inscripciones estar\u00e1n\u2026","rel":"","context":"En \u00abFormaciones\u00bb","block_context":{"text":"Formaciones","link":"https:\/\/cepronda.com\/blog\/category\/formaciones\/"},"img":{"alt_text":"","src":"https:\/\/i0.wp.com\/cepronda.com\/blog\/wp-content\/uploads\/2026\/01\/acoso.jpg?fit=1200%2C962&ssl=1&resize=350%2C200","width":350,"height":200,"srcset":"https:\/\/i0.wp.com\/cepronda.com\/blog\/wp-content\/uploads\/2026\/01\/acoso.jpg?fit=1200%2C962&ssl=1&resize=350%2C200 1x, https:\/\/i0.wp.com\/cepronda.com\/blog\/wp-content\/uploads\/2026\/01\/acoso.jpg?fit=1200%2C962&ssl=1&resize=525%2C300 1.5x, https:\/\/i0.wp.com\/cepronda.com\/blog\/wp-content\/uploads\/2026\/01\/acoso.jpg?fit=1200%2C962&ssl=1&resize=700%2C400 2x, https:\/\/i0.wp.com\/cepronda.com\/blog\/wp-content\/uploads\/2026\/01\/acoso.jpg?fit=1200%2C962&ssl=1&resize=1050%2C600 3x"},"classes":[]},{"id":6101,"url":"https:\/\/cepronda.com\/blog\/ii-congreso-de-educacion-y-flamenco-innovacion-investigacion-y-transformacion\/","url_meta":{"origin":4840,"position":3},"title":"*II CONGRESO DE EDUCACI\u00d3N Y FLAMENCO. INNOVACI\u00d3N, INVESTIGACI\u00d3N Y TRANSFORMACI\u00d3N*","author":"Inmaculada Garc\u00eda","date":"16 octubre, 2023","format":false,"excerpt":"Hasta el pr\u00f3ximo 23 de Octubre a las 14:00 h. se encuentra abierto el plazo de inscripci\u00f3n para la actividad formativa REGIONAL: *II CONGRESO DE EDUCACI\u00d3N Y FLAMENCO. INNOVACI\u00d3N, INVESTIGACI\u00d3N Y TRANSFORMACI\u00d3N* (242319GE001). Esta formaci\u00f3n se desarrollar\u00e1 de forma *presencial en Ja\u00e9n durante los d\u00edas 22, 23 y 24 de\u2026","rel":"","context":"En \u00abFormaciones\u00bb","block_context":{"text":"Formaciones","link":"https:\/\/cepronda.com\/blog\/category\/formaciones\/"},"img":{"alt_text":"","src":"https:\/\/i0.wp.com\/cepronda.com\/blog\/wp-content\/uploads\/2023\/10\/WhatsApp-Image-2023-10-13-at-09.28.51.jpeg?fit=398%2C760&ssl=1&resize=350%2C200","width":350,"height":200},"classes":[]},{"id":4387,"url":"https:\/\/cepronda.com\/blog\/plan-estrategico-de-innovacion-educativa-2021-2027\/","url_meta":{"origin":4840,"position":4},"title":"Plan Estrat\u00e9gico de Innovaci\u00f3n Educativa 2021-2027","author":"Maribel Mu\u00f1oz","date":"9 abril, 2021","format":false,"excerpt":"Buenos d\u00edas compa\u00f1eras y compa\u00f1eros, Os recordamos que ten\u00e9is en SENECA el formulario para conocer el grado de innovaci\u00f3n de los centros andaluces. No obstante aqu\u00ed ten\u00e9is el enlace: https:\/\/ec.europa.eu\/eusurvey\/runner\/InnoEdu El plazo para la cumplimentaci\u00f3n del cuestionario por parte de los docentes finaliza el martes 20 de abril (23.59). Os\u2026","rel":"","context":"En \u00abFormaciones\u00bb","block_context":{"text":"Formaciones","link":"https:\/\/cepronda.com\/blog\/category\/formaciones\/"},"img":{"alt_text":"","src":"https:\/\/i0.wp.com\/cepronda.com\/blog\/wp-content\/uploads\/2020\/03\/S%C2%B0mbolo-gen%C3%87rico-RRSS-redondo-negativo.png?fit=1200%2C1200&ssl=1&resize=350%2C200","width":350,"height":200,"srcset":"https:\/\/i0.wp.com\/cepronda.com\/blog\/wp-content\/uploads\/2020\/03\/S%C2%B0mbolo-gen%C3%87rico-RRSS-redondo-negativo.png?fit=1200%2C1200&ssl=1&resize=350%2C200 1x, https:\/\/i0.wp.com\/cepronda.com\/blog\/wp-content\/uploads\/2020\/03\/S%C2%B0mbolo-gen%C3%87rico-RRSS-redondo-negativo.png?fit=1200%2C1200&ssl=1&resize=525%2C300 1.5x, https:\/\/i0.wp.com\/cepronda.com\/blog\/wp-content\/uploads\/2020\/03\/S%C2%B0mbolo-gen%C3%87rico-RRSS-redondo-negativo.png?fit=1200%2C1200&ssl=1&resize=700%2C400 2x, https:\/\/i0.wp.com\/cepronda.com\/blog\/wp-content\/uploads\/2020\/03\/S%C2%B0mbolo-gen%C3%87rico-RRSS-redondo-negativo.png?fit=1200%2C1200&ssl=1&resize=1050%2C600 3x"},"classes":[]},{"id":8803,"url":"https:\/\/cepronda.com\/blog\/v-congreso-internacional-conmemorativo-del-descubrimiento-de-america-codigo-262115ge002\/","url_meta":{"origin":4840,"position":5},"title":"V CONGRESO INTERNACIONAL CONMEMORATIVO DEL DESCUBRIMIENTO DE AM\u00c9RICA. C\u00f3digo: 262115GE002","author":"Inmaculada Garc\u00eda","date":"18 septiembre, 2025","format":false,"excerpt":"Abierta la inscripci\u00f3n del Congreso regional organizado por el CEP de Huelva- Isla Cristina: V CONGRESO INTERNACIONAL CONMEMORATIVO DEL DESCUBRIMIENTO DE AM\u00c9RICA. C\u00f3digo: 262115GE002 \u00a0 Fecha inscripci\u00f3n: 12\/09\/2025 hasta 06\/10\/2025. Fecha actividad: 10\/10\/2025 hasta 13\/10\/2025. \u00a0 Duraci\u00f3n: 18 horas \u00a0 \u00a0 Detalle e inscripci\u00f3n: https:\/\/www.juntadeandalucia.es\/educacion\/secretariavirtual\/consultaCEP\/actividad\/262115GE002\/","rel":"","context":"En \u00abFormaciones\u00bb","block_context":{"text":"Formaciones","link":"https:\/\/cepronda.com\/blog\/category\/formaciones\/"},"img":{"alt_text":"","src":"https:\/\/i0.wp.com\/cepronda.com\/blog\/wp-content\/uploads\/2025\/09\/cartelVDescubrimiento_programa_ok3.jpg?fit=848%2C1200&ssl=1&resize=350%2C200","width":350,"height":200,"srcset":"https:\/\/i0.wp.com\/cepronda.com\/blog\/wp-content\/uploads\/2025\/09\/cartelVDescubrimiento_programa_ok3.jpg?fit=848%2C1200&ssl=1&resize=350%2C200 1x, https:\/\/i0.wp.com\/cepronda.com\/blog\/wp-content\/uploads\/2025\/09\/cartelVDescubrimiento_programa_ok3.jpg?fit=848%2C1200&ssl=1&resize=525%2C300 1.5x, https:\/\/i0.wp.com\/cepronda.com\/blog\/wp-content\/uploads\/2025\/09\/cartelVDescubrimiento_programa_ok3.jpg?fit=848%2C1200&ssl=1&resize=700%2C400 2x"},"classes":[]}],"jetpack_sharing_enabled":true,"_links":{"self":[{"href":"https:\/\/cepronda.com\/blog\/wp-json\/wp\/v2\/posts\/4840","targetHints":{"allow":["GET"]}}],"collection":[{"href":"https:\/\/cepronda.com\/blog\/wp-json\/wp\/v2\/posts"}],"about":[{"href":"https:\/\/cepronda.com\/blog\/wp-json\/wp\/v2\/types\/post"}],"author":[{"embeddable":true,"href":"https:\/\/cepronda.com\/blog\/wp-json\/wp\/v2\/users\/10"}],"replies":[{"embeddable":true,"href":"https:\/\/cepronda.com\/blog\/wp-json\/wp\/v2\/comments?post=4840"}],"version-history":[{"count":2,"href":"https:\/\/cepronda.com\/blog\/wp-json\/wp\/v2\/posts\/4840\/revisions"}],"predecessor-version":[{"id":4846,"href":"https:\/\/cepronda.com\/blog\/wp-json\/wp\/v2\/posts\/4840\/revisions\/4846"}],"wp:attachment":[{"href":"https:\/\/cepronda.com\/blog\/wp-json\/wp\/v2\/media?parent=4840"}],"wp:term":[{"taxonomy":"category","embeddable":true,"href":"https:\/\/cepronda.com\/blog\/wp-json\/wp\/v2\/categories?post=4840"},{"taxonomy":"post_tag","embeddable":true,"href":"https:\/\/cepronda.com\/blog\/wp-json\/wp\/v2\/tags?post=4840"}],"curies":[{"name":"wp","href":"https:\/\/api.w.org\/{rel}","templated":true}]}}