{"id":4834,"date":"2021-10-28T12:55:01","date_gmt":"2021-10-28T10:55:01","guid":{"rendered":"http:\/\/cepronda.com\/blog\/?p=4834"},"modified":"2021-10-28T12:57:39","modified_gmt":"2021-10-28T10:57:39","slug":"actividad-formativa-masculinidades-diversas-y-adolescencia-propuesta-practica-2","status":"publish","type":"post","link":"https:\/\/cepronda.com\/blog\/actividad-formativa-masculinidades-diversas-y-adolescencia-propuesta-practica-2\/","title":{"rendered":"ACTIVIDAD FORMATIVA MASCULINIDADES DIVERSAS Y ADOLESCENCIA. PROPUESTA PR\u00c1CTICA."},"content":{"rendered":"<p>Buenas tardes compa\u00f1eros y compa\u00f1eras, el pr\u00f3ximo 11 de Noviembre comenzar\u00e1 la actividad formativa \u00abMASCULINIDADES DIVERSAS Y ADOLECENCIA. PROPUESTA PR\u00c1CTICA\u00bb<\/p>\n<p><img data-recalc-dims=\"1\" loading=\"lazy\" decoding=\"async\" class=\"size-medium wp-image-4837 aligncenter\" src=\"https:\/\/i0.wp.com\/cepronda.com\/blog\/wp-content\/uploads\/2021\/10\/MASCULINIDADES-DIVERSAS-Y-ADOLESCENCIA-PROPUESTA-PRACTICA-1-212x300.jpg?resize=212%2C300\" alt=\"\" width=\"212\" height=\"300\"><\/p>\n<p>Pod\u00e9is acceder a m\u00e1s informaci\u00f3n y realizar vuestra inscripci\u00f3n en <a href=\"https:\/\/www.juntadeandalucia.es\/educacion\/secretariavirtual\/consultaCEP\/actividad\/222924GE014\/\">ESTE ENLACE<\/a>.<\/p>\n<p>Esta actividad forma parte de nuestro <a href=\"https:\/\/view.genial.ly\/614088080520180de04d4c0e\/horizontal-infographic-review-itinerario-formativo-convivencia-e-igualdad-cep-de-ronda\">ITINERARIO FORMATIVO EN CONVIVENCIA E IGUALDAD<\/a>.&nbsp;<\/p>\n<p>Esperamos que sea de vuestro inter\u00e9s.&nbsp;<\/p>\n<p>&nbsp;<\/p>\n<p>&nbsp;<\/p>\n","protected":false},"excerpt":{"rendered":"<p>Buenas tardes compa\u00f1eros y compa\u00f1eras, el pr\u00f3ximo 11 de Noviembre comenzar\u00e1 la actividad formativa \u00abMASCULINIDADES DIVERSAS Y ADOLECENCIA. PROPUESTA PR\u00c1CTICA\u00bb Pod\u00e9is acceder a m\u00e1s informaci\u00f3n y realizar vuestra inscripci\u00f3n en ESTE ENLACE. Esta actividad forma parte de nuestro ITINERARIO FORMATIVO EN CONVIVENCIA E IGUALDAD.&nbsp; Esperamos que sea de vuestro inter\u00e9s.&nbsp; &nbsp; &nbsp;<\/p>\n","protected":false},"author":9,"featured_media":0,"comment_status":"closed","ping_status":"open","sticky":false,"template":"","format":"standard","meta":{"_crdt_document":"","advanced_seo_description":"","jetpack_seo_html_title":"","jetpack_seo_noindex":false,"jetpack_post_was_ever_published":false,"_jetpack_newsletter_access":"","_jetpack_dont_email_post_to_subs":false,"_jetpack_newsletter_tier_id":0,"_jetpack_memberships_contains_paywalled_content":false,"_jetpack_memberships_contains_paid_content":false,"footnotes":"","jetpack_publicize_message":"","jetpack_publicize_feature_enabled":true,"jetpack_social_post_already_shared":false,"jetpack_social_options":{"image_generator_settings":{"template":"highway","default_image_id":0,"font":"","enabled":false},"version":2}},"categories":[5],"tags":[],"class_list":{"0":"post-4834","1":"post","2":"type-post","3":"status-publish","4":"format-standard","6":"category-noticias","7":"czr-hentry"},"jetpack_publicize_connections":[],"jetpack_featured_media_url":"","jetpack_shortlink":"https:\/\/wp.me\/p8M4X7-1fY","jetpack-related-posts":[{"id":4801,"url":"https:\/\/cepronda.com\/blog\/actividad-formativa-masculinidades-diversas-y-adolescencia-propuesta-practica\/","url_meta":{"origin":4834,"position":0},"title":"ACTIVIDAD FORMATIVA \u00abMASCULINIDADES DIVERSAS Y ADOLESCENCIA: PROPUESTA PR\u00c1CTICA\u00bb","author":"Inmaculada Garc\u00eda","date":"21 octubre, 2021","format":false,"excerpt":"Buenas tardes compa\u00f1eros y compa\u00f1eras, os informamos de que est\u00e1 abierto el plazo de inscripci\u00f3n para la actividad formativa \"MASCULINIDADES DIVERSAS Y ADOLESCENCIA: PROPUESTA PR\u00c1CTICA\" en la que contaremos con Borja Rodr\u00edguez N\u00fa\u00f1ez, psic\u00f3logo, formador y experto en el trabajo con adolescentes, entre otros muchos \u00e1mbitos. El curso se presenta\u2026","rel":"","context":"En \u00abNoticias\u00bb","block_context":{"text":"Noticias","link":"https:\/\/cepronda.com\/blog\/category\/noticias\/"},"img":{"alt_text":"","src":"https:\/\/i0.wp.com\/cepronda.com\/blog\/wp-content\/uploads\/2021\/10\/MASCULINIDADES-DIVERSAS-Y-ADOLESCENCIA-PROPUESTA-PRACTICA-212x300.jpg?resize=350%2C200","width":350,"height":200},"classes":[]},{"id":2353,"url":"https:\/\/cepronda.com\/blog\/jornada-formativa-sobre-la-first-lego-league\/","url_meta":{"origin":4834,"position":1},"title":"Jornada formativa sobre la First lego League","author":"V\u00edctor Caballero","date":"1 octubre, 2018","format":false,"excerpt":"\u00a1Hola! \u00bfQu\u00e9 tal ha ido ese fin de semana? Seguro que ya con las pilas mas cargadas... Hoy queremos compartir con todos y todas vosotras esta jornada informativa para el pr\u00f3ximo mi\u00e9rcoles 10 de octubre a las 17 horas. En ella informaremos sobre la First Lego League, una actividad que\u2026","rel":"","context":"En \u00abNoticias\u00bb","block_context":{"text":"Noticias","link":"https:\/\/cepronda.com\/blog\/category\/noticias\/"},"img":{"alt_text":"","src":"https:\/\/i0.wp.com\/cepronda.com\/blog\/wp-content\/uploads\/2018\/10\/electrician-499799_640.jpg?fit=640%2C426&ssl=1&resize=350%2C200","width":350,"height":200,"srcset":"https:\/\/i0.wp.com\/cepronda.com\/blog\/wp-content\/uploads\/2018\/10\/electrician-499799_640.jpg?fit=640%2C426&ssl=1&resize=350%2C200 1x, https:\/\/i0.wp.com\/cepronda.com\/blog\/wp-content\/uploads\/2018\/10\/electrician-499799_640.jpg?fit=640%2C426&ssl=1&resize=525%2C300 1.5x"},"classes":[]},{"id":2293,"url":"https:\/\/cepronda.com\/blog\/curso-iniciacion-al-aprendizaje-basado-en-proyectos-para-primaria\/","url_meta":{"origin":4834,"position":2},"title":"Curso: INICIACI\u00d3N AL APRENDIZAJE BASADO EN PROYECTOS PARA PRIMARIA","author":"V\u00edctor Caballero","date":"10 septiembre, 2018","format":false,"excerpt":"Seguimos con nuestro buen ritmo de principio de semana... En este caso queremos dar respuesta a las demandas que hemos tenido en los \u00faltimos a\u00f1os sobre c\u00f3mo llevar el trabajo por proyectos a nuestras aulas de Primaria. Para ello contaremos como ponente a Antonio Manuel G\u00e1lvez,\u00a0\u00a0y con esta\u00a0actividad formativa pretendemos\u2026","rel":"","context":"En \u00abFormaciones\u00bb","block_context":{"text":"Formaciones","link":"https:\/\/cepronda.com\/blog\/category\/formaciones\/"},"img":{"alt_text":"","src":"https:\/\/i0.wp.com\/cepronda.com\/blog\/wp-content\/uploads\/2018\/09\/children-99507_640.jpg?fit=640%2C426&ssl=1&resize=350%2C200","width":350,"height":200,"srcset":"https:\/\/i0.wp.com\/cepronda.com\/blog\/wp-content\/uploads\/2018\/09\/children-99507_640.jpg?fit=640%2C426&ssl=1&resize=350%2C200 1x, https:\/\/i0.wp.com\/cepronda.com\/blog\/wp-content\/uploads\/2018\/09\/children-99507_640.jpg?fit=640%2C426&ssl=1&resize=525%2C300 1.5x"},"classes":[]},{"id":3296,"url":"https:\/\/cepronda.com\/blog\/actualizacion-didactica-en-el-area-de-educacion-fisica-2\/","url_meta":{"origin":4834,"position":3},"title":"ACTUALIZACI\u00d3N DID\u00c1CTICA EN EL \u00c1REA DE EDUCACI\u00d3N F\u00cdSICA","author":"V\u00edctor Caballero","date":"8 enero, 2020","format":false,"excerpt":"\u00a1Hola de nuevo! Os recordamos que sigue abierto el plazo de inscripci\u00f3n hasta el 20 de enero de 2020 para esta formaci\u00f3n destinada a todas las personas especialistas de Educaci\u00f3n F\u00edsica. Os dejamos con el enlace a la actividad. Es una actividad formativa a propuesta de un Grupo de Trabajo\u2026","rel":"","context":"En \u00abFormaciones\u00bb","block_context":{"text":"Formaciones","link":"https:\/\/cepronda.com\/blog\/category\/formaciones\/"},"img":{"alt_text":"","src":"https:\/\/i0.wp.com\/cepronda.com\/blog\/wp-content\/uploads\/2019\/12\/actualizaci%C3%B3n-did%C3%A1ctica-EF.jpeg?resize=350%2C200&ssl=1","width":350,"height":200,"srcset":"https:\/\/i0.wp.com\/cepronda.com\/blog\/wp-content\/uploads\/2019\/12\/actualizaci%C3%B3n-did%C3%A1ctica-EF.jpeg?resize=350%2C200&ssl=1 1x, https:\/\/i0.wp.com\/cepronda.com\/blog\/wp-content\/uploads\/2019\/12\/actualizaci%C3%B3n-did%C3%A1ctica-EF.jpeg?resize=525%2C300&ssl=1 1.5x, https:\/\/i0.wp.com\/cepronda.com\/blog\/wp-content\/uploads\/2019\/12\/actualizaci%C3%B3n-did%C3%A1ctica-EF.jpeg?resize=700%2C400&ssl=1 2x, https:\/\/i0.wp.com\/cepronda.com\/blog\/wp-content\/uploads\/2019\/12\/actualizaci%C3%B3n-did%C3%A1ctica-EF.jpeg?resize=1050%2C600&ssl=1 3x, https:\/\/i0.wp.com\/cepronda.com\/blog\/wp-content\/uploads\/2019\/12\/actualizaci%C3%B3n-did%C3%A1ctica-EF.jpeg?resize=1400%2C800&ssl=1 4x"},"classes":[]},{"id":3331,"url":"https:\/\/cepronda.com\/blog\/educacion-afectivo-sexual-en-nuestros-centros\/","url_meta":{"origin":4834,"position":4},"title":"Educaci\u00f3n afectivo sexual en nuestros centros","author":"V\u00edctor Caballero","date":"13 enero, 2020","format":false,"excerpt":"\u00a1Hola de nuevo! Volvemos a compartir con todas y todos vosotros este curso de educaci\u00f3n afectivo sexual que creemos puede resultar muy interesante y de gran aplicabilidad en el aula. Se trata de 5 sesiones, una cada mes, y donde trabajremos violencia de g\u00e9nero, nuevas masculinidades, educaci\u00f3n afectivo sexual y\u2026","rel":"","context":"En \u00abFormaciones\u00bb","block_context":{"text":"Formaciones","link":"https:\/\/cepronda.com\/blog\/category\/formaciones\/"},"img":{"alt_text":"","src":"https:\/\/i0.wp.com\/cepronda.com\/blog\/wp-content\/uploads\/2020\/01\/EDUCACI%C3%93N-AFECTIVO-SEXUAL-EN-NUESTROS-CENTROS_-WE-LOVE-EDUCACI%C3%93N-SEXUAL-Y-COEDUCACI%C3%93N.jpg?fit=848%2C1200&ssl=1&resize=350%2C200","width":350,"height":200,"srcset":"https:\/\/i0.wp.com\/cepronda.com\/blog\/wp-content\/uploads\/2020\/01\/EDUCACI%C3%93N-AFECTIVO-SEXUAL-EN-NUESTROS-CENTROS_-WE-LOVE-EDUCACI%C3%93N-SEXUAL-Y-COEDUCACI%C3%93N.jpg?fit=848%2C1200&ssl=1&resize=350%2C200 1x, https:\/\/i0.wp.com\/cepronda.com\/blog\/wp-content\/uploads\/2020\/01\/EDUCACI%C3%93N-AFECTIVO-SEXUAL-EN-NUESTROS-CENTROS_-WE-LOVE-EDUCACI%C3%93N-SEXUAL-Y-COEDUCACI%C3%93N.jpg?fit=848%2C1200&ssl=1&resize=525%2C300 1.5x, https:\/\/i0.wp.com\/cepronda.com\/blog\/wp-content\/uploads\/2020\/01\/EDUCACI%C3%93N-AFECTIVO-SEXUAL-EN-NUESTROS-CENTROS_-WE-LOVE-EDUCACI%C3%93N-SEXUAL-Y-COEDUCACI%C3%93N.jpg?fit=848%2C1200&ssl=1&resize=700%2C400 2x"},"classes":[]},{"id":3798,"url":"https:\/\/cepronda.com\/blog\/acreditacion-erasmus-educacion-escolar-y-adultos\/","url_meta":{"origin":4834,"position":5},"title":"ACREDITACI\u00d3N ERASMUS. EDUCACI\u00d3N ESCOLAR Y ADULTOS.","author":"Maribel Mu\u00f1oz","date":"5 octubre, 2020","format":false,"excerpt":"Buenos d\u00edas compa\u00f1eras y compa\u00f1eros, Os informamos que\u00a0desde hoy y hasta el pr\u00f3ximo\u00a008 de octubre de 2020, a las 10:00 de la ma\u00f1ana, se encuentra abierto el plazo de inscripci\u00f3n para la actividad formativa\u00a0ACREDITACI\u00d3N ERASMUS EN EL \u00c1MBITO DE LA EDUCACI\u00d3N ESCOLAR Y DE ADULTOS. Se trata de una actividad\u2026","rel":"","context":"En \u00abFormaciones\u00bb","block_context":{"text":"Formaciones","link":"https:\/\/cepronda.com\/blog\/category\/formaciones\/"},"img":{"alt_text":"","src":"https:\/\/i0.wp.com\/cepronda.com\/blog\/wp-content\/uploads\/2020\/10\/erasmus-300x300.jpg?resize=350%2C200","width":350,"height":200},"classes":[]}],"jetpack_sharing_enabled":true,"_links":{"self":[{"href":"https:\/\/cepronda.com\/blog\/wp-json\/wp\/v2\/posts\/4834","targetHints":{"allow":["GET"]}}],"collection":[{"href":"https:\/\/cepronda.com\/blog\/wp-json\/wp\/v2\/posts"}],"about":[{"href":"https:\/\/cepronda.com\/blog\/wp-json\/wp\/v2\/types\/post"}],"author":[{"embeddable":true,"href":"https:\/\/cepronda.com\/blog\/wp-json\/wp\/v2\/users\/9"}],"replies":[{"embeddable":true,"href":"https:\/\/cepronda.com\/blog\/wp-json\/wp\/v2\/comments?post=4834"}],"version-history":[{"count":2,"href":"https:\/\/cepronda.com\/blog\/wp-json\/wp\/v2\/posts\/4834\/revisions"}],"predecessor-version":[{"id":4839,"href":"https:\/\/cepronda.com\/blog\/wp-json\/wp\/v2\/posts\/4834\/revisions\/4839"}],"wp:attachment":[{"href":"https:\/\/cepronda.com\/blog\/wp-json\/wp\/v2\/media?parent=4834"}],"wp:term":[{"taxonomy":"category","embeddable":true,"href":"https:\/\/cepronda.com\/blog\/wp-json\/wp\/v2\/categories?post=4834"},{"taxonomy":"post_tag","embeddable":true,"href":"https:\/\/cepronda.com\/blog\/wp-json\/wp\/v2\/tags?post=4834"}],"curies":[{"name":"wp","href":"https:\/\/api.w.org\/{rel}","templated":true}]}}