{"id":4816,"date":"2021-10-25T10:46:30","date_gmt":"2021-10-25T08:46:30","guid":{"rendered":"http:\/\/cepronda.com\/blog\/?p=4816"},"modified":"2025-04-25T11:59:57","modified_gmt":"2025-04-25T09:59:57","slug":"aplicacion-didactica-de-classroom-y-herramientas-de-google-inicial","status":"publish","type":"post","link":"https:\/\/cepronda.com\/blog\/aplicacion-didactica-de-classroom-y-herramientas-de-google-inicial\/","title":{"rendered":"APLICACI\u00d3N DID\u00c1CTICA DE CLASSROOM Y HERRAMIENTAS DE GOOGLE. INICIAL"},"content":{"rendered":"<p>Buenas d\u00edas, compa\u00f1eras y compa\u00f1eros.<\/p>\n<p>Os informamos que est\u00e1 abierto el plazo de inscripci\u00f3n en la actividad&nbsp;<strong> \u00abAPLICACI\u00d3N DID\u00c1CTICA DE CLASSROOM Y HERRAMIENTAS DE GOOGLE. INICIAL\u00bb con c\u00f3digo 222924GE038.<\/strong> Es una actividad del \u00e1mbito CEP de Ronda.&nbsp; Se desarrollar\u00e1 en el Aula Virtual de Formaci\u00f3n del Profesorado.<\/p>\n<p>Las fechas de la formaci\u00f3n son las siguientes:<\/p>\n<ul class=\"list-group\">\n<li><b>Fecha inscripci\u00f3n:<\/b>&nbsp;13\/10\/2021 hasta 25\/10\/2021<\/li>\n<li class=\"list-group-item\"><b>Fecha actividad:<\/b>&nbsp;01\/11\/2021 hasta 23\/12\/2021<\/li>\n<li class=\"list-group-item\"><b>Horas totales:<\/b> 40h<\/li>\n<\/ul>\n<p>Para m\u00e1s informaci\u00f3n puedes consultar la ficha de la actividad en el siguiente enlace donde tambi\u00e9n puedes realizar la&nbsp;&nbsp;<a title=\"inscripci\u00f3n\" href=\"https:\/\/www.juntadeandalucia.es\/educacion\/secretariavirtual\/consultaCEP\/actividad\/222924GE038\/\" target=\"_blank\" rel=\"noopener noreferrer\">inscripci\u00f3n<\/a>.<\/p>\n<p>Deseamos que sea de vuestro inter\u00e9s.<\/p>\n<p>Saludos.<img data-recalc-dims=\"1\" loading=\"lazy\" decoding=\"async\" class=\" wp-image-4817 aligncenter\" src=\"https:\/\/i0.wp.com\/cepronda.com\/blog\/wp-content\/uploads\/2021\/10\/222924GE038-APLICACION-DIDACTICA-DE-CLASSROOM-Y-HERRAMIENTAS-DE-GOOGLE-INICIAL-212x300.png?resize=252%2C357\" alt=\"\" width=\"252\" height=\"357\"><\/p>\n<p><a href=\"https:\/\/drive.google.com\/file\/d\/15AculpU2Pif5xrgQzixa74zxxtyfSttj\/view?usp=sharing\">DESCARGA CARTEL PDF<\/a><\/p>\n","protected":false},"excerpt":{"rendered":"<p>Buenas d\u00edas, compa\u00f1eras y compa\u00f1eros. Os informamos que est\u00e1 abierto el plazo de inscripci\u00f3n en la actividad&nbsp; \u00abAPLICACI\u00d3N DID\u00c1CTICA DE CLASSROOM Y HERRAMIENTAS DE GOOGLE. INICIAL\u00bb con c\u00f3digo 222924GE038. Es una actividad del \u00e1mbito CEP de Ronda.&nbsp; Se desarrollar\u00e1 en el Aula Virtual de Formaci\u00f3n del Profesorado. Las fechas de la formaci\u00f3n son las siguientes: [&hellip;]<\/p>\n","protected":false},"author":9,"featured_media":0,"comment_status":"closed","ping_status":"open","sticky":false,"template":"","format":"standard","meta":{"_crdt_document":"","advanced_seo_description":"","jetpack_seo_html_title":"","jetpack_seo_noindex":false,"jetpack_post_was_ever_published":false,"_jetpack_newsletter_access":"","_jetpack_dont_email_post_to_subs":false,"_jetpack_newsletter_tier_id":0,"_jetpack_memberships_contains_paywalled_content":false,"_jetpack_memberships_contains_paid_content":false,"footnotes":"","jetpack_publicize_message":"","jetpack_publicize_feature_enabled":true,"jetpack_social_post_already_shared":false,"jetpack_social_options":{"image_generator_settings":{"template":"highway","default_image_id":0,"font":"","enabled":false},"version":2}},"categories":[3],"tags":[],"class_list":{"0":"post-4816","1":"post","2":"type-post","3":"status-publish","4":"format-standard","6":"category-formaciones","7":"czr-hentry"},"jetpack_publicize_connections":[],"jetpack_featured_media_url":"","jetpack_shortlink":"https:\/\/wp.me\/p8M4X7-1fG","jetpack-related-posts":[{"id":4087,"url":"https:\/\/cepronda.com\/blog\/aplicacion-didactica-de-classroom-y-herramientas-google-avanzado-2\/","url_meta":{"origin":4816,"position":0},"title":"APLICACI\u00d3N DID\u00c1CTICA DE CLASSROOM Y HERRAMIENTAS GOOGLE. AVANZADO.\u00a0","author":"V\u00edctor Caballero","date":"7 enero, 2021","format":false,"excerpt":"Muy buenas, compa\u00f1eros y compa\u00f1eras. Primero desearos Feliz a\u00f1o y que hay\u00e1is descansado en vuestras merecidas vacaciones. Recordaros que el\u00a0plazo de inscripci\u00f3n para participar en la actividad formativa \" APLICACI\u00d3N DID\u00c1CTICA DE CLASSROOM Y HERRAMIENTAS DE GOOGLE. AVANZADO\", finaliza el lunes 11 de enero. Fecha actividad:\u00a022\/01\/2021 hasta 19\/03\/2021 Fecha inscripci\u00f3n:\u00a0\u2026","rel":"","context":"En \u00abFormaciones\u00bb","block_context":{"text":"Formaciones","link":"https:\/\/cepronda.com\/blog\/category\/formaciones\/"},"img":{"alt_text":"","src":"https:\/\/i0.wp.com\/cepronda.com\/blog\/wp-content\/uploads\/2020\/12\/20210111-Aplicacion-didactica-google-avanzado.jpg?fit=848%2C1200&ssl=1&resize=350%2C200","width":350,"height":200,"srcset":"https:\/\/i0.wp.com\/cepronda.com\/blog\/wp-content\/uploads\/2020\/12\/20210111-Aplicacion-didactica-google-avanzado.jpg?fit=848%2C1200&ssl=1&resize=350%2C200 1x, https:\/\/i0.wp.com\/cepronda.com\/blog\/wp-content\/uploads\/2020\/12\/20210111-Aplicacion-didactica-google-avanzado.jpg?fit=848%2C1200&ssl=1&resize=525%2C300 1.5x, https:\/\/i0.wp.com\/cepronda.com\/blog\/wp-content\/uploads\/2020\/12\/20210111-Aplicacion-didactica-google-avanzado.jpg?fit=848%2C1200&ssl=1&resize=700%2C400 2x"},"classes":[]},{"id":4979,"url":"https:\/\/cepronda.com\/blog\/aplicacion-didactica-de-classroom-y-herramientas-de-google-avanzado-222924ge039\/","url_meta":{"origin":4816,"position":1},"title":"\u00abAPLICACI\u00d3N DID\u00c1CTICA DE CLASSROOM Y HERRAMIENTAS DE GOOGLE. AVANZADO\u00bb (222924GE039)","author":"Inmaculada Garc\u00eda","date":"13 enero, 2022","format":false,"excerpt":"Buenas tardes, compa\u00f1eras y compa\u00f1eros. Os recordamos que est\u00e1 abierto el plazo de inscripci\u00f3n en la actividad \"APLICACI\u00d3N DID\u00c1CTICA DE CLASSROOM Y HERRAMIENTAS DE GOOGLE. AVANZADO\", c\u00f3digo 222924GE039. Es una actividad en modalidad de \u00abCurso a distancia\u00bb, que se desarrollar\u00e1 en el Aula Virtual de Formaci\u00f3n del Profesorado. Duraci\u00f3n de\u2026","rel":"","context":"En \u00abFormaciones\u00bb","block_context":{"text":"Formaciones","link":"https:\/\/cepronda.com\/blog\/category\/formaciones\/"},"img":{"alt_text":"","src":"https:\/\/i0.wp.com\/cepronda.com\/blog\/wp-content\/uploads\/2022\/01\/22224GE039_APLICACION-DIDACTICA-DE-CLASSROOM-Y-HERRAMIENTASDE-GOOGLE.-INICIAL.png?fit=848%2C1200&ssl=1&resize=350%2C200","width":350,"height":200,"srcset":"https:\/\/i0.wp.com\/cepronda.com\/blog\/wp-content\/uploads\/2022\/01\/22224GE039_APLICACION-DIDACTICA-DE-CLASSROOM-Y-HERRAMIENTASDE-GOOGLE.-INICIAL.png?fit=848%2C1200&ssl=1&resize=350%2C200 1x, https:\/\/i0.wp.com\/cepronda.com\/blog\/wp-content\/uploads\/2022\/01\/22224GE039_APLICACION-DIDACTICA-DE-CLASSROOM-Y-HERRAMIENTASDE-GOOGLE.-INICIAL.png?fit=848%2C1200&ssl=1&resize=525%2C300 1.5x, https:\/\/i0.wp.com\/cepronda.com\/blog\/wp-content\/uploads\/2022\/01\/22224GE039_APLICACION-DIDACTICA-DE-CLASSROOM-Y-HERRAMIENTASDE-GOOGLE.-INICIAL.png?fit=848%2C1200&ssl=1&resize=700%2C400 2x"},"classes":[]},{"id":4064,"url":"https:\/\/cepronda.com\/blog\/aplicacion-didactica-de-classroom-y-herramientas-google-inicial\/","url_meta":{"origin":4816,"position":2},"title":"APLICACI\u00d3N DID\u00c1CTICA DE CLASSROOM Y HERRAMIENTAS GOOGLE. INICIAL.","author":"Inmaculada Garc\u00eda","date":"18 diciembre, 2020","format":false,"excerpt":"Hola compa\u00f1eros y compa\u00f1eras, os informamos que se ha abierto el plazo de inscripci\u00f3n en la actividad formativa a distancia APLICACI\u00d3N DID\u00c1CTICA DE CLASSROOM Y HERRAMIENTAS GOOGLE. INICIAL.\u00a0 Esperamos que sea de vuestro inter\u00e9s. ENTRA EN ESTE ENLACE PARA REALIZAR TU INSCRIPCI\u00d3N. \u00a0","rel":"","context":"En \u00abNoticias\u00bb","block_context":{"text":"Noticias","link":"https:\/\/cepronda.com\/blog\/category\/noticias\/"},"img":{"alt_text":"","src":"https:\/\/i0.wp.com\/cepronda.com\/blog\/wp-content\/uploads\/2020\/12\/APLICACION-DIDACTICA-DE-CLASSROOM-Y-HERRAMIENTASDE-GOOGLE.-INICIAL.jpg?fit=848%2C1200&ssl=1&resize=350%2C200","width":350,"height":200,"srcset":"https:\/\/i0.wp.com\/cepronda.com\/blog\/wp-content\/uploads\/2020\/12\/APLICACION-DIDACTICA-DE-CLASSROOM-Y-HERRAMIENTASDE-GOOGLE.-INICIAL.jpg?fit=848%2C1200&ssl=1&resize=350%2C200 1x, https:\/\/i0.wp.com\/cepronda.com\/blog\/wp-content\/uploads\/2020\/12\/APLICACION-DIDACTICA-DE-CLASSROOM-Y-HERRAMIENTASDE-GOOGLE.-INICIAL.jpg?fit=848%2C1200&ssl=1&resize=525%2C300 1.5x, https:\/\/i0.wp.com\/cepronda.com\/blog\/wp-content\/uploads\/2020\/12\/APLICACION-DIDACTICA-DE-CLASSROOM-Y-HERRAMIENTASDE-GOOGLE.-INICIAL.jpg?fit=848%2C1200&ssl=1&resize=700%2C400 2x"},"classes":[]},{"id":4069,"url":"https:\/\/cepronda.com\/blog\/aplicacion-didactica-de-classroom-y-herramientas-google-avanzado\/","url_meta":{"origin":4816,"position":3},"title":"APLICACI\u00d3N DID\u00c1CTICA DE CLASSROOM Y HERRAMIENTAS GOOGLE. AVANZADO.\u00a0","author":"Inmaculada Garc\u00eda","date":"18 diciembre, 2020","format":false,"excerpt":"Hola compa\u00f1eros y compa\u00f1eras, os informamos que se ha abierto el plazo de inscripci\u00f3n en la actividad formativa a distancia APLICACI\u00d3N DID\u00c1CTICA DE CLASSROOM Y HERRAMIENTAS GOOGLE. AVANZADO.\u00a0 Esperamos que sea de vuestro inter\u00e9s. ENTRA EN ESTE ENLACE PARA REALIZAR TU INSCRIPCI\u00d3N.","rel":"","context":"En \u00abNoticias\u00bb","block_context":{"text":"Noticias","link":"https:\/\/cepronda.com\/blog\/category\/noticias\/"},"img":{"alt_text":"","src":"https:\/\/i0.wp.com\/cepronda.com\/blog\/wp-content\/uploads\/2020\/12\/20210111-Aplicacion-didactica-google-avanzado.jpg?fit=848%2C1200&ssl=1&resize=350%2C200","width":350,"height":200,"srcset":"https:\/\/i0.wp.com\/cepronda.com\/blog\/wp-content\/uploads\/2020\/12\/20210111-Aplicacion-didactica-google-avanzado.jpg?fit=848%2C1200&ssl=1&resize=350%2C200 1x, https:\/\/i0.wp.com\/cepronda.com\/blog\/wp-content\/uploads\/2020\/12\/20210111-Aplicacion-didactica-google-avanzado.jpg?fit=848%2C1200&ssl=1&resize=525%2C300 1.5x, https:\/\/i0.wp.com\/cepronda.com\/blog\/wp-content\/uploads\/2020\/12\/20210111-Aplicacion-didactica-google-avanzado.jpg?fit=848%2C1200&ssl=1&resize=700%2C400 2x"},"classes":[]},{"id":7712,"url":"https:\/\/cepronda.com\/blog\/convocatoria-regional-de-cursos-avfp-curso-2024-25\/","url_meta":{"origin":4816,"position":4},"title":"CONVOCATORIA REGIONAL DE CURSOS AVFP. CURSO 2024\/25.","author":"Inmaculada Garc\u00eda","date":"19 septiembre, 2024","format":false,"excerpt":"\u00a0 \u00a0 CONVOCATORIA REGIONAL DE CURSOS AVFP \u00a0 Os informamos que se encuentra abierto el plazo de inscripci\u00f3n en la convocatoria de cursos regional. La superaci\u00f3n de estos cursos supone la certificaci\u00f3n de diversos niveles de Competencia Digital Docente. - HERRAMIENTAS DIGITALES APLICADAS A LA DOCENCIA EN LA FORMACI\u00d3N PROFESIONAL,\u2026","rel":"","context":"En \u00abFormaciones\u00bb","block_context":{"text":"Formaciones","link":"https:\/\/cepronda.com\/blog\/category\/formaciones\/"},"img":{"alt_text":"","src":"https:\/\/i0.wp.com\/cepronda.com\/blog\/wp-content\/uploads\/2024\/09\/CURSOS.png?fit=1200%2C1200&ssl=1&resize=350%2C200","width":350,"height":200,"srcset":"https:\/\/i0.wp.com\/cepronda.com\/blog\/wp-content\/uploads\/2024\/09\/CURSOS.png?fit=1200%2C1200&ssl=1&resize=350%2C200 1x, https:\/\/i0.wp.com\/cepronda.com\/blog\/wp-content\/uploads\/2024\/09\/CURSOS.png?fit=1200%2C1200&ssl=1&resize=525%2C300 1.5x, https:\/\/i0.wp.com\/cepronda.com\/blog\/wp-content\/uploads\/2024\/09\/CURSOS.png?fit=1200%2C1200&ssl=1&resize=700%2C400 2x, https:\/\/i0.wp.com\/cepronda.com\/blog\/wp-content\/uploads\/2024\/09\/CURSOS.png?fit=1200%2C1200&ssl=1&resize=1050%2C600 3x"},"classes":[]},{"id":4819,"url":"https:\/\/cepronda.com\/blog\/uso-de-la-plataforma-moodle-centros-iniciacion\/","url_meta":{"origin":4816,"position":5},"title":"USO DE LA PLATAFORMA MOODLE CENTROS (INICIACI\u00d3N)","author":"Inmaculada Garc\u00eda","date":"25 octubre, 2021","format":false,"excerpt":"Buenas d\u00edas, compa\u00f1eras y compa\u00f1eros. Os informamos que est\u00e1 abierto el plazo de inscripci\u00f3n en la actividad\u00a0 \u00abUSO DE LA PLATAFORMA MOODLE CENTROS (INICIACI\u00d3N)\u00bb con c\u00f3digo 222924GE041. Es una actividad del \u00e1mbito CEP de Ronda.\u00a0 Se desarrollar\u00e1 en el Aula Virtual de Formaci\u00f3n del Profesorado. Las fechas de la formaci\u00f3n\u2026","rel":"","context":"En \u00abFormaciones\u00bb","block_context":{"text":"Formaciones","link":"https:\/\/cepronda.com\/blog\/category\/formaciones\/"},"img":{"alt_text":"","src":"","width":0,"height":0},"classes":[]}],"jetpack_sharing_enabled":true,"_links":{"self":[{"href":"https:\/\/cepronda.com\/blog\/wp-json\/wp\/v2\/posts\/4816","targetHints":{"allow":["GET"]}}],"collection":[{"href":"https:\/\/cepronda.com\/blog\/wp-json\/wp\/v2\/posts"}],"about":[{"href":"https:\/\/cepronda.com\/blog\/wp-json\/wp\/v2\/types\/post"}],"author":[{"embeddable":true,"href":"https:\/\/cepronda.com\/blog\/wp-json\/wp\/v2\/users\/9"}],"replies":[{"embeddable":true,"href":"https:\/\/cepronda.com\/blog\/wp-json\/wp\/v2\/comments?post=4816"}],"version-history":[{"count":1,"href":"https:\/\/cepronda.com\/blog\/wp-json\/wp\/v2\/posts\/4816\/revisions"}],"predecessor-version":[{"id":4818,"href":"https:\/\/cepronda.com\/blog\/wp-json\/wp\/v2\/posts\/4816\/revisions\/4818"}],"wp:attachment":[{"href":"https:\/\/cepronda.com\/blog\/wp-json\/wp\/v2\/media?parent=4816"}],"wp:term":[{"taxonomy":"category","embeddable":true,"href":"https:\/\/cepronda.com\/blog\/wp-json\/wp\/v2\/categories?post=4816"},{"taxonomy":"post_tag","embeddable":true,"href":"https:\/\/cepronda.com\/blog\/wp-json\/wp\/v2\/tags?post=4816"}],"curies":[{"name":"wp","href":"https:\/\/api.w.org\/{rel}","templated":true}]}}