{"id":4793,"date":"2021-10-21T10:53:59","date_gmt":"2021-10-21T08:53:59","guid":{"rendered":"http:\/\/cepronda.com\/blog\/?p=4793"},"modified":"2025-04-28T11:58:07","modified_gmt":"2025-04-28T09:58:07","slug":"iii-torneo-de-debate-educativo-de-andalucia","status":"publish","type":"post","link":"https:\/\/cepronda.com\/blog\/iii-torneo-de-debate-educativo-de-andalucia\/","title":{"rendered":"III TORNEO DE DEBATE EDUCATIVO DE ANDALUC\u00cdA"},"content":{"rendered":"<p>Buenos d\u00edas compa\u00f1eras y compa\u00f1eros,<\/p>\n<p>Os informamos que se ha publicado la&nbsp; convocatoria del&nbsp; <strong>III Torneo de Debate Educativo de Andaluc\u00eda. <\/strong>El plazo&nbsp;de<strong> inscripci\u00f3n <\/strong>est\u00e1 abierto<strong> hasta el 29 de octubre inclusive. <\/strong><\/p>\n<p>Para poder participar en este III Torneo de Debate Educativo, los centros docentes de Andaluc\u00eda que imparten Ense\u00f1anza Secundaria Obligatoria, Ciclos Formativos de Grado Medio y Bachillerato, deber\u00e1n inscribirse previamente. Para ello cumplimentar\u00e1n el formulario de solicitud en el sistema S\u00e9neca<\/p>\n<p>Para m\u00e1s informaci\u00f3n puedes consultar la <a href=\"https:\/\/www.juntadeandalucia.es\/educacion\/portals\/web\/ced\/novedades\/-\/contenidos\/detalle\/resolucion-de-19-de-octubre-de-2021-de-la-direccion-general-de-formacion-del-profesorado-e-innovacion-educativa-por-la-1lmheb9v25uk8\"><em>Resoluci\u00f3n de 19 de octubre de 2021, de la Direcci\u00f3n General de Formaci\u00f3n del Profesorado e Innovaci\u00f3n Educativa, por la que se convoca el III Torneo de Debate Educativo de Andaluc\u00eda<\/em><\/a><\/p>\n<p><a href=\"http:\/\/cepronda.com\/blog\/wp-content\/uploads\/2021\/10\/Resolucion-III-Torneo-Debate-Educativo-19_10_2021F.pdf\">Resoluci\u00f3n III Torneo Debate Educativo 19_10_2021(F)<\/a><\/p>\n<p>Deseamos que sea de vuestro inter\u00e9s.<\/p>\n<p>Saludos.<\/p>\n<p>&nbsp;<\/p>\n<p><img data-recalc-dims=\"1\" loading=\"lazy\" decoding=\"async\" class=\" wp-image-3495 aligncenter\" src=\"https:\/\/i0.wp.com\/cepronda.com\/blog\/wp-content\/uploads\/2020\/03\/S%C2%B0mbolo-gen%C3%87rico-RRSS-redondo-negativo-300x300.png?resize=170%2C170\" alt=\"\" width=\"170\" height=\"170\" srcset=\"https:\/\/i0.wp.com\/cepronda.com\/blog\/wp-content\/uploads\/2020\/03\/S%C2%B0mbolo-gen%C3%87rico-RRSS-redondo-negativo.png?resize=300%2C300&amp;ssl=1 300w, https:\/\/i0.wp.com\/cepronda.com\/blog\/wp-content\/uploads\/2020\/03\/S%C2%B0mbolo-gen%C3%87rico-RRSS-redondo-negativo.png?resize=1024%2C1024&amp;ssl=1 1024w, https:\/\/i0.wp.com\/cepronda.com\/blog\/wp-content\/uploads\/2020\/03\/S%C2%B0mbolo-gen%C3%87rico-RRSS-redondo-negativo.png?resize=150%2C150&amp;ssl=1 150w, https:\/\/i0.wp.com\/cepronda.com\/blog\/wp-content\/uploads\/2020\/03\/S%C2%B0mbolo-gen%C3%87rico-RRSS-redondo-negativo.png?resize=768%2C768&amp;ssl=1 768w, https:\/\/i0.wp.com\/cepronda.com\/blog\/wp-content\/uploads\/2020\/03\/S%C2%B0mbolo-gen%C3%87rico-RRSS-redondo-negativo.png?resize=50%2C50&amp;ssl=1 50w, https:\/\/i0.wp.com\/cepronda.com\/blog\/wp-content\/uploads\/2020\/03\/S%C2%B0mbolo-gen%C3%87rico-RRSS-redondo-negativo.png?w=1500&amp;ssl=1 1500w\" sizes=\"auto, (max-width: 170px) 100vw, 170px\" \/><\/p>\n","protected":false},"excerpt":{"rendered":"<p>Buenos d\u00edas compa\u00f1eras y compa\u00f1eros, Os informamos que se ha publicado la&nbsp; convocatoria del&nbsp; III Torneo de Debate Educativo de Andaluc\u00eda. El plazo&nbsp;de inscripci\u00f3n est\u00e1 abierto hasta el 29 de octubre inclusive. Para poder participar en este III Torneo de Debate Educativo, los centros docentes de Andaluc\u00eda que imparten Ense\u00f1anza Secundaria Obligatoria, Ciclos Formativos de [&hellip;]<\/p>\n","protected":false},"author":10,"featured_media":3495,"comment_status":"closed","ping_status":"open","sticky":false,"template":"","format":"standard","meta":{"_crdt_document":"","advanced_seo_description":"","jetpack_seo_html_title":"","jetpack_seo_noindex":false,"jetpack_post_was_ever_published":false,"_jetpack_newsletter_access":"","_jetpack_dont_email_post_to_subs":false,"_jetpack_newsletter_tier_id":0,"_jetpack_memberships_contains_paywalled_content":false,"_jetpack_memberships_contains_paid_content":false,"footnotes":"","jetpack_publicize_message":"","jetpack_publicize_feature_enabled":true,"jetpack_social_post_already_shared":false,"jetpack_social_options":{"image_generator_settings":{"template":"highway","default_image_id":0,"font":"","enabled":false},"version":2}},"categories":[3,5],"tags":[212],"class_list":{"0":"post-4793","1":"post","2":"type-post","3":"status-publish","4":"format-standard","5":"has-post-thumbnail","7":"category-formaciones","8":"category-noticias","9":"tag-bibliotecas-escolares","10":"czr-hentry"},"jetpack_publicize_connections":[],"jetpack_featured_media_url":"https:\/\/i0.wp.com\/cepronda.com\/blog\/wp-content\/uploads\/2020\/03\/S%C2%B0mbolo-gen%C3%87rico-RRSS-redondo-negativo.png?fit=1500%2C1500&ssl=1","jetpack_shortlink":"https:\/\/wp.me\/p8M4X7-1fj","jetpack-related-posts":[{"id":3062,"url":"https:\/\/cepronda.com\/blog\/ii-torneo-de-debate-educativo-de-andalucia\/","url_meta":{"origin":4793,"position":0},"title":"II Torneo de Debate Educativo de Andaluc\u00eda","author":"V\u00edctor Caballero","date":"30 septiembre, 2019","format":false,"excerpt":"Muy buenas familia, Comenzamos esta semana calurosa con vosotros compartiendo esta informaci\u00f3n que creemos os puede resultar interesante. Se convoca el II Torneo de Debate Educativo de Andaluc\u00eda y sus fases correspondientes, de centros docentes, provincial y auton\u00f3mica para el curso 2019\/2020. El Torneo se concibe como un foro de\u2026","rel":"","context":"En \u00abFormaciones\u00bb","block_context":{"text":"Formaciones","link":"https:\/\/cepronda.com\/blog\/category\/formaciones\/"},"img":{"alt_text":"","src":"https:\/\/i0.wp.com\/cepronda.com\/blog\/wp-content\/uploads\/2019\/09\/man-2814937_1920-1.jpg?fit=1200%2C526&ssl=1&resize=350%2C200","width":350,"height":200,"srcset":"https:\/\/i0.wp.com\/cepronda.com\/blog\/wp-content\/uploads\/2019\/09\/man-2814937_1920-1.jpg?fit=1200%2C526&ssl=1&resize=350%2C200 1x, https:\/\/i0.wp.com\/cepronda.com\/blog\/wp-content\/uploads\/2019\/09\/man-2814937_1920-1.jpg?fit=1200%2C526&ssl=1&resize=525%2C300 1.5x, https:\/\/i0.wp.com\/cepronda.com\/blog\/wp-content\/uploads\/2019\/09\/man-2814937_1920-1.jpg?fit=1200%2C526&ssl=1&resize=700%2C400 2x, https:\/\/i0.wp.com\/cepronda.com\/blog\/wp-content\/uploads\/2019\/09\/man-2814937_1920-1.jpg?fit=1200%2C526&ssl=1&resize=1050%2C600 3x"},"classes":[]},{"id":3101,"url":"https:\/\/cepronda.com\/blog\/concurso-escolar-andalucia-en-un-mapa\/","url_meta":{"origin":4793,"position":1},"title":"Concurso escolar \u00abAndaluc\u00eda en un mapa\u00bb","author":"V\u00edctor Caballero","date":"17 octubre, 2019","format":false,"excerpt":"El objeto de este concurso es promover la utilizaci\u00f3n de la cartograf\u00eda y la estad\u00edstica entre la comunidad escolar como herramientas did\u00e1cticas y de representaci\u00f3n creativa del territorio andaluz, con el fin \u00faltimo de aproximar a las personas participantes en el concurso a la importancia que la representaci\u00f3n cartogr\u00e1fica y\u2026","rel":"","context":"En \u00abNoticias\u00bb","block_context":{"text":"Noticias","link":"https:\/\/cepronda.com\/blog\/category\/noticias\/"},"img":{"alt_text":"","src":"","width":0,"height":0},"classes":[]},{"id":7950,"url":"https:\/\/cepronda.com\/blog\/actividad-regional-formacion-en-debate-academico-jurados-curso-24-25-con-codigo-259922in007\/","url_meta":{"origin":4793,"position":2},"title":"ACTIVIDAD REGIONAL: FORMACI\u00d3N EN DEBATE ACAD\u00c9MICO: JURADOS. CURSO 24-25, con c\u00f3digo 259922IN007.","author":"Inmaculada Garc\u00eda","date":"17 diciembre, 2024","format":false,"excerpt":"Se encuentra abierto el plazo de inscripci\u00f3n en la ACTIVIDAD REGIONAL: FORMACI\u00d3N EN DEBATE ACAD\u00c9MICO: JURADOS. CURSO 24-25, con c\u00f3digo 259922IN007. \u270f\ufe0fPlazo de inscripci\u00f3n:17\/12\/2024-14\/01\/2025 Fecha de actividad: 21\/01\/2025-14\/02\/2025. Sesiones presenciales online (Webex): 21 y 28 de enero, 4 de febrero en horario de tarde. \u23f3Duraci\u00f3n: 12 horas (9 horas presenciales\u2026","rel":"","context":"En \u00abFormaciones\u00bb","block_context":{"text":"Formaciones","link":"https:\/\/cepronda.com\/blog\/category\/formaciones\/"},"img":{"alt_text":"","src":"https:\/\/i0.wp.com\/cepronda.com\/blog\/wp-content\/uploads\/2024\/12\/WhatsApp-Image-2024-12-17-at-11.11.56.jpeg?fit=1080%2C1080&ssl=1&resize=350%2C200","width":350,"height":200,"srcset":"https:\/\/i0.wp.com\/cepronda.com\/blog\/wp-content\/uploads\/2024\/12\/WhatsApp-Image-2024-12-17-at-11.11.56.jpeg?fit=1080%2C1080&ssl=1&resize=350%2C200 1x, https:\/\/i0.wp.com\/cepronda.com\/blog\/wp-content\/uploads\/2024\/12\/WhatsApp-Image-2024-12-17-at-11.11.56.jpeg?fit=1080%2C1080&ssl=1&resize=525%2C300 1.5x, https:\/\/i0.wp.com\/cepronda.com\/blog\/wp-content\/uploads\/2024\/12\/WhatsApp-Image-2024-12-17-at-11.11.56.jpeg?fit=1080%2C1080&ssl=1&resize=700%2C400 2x, https:\/\/i0.wp.com\/cepronda.com\/blog\/wp-content\/uploads\/2024\/12\/WhatsApp-Image-2024-12-17-at-11.11.56.jpeg?fit=1080%2C1080&ssl=1&resize=1050%2C600 3x"},"classes":[]},{"id":4450,"url":"https:\/\/cepronda.com\/blog\/orden-de-29-03-2021-por-la-que-se-establecen-los-marcos-de-la-competencia-digital-en-el-sistema-educativo-no-universitario-de-la-comunidad-autonoma-de-andalucia\/","url_meta":{"origin":4793,"position":3},"title":"Orden de 29\/03\/2021 por la que se establecen los marcos de la Competencia Digital en el sistema educativo no universitario de la Comunidad Aut\u00f3noma de Andaluc\u00eda","author":"V\u00edctor Caballero","date":"20 abril, 2021","format":false,"excerpt":"ENLACE a la Orden del 29\/03\/2021 por el que se establecen los marcos de Competencia Digital. Buenas tardes\u00a0 compa\u00f1eras y compa\u00f1eros, Os informamos que con fecha de 12 de abril de 2021 se ha publicado en BOJA la Orden de 29\/03\/2021 por la que se establecen los marcos de la\u2026","rel":"","context":"En \u00abFormaciones\u00bb","block_context":{"text":"Formaciones","link":"https:\/\/cepronda.com\/blog\/category\/formaciones\/"},"img":{"alt_text":"","src":"https:\/\/i0.wp.com\/cepronda.com\/blog\/wp-content\/uploads\/2021\/04\/Boja.png?fit=682%2C938&ssl=1&resize=350%2C200","width":350,"height":200,"srcset":"https:\/\/i0.wp.com\/cepronda.com\/blog\/wp-content\/uploads\/2021\/04\/Boja.png?fit=682%2C938&ssl=1&resize=350%2C200 1x, https:\/\/i0.wp.com\/cepronda.com\/blog\/wp-content\/uploads\/2021\/04\/Boja.png?fit=682%2C938&ssl=1&resize=525%2C300 1.5x"},"classes":[]},{"id":8992,"url":"https:\/\/cepronda.com\/blog\/historia-de-nuestros-simbolos-conmemoracion-del-dia-de-la-bandera-de-andalucia-2\/","url_meta":{"origin":4793,"position":4},"title":"HISTORIA DE NUESTROS S\u00cdMBOLOS: CONMEMORACI\u00d3N DEL D\u00cdA DE LA BANDERA DE ANDALUC\u00cdA","author":"Inmaculada Garc\u00eda","date":"29 octubre, 2025","format":false,"excerpt":"Estimado\/a docente: \u00a0 Hasta el pr\u00f3ximo 7 de noviembre de 2025 se encuentra abierto el plazo de inscripci\u00f3n para la actividad formativa de \u00e1mbito regional: \"HISTORIA DE NUESTROS S\u00cdMBOLOS: CONMEMORACI\u00d3N DEL D\u00cdA DE LA BANDERA DE ANDALUC\u00cdA\", con c\u00f3digo 269919KPF430A. Se trata de un curso a distancia que se realizar\u00e1\u2026","rel":"","context":"En \u00abFormaciones\u00bb","block_context":{"text":"Formaciones","link":"https:\/\/cepronda.com\/blog\/category\/formaciones\/"},"img":{"alt_text":"","src":"https:\/\/i0.wp.com\/cepronda.com\/blog\/wp-content\/uploads\/2025\/10\/image.png?fit=800%2C200&ssl=1&resize=350%2C200","width":350,"height":200,"srcset":"https:\/\/i0.wp.com\/cepronda.com\/blog\/wp-content\/uploads\/2025\/10\/image.png?fit=800%2C200&ssl=1&resize=350%2C200 1x, https:\/\/i0.wp.com\/cepronda.com\/blog\/wp-content\/uploads\/2025\/10\/image.png?fit=800%2C200&ssl=1&resize=525%2C300 1.5x, https:\/\/i0.wp.com\/cepronda.com\/blog\/wp-content\/uploads\/2025\/10\/image.png?fit=800%2C200&ssl=1&resize=700%2C400 2x"},"classes":[]},{"id":7223,"url":"https:\/\/cepronda.com\/blog\/historia-de-nuestros-simbolos-conmemoracion-del-dia-de-la-bandera-de-andalucia-249919kpf430\/","url_meta":{"origin":4793,"position":5},"title":"HISTORIA DE NUESTROS S\u00cdMBOLOS: CONMEMORACI\u00d3N DEL D\u00cdA DE LA BANDERA DE ANDALUC\u00cdA (249919KPF430)","author":"Inmaculada Garc\u00eda","date":"23 noviembre, 2023","format":false,"excerpt":"Estimado\/a docente: Hasta el pr\u00f3ximo 26 de noviembre de 2023\u00a0se encuentra abierto el plazo de inscripci\u00f3n para la actividad formativa de \u00e1mbito regional\u00a0HISTORIA DE NUESTROS S\u00cdMBOLOS: CONMEMORACI\u00d3N DEL D\u00cdA DE LA BANDERA DE ANDALUC\u00cdA.\u00a0Se trata de un curso a distancia que se realizar\u00e1 a trav\u00e9s del\u00a0Aula Virtual de Formaci\u00f3n del\u2026","rel":"","context":"En \u00abFormaciones\u00bb","block_context":{"text":"Formaciones","link":"https:\/\/cepronda.com\/blog\/category\/formaciones\/"},"img":{"alt_text":"","src":"https:\/\/i0.wp.com\/cepronda.com\/blog\/wp-content\/uploads\/2023\/11\/Post-de-Instagram-Senderismo-Ilustrativo-Verde.png?fit=1200%2C1200&ssl=1&resize=350%2C200","width":350,"height":200,"srcset":"https:\/\/i0.wp.com\/cepronda.com\/blog\/wp-content\/uploads\/2023\/11\/Post-de-Instagram-Senderismo-Ilustrativo-Verde.png?fit=1200%2C1200&ssl=1&resize=350%2C200 1x, https:\/\/i0.wp.com\/cepronda.com\/blog\/wp-content\/uploads\/2023\/11\/Post-de-Instagram-Senderismo-Ilustrativo-Verde.png?fit=1200%2C1200&ssl=1&resize=525%2C300 1.5x, https:\/\/i0.wp.com\/cepronda.com\/blog\/wp-content\/uploads\/2023\/11\/Post-de-Instagram-Senderismo-Ilustrativo-Verde.png?fit=1200%2C1200&ssl=1&resize=700%2C400 2x, https:\/\/i0.wp.com\/cepronda.com\/blog\/wp-content\/uploads\/2023\/11\/Post-de-Instagram-Senderismo-Ilustrativo-Verde.png?fit=1200%2C1200&ssl=1&resize=1050%2C600 3x"},"classes":[]}],"jetpack_sharing_enabled":true,"_links":{"self":[{"href":"https:\/\/cepronda.com\/blog\/wp-json\/wp\/v2\/posts\/4793","targetHints":{"allow":["GET"]}}],"collection":[{"href":"https:\/\/cepronda.com\/blog\/wp-json\/wp\/v2\/posts"}],"about":[{"href":"https:\/\/cepronda.com\/blog\/wp-json\/wp\/v2\/types\/post"}],"author":[{"embeddable":true,"href":"https:\/\/cepronda.com\/blog\/wp-json\/wp\/v2\/users\/10"}],"replies":[{"embeddable":true,"href":"https:\/\/cepronda.com\/blog\/wp-json\/wp\/v2\/comments?post=4793"}],"version-history":[{"count":5,"href":"https:\/\/cepronda.com\/blog\/wp-json\/wp\/v2\/posts\/4793\/revisions"}],"predecessor-version":[{"id":4799,"href":"https:\/\/cepronda.com\/blog\/wp-json\/wp\/v2\/posts\/4793\/revisions\/4799"}],"wp:featuredmedia":[{"embeddable":true,"href":"https:\/\/cepronda.com\/blog\/wp-json\/wp\/v2\/media\/3495"}],"wp:attachment":[{"href":"https:\/\/cepronda.com\/blog\/wp-json\/wp\/v2\/media?parent=4793"}],"wp:term":[{"taxonomy":"category","embeddable":true,"href":"https:\/\/cepronda.com\/blog\/wp-json\/wp\/v2\/categories?post=4793"},{"taxonomy":"post_tag","embeddable":true,"href":"https:\/\/cepronda.com\/blog\/wp-json\/wp\/v2\/tags?post=4793"}],"curies":[{"name":"wp","href":"https:\/\/api.w.org\/{rel}","templated":true}]}}