{"id":4780,"date":"2021-10-18T12:39:54","date_gmt":"2021-10-18T10:39:54","guid":{"rendered":"http:\/\/cepronda.com\/blog\/?p=4780"},"modified":"2025-04-25T11:59:57","modified_gmt":"2025-04-25T09:59:57","slug":"jornadas-provinciales-red-tde-malaga","status":"publish","type":"post","link":"https:\/\/cepronda.com\/blog\/jornadas-provinciales-red-tde-malaga\/","title":{"rendered":"JORNADAS PROVINCIALES RED TDE M\u00c1LAGA"},"content":{"rendered":"<p>Buenas tardes compa\u00f1eras y compa\u00f1eros,<\/p>\n<p>Os informamos que est\u00e1 abierto el plazo de inscripci\u00f3n en la actividad <strong>JORNADAS PROVINCIALES RED TDE M\u00c1LAGA (222924GE040),<\/strong> dirigida exclusivamente a responsables de la coordinaci\u00f3n TDE de los centros. Es de \u00e1mbito Provincial.<\/p>\n<p><strong>Plazo de inscripci\u00f3n<\/strong>: 13\/10\/2021 hasta 22\/10\/2021<\/p>\n<p><strong>Desarrollo de la&nbsp; actividad<\/strong>: 26 de octubre (17:00 a 19:00)<\/p>\n<p><strong>Lugar de realizaci\u00f3n<\/strong>: Aula Virtual del Profesorado<\/p>\n<p>En el siguiente enlace puedes consultar m\u00e1s detalles y realizar la<a title=\" INSCRIPCI\u00d3N\" href=\"https:\/\/www.juntadeandalucia.es\/educacion\/secretariavirtual\/consultaCEP\/actividad\/222924GE040\/\" target=\"_blank\" rel=\"noopener noreferrer\"><strong>&nbsp;INSCRIPCI\u00d3N<\/strong><\/a><\/p>\n<p>Deseamos que sea de vuestro inter\u00e9s.<\/p>\n<p>Saludos.<a href=\"https:\/\/www.juntadeandalucia.es\/educacion\/secretariavirtual\/consultaCEP\/actividad\/222924GE040\/\"><img data-recalc-dims=\"1\" loading=\"lazy\" decoding=\"async\" class=\" wp-image-4781 aligncenter\" src=\"https:\/\/i0.wp.com\/cepronda.com\/blog\/wp-content\/uploads\/2021\/10\/JORNADAS-PARA-LA-COORDINACION-TDE-EN-LOS-CENTROS-212x300.png?resize=351%2C497\" alt=\"\" width=\"351\" height=\"497\"><\/a><\/p>\n","protected":false},"excerpt":{"rendered":"<p>Buenas tardes compa\u00f1eras y compa\u00f1eros, Os informamos que est\u00e1 abierto el plazo de inscripci\u00f3n en la actividad JORNADAS PROVINCIALES RED TDE M\u00c1LAGA (222924GE040), dirigida exclusivamente a responsables de la coordinaci\u00f3n TDE de los centros. Es de \u00e1mbito Provincial. Plazo de inscripci\u00f3n: 13\/10\/2021 hasta 22\/10\/2021 Desarrollo de la&nbsp; actividad: 26 de octubre (17:00 a 19:00) Lugar [&hellip;]<\/p>\n","protected":false},"author":9,"featured_media":0,"comment_status":"closed","ping_status":"open","sticky":false,"template":"","format":"standard","meta":{"_crdt_document":"","advanced_seo_description":"","jetpack_seo_html_title":"","jetpack_seo_noindex":false,"jetpack_post_was_ever_published":false,"_jetpack_newsletter_access":"","_jetpack_dont_email_post_to_subs":false,"_jetpack_newsletter_tier_id":0,"_jetpack_memberships_contains_paywalled_content":false,"_jetpack_memberships_contains_paid_content":false,"footnotes":"","jetpack_publicize_message":"","jetpack_publicize_feature_enabled":true,"jetpack_social_post_already_shared":false,"jetpack_social_options":{"image_generator_settings":{"template":"highway","default_image_id":0,"font":"","enabled":false},"version":2}},"categories":[5],"tags":[],"class_list":{"0":"post-4780","1":"post","2":"type-post","3":"status-publish","4":"format-standard","6":"category-noticias","7":"czr-hentry"},"jetpack_publicize_connections":[],"jetpack_featured_media_url":"","jetpack_shortlink":"https:\/\/wp.me\/p8M4X7-1f6","jetpack-related-posts":[{"id":3898,"url":"https:\/\/cepronda.com\/blog\/jornadas-para-la-coordinacion-tde-en-los-centros-2\/","url_meta":{"origin":4780,"position":0},"title":"JORNADAS PARA LA COORDINACI\u00d3N TDE EN LOS CENTROS","author":"V\u00edctor Caballero","date":"16 octubre, 2020","format":false,"excerpt":"Buenas tardes, compa\u00f1eros y compa\u00f1eras. Se encuentra abierta la inscripci\u00f3n a las JORNADAS PARA LA COORDINACI\u00d3N TDE EN LOS CENTROS. Ser\u00e1n 2 sesiones de videoconferencia los d\u00edas 22 y 27 de octubre de 2020. Est\u00e1 dirigida, principalmente, al coordinador\/a TDE de los centros. Plazo de inscripci\u00f3n: 16\/10\/2020 al 21\/10\/2020. M\u00e1s\u2026","rel":"","context":"En \u00abNoticias\u00bb","block_context":{"text":"Noticias","link":"https:\/\/cepronda.com\/blog\/category\/noticias\/"},"img":{"alt_text":"","src":"https:\/\/i0.wp.com\/cepronda.com\/blog\/wp-content\/uploads\/2020\/10\/JORNADAS-PARA-LA-COORDINACION-TDE-EN-LOS-CENTROS-1.png?fit=848%2C1200&ssl=1&resize=350%2C200","width":350,"height":200,"srcset":"https:\/\/i0.wp.com\/cepronda.com\/blog\/wp-content\/uploads\/2020\/10\/JORNADAS-PARA-LA-COORDINACION-TDE-EN-LOS-CENTROS-1.png?fit=848%2C1200&ssl=1&resize=350%2C200 1x, https:\/\/i0.wp.com\/cepronda.com\/blog\/wp-content\/uploads\/2020\/10\/JORNADAS-PARA-LA-COORDINACION-TDE-EN-LOS-CENTROS-1.png?fit=848%2C1200&ssl=1&resize=525%2C300 1.5x, https:\/\/i0.wp.com\/cepronda.com\/blog\/wp-content\/uploads\/2020\/10\/JORNADAS-PARA-LA-COORDINACION-TDE-EN-LOS-CENTROS-1.png?fit=848%2C1200&ssl=1&resize=700%2C400 2x"},"classes":[]},{"id":8328,"url":"https:\/\/cepronda.com\/blog\/jornadas-provinciales-de-la-red-profesional-becrea-malaga\/","url_meta":{"origin":4780,"position":1},"title":"JORNADAS PROVINCIALES DE LA RED PROFESIONAL BECREA M\u00c1LAGA","author":"Mamen Moreno","date":"12 marzo, 2025","format":false,"excerpt":"ABIERTO EL PLAZO DE SOLICITUDES PARA LAS JORNADAS PROVINCIALES DE LA RED PROFESIONAL BECREA M\u00c1LAGA: \u201cBibliotecas con ciencia. Descubriendo soluciones\u201d. C\u00f3digo 259923BE002 Inscripciones hasta el 26 de marzo a las 10:00. Fecha y lugar: 29 de abril en el Polo Digital (M\u00e1laga). M\u00e1s informaci\u00f3n e inscripci\u00f3n: https:\/\/www.juntadeandalucia.es\/educacion\/secretariavirtual\/consultaCEP\/actividad\/259923BE002\/ \u00a0","rel":"","context":"En \u00abFormaciones\u00bb","block_context":{"text":"Formaciones","link":"https:\/\/cepronda.com\/blog\/category\/formaciones\/"},"img":{"alt_text":"","src":"https:\/\/i0.wp.com\/cepronda.com\/blog\/wp-content\/uploads\/2025\/03\/WhatsApp-Image-2025-03-11-at-17.53.16.jpeg?fit=1000%2C1000&ssl=1&resize=350%2C200","width":350,"height":200,"srcset":"https:\/\/i0.wp.com\/cepronda.com\/blog\/wp-content\/uploads\/2025\/03\/WhatsApp-Image-2025-03-11-at-17.53.16.jpeg?fit=1000%2C1000&ssl=1&resize=350%2C200 1x, https:\/\/i0.wp.com\/cepronda.com\/blog\/wp-content\/uploads\/2025\/03\/WhatsApp-Image-2025-03-11-at-17.53.16.jpeg?fit=1000%2C1000&ssl=1&resize=525%2C300 1.5x, https:\/\/i0.wp.com\/cepronda.com\/blog\/wp-content\/uploads\/2025\/03\/WhatsApp-Image-2025-03-11-at-17.53.16.jpeg?fit=1000%2C1000&ssl=1&resize=700%2C400 2x"},"classes":[]},{"id":9516,"url":"https:\/\/cepronda.com\/blog\/jornadas-provinciales-de-la-red-profesional-de-bibliotecas-escolares-becrea-malaga\/","url_meta":{"origin":4780,"position":2},"title":"JORNADAS PROVINCIALES DE LA RED PROFESIONAL DE BIBLIOTECAS ESCOLARES- BECREA M\u00c1LAGA","author":"Maribel Mu\u00f1oz","date":"21 abril, 2026","format":false,"excerpt":"Se encuentra abierto el plazo inscripci\u00f3n para las\u00a0 Jornadas Provinciales de la Red Profesional de Bibliotecas Escolares BECREA M\u00c1LAGA. Inscripciones hasta el 24 de abril: https:\/\/lajunta.es\/6dwpw Descarga el programa aqu\u00ed: https:\/\/drive.google.com\/file\/d\/1incEKdE9Ca-EZlq0oPWMsHIyQElE0Ov0\/view?usp=sharing Dirigido a: Internivelar \u00a0 \u00a0 \u00a0 \u00a0","rel":"","context":"En \u00abFormaciones\u00bb","block_context":{"text":"Formaciones","link":"https:\/\/cepronda.com\/blog\/category\/formaciones\/"},"img":{"alt_text":"","src":"https:\/\/i0.wp.com\/cepronda.com\/blog\/wp-content\/uploads\/2026\/04\/WhatsApp-Image-2026-04-20-at-13.25.19-185x300.jpeg?resize=350%2C200&ssl=1","width":350,"height":200},"classes":[]},{"id":7591,"url":"https:\/\/cepronda.com\/blog\/i-jornadas-provinciales-profesorado-de-educacion-plastica-visual-y-audiovisual\/","url_meta":{"origin":4780,"position":3},"title":"I JORNADAS PROVINCIALES PROFESORADO DE EDUCACI\u00d3N PL\u00c1STICA, VISUAL Y AUDIOVISUAL.","author":"Mamen Moreno","date":"22 abril, 2024","format":false,"excerpt":"Abierto el plazo de solicitudes de las I JORNADAS PROVINCIALES PROFESORADO DE EDUCACI\u00d3N PL\u00c1STICA, VISUAL Y AUDIOVISUAL. 8 horas presenciales (Lugar: Colecci\u00f3n del Museo Ruso de M\u00e1laga). Fecha inscripci\u00f3n: 22\/04\/2024 hasta 06\/05\/2024. Fecha actividad: 16\/05\/2024. M\u00e1s informaci\u00f3n e inscripci\u00f3n: https:\/\/www.juntadeandalucia.es\/educacion\/secretariavirtual\/consultaCEP\/actividad\/242922GE257\/","rel":"","context":"En \u00abNoticias\u00bb","block_context":{"text":"Noticias","link":"https:\/\/cepronda.com\/blog\/category\/noticias\/"},"img":{"alt_text":"","src":"https:\/\/i0.wp.com\/cepronda.com\/blog\/wp-content\/uploads\/2024\/04\/WhatsApp-Image-2024-04-20-at-11.09.52.jpeg?fit=942%2C787&ssl=1&resize=350%2C200","width":350,"height":200,"srcset":"https:\/\/i0.wp.com\/cepronda.com\/blog\/wp-content\/uploads\/2024\/04\/WhatsApp-Image-2024-04-20-at-11.09.52.jpeg?fit=942%2C787&ssl=1&resize=350%2C200 1x, https:\/\/i0.wp.com\/cepronda.com\/blog\/wp-content\/uploads\/2024\/04\/WhatsApp-Image-2024-04-20-at-11.09.52.jpeg?fit=942%2C787&ssl=1&resize=525%2C300 1.5x, https:\/\/i0.wp.com\/cepronda.com\/blog\/wp-content\/uploads\/2024\/04\/WhatsApp-Image-2024-04-20-at-11.09.52.jpeg?fit=942%2C787&ssl=1&resize=700%2C400 2x"},"classes":[]},{"id":8430,"url":"https:\/\/cepronda.com\/blog\/vii-jornadas-provinciales-de-educacion-fisica\/","url_meta":{"origin":4780,"position":4},"title":"VII JORNADAS PROVINCIALES DE EDUCACI\u00d3N F\u00cdSICA. MODELOS PEDAG\u00d3GICOS","author":"V\u00edctor Caballero","date":"1 abril, 2025","format":false,"excerpt":"Se abre el plazo de inscripci\u00f3n para las \"VII JORNADAS PROVINCIALES DE EDUCACI\u00d3N F\u00cdSICA (#EFIMA25): MODELOS PEDAG\u00d3GICOS EN EDUCACI\u00d3N F\u00cdSICA\" Dirigida al profesorado de Educaci\u00f3n F\u00edsica de la provincia de M\u00e1laga. Las fechas de realizaci\u00f3n:\u00a014 y 15 de mayo de 2025 Lugar: CEULAJ de Mollina. Fechas de inscripci\u00f3n: desde el\u2026","rel":"","context":"En \u00abFormaciones\u00bb","block_context":{"text":"Formaciones","link":"https:\/\/cepronda.com\/blog\/category\/formaciones\/"},"img":{"alt_text":"","src":"https:\/\/i0.wp.com\/cepronda.com\/blog\/wp-content\/uploads\/2025\/04\/Captura-de-pantalla-2025-04-01-a-las-12.27.42.png?fit=716%2C1009&ssl=1&resize=350%2C200","width":350,"height":200,"srcset":"https:\/\/i0.wp.com\/cepronda.com\/blog\/wp-content\/uploads\/2025\/04\/Captura-de-pantalla-2025-04-01-a-las-12.27.42.png?fit=716%2C1009&ssl=1&resize=350%2C200 1x, https:\/\/i0.wp.com\/cepronda.com\/blog\/wp-content\/uploads\/2025\/04\/Captura-de-pantalla-2025-04-01-a-las-12.27.42.png?fit=716%2C1009&ssl=1&resize=525%2C300 1.5x, https:\/\/i0.wp.com\/cepronda.com\/blog\/wp-content\/uploads\/2025\/04\/Captura-de-pantalla-2025-04-01-a-las-12.27.42.png?fit=716%2C1009&ssl=1&resize=700%2C400 2x"},"classes":[]},{"id":5814,"url":"https:\/\/cepronda.com\/blog\/vi-jornadas-provinciales-de-educacion-fisica-provincia-de-malaga-inscripciones\/","url_meta":{"origin":4780,"position":5},"title":"VI JORNADAS PROVINCIALES DE EDUCACI\u00d3N F\u00cdSICA (Provincia de M\u00e1laga) \u00a1Inscripciones!","author":"V\u00edctor Caballero","date":"7 marzo, 2023","format":false,"excerpt":"Abierta inscripci\u00f3n VI JORNADAS PROVINCIALES DE EDUCACI\u00d3N F\u00cdSICA: LOMLOE Y COMPETENCIA DIGITAL DOCENTE. C\u00f3digo: 232926EF512 Inscripciones: desde el 07\/03\/2023 hasta 20\/03\/2023 Comienzo de las Jornadas: 10\/05\/2023 Lugar de realizaci\u00f3n: Torre del Mar (V\u00e9lez-M\u00e1laga) Detalle e inscripci\u00f3n: https:\/\/www.juntadeandalucia.es\/educacion\/secretariavirtual\/consultaCEP\/actividad\/232926EF512\/ Rogamos la lectura de las OBSERVACIONES en la ficha de S\u00c9NECA antes de\u2026","rel":"","context":"En \u00abNoticias\u00bb","block_context":{"text":"Noticias","link":"https:\/\/cepronda.com\/blog\/category\/noticias\/"},"img":{"alt_text":"","src":"https:\/\/i0.wp.com\/cepronda.com\/blog\/wp-content\/uploads\/2023\/03\/Cartel-EF.jpeg?fit=848%2C1200&ssl=1&resize=350%2C200","width":350,"height":200,"srcset":"https:\/\/i0.wp.com\/cepronda.com\/blog\/wp-content\/uploads\/2023\/03\/Cartel-EF.jpeg?fit=848%2C1200&ssl=1&resize=350%2C200 1x, https:\/\/i0.wp.com\/cepronda.com\/blog\/wp-content\/uploads\/2023\/03\/Cartel-EF.jpeg?fit=848%2C1200&ssl=1&resize=525%2C300 1.5x, https:\/\/i0.wp.com\/cepronda.com\/blog\/wp-content\/uploads\/2023\/03\/Cartel-EF.jpeg?fit=848%2C1200&ssl=1&resize=700%2C400 2x"},"classes":[]}],"jetpack_sharing_enabled":true,"_links":{"self":[{"href":"https:\/\/cepronda.com\/blog\/wp-json\/wp\/v2\/posts\/4780","targetHints":{"allow":["GET"]}}],"collection":[{"href":"https:\/\/cepronda.com\/blog\/wp-json\/wp\/v2\/posts"}],"about":[{"href":"https:\/\/cepronda.com\/blog\/wp-json\/wp\/v2\/types\/post"}],"author":[{"embeddable":true,"href":"https:\/\/cepronda.com\/blog\/wp-json\/wp\/v2\/users\/9"}],"replies":[{"embeddable":true,"href":"https:\/\/cepronda.com\/blog\/wp-json\/wp\/v2\/comments?post=4780"}],"version-history":[{"count":1,"href":"https:\/\/cepronda.com\/blog\/wp-json\/wp\/v2\/posts\/4780\/revisions"}],"predecessor-version":[{"id":4782,"href":"https:\/\/cepronda.com\/blog\/wp-json\/wp\/v2\/posts\/4780\/revisions\/4782"}],"wp:attachment":[{"href":"https:\/\/cepronda.com\/blog\/wp-json\/wp\/v2\/media?parent=4780"}],"wp:term":[{"taxonomy":"category","embeddable":true,"href":"https:\/\/cepronda.com\/blog\/wp-json\/wp\/v2\/categories?post=4780"},{"taxonomy":"post_tag","embeddable":true,"href":"https:\/\/cepronda.com\/blog\/wp-json\/wp\/v2\/tags?post=4780"}],"curies":[{"name":"wp","href":"https:\/\/api.w.org\/{rel}","templated":true}]}}