{"id":4771,"date":"2021-10-15T14:31:02","date_gmt":"2021-10-15T12:31:02","guid":{"rendered":"http:\/\/cepronda.com\/blog\/?p=4771"},"modified":"2025-04-28T11:58:07","modified_gmt":"2025-04-28T09:58:07","slug":"herramientas-y-estrategias-para-trabajar-la-oralidad-en-el-aula","status":"publish","type":"post","link":"https:\/\/cepronda.com\/blog\/herramientas-y-estrategias-para-trabajar-la-oralidad-en-el-aula\/","title":{"rendered":"HERRAMIENTAS Y ESTRATEGIAS PARA TRABAJAR LA ORALIDAD EN EL AULA."},"content":{"rendered":"<p>Buenas tardes compa\u00f1eras y compa\u00f1eros,<\/p>\n<p>Os informamos que est\u00e1 abierto el plazo de inscripci\u00f3n en la actividad <strong>HERRAMIENTAS Y ESTRATEGIAS PARA TRABAJAR LA ORALIDAD EN EL AULA<\/strong> con c\u00f3digo 222924GE020. La formaci\u00f3n es presencial, con un total de 10 horas. Es de \u00e1mbito CEP y de car\u00e1cter <em><strong>internivelar<\/strong><\/em>.&nbsp; La fechas son:&nbsp; &nbsp;<\/p>\n<p><strong>Plazo de inscripci\u00f3n<\/strong>: 15\/10\/2021 hasta el 04\/11\/2021<\/p>\n<p><strong>Desarrollo de la&nbsp; actividad<\/strong>: del 09\/11\/2021 a 18\/11\/2021<\/p>\n<p><strong>Lugar de realizaci\u00f3n<\/strong>: CEP de Ronda. Sal\u00f3n de actos.<\/p>\n<p>En el siguiente enlace puedes consultar m\u00e1s detalles y realizar la<a href=\"https:\/\/www.juntadeandalucia.es\/educacion\/secretariavirtual\/consultaCEP\/actividad\/222924GE020\/\"><strong> INSCRIPCI\u00d3N<\/strong><\/a><\/p>\n<p>Deseamos que sea de vuestro inter\u00e9s.<\/p>\n<p>Saludos.<\/p>\n<p><a href=\"http:\/\/cepronda.com\/blog\/wp-content\/uploads\/2021\/10\/222924GE020-HERRAMIENTAS-Y-ESTRATEGIAS.-ORALIDAD-1.pdf\">222924GE020 HERRAMIENTAS Y ESTRATEGIAS. ORALIDAD<\/a><\/p>\n<p><img data-recalc-dims=\"1\" loading=\"lazy\" decoding=\"async\" class=\"size-medium wp-image-4774 aligncenter\" src=\"https:\/\/i0.wp.com\/cepronda.com\/blog\/wp-content\/uploads\/2021\/10\/222924GE020-HERRAMIENTAS-Y-ESTRATEGIAS.-ORALIDAD-212x300.png?resize=212%2C300\" alt=\"\" width=\"212\" height=\"300\"><\/p>\n","protected":false},"excerpt":{"rendered":"<p>Buenas tardes compa\u00f1eras y compa\u00f1eros, Os informamos que est\u00e1 abierto el plazo de inscripci\u00f3n en la actividad HERRAMIENTAS Y ESTRATEGIAS PARA TRABAJAR LA ORALIDAD EN EL AULA con c\u00f3digo 222924GE020. La formaci\u00f3n es presencial, con un total de 10 horas. Es de \u00e1mbito CEP y de car\u00e1cter internivelar.&nbsp; La fechas son:&nbsp; &nbsp; Plazo de inscripci\u00f3n: [&hellip;]<\/p>\n","protected":false},"author":10,"featured_media":0,"comment_status":"closed","ping_status":"open","sticky":false,"template":"","format":"standard","meta":{"_crdt_document":"","advanced_seo_description":"","jetpack_seo_html_title":"","jetpack_seo_noindex":false,"jetpack_post_was_ever_published":false,"_jetpack_newsletter_access":"","_jetpack_dont_email_post_to_subs":false,"_jetpack_newsletter_tier_id":0,"_jetpack_memberships_contains_paywalled_content":false,"_jetpack_memberships_contains_paid_content":false,"footnotes":"","jetpack_publicize_message":"","jetpack_publicize_feature_enabled":true,"jetpack_social_post_already_shared":false,"jetpack_social_options":{"image_generator_settings":{"template":"highway","default_image_id":0,"font":"","enabled":false},"version":2}},"categories":[3,5],"tags":[255,222,258],"class_list":{"0":"post-4771","1":"post","2":"type-post","3":"status-publish","4":"format-standard","6":"category-formaciones","7":"category-noticias","8":"tag-estrategias-de-exito","9":"tag-internivelar","10":"tag-oralidad","11":"czr-hentry"},"jetpack_publicize_connections":[],"jetpack_featured_media_url":"","jetpack_shortlink":"https:\/\/wp.me\/p8M4X7-1eX","jetpack-related-posts":[{"id":5529,"url":"https:\/\/cepronda.com\/blog\/oralidad-en-el-aula-recursos-y-estrategias\/","url_meta":{"origin":4771,"position":0},"title":"ORALIDAD EN EL AULA. RECURSOS Y ESTRATEGIAS","author":"Maribel Mu\u00f1oz","date":"13 octubre, 2022","format":false,"excerpt":"Buenos d\u00edas compa\u00f1eras y compa\u00f1eros, Os\u00a0 informamos que est\u00e1 abierto el plazo de inscripci\u00f3n en el curso ORALIDAD EN EL AULA. RECURSOS Y ESTRATEGIAS con c\u00f3digo 232924GE15. Fechas de inscripci\u00f3n : del 11\/10\/2022 al 27\/10\/2022 Fecha de inicio: 02\/11\/2022 Fecha finalizaci\u00f3n: 30\/11\/2022 Horas: 12\u00a0 ( 10h de videoconferencias y 2\u2026","rel":"","context":"En \u00abFormaciones\u00bb","block_context":{"text":"Formaciones","link":"https:\/\/cepronda.com\/blog\/category\/formaciones\/"},"img":{"alt_text":"","src":"https:\/\/i0.wp.com\/cepronda.com\/blog\/wp-content\/uploads\/2022\/10\/WhatsApp-Image-2022-10-13-at-09.57.49.jpeg?fit=848%2C1200&ssl=1&resize=350%2C200","width":350,"height":200,"srcset":"https:\/\/i0.wp.com\/cepronda.com\/blog\/wp-content\/uploads\/2022\/10\/WhatsApp-Image-2022-10-13-at-09.57.49.jpeg?fit=848%2C1200&ssl=1&resize=350%2C200 1x, https:\/\/i0.wp.com\/cepronda.com\/blog\/wp-content\/uploads\/2022\/10\/WhatsApp-Image-2022-10-13-at-09.57.49.jpeg?fit=848%2C1200&ssl=1&resize=525%2C300 1.5x, https:\/\/i0.wp.com\/cepronda.com\/blog\/wp-content\/uploads\/2022\/10\/WhatsApp-Image-2022-10-13-at-09.57.49.jpeg?fit=848%2C1200&ssl=1&resize=700%2C400 2x"},"classes":[]},{"id":9454,"url":"https:\/\/cepronda.com\/blog\/jjjj\/","url_meta":{"origin":4771,"position":1},"title":"BBPP PARA EL FOMENTO DE LA ORALIDAD EN EL AULA BILING\u00dcE EN SECUNDARIA Y BACHILLERATO","author":"Encarni Jim\u00e9nez Rosado","date":"12 marzo, 2026","format":false,"excerpt":"Abierta inscripci\u00f3n de la Actividad Formativa: \"BBPP PARA EL FOMENTO DE LA ORALIDAD EN EL AULA BILING\u00dcE EN SECUNDARIA Y BACCHILLERATO\" Curso enfocado a facilitar a los docentes las herramientas necesarias para dominar la oralidad en el enfoque AICLE (Aprendizaje Integrado de contenidos y Lenguas Extranjeras). A trav\u00e9s de buenas\u2026","rel":"","context":"En \u00abFormaciones\u00bb","block_context":{"text":"Formaciones","link":"https:\/\/cepronda.com\/blog\/category\/formaciones\/"},"img":{"alt_text":"","src":"","width":0,"height":0},"classes":[]},{"id":5131,"url":"https:\/\/cepronda.com\/blog\/oralidad-ludica-en-primaria-y-primer-ciclo-de-secundaria-los-juegos-del-habla\/","url_meta":{"origin":4771,"position":2},"title":"ORALIDAD L\u00daDICA EN PRIMARIA Y PRIMER CICLO DE SECUNDARIA. LOS JUEGOS DEL HABLA","author":"Maribel Mu\u00f1oz","date":"18 febrero, 2022","format":false,"excerpt":"Buenas tardes compa\u00f1eras y compa\u00f1eros Os informamos que est\u00e1 abierto el plazo de\u00a0 inscripci\u00f3n de la actividad formativa provincial ORALIDAD L\u00daDICA EN PRIMARIA Y PRIMER CICLO DE SECUNDARIA. LOS JUEGOS DEL HABLA \ud83c\udfaf Curso dirigido a profesorado cualquier \u00e1rea de Educaci\u00f3n Primaria y Educaci\u00f3n Secundaria Obligatoria de la provincia de\u2026","rel":"","context":"En \u00abFormaciones\u00bb","block_context":{"text":"Formaciones","link":"https:\/\/cepronda.com\/blog\/category\/formaciones\/"},"img":{"alt_text":"","src":"https:\/\/i0.wp.com\/cepronda.com\/blog\/wp-content\/uploads\/2022\/02\/WhatsApp-Image-2022-02-18-at-13.31.35.jpeg?fit=1001%2C1001&ssl=1&resize=350%2C200","width":350,"height":200,"srcset":"https:\/\/i0.wp.com\/cepronda.com\/blog\/wp-content\/uploads\/2022\/02\/WhatsApp-Image-2022-02-18-at-13.31.35.jpeg?fit=1001%2C1001&ssl=1&resize=350%2C200 1x, https:\/\/i0.wp.com\/cepronda.com\/blog\/wp-content\/uploads\/2022\/02\/WhatsApp-Image-2022-02-18-at-13.31.35.jpeg?fit=1001%2C1001&ssl=1&resize=525%2C300 1.5x, https:\/\/i0.wp.com\/cepronda.com\/blog\/wp-content\/uploads\/2022\/02\/WhatsApp-Image-2022-02-18-at-13.31.35.jpeg?fit=1001%2C1001&ssl=1&resize=700%2C400 2x"},"classes":[]},{"id":7867,"url":"https:\/\/cepronda.com\/blog\/la-coeducacion-aterriza-en-el-aula-estrategias-para-promover-la-igualdad\/","url_meta":{"origin":4771,"position":3},"title":"LA COEDUCACI\u00d3N ATERRIZA EN EL AULA: ESTRATEGIAS PARA PROMOVER LA IGUALDAD","author":"Mamen Moreno","date":"22 noviembre, 2024","format":false,"excerpt":"Abierto el plazo de inscripci\u00f3n para el curso \"LA COEDUCACI\u00d3N ATERRIZA EN EL AULA: ESTRATEGIAS PARA PROMOVER LA IGUALDAD\" con c\u00f3digo 252924GE015 Profesorado destinatario: Internivelar Inscripciones desde el 22\/11\/2024 hasta el 17\/12\/2024 Duraci\u00f3n: 20 horas (16 horas presenciales por videoconferencias y 4 horas no presenciales) Fechas de realizaci\u00f3n: 15 de\u2026","rel":"","context":"En \u00abFormaciones\u00bb","block_context":{"text":"Formaciones","link":"https:\/\/cepronda.com\/blog\/category\/formaciones\/"},"img":{"alt_text":"","src":"https:\/\/i0.wp.com\/cepronda.com\/blog\/wp-content\/uploads\/2024\/11\/Invitacion-vertical-Boda-Nos-casamos-Floral-Verde-y-Beige-Post-de-Instagram-1.jpg?fit=1080%2C1080&ssl=1&resize=350%2C200","width":350,"height":200,"srcset":"https:\/\/i0.wp.com\/cepronda.com\/blog\/wp-content\/uploads\/2024\/11\/Invitacion-vertical-Boda-Nos-casamos-Floral-Verde-y-Beige-Post-de-Instagram-1.jpg?fit=1080%2C1080&ssl=1&resize=350%2C200 1x, https:\/\/i0.wp.com\/cepronda.com\/blog\/wp-content\/uploads\/2024\/11\/Invitacion-vertical-Boda-Nos-casamos-Floral-Verde-y-Beige-Post-de-Instagram-1.jpg?fit=1080%2C1080&ssl=1&resize=525%2C300 1.5x, https:\/\/i0.wp.com\/cepronda.com\/blog\/wp-content\/uploads\/2024\/11\/Invitacion-vertical-Boda-Nos-casamos-Floral-Verde-y-Beige-Post-de-Instagram-1.jpg?fit=1080%2C1080&ssl=1&resize=700%2C400 2x, https:\/\/i0.wp.com\/cepronda.com\/blog\/wp-content\/uploads\/2024\/11\/Invitacion-vertical-Boda-Nos-casamos-Floral-Verde-y-Beige-Post-de-Instagram-1.jpg?fit=1080%2C1080&ssl=1&resize=1050%2C600 3x"},"classes":[]},{"id":4816,"url":"https:\/\/cepronda.com\/blog\/aplicacion-didactica-de-classroom-y-herramientas-de-google-inicial\/","url_meta":{"origin":4771,"position":4},"title":"APLICACI\u00d3N DID\u00c1CTICA DE CLASSROOM Y HERRAMIENTAS DE GOOGLE. INICIAL","author":"Inmaculada Garc\u00eda","date":"25 octubre, 2021","format":false,"excerpt":"Buenas d\u00edas, compa\u00f1eras y compa\u00f1eros. Os informamos que est\u00e1 abierto el plazo de inscripci\u00f3n en la actividad\u00a0 \u00abAPLICACI\u00d3N DID\u00c1CTICA DE CLASSROOM Y HERRAMIENTAS DE GOOGLE. INICIAL\u00bb con c\u00f3digo 222924GE038. Es una actividad del \u00e1mbito CEP de Ronda.\u00a0 Se desarrollar\u00e1 en el Aula Virtual de Formaci\u00f3n del Profesorado. Las fechas de\u2026","rel":"","context":"En \u00abFormaciones\u00bb","block_context":{"text":"Formaciones","link":"https:\/\/cepronda.com\/blog\/category\/formaciones\/"},"img":{"alt_text":"","src":"https:\/\/i0.wp.com\/cepronda.com\/blog\/wp-content\/uploads\/2021\/10\/222924GE038-APLICACION-DIDACTICA-DE-CLASSROOM-Y-HERRAMIENTAS-DE-GOOGLE-INICIAL-212x300.png?resize=350%2C200","width":350,"height":200},"classes":[]},{"id":4656,"url":"https:\/\/cepronda.com\/blog\/jornada-de-sensibilizacion-del-proyecto-linguistico-de-centro-plc-provincial-2\/","url_meta":{"origin":4771,"position":5},"title":"ESTRATEGIAS DE EVALUACI\u00d3N EN SECUNDARIA Y BACHILLERATO:  PR\u00c1CTICAS DE \u00c9XITO","author":"Maribel Mu\u00f1oz","date":"23 septiembre, 2021","format":false,"excerpt":"Buenas tardes compa\u00f1eras y compa\u00f1eros, Os informamos que est\u00e1 abierto el plazo de inscripci\u00f3n en la actividad ESTRATEGIAS DE EVALUACI\u00d3N EN SECUNDARIA Y BACHILLERATO:PR\u00c1CTICAS DE \u00c9XITO\u00a0 con c\u00f3digo 222924GE023. La formaci\u00f3n es online, con un total de 10 horas. Es de \u00e1mbito CEP.\u00a0 La fechas son:\u00a0 \u00a0 Plazo de inscripci\u00f3n:\u2026","rel":"","context":"En \u00abFormaciones\u00bb","block_context":{"text":"Formaciones","link":"https:\/\/cepronda.com\/blog\/category\/formaciones\/"},"img":{"alt_text":"","src":"https:\/\/i0.wp.com\/cepronda.com\/blog\/wp-content\/uploads\/2021\/09\/RECURSOS-DIGITALES-1.png?fit=848%2C1200&ssl=1&resize=350%2C200","width":350,"height":200,"srcset":"https:\/\/i0.wp.com\/cepronda.com\/blog\/wp-content\/uploads\/2021\/09\/RECURSOS-DIGITALES-1.png?fit=848%2C1200&ssl=1&resize=350%2C200 1x, https:\/\/i0.wp.com\/cepronda.com\/blog\/wp-content\/uploads\/2021\/09\/RECURSOS-DIGITALES-1.png?fit=848%2C1200&ssl=1&resize=525%2C300 1.5x, https:\/\/i0.wp.com\/cepronda.com\/blog\/wp-content\/uploads\/2021\/09\/RECURSOS-DIGITALES-1.png?fit=848%2C1200&ssl=1&resize=700%2C400 2x"},"classes":[]}],"jetpack_sharing_enabled":true,"_links":{"self":[{"href":"https:\/\/cepronda.com\/blog\/wp-json\/wp\/v2\/posts\/4771","targetHints":{"allow":["GET"]}}],"collection":[{"href":"https:\/\/cepronda.com\/blog\/wp-json\/wp\/v2\/posts"}],"about":[{"href":"https:\/\/cepronda.com\/blog\/wp-json\/wp\/v2\/types\/post"}],"author":[{"embeddable":true,"href":"https:\/\/cepronda.com\/blog\/wp-json\/wp\/v2\/users\/10"}],"replies":[{"embeddable":true,"href":"https:\/\/cepronda.com\/blog\/wp-json\/wp\/v2\/comments?post=4771"}],"version-history":[{"count":3,"href":"https:\/\/cepronda.com\/blog\/wp-json\/wp\/v2\/posts\/4771\/revisions"}],"predecessor-version":[{"id":4784,"href":"https:\/\/cepronda.com\/blog\/wp-json\/wp\/v2\/posts\/4771\/revisions\/4784"}],"wp:attachment":[{"href":"https:\/\/cepronda.com\/blog\/wp-json\/wp\/v2\/media?parent=4771"}],"wp:term":[{"taxonomy":"category","embeddable":true,"href":"https:\/\/cepronda.com\/blog\/wp-json\/wp\/v2\/categories?post=4771"},{"taxonomy":"post_tag","embeddable":true,"href":"https:\/\/cepronda.com\/blog\/wp-json\/wp\/v2\/tags?post=4771"}],"curies":[{"name":"wp","href":"https:\/\/api.w.org\/{rel}","templated":true}]}}