{"id":4758,"date":"2021-10-14T17:13:48","date_gmt":"2021-10-14T15:13:48","guid":{"rendered":"http:\/\/cepronda.com\/blog\/?p=4758"},"modified":"2021-10-14T17:23:26","modified_gmt":"2021-10-14T15:23:26","slug":"conoces-tu-ciudad-2","status":"publish","type":"post","link":"https:\/\/cepronda.com\/blog\/conoces-tu-ciudad-2\/","title":{"rendered":"\u00bfCONOCES TU CIUDAD?"},"content":{"rendered":"<section class=\"entry-content \">Buenos d\u00edas.<\/section>\n<section><\/section>\n<section><\/section>\n<section><\/section>\n<section class=\"entry-content \">Os informamos que est\u00e1 abierto el plazo de inscripci\u00f3n de la formaci\u00f3n&nbsp; \u00bfCONOCES TU CIUDAD? (C\u00f3digo: 222924GE031).&nbsp; Las fechas de inscripci\u00f3n son las comprendidas entre el 14 de octubre y el 4 de noviembre de 2021.<br \/>\nLa actividad se llevar\u00e1 a cabo los d\u00edas siguientes:<\/section>\n<section>-9, 10, 16 y 17 de noviembre, de 16:30 h a 19:30 h: sesiones presenciales en la biblioteca del CEP<\/section>\n<section class=\"entry-content \">Adjuntamos enlace para la inscripci\u00f3n: <a href=\"https:\/\/www.juntadeandalucia.es\/educacion\/secretariavirtual\/consultaCEP\/actividad\/222924GE031\/\">https:\/\/www.juntadeandalucia.es\/educacion\/secretariavirtual\/consultaCEP\/actividad\/222924GE031\/<\/a><\/section>\n<section><\/section>\n<section><\/section>\n<section><\/section>\n<section class=\"entry-content \">Te rogamos que en el caso de renunciar o no poder asistir a esta formaci\u00f3n, lo comuniques a la mayor brevedad posible para no provocar perjuicio al resto de participantes ni al buen funcionamiento de la actividad.&nbsp;<\/section>\n<section><\/section>\n<section class=\"entry-content \">Deseamos que sea de vuestro inter\u00e9s.&nbsp; Saludos<\/section>\n<section class=\"entry-content \"><img data-recalc-dims=\"1\" loading=\"lazy\" decoding=\"async\" class=\"size-medium wp-image-4759 aligncenter\" src=\"https:\/\/i0.wp.com\/cepronda.com\/blog\/wp-content\/uploads\/2021\/10\/20211410-222924G%C2%B7031-CONOCES-TU-CIUDAD-212x300.png?resize=212%2C300\" alt=\"\" width=\"212\" height=\"300\"><\/section>\n<section class=\"entry-content \"><\/section>\n<section><\/section>\n<section><\/section>\n<section><\/section>\n","protected":false},"excerpt":{"rendered":"<p>Buenos d\u00edas. Os informamos que est\u00e1 abierto el plazo de inscripci\u00f3n de la formaci\u00f3n&nbsp; \u00bfCONOCES TU CIUDAD? (C\u00f3digo: 222924GE031).&nbsp; Las fechas de inscripci\u00f3n son las comprendidas entre el 14 de octubre y el 4 de noviembre de 2021. La actividad se llevar\u00e1 a cabo los d\u00edas siguientes: -9, 10, 16 y 17 de noviembre, de [&hellip;]<\/p>\n","protected":false},"author":12,"featured_media":0,"comment_status":"closed","ping_status":"open","sticky":false,"template":"","format":"standard","meta":{"_crdt_document":"","advanced_seo_description":"","jetpack_seo_html_title":"","jetpack_seo_noindex":false,"jetpack_post_was_ever_published":false,"_jetpack_newsletter_access":"","_jetpack_dont_email_post_to_subs":false,"_jetpack_newsletter_tier_id":0,"_jetpack_memberships_contains_paywalled_content":false,"_jetpack_memberships_contains_paid_content":false,"footnotes":"","jetpack_publicize_message":"","jetpack_publicize_feature_enabled":true,"jetpack_social_post_already_shared":false,"jetpack_social_options":{"image_generator_settings":{"template":"highway","default_image_id":0,"font":"","enabled":false},"version":2}},"categories":[3,5],"tags":[246,97],"class_list":{"0":"post-4758","1":"post","2":"type-post","3":"status-publish","4":"format-standard","6":"category-formaciones","7":"category-noticias","8":"tag-cursos-presencial","9":"tag-inteligencia-emocional","10":"czr-hentry"},"jetpack_publicize_connections":[],"jetpack_featured_media_url":"","jetpack_shortlink":"https:\/\/wp.me\/p8M4X7-1eK","jetpack-related-posts":[{"id":6101,"url":"https:\/\/cepronda.com\/blog\/ii-congreso-de-educacion-y-flamenco-innovacion-investigacion-y-transformacion\/","url_meta":{"origin":4758,"position":0},"title":"*II CONGRESO DE EDUCACI\u00d3N Y FLAMENCO. INNOVACI\u00d3N, INVESTIGACI\u00d3N Y TRANSFORMACI\u00d3N*","author":"Inmaculada Garc\u00eda","date":"16 octubre, 2023","format":false,"excerpt":"Hasta el pr\u00f3ximo 23 de Octubre a las 14:00 h. se encuentra abierto el plazo de inscripci\u00f3n para la actividad formativa REGIONAL: *II CONGRESO DE EDUCACI\u00d3N Y FLAMENCO. INNOVACI\u00d3N, INVESTIGACI\u00d3N Y TRANSFORMACI\u00d3N* (242319GE001). Esta formaci\u00f3n se desarrollar\u00e1 de forma *presencial en Ja\u00e9n durante los d\u00edas 22, 23 y 24 de\u2026","rel":"","context":"En \u00abFormaciones\u00bb","block_context":{"text":"Formaciones","link":"https:\/\/cepronda.com\/blog\/category\/formaciones\/"},"img":{"alt_text":"","src":"https:\/\/i0.wp.com\/cepronda.com\/blog\/wp-content\/uploads\/2023\/10\/WhatsApp-Image-2023-10-13-at-09.28.51.jpeg?fit=398%2C760&ssl=1&resize=350%2C200","width":350,"height":200},"classes":[]},{"id":8899,"url":"https:\/\/cepronda.com\/blog\/8899-2\/","url_meta":{"origin":4758,"position":1},"title":"III CONGRESO INTERNACIONAL DE EDUCACI\u00d3N Y FLAMENCO: FORMACI\u00d3N E INNOVACI\u00d3N EN EL AULA.","author":"Inmaculada Garc\u00eda","date":"9 octubre, 2025","format":false,"excerpt":"Os informamos de que ya est\u00e1 abierto el plazo de inscripci\u00f3n en el III CONGRESO INTERNACIONAL DE EDUCACI\u00d3N Y FLAMENCO: FORMACI\u00d3N E INNOVACI\u00d3N EN EL AULA. (C\u00f3digo 269915CIEF03) Esta actividad regional se celebrar\u00e1 en Huelva los d\u00edas 11-13 de noviembre. \u00a0 Fecha inscripci\u00f3n: 03\/10\/2025 hasta 20\/10\/2025 \u00a0 Para inscripci\u00f3n y\u2026","rel":"","context":"En \u00abFormaciones\u00bb","block_context":{"text":"Formaciones","link":"https:\/\/cepronda.com\/blog\/category\/formaciones\/"},"img":{"alt_text":"","src":"https:\/\/i0.wp.com\/cepronda.com\/blog\/wp-content\/uploads\/2025\/10\/flamenco-cep-huelva2.jpg?fit=740%2C1200&ssl=1&resize=350%2C200","width":350,"height":200,"srcset":"https:\/\/i0.wp.com\/cepronda.com\/blog\/wp-content\/uploads\/2025\/10\/flamenco-cep-huelva2.jpg?fit=740%2C1200&ssl=1&resize=350%2C200 1x, https:\/\/i0.wp.com\/cepronda.com\/blog\/wp-content\/uploads\/2025\/10\/flamenco-cep-huelva2.jpg?fit=740%2C1200&ssl=1&resize=525%2C300 1.5x, https:\/\/i0.wp.com\/cepronda.com\/blog\/wp-content\/uploads\/2025\/10\/flamenco-cep-huelva2.jpg?fit=740%2C1200&ssl=1&resize=700%2C400 2x"},"classes":[]},{"id":4675,"url":"https:\/\/cepronda.com\/blog\/experiencias-en-ronda-de-la-formacion-profesional-dual\/","url_meta":{"origin":4758,"position":2},"title":"EXPERIENCIAS EN RONDA DE LA FORMACI\u00d3N PROFESIONAL DUAL","author":"Antonio Montes","date":"27 septiembre, 2021","format":false,"excerpt":"Buenos d\u00edas. Os informamos que est\u00e1 abierto el plazo de inscripci\u00f3n de la formaci\u00f3n\u00a0 EXPERIENCIAS EN RONDA DE LA FORMACI\u00d3N PROFESIONAL DUAL (C\u00f3digo: 222924GE035).\u00a0 Las fechas de inscripci\u00f3n son las comprendidas entre el 24 de septiembre y el 3 de octubre de 2021. La actividad se llevar\u00e1 a cabo los\u2026","rel":"","context":"En \u00abFormaciones\u00bb","block_context":{"text":"Formaciones","link":"https:\/\/cepronda.com\/blog\/category\/formaciones\/"},"img":{"alt_text":"","src":"https:\/\/i0.wp.com\/cepronda.com\/blog\/wp-content\/uploads\/2021\/09\/222924GE035-EXPERIENCIAS-EN-RONDA-DE-LA-FP-DUAL.png?fit=848%2C1200&ssl=1&resize=350%2C200","width":350,"height":200,"srcset":"https:\/\/i0.wp.com\/cepronda.com\/blog\/wp-content\/uploads\/2021\/09\/222924GE035-EXPERIENCIAS-EN-RONDA-DE-LA-FP-DUAL.png?fit=848%2C1200&ssl=1&resize=350%2C200 1x, https:\/\/i0.wp.com\/cepronda.com\/blog\/wp-content\/uploads\/2021\/09\/222924GE035-EXPERIENCIAS-EN-RONDA-DE-LA-FP-DUAL.png?fit=848%2C1200&ssl=1&resize=525%2C300 1.5x, https:\/\/i0.wp.com\/cepronda.com\/blog\/wp-content\/uploads\/2021\/09\/222924GE035-EXPERIENCIAS-EN-RONDA-DE-LA-FP-DUAL.png?fit=848%2C1200&ssl=1&resize=700%2C400 2x"},"classes":[]},{"id":6105,"url":"https:\/\/cepronda.com\/blog\/cuaderno-seneca-para-formacion-profesional-242923fp153\/","url_meta":{"origin":4758,"position":3},"title":"CUADERNO S\u00c9NECA PARA FORMACI\u00d3N PROFESIONAL (242923FP153)","author":"Inmaculada Garc\u00eda","date":"18 octubre, 2023","format":false,"excerpt":"Abierto plazo de inscripci\u00f3n para el Curso a Distancia, gestionado por el CEP de Marbella- Co\u00edn: \"CUADERNO S\u00c9NECA PARA FORMACI\u00d3N PROFESIONAL (242923FP153)\" Destinados a profesorado de Formaci\u00f3n profesional de la provincia de M\u00e1laga. Inscripci\u00f3n del 18 al 27 de octubre. Realizaci\u00f3n entre el 6 de Noviembre y el 15 de\u2026","rel":"","context":"En \u00abNoticias\u00bb","block_context":{"text":"Noticias","link":"https:\/\/cepronda.com\/blog\/category\/noticias\/"},"img":{"alt_text":"","src":"https:\/\/i0.wp.com\/cepronda.com\/blog\/wp-content\/uploads\/2023\/10\/WhatsApp-Image-2023-10-17-at-20.51.07.jpeg?fit=1080%2C1080&ssl=1&resize=350%2C200","width":350,"height":200,"srcset":"https:\/\/i0.wp.com\/cepronda.com\/blog\/wp-content\/uploads\/2023\/10\/WhatsApp-Image-2023-10-17-at-20.51.07.jpeg?fit=1080%2C1080&ssl=1&resize=350%2C200 1x, https:\/\/i0.wp.com\/cepronda.com\/blog\/wp-content\/uploads\/2023\/10\/WhatsApp-Image-2023-10-17-at-20.51.07.jpeg?fit=1080%2C1080&ssl=1&resize=525%2C300 1.5x, https:\/\/i0.wp.com\/cepronda.com\/blog\/wp-content\/uploads\/2023\/10\/WhatsApp-Image-2023-10-17-at-20.51.07.jpeg?fit=1080%2C1080&ssl=1&resize=700%2C400 2x, https:\/\/i0.wp.com\/cepronda.com\/blog\/wp-content\/uploads\/2023\/10\/WhatsApp-Image-2023-10-17-at-20.51.07.jpeg?fit=1080%2C1080&ssl=1&resize=1050%2C600 3x"},"classes":[]},{"id":4615,"url":"https:\/\/cepronda.com\/blog\/desarrollo-de-la-competencia-matematica-en-educacion-secundaria\/","url_meta":{"origin":4758,"position":4},"title":"DESARROLLO DE LA COMPETENCIA MATEM\u00c1TICA EN EDUCACI\u00d3N SECUNDARIA","author":"Antonio Montes","date":"16 septiembre, 2021","format":false,"excerpt":"Buenos d\u00edas. Os informamos que est\u00e1 abierto el plazo de inscripci\u00f3n de la formaci\u00f3n\u00a0 DESARROLLO DE LA COMPETENCIA MATEM\u00c1TICA EN EDUCACI\u00d3N SECUNDARIA (C\u00f3digo: 222924GE029).\u00a0 Las fechas de inscripci\u00f3n son las comprendidas entre el 16 de septiembre y el 1 de octubre de 2021. La actividad se llevar\u00e1 a cabo los\u2026","rel":"","context":"En \u00abFormaciones\u00bb","block_context":{"text":"Formaciones","link":"https:\/\/cepronda.com\/blog\/category\/formaciones\/"},"img":{"alt_text":"","src":"https:\/\/i0.wp.com\/cepronda.com\/blog\/wp-content\/uploads\/2021\/09\/COMPETENCIA-MATEMATICA-EN-SECUNDARIA-PNG-1.png?fit=848%2C1200&ssl=1&resize=350%2C200","width":350,"height":200,"srcset":"https:\/\/i0.wp.com\/cepronda.com\/blog\/wp-content\/uploads\/2021\/09\/COMPETENCIA-MATEMATICA-EN-SECUNDARIA-PNG-1.png?fit=848%2C1200&ssl=1&resize=350%2C200 1x, https:\/\/i0.wp.com\/cepronda.com\/blog\/wp-content\/uploads\/2021\/09\/COMPETENCIA-MATEMATICA-EN-SECUNDARIA-PNG-1.png?fit=848%2C1200&ssl=1&resize=525%2C300 1.5x, https:\/\/i0.wp.com\/cepronda.com\/blog\/wp-content\/uploads\/2021\/09\/COMPETENCIA-MATEMATICA-EN-SECUNDARIA-PNG-1.png?fit=848%2C1200&ssl=1&resize=700%2C400 2x"},"classes":[]},{"id":7881,"url":"https:\/\/cepronda.com\/blog\/marco-funcional-del-nuevo-modelo-de-formacion-en-empresa-u-organismos-equiparados\/","url_meta":{"origin":4758,"position":5},"title":"MARCO FUNCIONAL DEL NUEVO MODELO DE FORMACI\u00d3N EN EMPRESA U ORGANISMOS EQUIPARADOS","author":"Mamen Moreno","date":"2 diciembre, 2024","format":false,"excerpt":"Se abre el plazo de inscripci\u00f3n para el curso \"MARCO FUNCIONAL DEL NUEVO MODELO DE FORMACI\u00d3N EN EMPRESA U ORGANISMOS EQUIPARADOS\" c\u00f3digo\u00a0259923QPF548 Inscripciones desde el 29 de noviembre hasta el 5 de diciembre. Lugar: Aula Virtual de Formaci\u00f3n del Profesorado. Sesiones de videoconferencia los d\u00edas 11 y 12 de enero.\u2026","rel":"","context":"En \u00abNoticias\u00bb","block_context":{"text":"Noticias","link":"https:\/\/cepronda.com\/blog\/category\/noticias\/"},"img":{"alt_text":"","src":"https:\/\/i0.wp.com\/cepronda.com\/blog\/wp-content\/uploads\/2024\/12\/WhatsApp-Image-2024-11-29-at-10.58.10.jpeg?fit=1080%2C1080&ssl=1&resize=350%2C200","width":350,"height":200,"srcset":"https:\/\/i0.wp.com\/cepronda.com\/blog\/wp-content\/uploads\/2024\/12\/WhatsApp-Image-2024-11-29-at-10.58.10.jpeg?fit=1080%2C1080&ssl=1&resize=350%2C200 1x, https:\/\/i0.wp.com\/cepronda.com\/blog\/wp-content\/uploads\/2024\/12\/WhatsApp-Image-2024-11-29-at-10.58.10.jpeg?fit=1080%2C1080&ssl=1&resize=525%2C300 1.5x, https:\/\/i0.wp.com\/cepronda.com\/blog\/wp-content\/uploads\/2024\/12\/WhatsApp-Image-2024-11-29-at-10.58.10.jpeg?fit=1080%2C1080&ssl=1&resize=700%2C400 2x, https:\/\/i0.wp.com\/cepronda.com\/blog\/wp-content\/uploads\/2024\/12\/WhatsApp-Image-2024-11-29-at-10.58.10.jpeg?fit=1080%2C1080&ssl=1&resize=1050%2C600 3x"},"classes":[]}],"jetpack_sharing_enabled":true,"_links":{"self":[{"href":"https:\/\/cepronda.com\/blog\/wp-json\/wp\/v2\/posts\/4758","targetHints":{"allow":["GET"]}}],"collection":[{"href":"https:\/\/cepronda.com\/blog\/wp-json\/wp\/v2\/posts"}],"about":[{"href":"https:\/\/cepronda.com\/blog\/wp-json\/wp\/v2\/types\/post"}],"author":[{"embeddable":true,"href":"https:\/\/cepronda.com\/blog\/wp-json\/wp\/v2\/users\/12"}],"replies":[{"embeddable":true,"href":"https:\/\/cepronda.com\/blog\/wp-json\/wp\/v2\/comments?post=4758"}],"version-history":[{"count":1,"href":"https:\/\/cepronda.com\/blog\/wp-json\/wp\/v2\/posts\/4758\/revisions"}],"predecessor-version":[{"id":4760,"href":"https:\/\/cepronda.com\/blog\/wp-json\/wp\/v2\/posts\/4758\/revisions\/4760"}],"wp:attachment":[{"href":"https:\/\/cepronda.com\/blog\/wp-json\/wp\/v2\/media?parent=4758"}],"wp:term":[{"taxonomy":"category","embeddable":true,"href":"https:\/\/cepronda.com\/blog\/wp-json\/wp\/v2\/categories?post=4758"},{"taxonomy":"post_tag","embeddable":true,"href":"https:\/\/cepronda.com\/blog\/wp-json\/wp\/v2\/tags?post=4758"}],"curies":[{"name":"wp","href":"https:\/\/api.w.org\/{rel}","templated":true}]}}