{"id":475,"date":"2016-12-13T11:24:12","date_gmt":"2016-12-13T10:24:12","guid":{"rendered":"http:\/\/cepronda.com\/blog\/?p=475"},"modified":"2016-12-13T11:24:12","modified_gmt":"2016-12-13T10:24:12","slug":"escuela-de-cuentacuentos","status":"publish","type":"post","link":"https:\/\/cepronda.com\/blog\/escuela-de-cuentacuentos\/","title":{"rendered":"ESCUELA DE CUENTACUENTOS"},"content":{"rendered":"<p><img data-recalc-dims=\"1\" loading=\"lazy\" decoding=\"async\" class=\"size-medium wp-image-477 alignleft\" src=\"https:\/\/i0.wp.com\/cepronda.com\/blog\/wp-content\/uploads\/2016\/12\/aroni-738302_1280-300x197.jpg?resize=300%2C197\" alt=\"aroni-738302_1280\" width=\"300\" height=\"197\" \/><\/p>\n<div class=\"gmail_default\">Os informamos que el pr\u00f3ximo 18 de Enero\u00a0 MI\u00c9RCOLES en horario de 16:30\u00a0 a 19:30 en el CEP de Ronda va a tener lugar un curso con seguimiento que estamos preparando con gran ilusi\u00f3n el t\u00edtulo es <b>\u00ab<span class=\"m_8092429925234954369gmail-il\">ESCUELA<\/span> DE CUENTACUENTOS\u00bb<\/b>:<\/div>\n<ul>\n<li>Todos\/as tenemos un<b> cuento<\/b> que contar&#8230;Te ayudaremos a darle forma al tuyo y encontrar los elementos que lo hacen \u00fanico para que aprendas a contar cuentos como un\/a verdadero profesional.<\/li>\n<li>Usaremos diferentes <b>t\u00e9cnicas narrativas<\/b> para que tu cuento impacte. Te daremos los recursos expresivos para que cuando hagas tu presentaci\u00f3n el mensaje llegue sin ning\u00fan obst\u00e1culo.<\/li>\n<\/ul>\n<ul>\n<li>Hablar en p\u00fablico puede ser <b>m\u00e1gico <\/b>usando las herramientas que nos da el ser un buen\/ una buena \u00abcuentista\u00bb. Todas ellas aprovechables para darle fuerza no s\u00f3lo a tus cuentos sino tambi\u00e9n a tus ponencias, tus clases, presentaciones o conferencias.<\/li>\n<\/ul>\n<p><a href=\"http:\/\/www.juntadeandalucia.es\/educacion\/portals\/web\/cep-ronda\/cursos\" target=\"_blank\" data-saferedirecturl=\"https:\/\/www.google.com\/url?hl=es&amp;q=http:\/\/www.juntadeandalucia.es\/educacion\/portals\/web\/cep-ronda\/cursos&amp;source=gmail&amp;ust=1481703102587000&amp;usg=AFQjCNEMvE2AMThSf5oDAl71hcVU2tQkiA\"><b>Para m\u00e1s informaci\u00f3n e inscripci\u00f3n VER DETALLE EN S\u00c9NECA<\/b><\/a><\/p>\n<p>Contaremos con un ponente de excepci\u00f3n <b>Carlos Arribas. <\/b>Cuentacuentos profesional en activo y que ya ha realizado formaci\u00f3n con profesorado en este sentido. Aqu\u00ed os dejamos su blog por si quer\u00e9is ir ech\u00e1ndole un vistazo. <a href=\"http:\/\/carlococuentacuentos.blogspot.com.es\/\" target=\"_blank\" data-saferedirecturl=\"https:\/\/www.google.com\/url?hl=es&amp;q=http:\/\/carlococuentacuentos.blogspot.com.es\/&amp;source=gmail&amp;ust=1481703102587000&amp;usg=AFQjCNHKcgJsttO6ZyUAz3MGH5Cra-Uzrw\">PINCHA AQU\u00cd PARA VER EL BLOG DE CARLOCO.<\/a><\/p>\n<p>Con este curso pretendemos mejorar las habilidades del profesorado en este campo y <b>motivar la creaci\u00f3n de una red de cuentacuentos m\u00e1s o menos estable en la ciudad de Ronda <\/b>que permita compartir experiencias, dinamizar la vida de las bibliotecas de los centros de la zona, as\u00ed como de los distintos espacios p\u00fablicos de la comarca, desde parques, plazas&#8230; a salas de lectura de la Biblioteca P\u00fablica Comarcal recientemente inaugurada.<\/p>\n<p>No lo dudes y ap\u00fantate!!!&#8230;Va a ser una experiencia diferente.<\/p>\n","protected":false},"excerpt":{"rendered":"<p>Os informamos que el pr\u00f3ximo 18 de Enero\u00a0 MI\u00c9RCOLES en horario de 16:30\u00a0 a 19:30 en el CEP de Ronda va a tener lugar un curso con seguimiento que estamos preparando con gran ilusi\u00f3n el t\u00edtulo es \u00abESCUELA DE CUENTACUENTOS\u00bb: Todos\/as tenemos un cuento que contar&#8230;Te ayudaremos a darle forma al tuyo y encontrar los [&hellip;]<\/p>\n","protected":false},"author":3,"featured_media":477,"comment_status":"open","ping_status":"open","sticky":false,"template":"","format":"standard","meta":{"_crdt_document":"","advanced_seo_description":"","jetpack_seo_html_title":"","jetpack_seo_noindex":false,"jetpack_post_was_ever_published":false,"_jetpack_newsletter_access":"","_jetpack_dont_email_post_to_subs":false,"_jetpack_newsletter_tier_id":0,"_jetpack_memberships_contains_paywalled_content":false,"_jetpack_memberships_contains_paid_content":false,"footnotes":"","jetpack_publicize_message":"","jetpack_publicize_feature_enabled":true,"jetpack_social_post_already_shared":false,"jetpack_social_options":{"image_generator_settings":{"template":"highway","default_image_id":0,"font":"","enabled":false},"version":2}},"categories":[3],"tags":[],"class_list":{"0":"post-475","1":"post","2":"type-post","3":"status-publish","4":"format-standard","5":"has-post-thumbnail","7":"category-formaciones","8":"czr-hentry"},"jetpack_publicize_connections":[],"jetpack_featured_media_url":"","jetpack_shortlink":"https:\/\/wp.me\/p8M4X7-7F","jetpack-related-posts":[{"id":420,"url":"https:\/\/cepronda.com\/blog\/ii-certamen-de-idiomas-ven-y-lo-intentas\/","url_meta":{"origin":475,"position":0},"title":"II CERTAMEN DE IDIOMAS \u00abVEN Y LO INTENTAS\u00bb","author":"V\u00edctor Caballero","date":"12 diciembre, 2016","format":false,"excerpt":"AP\u00daNTATE\u00a0 y PARTICIPA en el II CERTAMEN DE IDIOMAS \"VEN Y LO INTENTAS\" organizado por el CEP de RONDA. Prepara un microteatro, una canci\u00f3n o una \u201cmini\u201d actuaci\u00f3n con tu alumnado o t\u00fa a nivel individual como \"profe\" de idiomas para que tus alumnos\/as te vean en acci\u00f3n :) .\u2026","rel":"","context":"En \u00abNoticias\u00bb","block_context":{"text":"Noticias","link":"https:\/\/cepronda.com\/blog\/category\/noticias\/"},"img":{"alt_text":"cartel-del-certamen1","src":"https:\/\/i0.wp.com\/cepronda.com\/blog\/wp-content\/uploads\/2016\/12\/CARTEL-DEL-CERTAMEN1-213x300.jpg?resize=350%2C200","width":350,"height":200},"classes":[]},{"id":4358,"url":"https:\/\/cepronda.com\/blog\/la-escuela-rural-otra-escuela-posible\/","url_meta":{"origin":475,"position":1},"title":"LA ESCUELA RURAL, OTRA ESCUELA POSIBLE.","author":"Inmaculada Garc\u00eda","date":"26 marzo, 2021","format":false,"excerpt":"Hola compa\u00f1eros y compa\u00f1eras, os informamos de que contin\u00faa abierto el plazo de inscripci\u00f3n para la actividad formativa \"LA ESCUELA RURAL, OTRA ESCUELA POSIBLE\", curso orientado al profesorado de las escuelas rurales y aulas multinivel. Si no perteneces a nuestra zona CEP ponte en contacto con la asesor\u00eda responsable. Esperamos\u2026","rel":"","context":"En \u00abNoticias\u00bb","block_context":{"text":"Noticias","link":"https:\/\/cepronda.com\/blog\/category\/noticias\/"},"img":{"alt_text":"","src":"https:\/\/i0.wp.com\/cepronda.com\/blog\/wp-content\/uploads\/2021\/03\/LA-ESCUELA-RURAL-OTRA-ESCUELA-POSIBLE-1.jpg?fit=848%2C1200&ssl=1&resize=350%2C200","width":350,"height":200,"srcset":"https:\/\/i0.wp.com\/cepronda.com\/blog\/wp-content\/uploads\/2021\/03\/LA-ESCUELA-RURAL-OTRA-ESCUELA-POSIBLE-1.jpg?fit=848%2C1200&ssl=1&resize=350%2C200 1x, https:\/\/i0.wp.com\/cepronda.com\/blog\/wp-content\/uploads\/2021\/03\/LA-ESCUELA-RURAL-OTRA-ESCUELA-POSIBLE-1.jpg?fit=848%2C1200&ssl=1&resize=525%2C300 1.5x, https:\/\/i0.wp.com\/cepronda.com\/blog\/wp-content\/uploads\/2021\/03\/LA-ESCUELA-RURAL-OTRA-ESCUELA-POSIBLE-1.jpg?fit=848%2C1200&ssl=1&resize=700%2C400 2x"},"classes":[]},{"id":3279,"url":"https:\/\/cepronda.com\/blog\/x-concurso-de-buenas-practicas-educativas-de-la-asociacion-mejora-tu-escuela-publica\/","url_meta":{"origin":475,"position":2},"title":"X concurso de Buenas Pr\u00e1cticas Educativas de la Asociaci\u00f3n &quot;Mejora tu Escuela P\u00fablica&quot;","author":"V\u00edctor Caballero","date":"7 enero, 2020","format":false,"excerpt":"La Asociaci\u00f3n Mejora tu Escuela P\u00fablica convoca la d\u00e9cima edici\u00f3n de su Concurso Nacional de Buenas Pr\u00e1cticas Educativas, en el que podr\u00e1n participar las experiencias educativas llevadas a cabo durante el curso 2018\/19 y\/o 2019\/2020 en centros p\u00fablicos del Estado Espa\u00f1ol. Podr\u00e1n participar los Profesores a nivel personal o colectivo,\u2026","rel":"","context":"En \u00abNoticias\u00bb","block_context":{"text":"Noticias","link":"https:\/\/cepronda.com\/blog\/category\/noticias\/"},"img":{"alt_text":"","src":"https:\/\/i0.wp.com\/cepronda.com\/blog\/wp-content\/uploads\/2019\/05\/logo-nuevo.jpg?fit=531%2C342&ssl=1&resize=350%2C200","width":350,"height":200,"srcset":"https:\/\/i0.wp.com\/cepronda.com\/blog\/wp-content\/uploads\/2019\/05\/logo-nuevo.jpg?fit=531%2C342&ssl=1&resize=350%2C200 1x, https:\/\/i0.wp.com\/cepronda.com\/blog\/wp-content\/uploads\/2019\/05\/logo-nuevo.jpg?fit=531%2C342&ssl=1&resize=525%2C300 1.5x"},"classes":[]},{"id":1304,"url":"https:\/\/cepronda.com\/blog\/contigoaprendi-una-campana-muy-bonita\/","url_meta":{"origin":475,"position":3},"title":"#ContigoAprend\u00ed: una campa\u00f1a muy bonita","author":"V\u00edctor Caballero","date":"3 octubre, 2017","format":false,"excerpt":"La\u00a0Consejer\u00eda de Educaci\u00f3n\u00a0ha puesto en marcha la campa\u00f1a 'Contigo Aprend\u00ed' en las redes sociales para prestigiar la labor del profesorado andaluz con motivo de la celebraci\u00f3n el 5 de octubre del D\u00eda Internacional del Docente. El objetivo es reconocer y agradecer el importante trabajo que realizan en Andaluc\u00eda m\u00e1s de\u2026","rel":"","context":"En \u00abNoticias\u00bb","block_context":{"text":"Noticias","link":"https:\/\/cepronda.com\/blog\/category\/noticias\/"},"img":{"alt_text":"","src":"https:\/\/i0.wp.com\/cepronda.com\/blog\/wp-content\/uploads\/2017\/10\/1506677986967docenteAmpDet.jpg?fit=800%2C450&ssl=1&resize=350%2C200","width":350,"height":200,"srcset":"https:\/\/i0.wp.com\/cepronda.com\/blog\/wp-content\/uploads\/2017\/10\/1506677986967docenteAmpDet.jpg?fit=800%2C450&ssl=1&resize=350%2C200 1x, https:\/\/i0.wp.com\/cepronda.com\/blog\/wp-content\/uploads\/2017\/10\/1506677986967docenteAmpDet.jpg?fit=800%2C450&ssl=1&resize=525%2C300 1.5x, https:\/\/i0.wp.com\/cepronda.com\/blog\/wp-content\/uploads\/2017\/10\/1506677986967docenteAmpDet.jpg?fit=800%2C450&ssl=1&resize=700%2C400 2x"},"classes":[]},{"id":5198,"url":"https:\/\/cepronda.com\/blog\/la-comunidad-educativa-en-la-escuela-rural-cooperacion-y-convivencia\/","url_meta":{"origin":475,"position":4},"title":"LA COMUNIDAD EDUCATIVA EN LA ESCUELA RURAL. COOPERACI\u00d3N Y CONVIVENCIA.","author":"Inmaculada Garc\u00eda","date":"29 marzo, 2022","format":false,"excerpt":"Estimados compa\u00f1eros y compa\u00f1eras, os informamos de que sigue abierto el plazo de inscripci\u00f3n para la actividad formativa LA COMUNIDAD EDUCATIVA EN LA ESCUELA RURAL. COOPERACI\u00d3N Y CONVIVENCIA, una formaci\u00f3n espec\u00edfica para el profesorado que ejerce su labor docente en Centros P\u00fablicos Rurales de la provincia de M\u00e1laga que comenzar\u00e1\u2026","rel":"","context":"En \u00abFormaciones\u00bb","block_context":{"text":"Formaciones","link":"https:\/\/cepronda.com\/blog\/category\/formaciones\/"},"img":{"alt_text":"","src":"https:\/\/i0.wp.com\/cepronda.com\/blog\/wp-content\/uploads\/2022\/03\/estrategias-para-la-convivencia-en-el-centro-rural-5.png?fit=848%2C1200&ssl=1&resize=350%2C200","width":350,"height":200,"srcset":"https:\/\/i0.wp.com\/cepronda.com\/blog\/wp-content\/uploads\/2022\/03\/estrategias-para-la-convivencia-en-el-centro-rural-5.png?fit=848%2C1200&ssl=1&resize=350%2C200 1x, https:\/\/i0.wp.com\/cepronda.com\/blog\/wp-content\/uploads\/2022\/03\/estrategias-para-la-convivencia-en-el-centro-rural-5.png?fit=848%2C1200&ssl=1&resize=525%2C300 1.5x, https:\/\/i0.wp.com\/cepronda.com\/blog\/wp-content\/uploads\/2022\/03\/estrategias-para-la-convivencia-en-el-centro-rural-5.png?fit=848%2C1200&ssl=1&resize=700%2C400 2x"},"classes":[]},{"id":4612,"url":"https:\/\/cepronda.com\/blog\/ii-itinerario-formativo-para-la-escuela-rural-de-la-provincia-de-malaga\/","url_meta":{"origin":475,"position":5},"title":"II ITINERARIO FORMATIVO PARA LA ESCUELA RURAL DE LA PROVINCIA DE M\u00c1LAGA.","author":"Inmaculada Garc\u00eda","date":"15 septiembre, 2021","format":false,"excerpt":"Buenas tardes compa\u00f1eros y compa\u00f1eras, hoy se publica nuestro II ITINERARIO FORMATIVO PARA LA ESCUELA RURAL, esta vez se llevar\u00e1 a cabo a nivel provincial por lo que si est\u00e1s trabajando en un CPR o un centro que cuente con aulas multinivel dentro de la provincia de M\u00e1laga, seguro que\u2026","rel":"","context":"En \u00abNoticias\u00bb","block_context":{"text":"Noticias","link":"https:\/\/cepronda.com\/blog\/category\/noticias\/"},"img":{"alt_text":"","src":"https:\/\/i0.wp.com\/cepronda.com\/blog\/wp-content\/uploads\/2021\/09\/Captura-de-pantalla-65.png?fit=1200%2C668&ssl=1&resize=350%2C200","width":350,"height":200,"srcset":"https:\/\/i0.wp.com\/cepronda.com\/blog\/wp-content\/uploads\/2021\/09\/Captura-de-pantalla-65.png?fit=1200%2C668&ssl=1&resize=350%2C200 1x, https:\/\/i0.wp.com\/cepronda.com\/blog\/wp-content\/uploads\/2021\/09\/Captura-de-pantalla-65.png?fit=1200%2C668&ssl=1&resize=525%2C300 1.5x, https:\/\/i0.wp.com\/cepronda.com\/blog\/wp-content\/uploads\/2021\/09\/Captura-de-pantalla-65.png?fit=1200%2C668&ssl=1&resize=700%2C400 2x, https:\/\/i0.wp.com\/cepronda.com\/blog\/wp-content\/uploads\/2021\/09\/Captura-de-pantalla-65.png?fit=1200%2C668&ssl=1&resize=1050%2C600 3x"},"classes":[]}],"jetpack_sharing_enabled":true,"_links":{"self":[{"href":"https:\/\/cepronda.com\/blog\/wp-json\/wp\/v2\/posts\/475","targetHints":{"allow":["GET"]}}],"collection":[{"href":"https:\/\/cepronda.com\/blog\/wp-json\/wp\/v2\/posts"}],"about":[{"href":"https:\/\/cepronda.com\/blog\/wp-json\/wp\/v2\/types\/post"}],"author":[{"embeddable":true,"href":"https:\/\/cepronda.com\/blog\/wp-json\/wp\/v2\/users\/3"}],"replies":[{"embeddable":true,"href":"https:\/\/cepronda.com\/blog\/wp-json\/wp\/v2\/comments?post=475"}],"version-history":[{"count":0,"href":"https:\/\/cepronda.com\/blog\/wp-json\/wp\/v2\/posts\/475\/revisions"}],"wp:featuredmedia":[{"embeddable":true,"href":"https:\/\/cepronda.com\/blog\/wp-json\/"}],"wp:attachment":[{"href":"https:\/\/cepronda.com\/blog\/wp-json\/wp\/v2\/media?parent=475"}],"wp:term":[{"taxonomy":"category","embeddable":true,"href":"https:\/\/cepronda.com\/blog\/wp-json\/wp\/v2\/categories?post=475"},{"taxonomy":"post_tag","embeddable":true,"href":"https:\/\/cepronda.com\/blog\/wp-json\/wp\/v2\/tags?post=475"}],"curies":[{"name":"wp","href":"https:\/\/api.w.org\/{rel}","templated":true}]}}