{"id":4740,"date":"2021-10-11T11:29:44","date_gmt":"2021-10-11T09:29:44","guid":{"rendered":"http:\/\/cepronda.com\/blog\/?p=4740"},"modified":"2025-04-28T11:58:35","modified_gmt":"2025-04-28T09:58:35","slug":"cartel-informativo-con-enlaces-de-interes-del-cep-de-ronda-21-22","status":"publish","type":"post","link":"https:\/\/cepronda.com\/blog\/cartel-informativo-con-enlaces-de-interes-del-cep-de-ronda-21-22\/","title":{"rendered":"CARTEL INFORMATIVO CON ENLACES DE INTER\u00c9S DEL CEP DE RONDA 21\/22"},"content":{"rendered":"<p>Buenas tardes compa\u00f1eras y compa\u00f1eros,<\/p>\n<div class=\"tituloCajaColorJunta\">Con el presente cartel informativo que hemos repartido en todos los centros de nuestra zona CEP de Ronda, para colocar en las salas del profesorado, pod\u00e9is escanear los c\u00f3digos QR a los distintos enlaces de inter\u00e9s para los docentes.<\/div>\n<div class=\"tituloCajaColorJunta\">&nbsp;<\/div>\n<div class=\"tituloCajaColorJunta\">Tambi\u00e9n ten\u00e9is la opci\u00f3n de&nbsp;<a href=\"https:\/\/drive.google.com\/file\/d\/1K-cY5M72kgHvTpT2pRDPmh7E5GXRQ-h6\/view\" target=\"_blank\" rel=\"noopener\" data-cke-saved-href=\"https:\/\/drive.google.com\/file\/d\/1K-cY5M72kgHvTpT2pRDPmh7E5GXRQ-h6\/view\">descargarlo directamente en formato digital (PDF)&nbsp;<\/a>ya que los c\u00f3digos QR tambi\u00e9n son enlaces interactivos si se pinchan en un dispositivo m\u00f3vil u ordenador.<\/div>\n<div class=\"tituloCajaColorJunta\">&nbsp;<\/div>\n<div class=\"tituloCajaColorJunta\">Los enlaces a los que pod\u00e9is acceder son:<\/div>\n<div class=\"tituloCajaColorJunta\">&nbsp;<\/div>\n<div class=\"tituloCajaColorJunta\">&#8211; Contactos y datos de las distintas asesor\u00edas de referencia del CEP de Ronda.<\/div>\n<div class=\"tituloCajaColorJunta\">&#8211; Oferta formativa actual a tiempo real as\u00ed como formaciones con plazo de inscripci\u00f3n abierto en este momento.<\/div>\n<div class=\"tituloCajaColorJunta\">&#8211; Informaci\u00f3n sobre Grupos de Trabajo,&nbsp;Formaci\u00f3n en Centros y Programas de Innovaci\u00f3n Educativa.<\/div>\n<div class=\"tituloCajaColorJunta\">&#8211; Acceso a todos&nbsp;nuestros Itinerarios Formativos.<\/div>\n<p><a href=\"http:\/\/cepronda.com\/blog\/wp-content\/uploads\/2021\/10\/00-Cartel-CEP.pdf\">DESCARGA EL CARTEL INFORMATIVO CON ENLACES DE INTER\u00c9S DEL CEP DE RONDA 21\/22<\/a><\/p>\n<p>Deseamos que sea de vuestro inter\u00e9s.<\/p>\n<p>Saludos.<\/p>\n<p><a href=\"https:\/\/drive.google.com\/file\/d\/1K-cY5M72kgHvTpT2pRDPmh7E5GXRQ-h6\/view?usp=sharing\"><img data-recalc-dims=\"1\" loading=\"lazy\" decoding=\"async\" class=\"aligncenter wp-image-4749 size-full\" src=\"https:\/\/i0.wp.com\/cepronda.com\/blog\/wp-content\/uploads\/2021\/10\/Cartel-bueno.png?resize=689%2C976\" alt=\"\" width=\"689\" height=\"976\"><\/a><\/p>\n","protected":false},"excerpt":{"rendered":"<p>Buenas tardes compa\u00f1eras y compa\u00f1eros, Con el presente cartel informativo que hemos repartido en todos los centros de nuestra zona CEP de Ronda, para colocar en las salas del profesorado, pod\u00e9is escanear los c\u00f3digos QR a los distintos enlaces de inter\u00e9s para los docentes. &nbsp; Tambi\u00e9n ten\u00e9is la opci\u00f3n de&nbsp;descargarlo directamente en formato digital (PDF)&nbsp;ya [&hellip;]<\/p>\n","protected":false},"author":3,"featured_media":0,"comment_status":"closed","ping_status":"open","sticky":false,"template":"","format":"standard","meta":{"_crdt_document":"","advanced_seo_description":"","jetpack_seo_html_title":"","jetpack_seo_noindex":false,"jetpack_post_was_ever_published":false,"_jetpack_newsletter_access":"","_jetpack_dont_email_post_to_subs":false,"_jetpack_newsletter_tier_id":0,"_jetpack_memberships_contains_paywalled_content":false,"_jetpack_memberships_contains_paid_content":false,"footnotes":"","jetpack_publicize_message":"","jetpack_publicize_feature_enabled":true,"jetpack_social_post_already_shared":false,"jetpack_social_options":{"image_generator_settings":{"template":"highway","default_image_id":0,"font":"","enabled":false},"version":2}},"categories":[3,5],"tags":[25,123,85],"class_list":{"0":"post-4740","1":"post","2":"type-post","3":"status-publish","4":"format-standard","6":"category-formaciones","7":"category-noticias","8":"tag-equipos-directivos","9":"tag-evaluacion","10":"tag-plan-de-mejora","11":"czr-hentry"},"jetpack_publicize_connections":[],"jetpack_featured_media_url":"","jetpack_shortlink":"https:\/\/wp.me\/p8M4X7-1es","jetpack-related-posts":[{"id":5644,"url":"https:\/\/cepronda.com\/blog\/actividades-formativas-del-cep-de-ronda-para-el-curso-22-23\/","url_meta":{"origin":4740,"position":0},"title":"ACTIVIDADES FORMATIVAS DEL CEP DE RONDA para el CURSO 22-23","author":"Inmaculada Garc\u00eda","date":"7 diciembre, 2022","format":false,"excerpt":"Buenos d\u00edas, compa\u00f1eros y compa\u00f1eras. Os compartimos nuestro cartel vivo con las ACTIVIDADES FORMATIVAS DEL CEP DE RONDA para el CURSO 22-23 \u00a0Pincha en el enlace 00-Cartel vivo CEP QR o escanea el c\u00f3digo QR para visualizar la relaci\u00f3n de actividades formativas del CEP de Ronda para este curso.","rel":"","context":"En \u00abNoticias\u00bb","block_context":{"text":"Noticias","link":"https:\/\/cepronda.com\/blog\/category\/noticias\/"},"img":{"alt_text":"","src":"https:\/\/i0.wp.com\/cepronda.com\/blog\/wp-content\/uploads\/2022\/12\/Diseno-sin-titulo.png?fit=848%2C1200&ssl=1&resize=350%2C200","width":350,"height":200,"srcset":"https:\/\/i0.wp.com\/cepronda.com\/blog\/wp-content\/uploads\/2022\/12\/Diseno-sin-titulo.png?fit=848%2C1200&ssl=1&resize=350%2C200 1x, https:\/\/i0.wp.com\/cepronda.com\/blog\/wp-content\/uploads\/2022\/12\/Diseno-sin-titulo.png?fit=848%2C1200&ssl=1&resize=525%2C300 1.5x, https:\/\/i0.wp.com\/cepronda.com\/blog\/wp-content\/uploads\/2022\/12\/Diseno-sin-titulo.png?fit=848%2C1200&ssl=1&resize=700%2C400 2x"},"classes":[]},{"id":3361,"url":"https:\/\/cepronda.com\/blog\/itinerario-formativo-en-atencion-a-la-diversidad-del-cep-de-ronda\/","url_meta":{"origin":4740,"position":1},"title":"Itinerario formativo en atenci\u00f3n a la diversidad del CEP de Ronda","author":"V\u00edctor Caballero","date":"23 enero, 2020","format":false,"excerpt":"Muy buenas familia, Os dejamos con cartel informativo que ha preparado nuestra compa\u00f1era Claudia sobre las actividades formativas dirigidas a la atenci\u00f3n a la diversidad. En el mismo pod\u00e9is encontrar toda la informaci\u00f3n necesaria, y adem\u00e1s recordad que siempre pod\u00e9is llamarnos o escribirnos.","rel":"","context":"En \u00abFormaciones\u00bb","block_context":{"text":"Formaciones","link":"https:\/\/cepronda.com\/blog\/category\/formaciones\/"},"img":{"alt_text":"","src":"https:\/\/i0.wp.com\/cepronda.com\/blog\/wp-content\/uploads\/2020\/01\/ITINERARIO-FORMATIVO-ATENCI%C3%93N-A-LA-DIVERSIDAD-%C3%9ALTIMO.png?fit=1200%2C848&ssl=1&resize=350%2C200","width":350,"height":200,"srcset":"https:\/\/i0.wp.com\/cepronda.com\/blog\/wp-content\/uploads\/2020\/01\/ITINERARIO-FORMATIVO-ATENCI%C3%93N-A-LA-DIVERSIDAD-%C3%9ALTIMO.png?fit=1200%2C848&ssl=1&resize=350%2C200 1x, https:\/\/i0.wp.com\/cepronda.com\/blog\/wp-content\/uploads\/2020\/01\/ITINERARIO-FORMATIVO-ATENCI%C3%93N-A-LA-DIVERSIDAD-%C3%9ALTIMO.png?fit=1200%2C848&ssl=1&resize=525%2C300 1.5x, https:\/\/i0.wp.com\/cepronda.com\/blog\/wp-content\/uploads\/2020\/01\/ITINERARIO-FORMATIVO-ATENCI%C3%93N-A-LA-DIVERSIDAD-%C3%9ALTIMO.png?fit=1200%2C848&ssl=1&resize=700%2C400 2x, https:\/\/i0.wp.com\/cepronda.com\/blog\/wp-content\/uploads\/2020\/01\/ITINERARIO-FORMATIVO-ATENCI%C3%93N-A-LA-DIVERSIDAD-%C3%9ALTIMO.png?fit=1200%2C848&ssl=1&resize=1050%2C600 3x"},"classes":[]},{"id":117,"url":"https:\/\/cepronda.com\/blog\/117-2\/","url_meta":{"origin":4740,"position":2},"title":"Nuevo blog","author":"V\u00edctor Caballero","date":"22 septiembre, 2016","format":"aside","excerpt":"Hola bienvenidos y bienvenidas a nuestro nuevo blog del CEP de Ronda. Desde aqu\u00ed queremos compartir con todo el profesorado de la comarca de Ronda aquellas noticias, enlaces, documentos, materiales,... que creamos interesantes. En primer lugar querr\u00edamos compartir las p\u00e1ginas dedicadas a la Autoformaci\u00f3n, donde podr\u00e9is encontrar diferentes enlaces que\u2026","rel":"","context":"En \u00abNoticias\u00bb","block_context":{"text":"Noticias","link":"https:\/\/cepronda.com\/blog\/category\/noticias\/"},"img":{"alt_text":"cropped-cropped-cropped-logocepronda.png","src":"https:\/\/i0.wp.com\/cepronda.com\/blog\/wp-content\/uploads\/2015\/01\/cropped-cropped-cropped-logocepronda-300x45.png?resize=350%2C200","width":350,"height":200},"classes":[]},{"id":4695,"url":"https:\/\/cepronda.com\/blog\/itinerario-formativo-en-igualdad-y-convivencia-cep-de-ronda\/","url_meta":{"origin":4740,"position":3},"title":"ITINERARIO FORMATIVO EN IGUALDAD Y CONVIVENCIA. CEP DE RONDA.","author":"Inmaculada Garc\u00eda","date":"29 septiembre, 2021","format":false,"excerpt":"Buenos d\u00edas compa\u00f1eros y compa\u00f1eras, os presentamos nuestro ITINERARIO FORMATIVO EN IGUALDAD Y CONVIVENCIA, en el que podr\u00e9is encontrar actividades formativas centradas en la implementaci\u00f3n del Programa de Inteligencia Emocional, Disciplina positiva, Mediaci\u00f3n, Acoso y Ciberacoso, Identidad Sexual, Masculinidades Diversas, y, adem\u00e1s, nuestras MALETAS VIAJERAS POR LA INCLUSI\u00d3N. Esperamos que\u2026","rel":"","context":"En \u00abNoticias\u00bb","block_context":{"text":"Noticias","link":"https:\/\/cepronda.com\/blog\/category\/noticias\/"},"img":{"alt_text":"","src":"https:\/\/i0.wp.com\/cepronda.com\/blog\/wp-content\/uploads\/2021\/09\/Captura-de-pantalla-68.png?fit=1200%2C678&ssl=1&resize=350%2C200","width":350,"height":200,"srcset":"https:\/\/i0.wp.com\/cepronda.com\/blog\/wp-content\/uploads\/2021\/09\/Captura-de-pantalla-68.png?fit=1200%2C678&ssl=1&resize=350%2C200 1x, https:\/\/i0.wp.com\/cepronda.com\/blog\/wp-content\/uploads\/2021\/09\/Captura-de-pantalla-68.png?fit=1200%2C678&ssl=1&resize=525%2C300 1.5x, https:\/\/i0.wp.com\/cepronda.com\/blog\/wp-content\/uploads\/2021\/09\/Captura-de-pantalla-68.png?fit=1200%2C678&ssl=1&resize=700%2C400 2x, https:\/\/i0.wp.com\/cepronda.com\/blog\/wp-content\/uploads\/2021\/09\/Captura-de-pantalla-68.png?fit=1200%2C678&ssl=1&resize=1050%2C600 3x"},"classes":[]},{"id":3773,"url":"https:\/\/cepronda.com\/blog\/expresion-y-comprension-oral-y-escrita\/","url_meta":{"origin":4740,"position":4},"title":"Expresi\u00f3n y comprensi\u00f3n oral y escrita","author":"Maribel Mu\u00f1oz","date":"24 septiembre, 2020","format":false,"excerpt":"Buenas tardes compa\u00f1eras y compa\u00f1eros, Os informamos que est\u00e1 abierto el plazo de inscripci\u00f3n de la formaci\u00f3n \"Expresi\u00f3n y comprensi\u00f3n oral y escrita.\u00bfC\u00f3mo suena esa letra?\" que se realiza a nivel provincial y es gestionada por el CEP de Marbella. Comenzar\u00e1 a desarrollarse el pr\u00f3ximo 22 de octubre. Adjuntamos cartel\u2026","rel":"","context":"En \u00abFormaciones\u00bb","block_context":{"text":"Formaciones","link":"https:\/\/cepronda.com\/blog\/category\/formaciones\/"},"img":{"alt_text":"","src":"https:\/\/i0.wp.com\/cepronda.com\/blog\/wp-content\/uploads\/2020\/09\/WhatsApp-Image-2020-09-24-at-15.40.45.jpeg?resize=350%2C200&ssl=1","width":350,"height":200,"srcset":"https:\/\/i0.wp.com\/cepronda.com\/blog\/wp-content\/uploads\/2020\/09\/WhatsApp-Image-2020-09-24-at-15.40.45.jpeg?resize=350%2C200&ssl=1 1x, https:\/\/i0.wp.com\/cepronda.com\/blog\/wp-content\/uploads\/2020\/09\/WhatsApp-Image-2020-09-24-at-15.40.45.jpeg?resize=525%2C300&ssl=1 1.5x, https:\/\/i0.wp.com\/cepronda.com\/blog\/wp-content\/uploads\/2020\/09\/WhatsApp-Image-2020-09-24-at-15.40.45.jpeg?resize=700%2C400&ssl=1 2x"},"classes":[]},{"id":7600,"url":"https:\/\/cepronda.com\/blog\/2o-encuentro-comunidad-de-profesionales-de-educacion-especial-cep-de-ronda-242924ge014\/","url_meta":{"origin":4740,"position":5},"title":"2\u00ba ENCUENTRO COMUNIDAD DE PROFESIONALES DE EDUCACI\u00d3N ESPECIAL. CEP DE RONDA (242924GE014)","author":"Inmaculada Garc\u00eda","date":"3 mayo, 2024","format":false,"excerpt":"Ya tenemos fecha para nuestro segundo encuentro. \u00a0 Nos vemos el 14 de mayo a las 16:30 en el CEP de Ronda. \u00a0 Contaremos con la presencia de Antonio M\u00e1rquez (AulaDesigual) que nos mostrar\u00e1 pr\u00e1cticas innovadoras de c\u00f3mo trabajar la atenci\u00f3n espec\u00edfica dentro del aula ordinaria. Revisaremos, tambi\u00e9n, el portal\u2026","rel":"","context":"En \u00abFormaciones\u00bb","block_context":{"text":"Formaciones","link":"https:\/\/cepronda.com\/blog\/category\/formaciones\/"},"img":{"alt_text":"","src":"https:\/\/i0.wp.com\/cepronda.com\/blog\/wp-content\/uploads\/2024\/05\/COMUNIDAD-EE-POST-INSTAGRAM.png?fit=1080%2C1080&ssl=1&resize=350%2C200","width":350,"height":200,"srcset":"https:\/\/i0.wp.com\/cepronda.com\/blog\/wp-content\/uploads\/2024\/05\/COMUNIDAD-EE-POST-INSTAGRAM.png?fit=1080%2C1080&ssl=1&resize=350%2C200 1x, https:\/\/i0.wp.com\/cepronda.com\/blog\/wp-content\/uploads\/2024\/05\/COMUNIDAD-EE-POST-INSTAGRAM.png?fit=1080%2C1080&ssl=1&resize=525%2C300 1.5x, https:\/\/i0.wp.com\/cepronda.com\/blog\/wp-content\/uploads\/2024\/05\/COMUNIDAD-EE-POST-INSTAGRAM.png?fit=1080%2C1080&ssl=1&resize=700%2C400 2x, https:\/\/i0.wp.com\/cepronda.com\/blog\/wp-content\/uploads\/2024\/05\/COMUNIDAD-EE-POST-INSTAGRAM.png?fit=1080%2C1080&ssl=1&resize=1050%2C600 3x"},"classes":[]}],"jetpack_sharing_enabled":true,"_links":{"self":[{"href":"https:\/\/cepronda.com\/blog\/wp-json\/wp\/v2\/posts\/4740","targetHints":{"allow":["GET"]}}],"collection":[{"href":"https:\/\/cepronda.com\/blog\/wp-json\/wp\/v2\/posts"}],"about":[{"href":"https:\/\/cepronda.com\/blog\/wp-json\/wp\/v2\/types\/post"}],"author":[{"embeddable":true,"href":"https:\/\/cepronda.com\/blog\/wp-json\/wp\/v2\/users\/3"}],"replies":[{"embeddable":true,"href":"https:\/\/cepronda.com\/blog\/wp-json\/wp\/v2\/comments?post=4740"}],"version-history":[{"count":3,"href":"https:\/\/cepronda.com\/blog\/wp-json\/wp\/v2\/posts\/4740\/revisions"}],"predecessor-version":[{"id":4750,"href":"https:\/\/cepronda.com\/blog\/wp-json\/wp\/v2\/posts\/4740\/revisions\/4750"}],"wp:attachment":[{"href":"https:\/\/cepronda.com\/blog\/wp-json\/wp\/v2\/media?parent=4740"}],"wp:term":[{"taxonomy":"category","embeddable":true,"href":"https:\/\/cepronda.com\/blog\/wp-json\/wp\/v2\/categories?post=4740"},{"taxonomy":"post_tag","embeddable":true,"href":"https:\/\/cepronda.com\/blog\/wp-json\/wp\/v2\/tags?post=4740"}],"curies":[{"name":"wp","href":"https:\/\/api.w.org\/{rel}","templated":true}]}}