{"id":4718,"date":"2021-10-05T18:45:20","date_gmt":"2021-10-05T16:45:20","guid":{"rendered":"http:\/\/cepronda.com\/blog\/?p=4718"},"modified":"2025-02-21T11:09:24","modified_gmt":"2025-02-21T10:09:24","slug":"sites-del-equipo-provincial-de-atencion-a-la-diversidad","status":"publish","type":"post","link":"https:\/\/cepronda.com\/blog\/sites-del-equipo-provincial-de-atencion-a-la-diversidad\/","title":{"rendered":"SITES DEL EQUIPO PROVINCIAL DE ATENCI\u00d3N A LA DIVERSIDAD"},"content":{"rendered":"<p>Desde el Equipo Provincial de Atenci\u00f3n a la Diversidad, constituido por las asesor\u00edas de los cinco CEPs de la provincia de M\u00e1laga, lanzamos diversos SITES y canales de Telegram para informar sobre recursos, remitir propuestas formativas y novedades, que faciliten vuestra labor.<br \/>\nPara m\u00e1s informaci\u00f3n e inscripci\u00f3n, pincha en los siguientes enlaces:<br \/>\n<a href=\"https:\/\/sites.google.com\/g.educaand.es\/atencinaladiversidadcep\/inicio\">ATENCI\u00d3N A LA DIVERSIDAD<\/a><br \/>\n<a href=\"https:\/\/sites.google.com\/g.educaand.es\/apoyocep\/inicio\">AULA PT\/AL<\/a><br \/>\n<a href=\"https:\/\/sites.google.com\/g.educaand.es\/aacc-y-p-de-profundizacincep\/inicio\">AACC\/PROFUNDIZACI\u00d3N<\/a><br \/>\n<a href=\"https:\/\/sites.google.com\/g.educaand.es\/orientacionvocacionalcep\/inicio\">ORIENTACI\u00d3N VOCACIONAL<\/a><\/p>\n<p>Informaci\u00f3n y novedades en los canales de Telegram:<br \/>\n<a href=\"https:\/\/t.me\/AtencionDiversidadProvMalaga\">TELEGRAM ATENCI\u00d3N A LA DIVERSIDAD<\/a><br \/>\n<a href=\"ttps:\/\/t.me\/PTyALMalaga\">TELEGRAM AULAPT\/AL<\/a><br \/>\n<a href=\"https:\/\/t.me\/OrientacionProvincialMalaga\">TELEGRAM ORIENTACI\u00d3N VOCACIONAL<\/a><\/p>\n<p>o consultar a trav\u00e9s del cartel en formato PDF:<\/p>\n<p><a href=\"https:\/\/www.juntadeandalucia.es\/educacion\/portals\/ishare-servlet\/content\/751b49a7-2a8d-4481-8c3c-84c900071dc0\">CARTEL DE LOS SITES<\/a><\/p>\n<p>Esperamos que sea de vuestro inter\u00e9s<img data-recalc-dims=\"1\" loading=\"lazy\" decoding=\"async\" class=\"size-full wp-image-4720 aligncenter\" src=\"https:\/\/i0.wp.com\/cepronda.com\/blog\/wp-content\/uploads\/2021\/10\/SITES.png?resize=215%2C300\" alt=\"\" width=\"215\" height=\"300\"><\/p>\n","protected":false},"excerpt":{"rendered":"<p>Desde el Equipo Provincial de Atenci\u00f3n a la Diversidad, constituido por las asesor\u00edas de los cinco CEPs de la provincia de M\u00e1laga, lanzamos diversos SITES y canales de Telegram para informar sobre recursos, remitir propuestas formativas y novedades, que faciliten vuestra labor. Para m\u00e1s informaci\u00f3n e inscripci\u00f3n, pincha en los siguientes enlaces: ATENCI\u00d3N A LA [&hellip;]<\/p>\n","protected":false},"author":9,"featured_media":0,"comment_status":"closed","ping_status":"open","sticky":false,"template":"","format":"standard","meta":{"_crdt_document":"","advanced_seo_description":"","jetpack_seo_html_title":"","jetpack_seo_noindex":false,"jetpack_post_was_ever_published":false,"_jetpack_newsletter_access":"","_jetpack_dont_email_post_to_subs":false,"_jetpack_newsletter_tier_id":0,"_jetpack_memberships_contains_paywalled_content":false,"_jetpack_memberships_contains_paid_content":false,"footnotes":"","jetpack_publicize_message":"","jetpack_publicize_feature_enabled":true,"jetpack_social_post_already_shared":false,"jetpack_social_options":{"image_generator_settings":{"template":"highway","default_image_id":0,"font":"","enabled":false},"version":2}},"categories":[3],"tags":[126],"class_list":{"0":"post-4718","1":"post","2":"type-post","3":"status-publish","4":"format-standard","6":"category-formaciones","7":"tag-atencion-a-la-diversidad","8":"czr-hentry"},"jetpack_publicize_connections":[],"jetpack_featured_media_url":"","jetpack_shortlink":"https:\/\/wp.me\/p8M4X7-1e6","jetpack-related-posts":[{"id":8099,"url":"https:\/\/cepronda.com\/blog\/atencion-a-la-diversidad-evaluacion-psicopedagogica-e-intervencion-para-orientadores-as-codigo-252922ge058\/","url_meta":{"origin":4718,"position":0},"title":"ATENCI\u00d3N A LA DIVERSIDAD: EVALUACI\u00d3N PSICOPEDAG\u00d3GICA E INTERVENCI\u00d3N PARA ORIENTADORES\/AS. C\u00f3digo: 252922GE058.","author":"Inmaculada Garc\u00eda","date":"3 febrero, 2025","format":false,"excerpt":"Abierto el plazo de solicitudes para el curso provincial a distancia: ATENCI\u00d3N A LA DIVERSIDAD: EVALUACI\u00d3N PSICOPEDAG\u00d3GICA E INTERVENCI\u00d3N PARA ORIENTADORES\/AS. C\u00f3digo: 252922GE058. \u00a0 Dirigido preferentemente a Profesorado de la especialidad de Orientaci\u00f3n Educativa. Inscripci\u00f3n: 03\/02\/2025 al 16\/02\/2025. Fecha de actividad 04\/03\/2025 hasta 11\/05\/2025. Duraci\u00f3n: 40 horas en el AVFP\u2026","rel":"","context":"En \u00abFormaciones\u00bb","block_context":{"text":"Formaciones","link":"https:\/\/cepronda.com\/blog\/category\/formaciones\/"},"img":{"alt_text":"","src":"https:\/\/i0.wp.com\/cepronda.com\/blog\/wp-content\/uploads\/2025\/02\/evaluacion-psicopedagogica.jpg?fit=1080%2C1080&ssl=1&resize=350%2C200","width":350,"height":200,"srcset":"https:\/\/i0.wp.com\/cepronda.com\/blog\/wp-content\/uploads\/2025\/02\/evaluacion-psicopedagogica.jpg?fit=1080%2C1080&ssl=1&resize=350%2C200 1x, https:\/\/i0.wp.com\/cepronda.com\/blog\/wp-content\/uploads\/2025\/02\/evaluacion-psicopedagogica.jpg?fit=1080%2C1080&ssl=1&resize=525%2C300 1.5x, https:\/\/i0.wp.com\/cepronda.com\/blog\/wp-content\/uploads\/2025\/02\/evaluacion-psicopedagogica.jpg?fit=1080%2C1080&ssl=1&resize=700%2C400 2x, https:\/\/i0.wp.com\/cepronda.com\/blog\/wp-content\/uploads\/2025\/02\/evaluacion-psicopedagogica.jpg?fit=1080%2C1080&ssl=1&resize=1050%2C600 3x"},"classes":[]},{"id":8761,"url":"https:\/\/cepronda.com\/blog\/atencion-a-la-diversidad-evaluacion-psicopedagogica-e-intervencion-para-orientadores-as-codigo-262922ge036\/","url_meta":{"origin":4718,"position":1},"title":"ATENCI\u00d3N A LA DIVERSIDAD: EVALUACI\u00d3N PSICOPEDAG\u00d3GICA E INTERVENCI\u00d3N PARA ORIENTADORES\/AS. C\u00f3digo: 262922GE036.","author":"Inmaculada Garc\u00eda","date":"9 septiembre, 2025","format":false,"excerpt":"Se ha abierto el plazo de inscripci\u00f3n para la actividad provincial a distancia: ATENCI\u00d3N A LA DIVERSIDAD: EVALUACI\u00d3N PSICOPEDAG\u00d3GICA E INTERVENCI\u00d3N PARA ORIENTADORES\/AS. C\u00f3digo: 262922GE036. Se desarrollar\u00e1 en el Aula Virtual de Formaci\u00f3n del Profesorado con una dedicaci\u00f3n de 40h. Dirigido preferentemente a Profesorado de la especialidad de Orientaci\u00f3n Educativa.\u2026","rel":"","context":"En \u00abFormaciones\u00bb","block_context":{"text":"Formaciones","link":"https:\/\/cepronda.com\/blog\/category\/formaciones\/"},"img":{"alt_text":"","src":"https:\/\/i0.wp.com\/cepronda.com\/blog\/wp-content\/uploads\/2025\/09\/WhatsApp-Image-2025-09-09-at-09.52.45.jpeg?fit=1080%2C1080&ssl=1&resize=350%2C200","width":350,"height":200,"srcset":"https:\/\/i0.wp.com\/cepronda.com\/blog\/wp-content\/uploads\/2025\/09\/WhatsApp-Image-2025-09-09-at-09.52.45.jpeg?fit=1080%2C1080&ssl=1&resize=350%2C200 1x, https:\/\/i0.wp.com\/cepronda.com\/blog\/wp-content\/uploads\/2025\/09\/WhatsApp-Image-2025-09-09-at-09.52.45.jpeg?fit=1080%2C1080&ssl=1&resize=525%2C300 1.5x, https:\/\/i0.wp.com\/cepronda.com\/blog\/wp-content\/uploads\/2025\/09\/WhatsApp-Image-2025-09-09-at-09.52.45.jpeg?fit=1080%2C1080&ssl=1&resize=700%2C400 2x, https:\/\/i0.wp.com\/cepronda.com\/blog\/wp-content\/uploads\/2025\/09\/WhatsApp-Image-2025-09-09-at-09.52.45.jpeg?fit=1080%2C1080&ssl=1&resize=1050%2C600 3x"},"classes":[]},{"id":7826,"url":"https:\/\/cepronda.com\/blog\/curso-provincial-creando-entornos-de-aprendizaje-inclusivos-atencion-a-la-diversidad-en-el-aula-y-en-el-centro-escolar-con-codigo-252924ge004\/","url_meta":{"origin":4718,"position":2},"title":"Curso provincial: \u00abCREANDO ENTORNOS DE APRENDIZAJE INCLUSIVOS: ATENCI\u00d3N A LA DIVERSIDAD EN EL AULA Y EN EL CENTRO ESCOLAR\u00bb, con c\u00f3digo 252924GE004.","author":"Inmaculada Garc\u00eda","date":"30 octubre, 2024","format":false,"excerpt":"Se encuentra abierto el plazo de inscripci\u00f3n en el curso provincial: \"CREANDO ENTORNOS DE APRENDIZAJE INCLUSIVOS: ATENCI\u00d3N A LA DIVERSIDAD EN EL AULA Y EN EL CENTRO ESCOLAR\", con c\u00f3digo 252924GE004. Fecha inscripci\u00f3n: 30\/10\/2024 hasta 15\/11\/2024. Fecha actividad: 19\/11\/2024 hasta 10\/12\/2024 Lugar: Sala de videoconferencias Webex. Duraci\u00f3n del curso: 15\u2026","rel":"","context":"En \u00abFormaciones\u00bb","block_context":{"text":"Formaciones","link":"https:\/\/cepronda.com\/blog\/category\/formaciones\/"},"img":{"alt_text":"","src":"https:\/\/i0.wp.com\/cepronda.com\/blog\/wp-content\/uploads\/2024\/10\/CREANDO-ENTORNOS-DE-APRENDIZAJE-INCLUSIVOS-ATENCION-A-LA-DIVERSIDAD-EN-EL-AULA-Y-EN-EL-CENTRO-ESCOLAR.jpg?fit=1120%2C1120&ssl=1&resize=350%2C200","width":350,"height":200,"srcset":"https:\/\/i0.wp.com\/cepronda.com\/blog\/wp-content\/uploads\/2024\/10\/CREANDO-ENTORNOS-DE-APRENDIZAJE-INCLUSIVOS-ATENCION-A-LA-DIVERSIDAD-EN-EL-AULA-Y-EN-EL-CENTRO-ESCOLAR.jpg?fit=1120%2C1120&ssl=1&resize=350%2C200 1x, https:\/\/i0.wp.com\/cepronda.com\/blog\/wp-content\/uploads\/2024\/10\/CREANDO-ENTORNOS-DE-APRENDIZAJE-INCLUSIVOS-ATENCION-A-LA-DIVERSIDAD-EN-EL-AULA-Y-EN-EL-CENTRO-ESCOLAR.jpg?fit=1120%2C1120&ssl=1&resize=525%2C300 1.5x, https:\/\/i0.wp.com\/cepronda.com\/blog\/wp-content\/uploads\/2024\/10\/CREANDO-ENTORNOS-DE-APRENDIZAJE-INCLUSIVOS-ATENCION-A-LA-DIVERSIDAD-EN-EL-AULA-Y-EN-EL-CENTRO-ESCOLAR.jpg?fit=1120%2C1120&ssl=1&resize=700%2C400 2x, https:\/\/i0.wp.com\/cepronda.com\/blog\/wp-content\/uploads\/2024\/10\/CREANDO-ENTORNOS-DE-APRENDIZAJE-INCLUSIVOS-ATENCION-A-LA-DIVERSIDAD-EN-EL-AULA-Y-EN-EL-CENTRO-ESCOLAR.jpg?fit=1120%2C1120&ssl=1&resize=1050%2C600 3x"},"classes":[]},{"id":3361,"url":"https:\/\/cepronda.com\/blog\/itinerario-formativo-en-atencion-a-la-diversidad-del-cep-de-ronda\/","url_meta":{"origin":4718,"position":3},"title":"Itinerario formativo en atenci\u00f3n a la diversidad del CEP de Ronda","author":"V\u00edctor Caballero","date":"23 enero, 2020","format":false,"excerpt":"Muy buenas familia, Os dejamos con cartel informativo que ha preparado nuestra compa\u00f1era Claudia sobre las actividades formativas dirigidas a la atenci\u00f3n a la diversidad. En el mismo pod\u00e9is encontrar toda la informaci\u00f3n necesaria, y adem\u00e1s recordad que siempre pod\u00e9is llamarnos o escribirnos.","rel":"","context":"En \u00abFormaciones\u00bb","block_context":{"text":"Formaciones","link":"https:\/\/cepronda.com\/blog\/category\/formaciones\/"},"img":{"alt_text":"","src":"https:\/\/i0.wp.com\/cepronda.com\/blog\/wp-content\/uploads\/2020\/01\/ITINERARIO-FORMATIVO-ATENCI%C3%93N-A-LA-DIVERSIDAD-%C3%9ALTIMO.png?fit=1200%2C848&ssl=1&resize=350%2C200","width":350,"height":200,"srcset":"https:\/\/i0.wp.com\/cepronda.com\/blog\/wp-content\/uploads\/2020\/01\/ITINERARIO-FORMATIVO-ATENCI%C3%93N-A-LA-DIVERSIDAD-%C3%9ALTIMO.png?fit=1200%2C848&ssl=1&resize=350%2C200 1x, https:\/\/i0.wp.com\/cepronda.com\/blog\/wp-content\/uploads\/2020\/01\/ITINERARIO-FORMATIVO-ATENCI%C3%93N-A-LA-DIVERSIDAD-%C3%9ALTIMO.png?fit=1200%2C848&ssl=1&resize=525%2C300 1.5x, https:\/\/i0.wp.com\/cepronda.com\/blog\/wp-content\/uploads\/2020\/01\/ITINERARIO-FORMATIVO-ATENCI%C3%93N-A-LA-DIVERSIDAD-%C3%9ALTIMO.png?fit=1200%2C848&ssl=1&resize=700%2C400 2x, https:\/\/i0.wp.com\/cepronda.com\/blog\/wp-content\/uploads\/2020\/01\/ITINERARIO-FORMATIVO-ATENCI%C3%93N-A-LA-DIVERSIDAD-%C3%9ALTIMO.png?fit=1200%2C848&ssl=1&resize=1050%2C600 3x"},"classes":[]},{"id":3395,"url":"https:\/\/cepronda.com\/blog\/la-ensenanza-multinivel-para-favorecer-la-inclusion-escolar\/","url_meta":{"origin":4718,"position":4},"title":"LA ENSE\u00d1ANZA MULTINIVEL PARA FAVORECER LA INCLUSI\u00d3N ESCOLAR","author":"V\u00edctor Caballero","date":"11 febrero, 2020","format":false,"excerpt":"Hola familia, Abrimos el plazo de inscripci\u00f3n para la actividad LA ENSE\u00d1ANZA MULTINIVEL PARA FAVORECER LA INCLUSI\u00d3N ESCOLAR . Esta actividad est\u00e1 dirigida a aquellas personas tutoras, o que formen parte de los equipo de atenci\u00f3n a la diversidad o de los equipos directivos. Los contenidos de la actividad son:\u2026","rel":"","context":"En \u00abFormaciones\u00bb","block_context":{"text":"Formaciones","link":"https:\/\/cepronda.com\/blog\/category\/formaciones\/"},"img":{"alt_text":"","src":"https:\/\/i0.wp.com\/cepronda.com\/blog\/wp-content\/uploads\/2020\/02\/ense%C3%B1anza-multinivel-para-favorecer-la-inclusi%C3%B3n-escolar.-1.png?fit=848%2C1200&ssl=1&resize=350%2C200","width":350,"height":200,"srcset":"https:\/\/i0.wp.com\/cepronda.com\/blog\/wp-content\/uploads\/2020\/02\/ense%C3%B1anza-multinivel-para-favorecer-la-inclusi%C3%B3n-escolar.-1.png?fit=848%2C1200&ssl=1&resize=350%2C200 1x, https:\/\/i0.wp.com\/cepronda.com\/blog\/wp-content\/uploads\/2020\/02\/ense%C3%B1anza-multinivel-para-favorecer-la-inclusi%C3%B3n-escolar.-1.png?fit=848%2C1200&ssl=1&resize=525%2C300 1.5x, https:\/\/i0.wp.com\/cepronda.com\/blog\/wp-content\/uploads\/2020\/02\/ense%C3%B1anza-multinivel-para-favorecer-la-inclusi%C3%B3n-escolar.-1.png?fit=848%2C1200&ssl=1&resize=700%2C400 2x"},"classes":[]},{"id":5479,"url":"https:\/\/cepronda.com\/blog\/5479-2\/","url_meta":{"origin":4718,"position":5},"title":"JORNADAS PROVINCIALES DE ATENCI\u00d3N A LA DIVERSIDAD","author":"Inmaculada Garc\u00eda","date":"16 septiembre, 2022","format":false,"excerpt":"Nos es muy grato informaros de que han salido publicadas las JORNADAS PROVINCIALES DE ATENCI\u00d3N A LA DIVERSIDAD #JADIM. Ser\u00e1n el d\u00eda 26 de octubre del 2022 en el Palacios de Exposiciones de Torremolinos. Contaremos con la participaci\u00f3n de grandes profesionales del campo de la atenci\u00f3n a la diversidad. La\u2026","rel":"","context":"En \u00abFormaciones\u00bb","block_context":{"text":"Formaciones","link":"https:\/\/cepronda.com\/blog\/category\/formaciones\/"},"img":{"alt_text":"","src":"https:\/\/i0.wp.com\/cepronda.com\/blog\/wp-content\/uploads\/2022\/09\/WhatsApp-Image-2022-09-16-at-14.27.14.jpeg?fit=848%2C1200&ssl=1&resize=350%2C200","width":350,"height":200,"srcset":"https:\/\/i0.wp.com\/cepronda.com\/blog\/wp-content\/uploads\/2022\/09\/WhatsApp-Image-2022-09-16-at-14.27.14.jpeg?fit=848%2C1200&ssl=1&resize=350%2C200 1x, https:\/\/i0.wp.com\/cepronda.com\/blog\/wp-content\/uploads\/2022\/09\/WhatsApp-Image-2022-09-16-at-14.27.14.jpeg?fit=848%2C1200&ssl=1&resize=525%2C300 1.5x, https:\/\/i0.wp.com\/cepronda.com\/blog\/wp-content\/uploads\/2022\/09\/WhatsApp-Image-2022-09-16-at-14.27.14.jpeg?fit=848%2C1200&ssl=1&resize=700%2C400 2x"},"classes":[]}],"jetpack_sharing_enabled":true,"_links":{"self":[{"href":"https:\/\/cepronda.com\/blog\/wp-json\/wp\/v2\/posts\/4718","targetHints":{"allow":["GET"]}}],"collection":[{"href":"https:\/\/cepronda.com\/blog\/wp-json\/wp\/v2\/posts"}],"about":[{"href":"https:\/\/cepronda.com\/blog\/wp-json\/wp\/v2\/types\/post"}],"author":[{"embeddable":true,"href":"https:\/\/cepronda.com\/blog\/wp-json\/wp\/v2\/users\/9"}],"replies":[{"embeddable":true,"href":"https:\/\/cepronda.com\/blog\/wp-json\/wp\/v2\/comments?post=4718"}],"version-history":[{"count":5,"href":"https:\/\/cepronda.com\/blog\/wp-json\/wp\/v2\/posts\/4718\/revisions"}],"predecessor-version":[{"id":4724,"href":"https:\/\/cepronda.com\/blog\/wp-json\/wp\/v2\/posts\/4718\/revisions\/4724"}],"wp:attachment":[{"href":"https:\/\/cepronda.com\/blog\/wp-json\/wp\/v2\/media?parent=4718"}],"wp:term":[{"taxonomy":"category","embeddable":true,"href":"https:\/\/cepronda.com\/blog\/wp-json\/wp\/v2\/categories?post=4718"},{"taxonomy":"post_tag","embeddable":true,"href":"https:\/\/cepronda.com\/blog\/wp-json\/wp\/v2\/tags?post=4718"}],"curies":[{"name":"wp","href":"https:\/\/api.w.org\/{rel}","templated":true}]}}