{"id":4713,"date":"2021-10-04T11:16:31","date_gmt":"2021-10-04T09:16:31","guid":{"rendered":"http:\/\/cepronda.com\/blog\/?p=4713"},"modified":"2025-04-28T11:58:35","modified_gmt":"2025-04-28T09:58:35","slug":"curso-de-actualizacion-de-competencias-directivas-2","status":"publish","type":"post","link":"https:\/\/cepronda.com\/blog\/curso-de-actualizacion-de-competencias-directivas-2\/","title":{"rendered":"CURSO DE ACTUALIZACI\u00d3N DE COMPETENCIAS DIRECTIVAS."},"content":{"rendered":"<p><span style=\"font-weight: 400;\">Buenos d\u00edas compa\u00f1eras y compa\u00f1eros,<\/span><\/p>\n<p><span style=\"font-weight: 400;\">Os informamos que&nbsp; se ha publicado la <em>Resoluci\u00f3n de 20 de septiembre de 2021, de la Direcci\u00f3n General de Formaci\u00f3n del Profesorado e Innovaci\u00f3n Educativa, por la que se convoca curso de actualizaci\u00f3n de competencias directivas sobre el desarrollo de la funci\u00f3n directiva establecido en el art\u00edculo 1 del Real Decreto 894\/2014, de 17 de octubre.<\/em><\/span><\/p>\n<p>El plazo para la presentaci\u00f3n de solicitudes ser\u00e1 de <strong>diez d\u00edas h\u00e1biles contados a partir del siguiente al de la publicaci\u00f3n<\/strong> de esta Resoluci\u00f3n en el Bolet\u00edn Oficial de la Junta de Andaluc\u00eda.<\/p>\n<p>En el siguiente enlace se puede consultar la Resoluci\u00f3n. <span style=\"font-weight: 400;\"><a href=\"http:\/\/cepronda.com\/blog\/wp-content\/uploads\/2021\/10\/BOJA21-190-00010-15478-01_00199235.pdf\">BOJA21-190-00010-15478-01_00199235<\/a><\/span><\/p>\n<p><span style=\"font-weight: 400;\">Deseamos que sea de vuestro inter\u00e9s.&nbsp;<\/span><\/p>\n<p><span style=\"font-weight: 400;\">Saludos.<\/span><\/p>\n<p><img data-recalc-dims=\"1\" loading=\"lazy\" decoding=\"async\" class=\"alignnone wp-image-3495 aligncenter\" src=\"https:\/\/i0.wp.com\/cepronda.com\/blog\/wp-content\/uploads\/2020\/03\/S%C2%B0mbolo-gen%C3%87rico-RRSS-redondo-negativo-300x300.png?resize=236%2C236\" alt=\"\" width=\"236\" height=\"236\" srcset=\"https:\/\/i0.wp.com\/cepronda.com\/blog\/wp-content\/uploads\/2020\/03\/S%C2%B0mbolo-gen%C3%87rico-RRSS-redondo-negativo.png?resize=300%2C300&amp;ssl=1 300w, https:\/\/i0.wp.com\/cepronda.com\/blog\/wp-content\/uploads\/2020\/03\/S%C2%B0mbolo-gen%C3%87rico-RRSS-redondo-negativo.png?resize=1024%2C1024&amp;ssl=1 1024w, https:\/\/i0.wp.com\/cepronda.com\/blog\/wp-content\/uploads\/2020\/03\/S%C2%B0mbolo-gen%C3%87rico-RRSS-redondo-negativo.png?resize=150%2C150&amp;ssl=1 150w, https:\/\/i0.wp.com\/cepronda.com\/blog\/wp-content\/uploads\/2020\/03\/S%C2%B0mbolo-gen%C3%87rico-RRSS-redondo-negativo.png?resize=768%2C768&amp;ssl=1 768w, https:\/\/i0.wp.com\/cepronda.com\/blog\/wp-content\/uploads\/2020\/03\/S%C2%B0mbolo-gen%C3%87rico-RRSS-redondo-negativo.png?resize=50%2C50&amp;ssl=1 50w, https:\/\/i0.wp.com\/cepronda.com\/blog\/wp-content\/uploads\/2020\/03\/S%C2%B0mbolo-gen%C3%87rico-RRSS-redondo-negativo.png?w=1500&amp;ssl=1 1500w\" sizes=\"auto, (max-width: 236px) 100vw, 236px\" \/><\/p>\n","protected":false},"excerpt":{"rendered":"<p>Buenos d\u00edas compa\u00f1eras y compa\u00f1eros, Os informamos que&nbsp; se ha publicado la Resoluci\u00f3n de 20 de septiembre de 2021, de la Direcci\u00f3n General de Formaci\u00f3n del Profesorado e Innovaci\u00f3n Educativa, por la que se convoca curso de actualizaci\u00f3n de competencias directivas sobre el desarrollo de la funci\u00f3n directiva establecido en el art\u00edculo 1 del Real [&hellip;]<\/p>\n","protected":false},"author":10,"featured_media":3495,"comment_status":"closed","ping_status":"open","sticky":false,"template":"","format":"standard","meta":{"_crdt_document":"","advanced_seo_description":"","jetpack_seo_html_title":"","jetpack_seo_noindex":false,"jetpack_post_was_ever_published":false,"_jetpack_newsletter_access":"","_jetpack_dont_email_post_to_subs":false,"_jetpack_newsletter_tier_id":0,"_jetpack_memberships_contains_paywalled_content":false,"_jetpack_memberships_contains_paid_content":false,"footnotes":"","jetpack_publicize_message":"","jetpack_publicize_feature_enabled":true,"jetpack_social_post_already_shared":false,"jetpack_social_options":{"image_generator_settings":{"template":"highway","default_image_id":0,"font":"","enabled":false},"version":2}},"categories":[3,5],"tags":[25,238],"class_list":{"0":"post-4713","1":"post","2":"type-post","3":"status-publish","4":"format-standard","5":"has-post-thumbnail","7":"category-formaciones","8":"category-noticias","9":"tag-equipos-directivos","10":"tag-formacion","11":"czr-hentry"},"jetpack_publicize_connections":[],"jetpack_featured_media_url":"https:\/\/i0.wp.com\/cepronda.com\/blog\/wp-content\/uploads\/2020\/03\/S%C2%B0mbolo-gen%C3%87rico-RRSS-redondo-negativo.png?fit=1500%2C1500&ssl=1","jetpack_shortlink":"https:\/\/wp.me\/p8M4X7-1e1","jetpack-related-posts":[{"id":3926,"url":"https:\/\/cepronda.com\/blog\/curso-de-actualizacion-de-competencias-directivas\/","url_meta":{"origin":4713,"position":0},"title":"Curso de actualizaci\u00f3n de competencias directivas.","author":"Maribel Mu\u00f1oz","date":"26 octubre, 2020","format":false,"excerpt":"Buenos d\u00edas compa\u00f1eras y compa\u00f1eros, Os informamos que se ha publicado la resoluci\u00f3n de 20 de octubre de 2020 de la Direcci\u00f3n General de Formaci\u00f3n del Profesorado e Innovaci\u00f3n Educativa con el listado definitivo del personal adjudicatario de plazas para el curso de actualizaci\u00f3n de competencias directivas convocado por la\u2026","rel":"","context":"En \u00abFormaciones\u00bb","block_context":{"text":"Formaciones","link":"https:\/\/cepronda.com\/blog\/category\/formaciones\/"},"img":{"alt_text":"","src":"https:\/\/i0.wp.com\/cepronda.com\/blog\/wp-content\/uploads\/2020\/09\/Logo-progamas-de-formacion-oficial.jpg?resize=350%2C200","width":350,"height":200},"classes":[]},{"id":3149,"url":"https:\/\/cepronda.com\/blog\/curso-extraordinario-de-actualizacion-de-competencias-directivas\/","url_meta":{"origin":4713,"position":1},"title":"Curso extraordinario de actualizaci\u00f3n de competencias directivas","author":"V\u00edctor Caballero","date":"18 noviembre, 2019","format":false,"excerpt":"\u00a1Hola de nuevo! El pasado viernes se public\u00f3 una Resoluci\u00f3n, de la Direcci\u00f3n General de Formaci\u00f3n del Profesorado e Innovaci\u00f3n Educativa, por la que se convoca curso extraordinario de actualizaci\u00f3n de competencias directivas sobre el desarrollo de la funci\u00f3n directiva establecido en el art\u00edculo 1 del Real Decreto 894\/2014, de\u2026","rel":"","context":"En \u00abFormaciones\u00bb","block_context":{"text":"Formaciones","link":"https:\/\/cepronda.com\/blog\/category\/formaciones\/"},"img":{"alt_text":"","src":"https:\/\/i0.wp.com\/cepronda.com\/blog\/wp-content\/uploads\/2019\/05\/logo-nuevo.jpg?fit=531%2C342&ssl=1&resize=350%2C200","width":350,"height":200,"srcset":"https:\/\/i0.wp.com\/cepronda.com\/blog\/wp-content\/uploads\/2019\/05\/logo-nuevo.jpg?fit=531%2C342&ssl=1&resize=350%2C200 1x, https:\/\/i0.wp.com\/cepronda.com\/blog\/wp-content\/uploads\/2019\/05\/logo-nuevo.jpg?fit=531%2C342&ssl=1&resize=525%2C300 1.5x"},"classes":[]},{"id":3734,"url":"https:\/\/cepronda.com\/blog\/actualizacion-de-competencias-directivas\/","url_meta":{"origin":4713,"position":2},"title":"Actualizaci\u00f3n de competencias directivas","author":"Maribel Mu\u00f1oz","date":"15 septiembre, 2020","format":false,"excerpt":"Buenos d\u00edas compa\u00f1eras y compa\u00f1eros, Os dejamos el enlace a la resoluci\u00f3n por la que se convoca curso deactualizaci\u00f3n de competencias para el desarrollo de la funci\u00f3ndirectiva. Deseamos que sea de vuestro inter\u00e9s.\u00a0 Saludos.","rel":"","context":"En \u00abFormaciones\u00bb","block_context":{"text":"Formaciones","link":"https:\/\/cepronda.com\/blog\/category\/formaciones\/"},"img":{"alt_text":"","src":"https:\/\/i0.wp.com\/cepronda.com\/blog\/wp-content\/uploads\/2020\/09\/Competencias-directivas.jpg?fit=1200%2C679&ssl=1&resize=350%2C200","width":350,"height":200,"srcset":"https:\/\/i0.wp.com\/cepronda.com\/blog\/wp-content\/uploads\/2020\/09\/Competencias-directivas.jpg?fit=1200%2C679&ssl=1&resize=350%2C200 1x, https:\/\/i0.wp.com\/cepronda.com\/blog\/wp-content\/uploads\/2020\/09\/Competencias-directivas.jpg?fit=1200%2C679&ssl=1&resize=525%2C300 1.5x, https:\/\/i0.wp.com\/cepronda.com\/blog\/wp-content\/uploads\/2020\/09\/Competencias-directivas.jpg?fit=1200%2C679&ssl=1&resize=700%2C400 2x, https:\/\/i0.wp.com\/cepronda.com\/blog\/wp-content\/uploads\/2020\/09\/Competencias-directivas.jpg?fit=1200%2C679&ssl=1&resize=1050%2C600 3x"},"classes":[]},{"id":703,"url":"https:\/\/cepronda.com\/blog\/curso-de-actualizacion-de-competencias-directivas-sobre-el-desarrollo-de-la-funcion-directiva\/","url_meta":{"origin":4713,"position":3},"title":"Curso de actualizaci\u00f3n de competencias directivas sobre el desarrollo de la funci\u00f3n directiva","author":"V\u00edctor Caballero","date":"23 febrero, 2017","format":false,"excerpt":"Pasamos a informaros de que ha salido publicada en BOJA la resoluci\u00f3n por la que se convoca el\u00a0 curso de actualizaci\u00f3n de competencias directivas sobre el desarrollo de la funci\u00f3n directiva. Para obtener toda la informaci\u00f3n haz clic en el siguiente enlace.","rel":"","context":"En \u00abNoticias\u00bb","block_context":{"text":"Noticias","link":"https:\/\/cepronda.com\/blog\/category\/noticias\/"},"img":{"alt_text":"","src":"https:\/\/i0.wp.com\/cepronda.com\/blog\/wp-content\/uploads\/2017\/02\/boja-e1487843465821.jpg?resize=350%2C200","width":350,"height":200},"classes":[]},{"id":1353,"url":"https:\/\/cepronda.com\/blog\/curso-de-actualizacion-de-competencias-directivas-sobre-el-desarrollo-de-la-funcion-directiva-2\/","url_meta":{"origin":4713,"position":4},"title":"Curso de actualizaci\u00f3n de competencias directivas sobre el desarrollo de la funci\u00f3n directiva","author":"V\u00edctor Caballero","date":"16 octubre, 2017","format":false,"excerpt":"\u00a1Muy buenas! Se acaba de publicar la Resoluci\u00f3n de 5 de octubre de 2017, de la Direcci\u00f3n General de Profesorado y Gesti\u00f3n de Recursos Humanos, por la que se convoca curso de actualizaci\u00f3n de competencias directivas sobre el desarrollo de la funci\u00f3n directiva establecido en el art\u00edculo 1 del Real\u2026","rel":"","context":"En \u00abNoticias\u00bb","block_context":{"text":"Noticias","link":"https:\/\/cepronda.com\/blog\/category\/noticias\/"},"img":{"alt_text":"","src":"https:\/\/i0.wp.com\/cepronda.com\/blog\/wp-content\/uploads\/2017\/05\/logo_ja_ce_mejor.jpg?fit=732%2C600&ssl=1&resize=350%2C200","width":350,"height":200,"srcset":"https:\/\/i0.wp.com\/cepronda.com\/blog\/wp-content\/uploads\/2017\/05\/logo_ja_ce_mejor.jpg?fit=732%2C600&ssl=1&resize=350%2C200 1x, https:\/\/i0.wp.com\/cepronda.com\/blog\/wp-content\/uploads\/2017\/05\/logo_ja_ce_mejor.jpg?fit=732%2C600&ssl=1&resize=525%2C300 1.5x, https:\/\/i0.wp.com\/cepronda.com\/blog\/wp-content\/uploads\/2017\/05\/logo_ja_ce_mejor.jpg?fit=732%2C600&ssl=1&resize=700%2C400 2x"},"classes":[]},{"id":2306,"url":"https:\/\/cepronda.com\/blog\/convocatoria-del-curso-de-actualizacion-de-competencias-directivas\/","url_meta":{"origin":4713,"position":5},"title":"Convocatoria del curso de Actualizaci\u00f3n de competencias directivas","author":"V\u00edctor Caballero","date":"11 septiembre, 2018","format":false,"excerpt":"\u00a1Hola de nuevo! Os informamos de esta convocatoria para aquellos docentes que\u00a0\u00a0est\u00e9n en posesi\u00f3n de acreditaci\u00f3n o habilitaci\u00f3n para el ejercicio de direcci\u00f3n de centros p\u00fablicos expedidas con anterioridad a la entrada en vigor de la Ley Org\u00e1nica de 8\/2013, de 9 de diciembre, o tener experiencia en la direcci\u00f3n\u2026","rel":"","context":"En \u00abFormaciones\u00bb","block_context":{"text":"Formaciones","link":"https:\/\/cepronda.com\/blog\/category\/formaciones\/"},"img":{"alt_text":"","src":"https:\/\/i0.wp.com\/cepronda.com\/blog\/wp-content\/uploads\/2017\/05\/logo_ja_ce_mejor.jpg?fit=732%2C600&ssl=1&resize=350%2C200","width":350,"height":200,"srcset":"https:\/\/i0.wp.com\/cepronda.com\/blog\/wp-content\/uploads\/2017\/05\/logo_ja_ce_mejor.jpg?fit=732%2C600&ssl=1&resize=350%2C200 1x, https:\/\/i0.wp.com\/cepronda.com\/blog\/wp-content\/uploads\/2017\/05\/logo_ja_ce_mejor.jpg?fit=732%2C600&ssl=1&resize=525%2C300 1.5x, https:\/\/i0.wp.com\/cepronda.com\/blog\/wp-content\/uploads\/2017\/05\/logo_ja_ce_mejor.jpg?fit=732%2C600&ssl=1&resize=700%2C400 2x"},"classes":[]}],"jetpack_sharing_enabled":true,"_links":{"self":[{"href":"https:\/\/cepronda.com\/blog\/wp-json\/wp\/v2\/posts\/4713","targetHints":{"allow":["GET"]}}],"collection":[{"href":"https:\/\/cepronda.com\/blog\/wp-json\/wp\/v2\/posts"}],"about":[{"href":"https:\/\/cepronda.com\/blog\/wp-json\/wp\/v2\/types\/post"}],"author":[{"embeddable":true,"href":"https:\/\/cepronda.com\/blog\/wp-json\/wp\/v2\/users\/10"}],"replies":[{"embeddable":true,"href":"https:\/\/cepronda.com\/blog\/wp-json\/wp\/v2\/comments?post=4713"}],"version-history":[{"count":3,"href":"https:\/\/cepronda.com\/blog\/wp-json\/wp\/v2\/posts\/4713\/revisions"}],"predecessor-version":[{"id":4717,"href":"https:\/\/cepronda.com\/blog\/wp-json\/wp\/v2\/posts\/4713\/revisions\/4717"}],"wp:featuredmedia":[{"embeddable":true,"href":"https:\/\/cepronda.com\/blog\/wp-json\/wp\/v2\/media\/3495"}],"wp:attachment":[{"href":"https:\/\/cepronda.com\/blog\/wp-json\/wp\/v2\/media?parent=4713"}],"wp:term":[{"taxonomy":"category","embeddable":true,"href":"https:\/\/cepronda.com\/blog\/wp-json\/wp\/v2\/categories?post=4713"},{"taxonomy":"post_tag","embeddable":true,"href":"https:\/\/cepronda.com\/blog\/wp-json\/wp\/v2\/tags?post=4713"}],"curies":[{"name":"wp","href":"https:\/\/api.w.org\/{rel}","templated":true}]}}