{"id":4709,"date":"2021-09-30T14:32:58","date_gmt":"2021-09-30T12:32:58","guid":{"rendered":"http:\/\/cepronda.com\/blog\/?p=4709"},"modified":"2025-04-28T11:58:35","modified_gmt":"2025-04-28T09:58:35","slug":"gestion-economica-para-secretarias-2","status":"publish","type":"post","link":"https:\/\/cepronda.com\/blog\/gestion-economica-para-secretarias-2\/","title":{"rendered":"GESTI\u00d3N ECON\u00d3MICA PARA SECRETAR\u00cdAS"},"content":{"rendered":"<p>Buenas tardes compa\u00f1eras y compa\u00f1eros,<\/p>\n<p>Os informamos que est\u00e1 abierto el plazo de inscripci\u00f3n del curso a distancia GESTI\u00d3N ECON\u00d3MICA PARA SECRETAR\u00cdAS con c\u00f3digo: 229924KPF230, de car\u00e1cter provincial, gestionado desde el CEP de Ronda. Las fechas de la formaci\u00f3n son las siguientes:&nbsp;<\/p>\n<p><strong>Inscripciones<\/strong>: 01\/10\/2021 hasta 10\/10\/2021<br \/>\n<strong>Comienzo del curso<\/strong>: 15\/10\/2021 hasta 15\/12\/2021<br \/>\n<strong>Lugar de realizaci\u00f3n<\/strong>: Aula Virtual de Formaci\u00f3n del Profesorado.<\/p>\n<p>Para m\u00e1s informaci\u00f3n puedes consultar la ficha de la actividad en el siguiente enlace donde tambi\u00e9n puedes realizar la&nbsp; <a href=\"https:\/\/www.juntadeandalucia.es\/educacion\/secretariavirtual\/consultaCEP\/actividad\/229924KPF230\/\"><strong>inscripci\u00f3n<\/strong><\/a>.<\/p>\n<p>Deseamos que sea de vuestro inter\u00e9s.<\/p>\n<p>Saludos.<\/p>\n<p>&nbsp;<\/p>\n<p><a href=\"https:\/\/www.juntadeandalucia.es\/educacion\/secretariavirtual\/consultaCEP\/actividad\/229924KPF230\/\"><img data-recalc-dims=\"1\" loading=\"lazy\" decoding=\"async\" class=\"size-medium wp-image-4710 aligncenter\" src=\"https:\/\/i0.wp.com\/cepronda.com\/blog\/wp-content\/uploads\/2021\/09\/WhatsApp-Image-2021-09-30-at-14.11.05-212x300.jpeg?resize=212%2C300\" alt=\"\" width=\"212\" height=\"300\" srcset=\"https:\/\/i0.wp.com\/cepronda.com\/blog\/wp-content\/uploads\/2021\/09\/WhatsApp-Image-2021-09-30-at-14.11.05.jpeg?resize=212%2C300&amp;ssl=1 212w, https:\/\/i0.wp.com\/cepronda.com\/blog\/wp-content\/uploads\/2021\/09\/WhatsApp-Image-2021-09-30-at-14.11.05.jpeg?resize=724%2C1024&amp;ssl=1 724w, https:\/\/i0.wp.com\/cepronda.com\/blog\/wp-content\/uploads\/2021\/09\/WhatsApp-Image-2021-09-30-at-14.11.05.jpeg?resize=768%2C1086&amp;ssl=1 768w, https:\/\/i0.wp.com\/cepronda.com\/blog\/wp-content\/uploads\/2021\/09\/WhatsApp-Image-2021-09-30-at-14.11.05.jpeg?resize=1086%2C1536&amp;ssl=1 1086w, https:\/\/i0.wp.com\/cepronda.com\/blog\/wp-content\/uploads\/2021\/09\/WhatsApp-Image-2021-09-30-at-14.11.05.jpeg?w=1131&amp;ssl=1 1131w\" sizes=\"auto, (max-width: 212px) 100vw, 212px\" \/><\/a><\/p>\n","protected":false},"excerpt":{"rendered":"<p>Buenas tardes compa\u00f1eras y compa\u00f1eros, Os informamos que est\u00e1 abierto el plazo de inscripci\u00f3n del curso a distancia GESTI\u00d3N ECON\u00d3MICA PARA SECRETAR\u00cdAS con c\u00f3digo: 229924KPF230, de car\u00e1cter provincial, gestionado desde el CEP de Ronda. Las fechas de la formaci\u00f3n son las siguientes:&nbsp; Inscripciones: 01\/10\/2021 hasta 10\/10\/2021 Comienzo del curso: 15\/10\/2021 hasta 15\/12\/2021 Lugar de realizaci\u00f3n: [&hellip;]<\/p>\n","protected":false},"author":10,"featured_media":4710,"comment_status":"closed","ping_status":"open","sticky":false,"template":"","format":"standard","meta":{"_crdt_document":"","advanced_seo_description":"","jetpack_seo_html_title":"","jetpack_seo_noindex":false,"jetpack_post_was_ever_published":false,"_jetpack_newsletter_access":"","_jetpack_dont_email_post_to_subs":false,"_jetpack_newsletter_tier_id":0,"_jetpack_memberships_contains_paywalled_content":false,"_jetpack_memberships_contains_paid_content":false,"footnotes":"","jetpack_publicize_message":"","jetpack_publicize_feature_enabled":true,"jetpack_social_post_already_shared":false,"jetpack_social_options":{"image_generator_settings":{"template":"highway","default_image_id":0,"font":"","enabled":false},"version":2}},"categories":[3,5],"tags":[34,202,257],"class_list":{"0":"post-4709","1":"post","2":"type-post","3":"status-publish","4":"format-standard","5":"has-post-thumbnail","7":"category-formaciones","8":"category-noticias","9":"tag-gestion-economica","10":"tag-provincial","11":"tag-secretarias","12":"czr-hentry"},"jetpack_publicize_connections":[],"jetpack_featured_media_url":"https:\/\/i0.wp.com\/cepronda.com\/blog\/wp-content\/uploads\/2021\/09\/WhatsApp-Image-2021-09-30-at-14.11.05.jpeg?fit=1131%2C1600&ssl=1","jetpack_shortlink":"https:\/\/wp.me\/p8M4X7-1dX","jetpack-related-posts":[{"id":7834,"url":"https:\/\/cepronda.com\/blog\/curso-provincial-gestion-economica-para-secretarias-con-codigo-259924kpf230\/","url_meta":{"origin":4709,"position":0},"title":"Curso provincial: \u00abGESTI\u00d3N ECON\u00d3MICA PARA SECRETAR\u00cdAS\u00bb, con c\u00f3digo 259924KPF230.","author":"Inmaculada Garc\u00eda","date":"4 noviembre, 2024","format":false,"excerpt":"Informamos que se ha abierto el plazo de inscripci\u00f3n en el curso provincial: \"GESTI\u00d3N ECON\u00d3MICA PARA SECRETAR\u00cdAS\", con c\u00f3digo 259924KPF230. \u270f\ufe0fFecha inscripci\u00f3n: 04\/11\/2024 hasta 22\/11\/2024. Fecha actividad: 26\/11\/2024 hasta 21\/01\/2025 \u27a1\ufe0fLugar: Aula Virtual de Formaci\u00f3n del Profesorado. Duraci\u00f3n del curso: 40 horas M\u00e1s informaci\u00f3n e inscripci\u00f3n:\u00a0https:\/\/www.juntadeandalucia.es\/educacion\/secretariavirtual\/consultaCEP\/actividad\/259924KPF230\/","rel":"","context":"En \u00abFormaciones\u00bb","block_context":{"text":"Formaciones","link":"https:\/\/cepronda.com\/blog\/category\/formaciones\/"},"img":{"alt_text":"","src":"https:\/\/i0.wp.com\/cepronda.com\/blog\/wp-content\/uploads\/2024\/11\/CARTEL-GESTION-ECONOMICA-PARA-SECRETARIAS.jpg?fit=848%2C1200&ssl=1&resize=350%2C200","width":350,"height":200,"srcset":"https:\/\/i0.wp.com\/cepronda.com\/blog\/wp-content\/uploads\/2024\/11\/CARTEL-GESTION-ECONOMICA-PARA-SECRETARIAS.jpg?fit=848%2C1200&ssl=1&resize=350%2C200 1x, https:\/\/i0.wp.com\/cepronda.com\/blog\/wp-content\/uploads\/2024\/11\/CARTEL-GESTION-ECONOMICA-PARA-SECRETARIAS.jpg?fit=848%2C1200&ssl=1&resize=525%2C300 1.5x, https:\/\/i0.wp.com\/cepronda.com\/blog\/wp-content\/uploads\/2024\/11\/CARTEL-GESTION-ECONOMICA-PARA-SECRETARIAS.jpg?fit=848%2C1200&ssl=1&resize=700%2C400 2x"},"classes":[]},{"id":8863,"url":"https:\/\/cepronda.com\/blog\/gestion-economica-para-secretarias-4\/","url_meta":{"origin":4709,"position":1},"title":"GESTI\u00d3N ECON\u00d3MICA PARA SECRETAR\u00cdAS","author":"Mamen Moreno","date":"26 septiembre, 2025","format":false,"excerpt":"Abierta la inscripci\u00f3n de los cursos del Itinerario Formativo para Secretar\u00edas de Centros P\u00fablicos: \u00a01\u00ba Curso Semipresencial: 4 sesiones por videoconferencia Gesti\u00f3n econ\u00f3mica para secretar\u00edas n\u00f3veles . C\u00f3digo: 269926KPF011 \u00a0Dirigido a: secretar\u00edas en su primer a\u00f1o \u00a0Comienzo: 7 de octubre \u00a0Inscripci\u00f3n del 25\/09 al 05\/10:\u00a0https:\/\/www.juntadeandalucia.es\/educacion\/secretariavirtual\/consultaCEP\/actividad\/269926KPF011\/ \u00a02\u00ba Curso Online: Aula Virtual\u2026","rel":"","context":"En \u00abFormaciones\u00bb","block_context":{"text":"Formaciones","link":"https:\/\/cepronda.com\/blog\/category\/formaciones\/"},"img":{"alt_text":"","src":"https:\/\/i0.wp.com\/cepronda.com\/blog\/wp-content\/uploads\/2025\/09\/SECRETARIAS-NOVELES-2023_24.png?fit=848%2C1200&ssl=1&resize=350%2C200","width":350,"height":200,"srcset":"https:\/\/i0.wp.com\/cepronda.com\/blog\/wp-content\/uploads\/2025\/09\/SECRETARIAS-NOVELES-2023_24.png?fit=848%2C1200&ssl=1&resize=350%2C200 1x, https:\/\/i0.wp.com\/cepronda.com\/blog\/wp-content\/uploads\/2025\/09\/SECRETARIAS-NOVELES-2023_24.png?fit=848%2C1200&ssl=1&resize=525%2C300 1.5x, https:\/\/i0.wp.com\/cepronda.com\/blog\/wp-content\/uploads\/2025\/09\/SECRETARIAS-NOVELES-2023_24.png?fit=848%2C1200&ssl=1&resize=700%2C400 2x"},"classes":[]},{"id":5712,"url":"https:\/\/cepronda.com\/blog\/gestion-economica-para-secretarias-232924kpf230\/","url_meta":{"origin":4709,"position":2},"title":"GESTI\u00d3N ECON\u00d3MICA PARA SECRETAR\u00cdAS (232924KPF230)","author":"Mamen Moreno","date":"20 enero, 2023","format":false,"excerpt":"Os informamos que se encuentra abierta la inscripci\u00f3n en el curso Provincial GESTI\u00d3N ECON\u00d3MICA PARA SECRETAR\u00cdAS con c\u00f3digo 232924KPF230, organizado por el CEP de Ronda: Inscripciones: desde 20\/01\/2023 al 30\/01\/2023 Fecha actividad: 1 de febrero hasta el 9 de marzo de 2023 Duraci\u00f3n: 40 horas. 10 horas presenciales y 30\u2026","rel":"","context":"En \u00abFormaciones\u00bb","block_context":{"text":"Formaciones","link":"https:\/\/cepronda.com\/blog\/category\/formaciones\/"},"img":{"alt_text":"","src":"https:\/\/i0.wp.com\/cepronda.com\/blog\/wp-content\/uploads\/2023\/01\/GESTION-ECONOMICA-PARA-SECRETARIAS-1.jpg?fit=848%2C1200&ssl=1&resize=350%2C200","width":350,"height":200,"srcset":"https:\/\/i0.wp.com\/cepronda.com\/blog\/wp-content\/uploads\/2023\/01\/GESTION-ECONOMICA-PARA-SECRETARIAS-1.jpg?fit=848%2C1200&ssl=1&resize=350%2C200 1x, https:\/\/i0.wp.com\/cepronda.com\/blog\/wp-content\/uploads\/2023\/01\/GESTION-ECONOMICA-PARA-SECRETARIAS-1.jpg?fit=848%2C1200&ssl=1&resize=525%2C300 1.5x, https:\/\/i0.wp.com\/cepronda.com\/blog\/wp-content\/uploads\/2023\/01\/GESTION-ECONOMICA-PARA-SECRETARIAS-1.jpg?fit=848%2C1200&ssl=1&resize=700%2C400 2x"},"classes":[]},{"id":8937,"url":"https:\/\/cepronda.com\/blog\/gestion-economica-para-secretarias-5\/","url_meta":{"origin":4709,"position":3},"title":"GESTI\u00d3N ECON\u00d3MICA PARA SECRETAR\u00cdAS","author":"Mamen Moreno","date":"17 octubre, 2025","format":false,"excerpt":"Abierta la inscripci\u00f3n para el 2\u00ba curso del Itinerario Formativo para Secretar\u00edas de Centros P\u00fablicos: Gesti\u00f3n econ\u00f3mica para secretar\u00edas. C\u00f3digo: 269924KPF230 Dirigido a: secretar\u00edas en activo de los centros educativos p\u00fablicos de la provincia de M\u00e1laga. Comienzo: 5 de noviembre Inscripci\u00f3n del 17\/10 al 31\/10 M\u00e1s informaci\u00f3n: https:\/\/www.juntadeandalucia.es\/educacion\/secretariavirtual\/consultaCEP\/actividad\/269924KPF230\/","rel":"","context":"En \u00abFormaciones\u00bb","block_context":{"text":"Formaciones","link":"https:\/\/cepronda.com\/blog\/category\/formaciones\/"},"img":{"alt_text":"","src":"https:\/\/i0.wp.com\/cepronda.com\/blog\/wp-content\/uploads\/2025\/09\/SECRETARIAS-NOVELES-2023_24.png?fit=848%2C1200&ssl=1&resize=350%2C200","width":350,"height":200,"srcset":"https:\/\/i0.wp.com\/cepronda.com\/blog\/wp-content\/uploads\/2025\/09\/SECRETARIAS-NOVELES-2023_24.png?fit=848%2C1200&ssl=1&resize=350%2C200 1x, https:\/\/i0.wp.com\/cepronda.com\/blog\/wp-content\/uploads\/2025\/09\/SECRETARIAS-NOVELES-2023_24.png?fit=848%2C1200&ssl=1&resize=525%2C300 1.5x, https:\/\/i0.wp.com\/cepronda.com\/blog\/wp-content\/uploads\/2025\/09\/SECRETARIAS-NOVELES-2023_24.png?fit=848%2C1200&ssl=1&resize=700%2C400 2x"},"classes":[]},{"id":7327,"url":"https:\/\/cepronda.com\/blog\/gestion-economica-para-secretarias-3\/","url_meta":{"origin":4709,"position":4},"title":"GESTI\u00d3N ECON\u00d3MICA PARA SECRETAR\u00cdAS","author":"Mamen Moreno","date":"12 enero, 2024","format":false,"excerpt":"Os informamos que se encuentra abierta la inscripci\u00f3n en el curso Provincial\u00a0GESTI\u00d3N ECON\u00d3MICA PARA SECRETAR\u00cdAS con c\u00f3digo 242924KPF230, organizado por el CEP de Ronda: Inscripciones:\u00a0 12\/01\/2024 al 26\/01\/2024 Fecha actividad: 30 de enero hasta el 11 de marzo de 2024 Fechas de las videoconferencias: \u00a030 de enero, 6 y 13\u2026","rel":"","context":"En \u00abFormaciones\u00bb","block_context":{"text":"Formaciones","link":"https:\/\/cepronda.com\/blog\/category\/formaciones\/"},"img":{"alt_text":"","src":"https:\/\/i0.wp.com\/cepronda.com\/blog\/wp-content\/uploads\/2024\/01\/WhatsApp-Image-2024-01-12-at-11.03.42.jpeg?fit=848%2C1200&ssl=1&resize=350%2C200","width":350,"height":200,"srcset":"https:\/\/i0.wp.com\/cepronda.com\/blog\/wp-content\/uploads\/2024\/01\/WhatsApp-Image-2024-01-12-at-11.03.42.jpeg?fit=848%2C1200&ssl=1&resize=350%2C200 1x, https:\/\/i0.wp.com\/cepronda.com\/blog\/wp-content\/uploads\/2024\/01\/WhatsApp-Image-2024-01-12-at-11.03.42.jpeg?fit=848%2C1200&ssl=1&resize=525%2C300 1.5x, https:\/\/i0.wp.com\/cepronda.com\/blog\/wp-content\/uploads\/2024\/01\/WhatsApp-Image-2024-01-12-at-11.03.42.jpeg?fit=848%2C1200&ssl=1&resize=700%2C400 2x"},"classes":[]},{"id":8805,"url":"https:\/\/cepronda.com\/blog\/gestion-economica-para-secretarias-noveles-horario-de-manana\/","url_meta":{"origin":4709,"position":5},"title":"GESTI\u00d3N ECON\u00d3MICA PARA SECRETAR\u00cdAS NOVELES HORARIO DE MA\u00d1ANA","author":"Mamen Moreno","date":"18 septiembre, 2025","format":false,"excerpt":"Abierta la inscripci\u00f3n del curso a distancia regional organizado por el CEP de El Ejido; dirigido a: Secretar\u00edas noveles en centros educativos p\u00fablicos en el presente curso 2025\/2026 que imparten docencia en horario de tarde. GESTI\u00d3N ECON\u00d3MICA PARA SECRETAR\u00cdAS NOVELES. C\u00f3digo: 269902KPF001 Dirigido a: Secretar\u00edas noveles en centros educativos p\u00fablicos\u2026","rel":"","context":"En \u00abFormaciones\u00bb","block_context":{"text":"Formaciones","link":"https:\/\/cepronda.com\/blog\/category\/formaciones\/"},"img":{"alt_text":"","src":"https:\/\/i0.wp.com\/cepronda.com\/blog\/wp-content\/uploads\/2025\/09\/269902KPF001.jpeg?fit=1080%2C1080&ssl=1&resize=350%2C200","width":350,"height":200,"srcset":"https:\/\/i0.wp.com\/cepronda.com\/blog\/wp-content\/uploads\/2025\/09\/269902KPF001.jpeg?fit=1080%2C1080&ssl=1&resize=350%2C200 1x, https:\/\/i0.wp.com\/cepronda.com\/blog\/wp-content\/uploads\/2025\/09\/269902KPF001.jpeg?fit=1080%2C1080&ssl=1&resize=525%2C300 1.5x, https:\/\/i0.wp.com\/cepronda.com\/blog\/wp-content\/uploads\/2025\/09\/269902KPF001.jpeg?fit=1080%2C1080&ssl=1&resize=700%2C400 2x, https:\/\/i0.wp.com\/cepronda.com\/blog\/wp-content\/uploads\/2025\/09\/269902KPF001.jpeg?fit=1080%2C1080&ssl=1&resize=1050%2C600 3x"},"classes":[]}],"jetpack_sharing_enabled":true,"_links":{"self":[{"href":"https:\/\/cepronda.com\/blog\/wp-json\/wp\/v2\/posts\/4709","targetHints":{"allow":["GET"]}}],"collection":[{"href":"https:\/\/cepronda.com\/blog\/wp-json\/wp\/v2\/posts"}],"about":[{"href":"https:\/\/cepronda.com\/blog\/wp-json\/wp\/v2\/types\/post"}],"author":[{"embeddable":true,"href":"https:\/\/cepronda.com\/blog\/wp-json\/wp\/v2\/users\/10"}],"replies":[{"embeddable":true,"href":"https:\/\/cepronda.com\/blog\/wp-json\/wp\/v2\/comments?post=4709"}],"version-history":[{"count":2,"href":"https:\/\/cepronda.com\/blog\/wp-json\/wp\/v2\/posts\/4709\/revisions"}],"predecessor-version":[{"id":4712,"href":"https:\/\/cepronda.com\/blog\/wp-json\/wp\/v2\/posts\/4709\/revisions\/4712"}],"wp:featuredmedia":[{"embeddable":true,"href":"https:\/\/cepronda.com\/blog\/wp-json\/wp\/v2\/media\/4710"}],"wp:attachment":[{"href":"https:\/\/cepronda.com\/blog\/wp-json\/wp\/v2\/media?parent=4709"}],"wp:term":[{"taxonomy":"category","embeddable":true,"href":"https:\/\/cepronda.com\/blog\/wp-json\/wp\/v2\/categories?post=4709"},{"taxonomy":"post_tag","embeddable":true,"href":"https:\/\/cepronda.com\/blog\/wp-json\/wp\/v2\/tags?post=4709"}],"curies":[{"name":"wp","href":"https:\/\/api.w.org\/{rel}","templated":true}]}}