{"id":4695,"date":"2021-09-29T13:07:26","date_gmt":"2021-09-29T11:07:26","guid":{"rendered":"http:\/\/cepronda.com\/blog\/?p=4695"},"modified":"2021-09-30T12:52:16","modified_gmt":"2021-09-30T10:52:16","slug":"itinerario-formativo-en-igualdad-y-convivencia-cep-de-ronda","status":"publish","type":"post","link":"https:\/\/cepronda.com\/blog\/itinerario-formativo-en-igualdad-y-convivencia-cep-de-ronda\/","title":{"rendered":"ITINERARIO FORMATIVO EN IGUALDAD Y CONVIVENCIA. CEP DE RONDA."},"content":{"rendered":"<p>Buenos d\u00edas compa\u00f1eros y compa\u00f1eras, os presentamos nuestro ITINERARIO FORMATIVO EN IGUALDAD Y CONVIVENCIA, en el que podr\u00e9is encontrar actividades formativas centradas en la implementaci\u00f3n del Programa de Inteligencia Emocional, Disciplina positiva, Mediaci\u00f3n, Acoso y Ciberacoso, Identidad Sexual, Masculinidades Diversas, y, adem\u00e1s, nuestras MALETAS VIAJERAS POR LA INCLUSI\u00d3N. Esperamos que sea de vuestro inter\u00e9s, un saludo. (ENLACE: <a href=\"https:\/\/view.genial.ly\/614088080520180de04d4c0e\/horizontal-infographic-review-itinerario-formativo-convivencia-e-igualdad-cep-de-ronda\">https:\/\/view.genial.ly\/614088080520180de04d4c0e\/horizontal-infographic-review-itinerario-formativo-convivencia-e-igualdad-cep-de-ronda<\/a>).<\/p>\n<p>&nbsp;&nbsp;<\/p>\n<p><iframe class=\"wp-embedded-content\" sandbox=\"allow-scripts\" security=\"restricted\" title=\"ITINERARIO FORMATIVO CONVIVENCIA E IGUALDAD CEP DE RONDA.\" frameborder='0' width='1200' height='675' src='https:\/\/view.genial.ly\/614088080520180de04d4c0e#?secret=OpedF2MNsP' data-secret='OpedF2MNsP' scrolling='yes'><\/iframe><\/p>\n<p>&nbsp;<\/p>\n","protected":false},"excerpt":{"rendered":"<p>Buenos d\u00edas compa\u00f1eros y compa\u00f1eras, os presentamos nuestro ITINERARIO FORMATIVO EN IGUALDAD Y CONVIVENCIA, en el que podr\u00e9is encontrar actividades formativas centradas en la implementaci\u00f3n del Programa de Inteligencia Emocional, Disciplina positiva, Mediaci\u00f3n, Acoso y Ciberacoso, Identidad Sexual, Masculinidades Diversas, y, adem\u00e1s, nuestras MALETAS VIAJERAS POR LA INCLUSI\u00d3N. Esperamos que sea de vuestro inter\u00e9s, un [&hellip;]<\/p>\n","protected":false},"author":9,"featured_media":4696,"comment_status":"closed","ping_status":"open","sticky":false,"template":"","format":"standard","meta":{"_crdt_document":"","advanced_seo_description":"","jetpack_seo_html_title":"","jetpack_seo_noindex":false,"jetpack_post_was_ever_published":false,"_jetpack_newsletter_access":"","_jetpack_dont_email_post_to_subs":false,"_jetpack_newsletter_tier_id":0,"_jetpack_memberships_contains_paywalled_content":false,"_jetpack_memberships_contains_paid_content":false,"footnotes":"","jetpack_publicize_message":"","jetpack_publicize_feature_enabled":true,"jetpack_social_post_already_shared":false,"jetpack_social_options":{"image_generator_settings":{"template":"highway","default_image_id":0,"font":"","enabled":false},"version":2}},"categories":[5],"tags":[],"class_list":{"0":"post-4695","1":"post","2":"type-post","3":"status-publish","4":"format-standard","5":"has-post-thumbnail","7":"category-noticias","8":"czr-hentry"},"jetpack_publicize_connections":[],"jetpack_featured_media_url":"https:\/\/i0.wp.com\/cepronda.com\/blog\/wp-content\/uploads\/2021\/09\/Captura-de-pantalla-68.png?fit=1911%2C1080&ssl=1","jetpack_shortlink":"https:\/\/wp.me\/p8M4X7-1dJ","jetpack-related-posts":[{"id":3906,"url":"https:\/\/cepronda.com\/blog\/itinerario-formativo-para-centros-rurales\/","url_meta":{"origin":4695,"position":0},"title":"ITINERARIO FORMATIVO PARA LA ESCUELA RURAL.","author":"Inmaculada Garc\u00eda","date":"19 octubre, 2020","format":false,"excerpt":"Buenas tardes compa\u00f1eras y compa\u00f1eros: Os presentamos nuestro nuevo Itinerario Formativo para Centros Rurales\u00a0 que\u00a0 consta de tres actividades, una por trimestre, en las que nos acercaremos a diferentes recursos, t\u00e9cnicas y herramientas metodol\u00f3gicas adaptadas a grupos multinivel, partiendo de la realidad de nuestros centros y contando con profesionales con\u2026","rel":"","context":"En \u00abNoticias\u00bb","block_context":{"text":"Noticias","link":"https:\/\/cepronda.com\/blog\/category\/noticias\/"},"img":{"alt_text":"","src":"https:\/\/i0.wp.com\/cepronda.com\/blog\/wp-content\/uploads\/2020\/10\/Captura-de-pantalla-3-3.png?fit=1200%2C675&ssl=1&resize=350%2C200","width":350,"height":200,"srcset":"https:\/\/i0.wp.com\/cepronda.com\/blog\/wp-content\/uploads\/2020\/10\/Captura-de-pantalla-3-3.png?fit=1200%2C675&ssl=1&resize=350%2C200 1x, https:\/\/i0.wp.com\/cepronda.com\/blog\/wp-content\/uploads\/2020\/10\/Captura-de-pantalla-3-3.png?fit=1200%2C675&ssl=1&resize=525%2C300 1.5x, https:\/\/i0.wp.com\/cepronda.com\/blog\/wp-content\/uploads\/2020\/10\/Captura-de-pantalla-3-3.png?fit=1200%2C675&ssl=1&resize=700%2C400 2x, https:\/\/i0.wp.com\/cepronda.com\/blog\/wp-content\/uploads\/2020\/10\/Captura-de-pantalla-3-3.png?fit=1200%2C675&ssl=1&resize=1050%2C600 3x"},"classes":[]},{"id":3361,"url":"https:\/\/cepronda.com\/blog\/itinerario-formativo-en-atencion-a-la-diversidad-del-cep-de-ronda\/","url_meta":{"origin":4695,"position":1},"title":"Itinerario formativo en atenci\u00f3n a la diversidad del CEP de Ronda","author":"V\u00edctor Caballero","date":"23 enero, 2020","format":false,"excerpt":"Muy buenas familia, Os dejamos con cartel informativo que ha preparado nuestra compa\u00f1era Claudia sobre las actividades formativas dirigidas a la atenci\u00f3n a la diversidad. En el mismo pod\u00e9is encontrar toda la informaci\u00f3n necesaria, y adem\u00e1s recordad que siempre pod\u00e9is llamarnos o escribirnos.","rel":"","context":"En \u00abFormaciones\u00bb","block_context":{"text":"Formaciones","link":"https:\/\/cepronda.com\/blog\/category\/formaciones\/"},"img":{"alt_text":"","src":"https:\/\/i0.wp.com\/cepronda.com\/blog\/wp-content\/uploads\/2020\/01\/ITINERARIO-FORMATIVO-ATENCI%C3%93N-A-LA-DIVERSIDAD-%C3%9ALTIMO.png?fit=1200%2C848&ssl=1&resize=350%2C200","width":350,"height":200,"srcset":"https:\/\/i0.wp.com\/cepronda.com\/blog\/wp-content\/uploads\/2020\/01\/ITINERARIO-FORMATIVO-ATENCI%C3%93N-A-LA-DIVERSIDAD-%C3%9ALTIMO.png?fit=1200%2C848&ssl=1&resize=350%2C200 1x, https:\/\/i0.wp.com\/cepronda.com\/blog\/wp-content\/uploads\/2020\/01\/ITINERARIO-FORMATIVO-ATENCI%C3%93N-A-LA-DIVERSIDAD-%C3%9ALTIMO.png?fit=1200%2C848&ssl=1&resize=525%2C300 1.5x, https:\/\/i0.wp.com\/cepronda.com\/blog\/wp-content\/uploads\/2020\/01\/ITINERARIO-FORMATIVO-ATENCI%C3%93N-A-LA-DIVERSIDAD-%C3%9ALTIMO.png?fit=1200%2C848&ssl=1&resize=700%2C400 2x, https:\/\/i0.wp.com\/cepronda.com\/blog\/wp-content\/uploads\/2020\/01\/ITINERARIO-FORMATIVO-ATENCI%C3%93N-A-LA-DIVERSIDAD-%C3%9ALTIMO.png?fit=1200%2C848&ssl=1&resize=1050%2C600 3x"},"classes":[]},{"id":4834,"url":"https:\/\/cepronda.com\/blog\/actividad-formativa-masculinidades-diversas-y-adolescencia-propuesta-practica-2\/","url_meta":{"origin":4695,"position":2},"title":"ACTIVIDAD FORMATIVA MASCULINIDADES DIVERSAS Y ADOLESCENCIA. PROPUESTA PR\u00c1CTICA.","author":"Inmaculada Garc\u00eda","date":"28 octubre, 2021","format":false,"excerpt":"Buenas tardes compa\u00f1eros y compa\u00f1eras, el pr\u00f3ximo 11 de Noviembre comenzar\u00e1 la actividad formativa \"MASCULINIDADES DIVERSAS Y ADOLECENCIA. PROPUESTA PR\u00c1CTICA\" Pod\u00e9is acceder a m\u00e1s informaci\u00f3n y realizar vuestra inscripci\u00f3n en ESTE ENLACE. Esta actividad forma parte de nuestro ITINERARIO FORMATIVO EN CONVIVENCIA E IGUALDAD.\u00a0 Esperamos que sea de vuestro inter\u00e9s.\u00a0\u2026","rel":"","context":"En \u00abNoticias\u00bb","block_context":{"text":"Noticias","link":"https:\/\/cepronda.com\/blog\/category\/noticias\/"},"img":{"alt_text":"","src":"https:\/\/i0.wp.com\/cepronda.com\/blog\/wp-content\/uploads\/2021\/10\/MASCULINIDADES-DIVERSAS-Y-ADOLESCENCIA-PROPUESTA-PRACTICA-1-212x300.jpg?resize=350%2C200","width":350,"height":200},"classes":[]},{"id":4612,"url":"https:\/\/cepronda.com\/blog\/ii-itinerario-formativo-para-la-escuela-rural-de-la-provincia-de-malaga\/","url_meta":{"origin":4695,"position":3},"title":"II ITINERARIO FORMATIVO PARA LA ESCUELA RURAL DE LA PROVINCIA DE M\u00c1LAGA.","author":"Inmaculada Garc\u00eda","date":"15 septiembre, 2021","format":false,"excerpt":"Buenas tardes compa\u00f1eros y compa\u00f1eras, hoy se publica nuestro II ITINERARIO FORMATIVO PARA LA ESCUELA RURAL, esta vez se llevar\u00e1 a cabo a nivel provincial por lo que si est\u00e1s trabajando en un CPR o un centro que cuente con aulas multinivel dentro de la provincia de M\u00e1laga, seguro que\u2026","rel":"","context":"En \u00abNoticias\u00bb","block_context":{"text":"Noticias","link":"https:\/\/cepronda.com\/blog\/category\/noticias\/"},"img":{"alt_text":"","src":"https:\/\/i0.wp.com\/cepronda.com\/blog\/wp-content\/uploads\/2021\/09\/Captura-de-pantalla-65.png?fit=1200%2C668&ssl=1&resize=350%2C200","width":350,"height":200,"srcset":"https:\/\/i0.wp.com\/cepronda.com\/blog\/wp-content\/uploads\/2021\/09\/Captura-de-pantalla-65.png?fit=1200%2C668&ssl=1&resize=350%2C200 1x, https:\/\/i0.wp.com\/cepronda.com\/blog\/wp-content\/uploads\/2021\/09\/Captura-de-pantalla-65.png?fit=1200%2C668&ssl=1&resize=525%2C300 1.5x, https:\/\/i0.wp.com\/cepronda.com\/blog\/wp-content\/uploads\/2021\/09\/Captura-de-pantalla-65.png?fit=1200%2C668&ssl=1&resize=700%2C400 2x, https:\/\/i0.wp.com\/cepronda.com\/blog\/wp-content\/uploads\/2021\/09\/Captura-de-pantalla-65.png?fit=1200%2C668&ssl=1&resize=1050%2C600 3x"},"classes":[]},{"id":5594,"url":"https:\/\/cepronda.com\/blog\/aulas-multinivel-planificacion-situaciones-de-aprendizaje-y-evaluacion\/","url_meta":{"origin":4695,"position":4},"title":"AULAS MULTINIVEL: PLANIFICACI\u00d3N, SITUACIONES DE APRENDIZAJE Y EVALUACI\u00d3N.","author":"Mamen Moreno","date":"8 noviembre, 2022","format":false,"excerpt":"Os informamos que ma\u00f1ana comienza el curso online correspondiente al Itinerario Formativo para Centros Rurales a nivel Provincial.\u00a0AULAS MULTINIVEL: PLANIFICACI\u00d3N, SITUACIONES DE APRENDIZAJE Y EVALUACI\u00d3N. C\u00f3digo 232924GE018. Enlace a la actividad. Ponente:\u00a0 Jos\u00e9 Luis Murillo Garc\u00eda. Lugar de realizaci\u00f3n: Sala de videoconferencia del Cep de Ronda. Hora: 16:30 a 18:30.\u2026","rel":"","context":"En \u00abFormaciones\u00bb","block_context":{"text":"Formaciones","link":"https:\/\/cepronda.com\/blog\/category\/formaciones\/"},"img":{"alt_text":"","src":"https:\/\/i0.wp.com\/cepronda.com\/blog\/wp-content\/uploads\/2022\/11\/AULAS-MULTINIVEL-PLANIFICACION-SITUACIONES-DE-APRENDIZAJE-Y-EVALUACION..jpg?fit=848%2C1200&ssl=1&resize=350%2C200","width":350,"height":200,"srcset":"https:\/\/i0.wp.com\/cepronda.com\/blog\/wp-content\/uploads\/2022\/11\/AULAS-MULTINIVEL-PLANIFICACION-SITUACIONES-DE-APRENDIZAJE-Y-EVALUACION..jpg?fit=848%2C1200&ssl=1&resize=350%2C200 1x, https:\/\/i0.wp.com\/cepronda.com\/blog\/wp-content\/uploads\/2022\/11\/AULAS-MULTINIVEL-PLANIFICACION-SITUACIONES-DE-APRENDIZAJE-Y-EVALUACION..jpg?fit=848%2C1200&ssl=1&resize=525%2C300 1.5x, https:\/\/i0.wp.com\/cepronda.com\/blog\/wp-content\/uploads\/2022\/11\/AULAS-MULTINIVEL-PLANIFICACION-SITUACIONES-DE-APRENDIZAJE-Y-EVALUACION..jpg?fit=848%2C1200&ssl=1&resize=700%2C400 2x"},"classes":[]},{"id":8067,"url":"https:\/\/cepronda.com\/blog\/convivencia-y-aprendizaje-creando-ambientes-educativos-positivos\/","url_meta":{"origin":4695,"position":5},"title":"CONVIVENCIA Y APRENDIZAJE: CREANDO AMBIENTES EDUCATIVOS POSITIVOS","author":"Mamen Moreno","date":"21 enero, 2025","format":false,"excerpt":"Inscripciones abiertas para el curso \"Convivencia y Aprendizaje: Creando Ambientes Educativos Positivos\" con c\u00f3digo 252924GE017 Duraci\u00f3n: 15 horas (12 horas presenciales y 3 horas de tareas) Dirigido a: Todo el profesorado (Internivelar) Inscripciones: del 21 de enero al 21 de febrero Lugar: CEP de Ronda \/ Sala de Videoconferencias Fechas:\u00a0\u2026","rel":"","context":"En \u00abFormaciones\u00bb","block_context":{"text":"Formaciones","link":"https:\/\/cepronda.com\/blog\/category\/formaciones\/"},"img":{"alt_text":"","src":"https:\/\/i0.wp.com\/cepronda.com\/blog\/wp-content\/uploads\/2025\/01\/CONVIVENCIA.jpg?fit=1080%2C1080&ssl=1&resize=350%2C200","width":350,"height":200,"srcset":"https:\/\/i0.wp.com\/cepronda.com\/blog\/wp-content\/uploads\/2025\/01\/CONVIVENCIA.jpg?fit=1080%2C1080&ssl=1&resize=350%2C200 1x, https:\/\/i0.wp.com\/cepronda.com\/blog\/wp-content\/uploads\/2025\/01\/CONVIVENCIA.jpg?fit=1080%2C1080&ssl=1&resize=525%2C300 1.5x, https:\/\/i0.wp.com\/cepronda.com\/blog\/wp-content\/uploads\/2025\/01\/CONVIVENCIA.jpg?fit=1080%2C1080&ssl=1&resize=700%2C400 2x, https:\/\/i0.wp.com\/cepronda.com\/blog\/wp-content\/uploads\/2025\/01\/CONVIVENCIA.jpg?fit=1080%2C1080&ssl=1&resize=1050%2C600 3x"},"classes":[]}],"jetpack_sharing_enabled":true,"_links":{"self":[{"href":"https:\/\/cepronda.com\/blog\/wp-json\/wp\/v2\/posts\/4695","targetHints":{"allow":["GET"]}}],"collection":[{"href":"https:\/\/cepronda.com\/blog\/wp-json\/wp\/v2\/posts"}],"about":[{"href":"https:\/\/cepronda.com\/blog\/wp-json\/wp\/v2\/types\/post"}],"author":[{"embeddable":true,"href":"https:\/\/cepronda.com\/blog\/wp-json\/wp\/v2\/users\/9"}],"replies":[{"embeddable":true,"href":"https:\/\/cepronda.com\/blog\/wp-json\/wp\/v2\/comments?post=4695"}],"version-history":[{"count":3,"href":"https:\/\/cepronda.com\/blog\/wp-json\/wp\/v2\/posts\/4695\/revisions"}],"predecessor-version":[{"id":4707,"href":"https:\/\/cepronda.com\/blog\/wp-json\/wp\/v2\/posts\/4695\/revisions\/4707"}],"wp:featuredmedia":[{"embeddable":true,"href":"https:\/\/cepronda.com\/blog\/wp-json\/wp\/v2\/media\/4696"}],"wp:attachment":[{"href":"https:\/\/cepronda.com\/blog\/wp-json\/wp\/v2\/media?parent=4695"}],"wp:term":[{"taxonomy":"category","embeddable":true,"href":"https:\/\/cepronda.com\/blog\/wp-json\/wp\/v2\/categories?post=4695"},{"taxonomy":"post_tag","embeddable":true,"href":"https:\/\/cepronda.com\/blog\/wp-json\/wp\/v2\/tags?post=4695"}],"curies":[{"name":"wp","href":"https:\/\/api.w.org\/{rel}","templated":true}]}}