{"id":4691,"date":"2021-09-28T14:27:33","date_gmt":"2021-09-28T12:27:33","guid":{"rendered":"http:\/\/cepronda.com\/blog\/?p=4691"},"modified":"2025-04-28T11:58:35","modified_gmt":"2025-04-28T09:58:35","slug":"examinadores-oficiales-delf-habilitacion-modalidad-a-distancia-curso-2021-2022","status":"publish","type":"post","link":"https:\/\/cepronda.com\/blog\/examinadores-oficiales-delf-habilitacion-modalidad-a-distancia-curso-2021-2022\/","title":{"rendered":"EXAMINADORES OFICIALES DELF. HABILITACI\u00d3N. MODALIDAD A DISTANCIA. CURSO 2021-2022"},"content":{"rendered":"<p>Buenas tardes compa\u00f1eras y compa\u00f1eros,<\/p>\n<p>Os informamos que est\u00e1 abierto el plazo para enviar la solicitud de participaci\u00f3n en la <strong>FORMACI\u00d3N PARA HABILITAR A EXAMINADORES OFICIALES DELF MODALIDAD A DISTANCIA .CURSO 2021-2022<\/strong><\/p>\n<p>Las personas interesada en participar en esta formaci\u00f3n deber\u00e1n enviar, <strong>antes del 20 de octubre de 2021<\/strong>, la <a href=\"https:\/\/www.juntadeandalucia.es\/educacion\/portals\/delegate\/content\/5a69dcc9-4726-48c1-91b3-c4edb45f3f43\/Formaciones%20habilitaci%C3%B3n%20DELF%2021-22\"><strong>ficha de inscripci\u00f3n<\/strong><\/a> cumplimentada, su <strong>C<\/strong>urr\u00edculum <strong>V<\/strong>itae y una carta de presentaci\u00f3n, a la siguiente direcci\u00f3n de correo electr\u00f3nico: <strong><span class=\"Y2IQFc\" lang=\"es\">annette.maxime@institutfrancais.es<\/span><\/strong><\/p>\n<p>Para m\u00e1s informaci\u00f3n puedes consultar el siguiente <a href=\"https:\/\/www.juntadeandalucia.es\/educacion\/portals\/web\/plurilinguismo\/novedades\/-\/contenidos\/detalle\/delf-escolar-convocatoria-2021\"><strong>enlace<\/strong><\/a> .<\/p>\n<p>Deseamos que sea de vuestro inter\u00e9s.<\/p>\n<p>Saludos.<\/p>\n<p><img data-recalc-dims=\"1\" loading=\"lazy\" decoding=\"async\" class=\"size-medium wp-image-4692 aligncenter\" src=\"https:\/\/i0.wp.com\/cepronda.com\/blog\/wp-content\/uploads\/2021\/09\/Delf-Scolaire-CMJN1-300x227.png?resize=300%2C227\" alt=\"\" width=\"300\" height=\"227\" srcset=\"https:\/\/i0.wp.com\/cepronda.com\/blog\/wp-content\/uploads\/2021\/09\/Delf-Scolaire-CMJN1.png?resize=300%2C227&amp;ssl=1 300w, https:\/\/i0.wp.com\/cepronda.com\/blog\/wp-content\/uploads\/2021\/09\/Delf-Scolaire-CMJN1.png?resize=768%2C581&amp;ssl=1 768w, https:\/\/i0.wp.com\/cepronda.com\/blog\/wp-content\/uploads\/2021\/09\/Delf-Scolaire-CMJN1.png?w=921&amp;ssl=1 921w\" sizes=\"auto, (max-width: 300px) 100vw, 300px\" \/><\/p>\n<p>&nbsp;<\/p>\n","protected":false},"excerpt":{"rendered":"<p>Buenas tardes compa\u00f1eras y compa\u00f1eros, Os informamos que est\u00e1 abierto el plazo para enviar la solicitud de participaci\u00f3n en la FORMACI\u00d3N PARA HABILITAR A EXAMINADORES OFICIALES DELF MODALIDAD A DISTANCIA .CURSO 2021-2022 Las personas interesada en participar en esta formaci\u00f3n deber\u00e1n enviar, antes del 20 de octubre de 2021, la ficha de inscripci\u00f3n cumplimentada, su [&hellip;]<\/p>\n","protected":false},"author":10,"featured_media":4692,"comment_status":"closed","ping_status":"open","sticky":false,"template":"","format":"standard","meta":{"_crdt_document":"","advanced_seo_description":"","jetpack_seo_html_title":"","jetpack_seo_noindex":false,"jetpack_post_was_ever_published":false,"_jetpack_newsletter_access":"","_jetpack_dont_email_post_to_subs":false,"_jetpack_newsletter_tier_id":0,"_jetpack_memberships_contains_paywalled_content":false,"_jetpack_memberships_contains_paid_content":false,"footnotes":"","jetpack_publicize_message":"","jetpack_publicize_feature_enabled":true,"jetpack_social_post_already_shared":false,"jetpack_social_options":{"image_generator_settings":{"template":"highway","default_image_id":0,"font":"","enabled":false},"version":2}},"categories":[3,5],"tags":[256,123,86],"class_list":{"0":"post-4691","1":"post","2":"type-post","3":"status-publish","4":"format-standard","5":"has-post-thumbnail","7":"category-formaciones","8":"category-noticias","9":"tag-delf","10":"tag-evaluacion","11":"tag-frances","12":"czr-hentry"},"jetpack_publicize_connections":[],"jetpack_featured_media_url":"https:\/\/i0.wp.com\/cepronda.com\/blog\/wp-content\/uploads\/2021\/09\/Delf-Scolaire-CMJN1.png?fit=921%2C697&ssl=1","jetpack_shortlink":"https:\/\/wp.me\/p8M4X7-1dF","jetpack-related-posts":[{"id":4738,"url":"https:\/\/cepronda.com\/blog\/primera-convocatoria-regional-de-cursos-de-formacion-a-distancia-2021-22\/","url_meta":{"origin":4691,"position":0},"title":"Primera Convocatoria Regional de cursos de formaci\u00f3n a distancia 2021-22","author":"Inmaculada Garc\u00eda","date":"11 octubre, 2021","format":false,"excerpt":"Dentro del plan de formaci\u00f3n del profesorado de la Consejer\u00eda de Educaci\u00f3n se ofertan 50 cursos en la modalidad de a distancia. Las condiciones de la oferta son las siguientes: Plazo de inscripci\u00f3n: Desde el lunes 18 de octubre de 2021 a las 15:00 hasta las 15:00 horas del jueves\u2026","rel":"","context":"En \u00abFormaciones\u00bb","block_context":{"text":"Formaciones","link":"https:\/\/cepronda.com\/blog\/category\/formaciones\/"},"img":{"alt_text":"","src":"","width":0,"height":0},"classes":[]},{"id":5134,"url":"https:\/\/cepronda.com\/blog\/curso-para-personal-de-puestos-especificos-en-el-entorno-de-aulas-hospitalarias\/","url_meta":{"origin":4691,"position":1},"title":"CURSO PARA PERSONAL DE PUESTOS ESPEC\u00cdFICOS EN EL ENTORNO DE AULAS HOSPITALARIAS","author":"Maribel Mu\u00f1oz","date":"18 febrero, 2022","format":false,"excerpt":"Buenas tardes compa\u00f1eras y compa\u00f1eros Os informamos que est\u00e1 abierto el plazo de\u00a0 inscripci\u00f3n de la actividad formativa CURSO PARA PERSONAL DE PUESTOS ESPEC\u00cdFICOS EN EL ENTORNO DE AULAS HOSPITALARIAS. Se trata de una formaci\u00f3n con las siguientes caracter\u00edsticas: Modalidad: Curso a Distancia \u00c1mbito: Regional C\u00f3digo: 229927KPF392 Fecha actividad: 14\/03\/2022\u2026","rel":"","context":"En \u00abFormaciones\u00bb","block_context":{"text":"Formaciones","link":"https:\/\/cepronda.com\/blog\/category\/formaciones\/"},"img":{"alt_text":"","src":"https:\/\/i0.wp.com\/cepronda.com\/blog\/wp-content\/uploads\/2020\/03\/S%C2%B0mbolo-gen%C3%87rico-RRSS-redondo-negativo.png?fit=1200%2C1200&ssl=1&resize=350%2C200","width":350,"height":200,"srcset":"https:\/\/i0.wp.com\/cepronda.com\/blog\/wp-content\/uploads\/2020\/03\/S%C2%B0mbolo-gen%C3%87rico-RRSS-redondo-negativo.png?fit=1200%2C1200&ssl=1&resize=350%2C200 1x, https:\/\/i0.wp.com\/cepronda.com\/blog\/wp-content\/uploads\/2020\/03\/S%C2%B0mbolo-gen%C3%87rico-RRSS-redondo-negativo.png?fit=1200%2C1200&ssl=1&resize=525%2C300 1.5x, https:\/\/i0.wp.com\/cepronda.com\/blog\/wp-content\/uploads\/2020\/03\/S%C2%B0mbolo-gen%C3%87rico-RRSS-redondo-negativo.png?fit=1200%2C1200&ssl=1&resize=700%2C400 2x, https:\/\/i0.wp.com\/cepronda.com\/blog\/wp-content\/uploads\/2020\/03\/S%C2%B0mbolo-gen%C3%87rico-RRSS-redondo-negativo.png?fit=1200%2C1200&ssl=1&resize=1050%2C600 3x"},"classes":[]},{"id":5085,"url":"https:\/\/cepronda.com\/blog\/segunda-convocatoria-regional-de-cursos-de-formacion-a-distancia-2021-22\/","url_meta":{"origin":4691,"position":2},"title":"SEGUNDA CONVOCATORIA REGIONAL DE CURSOS DE FORMACI\u00d3N A DISTANCIA 2021-22","author":"Maribel Mu\u00f1oz","date":"4 febrero, 2022","format":false,"excerpt":"Buenas tardes compa\u00f1eras y compa\u00f1eros, Os informamos que dentro del plan de formaci\u00f3n del profesorado andaluz de la Consejer\u00eda de Educaci\u00f3n y Deporte de la Junta de Andaluc\u00eda se ofertan 31 cursos en la modalidad on-line, para esta segunda convocatoria, cuyos plazos son los siguientes: Plazo de inscripci\u00f3n: Desde el\u2026","rel":"","context":"En \u00abFormaciones\u00bb","block_context":{"text":"Formaciones","link":"https:\/\/cepronda.com\/blog\/category\/formaciones\/"},"img":{"alt_text":"","src":"https:\/\/i0.wp.com\/cepronda.com\/blog\/wp-content\/uploads\/2022\/02\/Aula-virtual.jpg?fit=728%2C419&ssl=1&resize=350%2C200","width":350,"height":200,"srcset":"https:\/\/i0.wp.com\/cepronda.com\/blog\/wp-content\/uploads\/2022\/02\/Aula-virtual.jpg?fit=728%2C419&ssl=1&resize=350%2C200 1x, https:\/\/i0.wp.com\/cepronda.com\/blog\/wp-content\/uploads\/2022\/02\/Aula-virtual.jpg?fit=728%2C419&ssl=1&resize=525%2C300 1.5x, https:\/\/i0.wp.com\/cepronda.com\/blog\/wp-content\/uploads\/2022\/02\/Aula-virtual.jpg?fit=728%2C419&ssl=1&resize=700%2C400 2x"},"classes":[]},{"id":4884,"url":"https:\/\/cepronda.com\/blog\/cuaderno-de-clase-de-seneca-para-la-evaluacion-criterial-codigo-229924kpf367\/","url_meta":{"origin":4691,"position":3},"title":"CUADERNO DE CLASE DE S\u00c9NECA PARA LA EVALUACI\u00d3N CRITERIAL\u00bb C\u00f3digo: 229924KPF367.","author":"Inmaculada Garc\u00eda","date":"20 diciembre, 2021","format":false,"excerpt":"Os informamos que est\u00e1 abierto el plazo de inscripci\u00f3n en la actividad \"CUADERNO DE CLASE DE S\u00c9NECA PARA LA EVALUACI\u00d3N CRITERIAL\" C\u00f3digo: 229924KPF367. Es una actividad en modalidad de \"Curso a Distancia\" que se desarrollar\u00e1 en el Aula Virtual de Formaci\u00f3n del Profesorado. Las fechas de la formaci\u00f3n son las\u2026","rel":"","context":"En \u00abFormaciones\u00bb","block_context":{"text":"Formaciones","link":"https:\/\/cepronda.com\/blog\/category\/formaciones\/"},"img":{"alt_text":"","src":"https:\/\/i0.wp.com\/cepronda.com\/blog\/wp-content\/uploads\/2021\/12\/CUADERNO-DE-CLASE-DE-SENECA-PARA-LA-EVALUACION-CRITERIAL.png?fit=848%2C1200&ssl=1&resize=350%2C200","width":350,"height":200,"srcset":"https:\/\/i0.wp.com\/cepronda.com\/blog\/wp-content\/uploads\/2021\/12\/CUADERNO-DE-CLASE-DE-SENECA-PARA-LA-EVALUACION-CRITERIAL.png?fit=848%2C1200&ssl=1&resize=350%2C200 1x, https:\/\/i0.wp.com\/cepronda.com\/blog\/wp-content\/uploads\/2021\/12\/CUADERNO-DE-CLASE-DE-SENECA-PARA-LA-EVALUACION-CRITERIAL.png?fit=848%2C1200&ssl=1&resize=525%2C300 1.5x, https:\/\/i0.wp.com\/cepronda.com\/blog\/wp-content\/uploads\/2021\/12\/CUADERNO-DE-CLASE-DE-SENECA-PARA-LA-EVALUACION-CRITERIAL.png?fit=848%2C1200&ssl=1&resize=700%2C400 2x"},"classes":[]},{"id":9217,"url":"https:\/\/cepronda.com\/blog\/9217-2\/","url_meta":{"origin":4691,"position":4},"title":"CURSO  PRATIQUES D&#8217;ENSEIGNEMENT INNOVANTES SOUTENUES PAR L&#8217;UTILISATION DES TICE DANS LA CLASSE DE LANGUE","author":"Encarni Jim\u00e9nez Rosado","date":"16 enero, 2026","format":false,"excerpt":"Abierto plazo de inscripci\u00f3n para el curso \u201cPRATIQUES D'ENSEIGNEMENT INNOVANTES SOUTENUES PAR L'UTILISATION DES TICE DANS LA CLASSE DE LANGUE\u201d C\u00d3DIGO:\u00a0\u00a026K9911AV158 MODALIDAD:\u00a0Curso a distancia \u00c1MBITO:\u00a0Regional LUGAR DE REALIZACI\u00d3N:\u00a0Aula Virtual de Formaci\u00f3n\u00a0del Profesorado (AVFP)\u00a0\u00a0 \u00a0 INSCRIPCIONES:\u00a0del 21 de enero al 4 de febrero 2026 LISTA PROVISIONAL ADMITIDOS:\u00a05 de febrero de 2026\u2026","rel":"","context":"En \u00abFormaciones\u00bb","block_context":{"text":"Formaciones","link":"https:\/\/cepronda.com\/blog\/category\/formaciones\/"},"img":{"alt_text":"","src":"https:\/\/i0.wp.com\/cepronda.com\/blog\/wp-content\/uploads\/2026\/01\/frances.jpg?fit=959%2C1200&ssl=1&resize=350%2C200","width":350,"height":200,"srcset":"https:\/\/i0.wp.com\/cepronda.com\/blog\/wp-content\/uploads\/2026\/01\/frances.jpg?fit=959%2C1200&ssl=1&resize=350%2C200 1x, https:\/\/i0.wp.com\/cepronda.com\/blog\/wp-content\/uploads\/2026\/01\/frances.jpg?fit=959%2C1200&ssl=1&resize=525%2C300 1.5x, https:\/\/i0.wp.com\/cepronda.com\/blog\/wp-content\/uploads\/2026\/01\/frances.jpg?fit=959%2C1200&ssl=1&resize=700%2C400 2x"},"classes":[]},{"id":4973,"url":"https:\/\/cepronda.com\/blog\/uso-de-la-plataforma-moodle-centros-profundizacion-222924ge042\/","url_meta":{"origin":4691,"position":5},"title":"USO DE LA PLATAFORMA MOODLE CENTROS (PROFUNDIZACI\u00d3N). 222924GE042","author":"Inmaculada Garc\u00eda","date":"13 enero, 2022","format":false,"excerpt":"Buenos d\u00edas, compa\u00f1eras y compa\u00f1eros. Os recordamos que est\u00e1 abierto el plazo de inscripci\u00f3n en la actividad USO DE LA PLATAFORMA MOODLE CENTROS (PROFUNDIZACI\u00d3N), c\u00f3digo 222924GE042. Es una actividad en modalidad de \u00abCurso a distancia\u00bb, que se desarrollar\u00e1 en el Aula Virtual de Formaci\u00f3n del Profesorado. Duraci\u00f3n de 25 horas\u2026","rel":"","context":"En \u00abFormaciones\u00bb","block_context":{"text":"Formaciones","link":"https:\/\/cepronda.com\/blog\/category\/formaciones\/"},"img":{"alt_text":"","src":"https:\/\/i0.wp.com\/cepronda.com\/blog\/wp-content\/uploads\/2022\/01\/USO-PLATAFORMA-MOODLE-CENTRO-1.png?fit=848%2C1200&ssl=1&resize=350%2C200","width":350,"height":200,"srcset":"https:\/\/i0.wp.com\/cepronda.com\/blog\/wp-content\/uploads\/2022\/01\/USO-PLATAFORMA-MOODLE-CENTRO-1.png?fit=848%2C1200&ssl=1&resize=350%2C200 1x, https:\/\/i0.wp.com\/cepronda.com\/blog\/wp-content\/uploads\/2022\/01\/USO-PLATAFORMA-MOODLE-CENTRO-1.png?fit=848%2C1200&ssl=1&resize=525%2C300 1.5x, https:\/\/i0.wp.com\/cepronda.com\/blog\/wp-content\/uploads\/2022\/01\/USO-PLATAFORMA-MOODLE-CENTRO-1.png?fit=848%2C1200&ssl=1&resize=700%2C400 2x"},"classes":[]}],"jetpack_sharing_enabled":true,"_links":{"self":[{"href":"https:\/\/cepronda.com\/blog\/wp-json\/wp\/v2\/posts\/4691","targetHints":{"allow":["GET"]}}],"collection":[{"href":"https:\/\/cepronda.com\/blog\/wp-json\/wp\/v2\/posts"}],"about":[{"href":"https:\/\/cepronda.com\/blog\/wp-json\/wp\/v2\/types\/post"}],"author":[{"embeddable":true,"href":"https:\/\/cepronda.com\/blog\/wp-json\/wp\/v2\/users\/10"}],"replies":[{"embeddable":true,"href":"https:\/\/cepronda.com\/blog\/wp-json\/wp\/v2\/comments?post=4691"}],"version-history":[{"count":2,"href":"https:\/\/cepronda.com\/blog\/wp-json\/wp\/v2\/posts\/4691\/revisions"}],"predecessor-version":[{"id":4694,"href":"https:\/\/cepronda.com\/blog\/wp-json\/wp\/v2\/posts\/4691\/revisions\/4694"}],"wp:featuredmedia":[{"embeddable":true,"href":"https:\/\/cepronda.com\/blog\/wp-json\/wp\/v2\/media\/4692"}],"wp:attachment":[{"href":"https:\/\/cepronda.com\/blog\/wp-json\/wp\/v2\/media?parent=4691"}],"wp:term":[{"taxonomy":"category","embeddable":true,"href":"https:\/\/cepronda.com\/blog\/wp-json\/wp\/v2\/categories?post=4691"},{"taxonomy":"post_tag","embeddable":true,"href":"https:\/\/cepronda.com\/blog\/wp-json\/wp\/v2\/tags?post=4691"}],"curies":[{"name":"wp","href":"https:\/\/api.w.org\/{rel}","templated":true}]}}