{"id":4675,"date":"2021-09-27T11:13:41","date_gmt":"2021-09-27T09:13:41","guid":{"rendered":"http:\/\/cepronda.com\/blog\/?p=4675"},"modified":"2025-04-28T12:11:54","modified_gmt":"2025-04-28T10:11:54","slug":"experiencias-en-ronda-de-la-formacion-profesional-dual","status":"publish","type":"post","link":"https:\/\/cepronda.com\/blog\/experiencias-en-ronda-de-la-formacion-profesional-dual\/","title":{"rendered":"EXPERIENCIAS EN RONDA DE LA FORMACI\u00d3N PROFESIONAL DUAL"},"content":{"rendered":"<section class=\"entry-content \">Buenos d\u00edas.<\/section>\n<section><\/section>\n<section><\/section>\n<section><\/section>\n<section class=\"entry-content \">Os informamos que est\u00e1 abierto el plazo de inscripci\u00f3n de la formaci\u00f3n&nbsp; EXPERIENCIAS EN RONDA DE LA FORMACI\u00d3N PROFESIONAL DUAL (C\u00f3digo: 222924GE035).&nbsp; Las fechas de inscripci\u00f3n son las comprendidas entre el 24 de septiembre y el 3 de octubre de 2021.<br \/>\nLa actividad se llevar\u00e1 a cabo los d\u00edas siguientes:<\/section>\n<section>&#8211; 5 y 6 de octubre, de 16:30 h a 19:30 h: sesiones presenciales en el sal\u00f3n de actos del CEP<\/section>\n<section class=\"entry-content \">Adjuntamos enlace para la inscripci\u00f3n: <a href=\"https:\/\/www.juntadeandalucia.es\/educacion\/secretariavirtual\/consultaCEP\/actividad\/222924GE035\/\">https:\/\/www.juntadeandalucia.es\/educacion\/secretariavirtual\/consultaCEP\/actividad\/222924GE035\/<\/a><\/section>\n<section><\/section>\n<section><\/section>\n<section><\/section>\n<section class=\"entry-content \">Te rogamos que en el caso de renunciar o no poder asistir a esta formaci\u00f3n, lo comuniques a la mayor brevedad posible para no provocar perjuicio al resto de participantes ni al buen funcionamiento de la actividad.&nbsp;<\/section>\n<section><\/section>\n<section class=\"entry-content \">Deseamos que sea de vuestro inter\u00e9s.&nbsp; Saludos<\/section>\n<section><img data-recalc-dims=\"1\" loading=\"lazy\" decoding=\"async\" class=\"alignnone size-medium wp-image-4680 aligncenter\" src=\"https:\/\/i0.wp.com\/cepronda.com\/blog\/wp-content\/uploads\/2021\/09\/222924GE035-EXPERIENCIAS-EN-RONDA-DE-LA-FP-DUAL-3-212x300.png?resize=212%2C300\" alt=\"\" width=\"212\" height=\"300\" srcset=\"https:\/\/i0.wp.com\/cepronda.com\/blog\/wp-content\/uploads\/2021\/09\/222924GE035-EXPERIENCIAS-EN-RONDA-DE-LA-FP-DUAL-3.png?resize=212%2C300&amp;ssl=1 212w, https:\/\/i0.wp.com\/cepronda.com\/blog\/wp-content\/uploads\/2021\/09\/222924GE035-EXPERIENCIAS-EN-RONDA-DE-LA-FP-DUAL-3.png?resize=724%2C1024&amp;ssl=1 724w, https:\/\/i0.wp.com\/cepronda.com\/blog\/wp-content\/uploads\/2021\/09\/222924GE035-EXPERIENCIAS-EN-RONDA-DE-LA-FP-DUAL-3.png?resize=768%2C1086&amp;ssl=1 768w, https:\/\/i0.wp.com\/cepronda.com\/blog\/wp-content\/uploads\/2021\/09\/222924GE035-EXPERIENCIAS-EN-RONDA-DE-LA-FP-DUAL-3.png?resize=1086%2C1536&amp;ssl=1 1086w, https:\/\/i0.wp.com\/cepronda.com\/blog\/wp-content\/uploads\/2021\/09\/222924GE035-EXPERIENCIAS-EN-RONDA-DE-LA-FP-DUAL-3.png?resize=1448%2C2048&amp;ssl=1 1448w, https:\/\/i0.wp.com\/cepronda.com\/blog\/wp-content\/uploads\/2021\/09\/222924GE035-EXPERIENCIAS-EN-RONDA-DE-LA-FP-DUAL-3.png?w=1587&amp;ssl=1 1587w\" sizes=\"auto, (max-width: 212px) 100vw, 212px\" \/><\/section>\n<section><\/section>\n<section><\/section>\n<section><\/section>\n<section><\/section>\n<section><\/section>\n<section><\/section>\n<section class=\"entry-content \"><\/section>\n<section class=\"entry-content \"><\/section>\n<section><\/section>\n<section><\/section>\n<section><\/section>\n","protected":false},"excerpt":{"rendered":"<p>Buenos d\u00edas. Os informamos que est\u00e1 abierto el plazo de inscripci\u00f3n de la formaci\u00f3n&nbsp; EXPERIENCIAS EN RONDA DE LA FORMACI\u00d3N PROFESIONAL DUAL (C\u00f3digo: 222924GE035).&nbsp; Las fechas de inscripci\u00f3n son las comprendidas entre el 24 de septiembre y el 3 de octubre de 2021. La actividad se llevar\u00e1 a cabo los d\u00edas siguientes: &#8211; 5 y [&hellip;]<\/p>\n","protected":false},"author":12,"featured_media":4676,"comment_status":"closed","ping_status":"open","sticky":false,"template":"","format":"standard","meta":{"_crdt_document":"","advanced_seo_description":"","jetpack_seo_html_title":"","jetpack_seo_noindex":false,"jetpack_post_was_ever_published":false,"_jetpack_newsletter_access":"","_jetpack_dont_email_post_to_subs":false,"_jetpack_newsletter_tier_id":0,"_jetpack_memberships_contains_paywalled_content":false,"_jetpack_memberships_contains_paid_content":false,"footnotes":"","jetpack_publicize_message":"","jetpack_publicize_feature_enabled":true,"jetpack_social_post_already_shared":false,"jetpack_social_options":{"image_generator_settings":{"template":"highway","default_image_id":0,"font":"","enabled":false},"version":2}},"categories":[3],"tags":[246,97],"class_list":{"0":"post-4675","1":"post","2":"type-post","3":"status-publish","4":"format-standard","5":"has-post-thumbnail","7":"category-formaciones","8":"tag-cursos-presencial","9":"tag-inteligencia-emocional","10":"czr-hentry"},"jetpack_publicize_connections":[],"jetpack_featured_media_url":"https:\/\/i0.wp.com\/cepronda.com\/blog\/wp-content\/uploads\/2021\/09\/222924GE035-EXPERIENCIAS-EN-RONDA-DE-LA-FP-DUAL.png?fit=1587%2C2245&ssl=1","jetpack_shortlink":"https:\/\/wp.me\/p8M4X7-1dp","jetpack-related-posts":[{"id":6105,"url":"https:\/\/cepronda.com\/blog\/cuaderno-seneca-para-formacion-profesional-242923fp153\/","url_meta":{"origin":4675,"position":0},"title":"CUADERNO S\u00c9NECA PARA FORMACI\u00d3N PROFESIONAL (242923FP153)","author":"Inmaculada Garc\u00eda","date":"18 octubre, 2023","format":false,"excerpt":"Abierto plazo de inscripci\u00f3n para el Curso a Distancia, gestionado por el CEP de Marbella- Co\u00edn: \"CUADERNO S\u00c9NECA PARA FORMACI\u00d3N PROFESIONAL (242923FP153)\" Destinados a profesorado de Formaci\u00f3n profesional de la provincia de M\u00e1laga. Inscripci\u00f3n del 18 al 27 de octubre. Realizaci\u00f3n entre el 6 de Noviembre y el 15 de\u2026","rel":"","context":"En \u00abNoticias\u00bb","block_context":{"text":"Noticias","link":"https:\/\/cepronda.com\/blog\/category\/noticias\/"},"img":{"alt_text":"","src":"https:\/\/i0.wp.com\/cepronda.com\/blog\/wp-content\/uploads\/2023\/10\/WhatsApp-Image-2023-10-17-at-20.51.07.jpeg?fit=1080%2C1080&ssl=1&resize=350%2C200","width":350,"height":200,"srcset":"https:\/\/i0.wp.com\/cepronda.com\/blog\/wp-content\/uploads\/2023\/10\/WhatsApp-Image-2023-10-17-at-20.51.07.jpeg?fit=1080%2C1080&ssl=1&resize=350%2C200 1x, https:\/\/i0.wp.com\/cepronda.com\/blog\/wp-content\/uploads\/2023\/10\/WhatsApp-Image-2023-10-17-at-20.51.07.jpeg?fit=1080%2C1080&ssl=1&resize=525%2C300 1.5x, https:\/\/i0.wp.com\/cepronda.com\/blog\/wp-content\/uploads\/2023\/10\/WhatsApp-Image-2023-10-17-at-20.51.07.jpeg?fit=1080%2C1080&ssl=1&resize=700%2C400 2x, https:\/\/i0.wp.com\/cepronda.com\/blog\/wp-content\/uploads\/2023\/10\/WhatsApp-Image-2023-10-17-at-20.51.07.jpeg?fit=1080%2C1080&ssl=1&resize=1050%2C600 3x"},"classes":[]},{"id":7361,"url":"https:\/\/cepronda.com\/blog\/rea-en-secundaria-bachillerato-y-formacion-profesional\/","url_meta":{"origin":4675,"position":1},"title":"REA EN SECUNDARIA, BACHILLERATO Y FORMACI\u00d3N PROFESIONAL.","author":"Maribel Mu\u00f1oz","date":"15 enero, 2024","format":false,"excerpt":"Os informamos que se encuentra abierta la inscripci\u00f3n en el curso REA EN SECUNDARIA, BACHILLERATO Y FORMACI\u00d3N PROFESIONAL\u00a0con c\u00f3digo\u00a0242924GE020, organizado por el CEP de Ronda: Inscripciones:\u00a0\u00a015\/01\/2024 al 04\/02\/2024 Fecha actividad: 8 de febrero hasta el 22 de marzo de 2024. Fechas de las sesiones presenciales : \u00a08, 15 y 22\u2026","rel":"","context":"En \u00abFormaciones\u00bb","block_context":{"text":"Formaciones","link":"https:\/\/cepronda.com\/blog\/category\/formaciones\/"},"img":{"alt_text":"","src":"https:\/\/i0.wp.com\/cepronda.com\/blog\/wp-content\/uploads\/2024\/01\/REA-SECUNDARIA-BACH-Y-FP-codigo-242924GE020.png?fit=1080%2C1080&ssl=1&resize=350%2C200","width":350,"height":200,"srcset":"https:\/\/i0.wp.com\/cepronda.com\/blog\/wp-content\/uploads\/2024\/01\/REA-SECUNDARIA-BACH-Y-FP-codigo-242924GE020.png?fit=1080%2C1080&ssl=1&resize=350%2C200 1x, https:\/\/i0.wp.com\/cepronda.com\/blog\/wp-content\/uploads\/2024\/01\/REA-SECUNDARIA-BACH-Y-FP-codigo-242924GE020.png?fit=1080%2C1080&ssl=1&resize=525%2C300 1.5x, https:\/\/i0.wp.com\/cepronda.com\/blog\/wp-content\/uploads\/2024\/01\/REA-SECUNDARIA-BACH-Y-FP-codigo-242924GE020.png?fit=1080%2C1080&ssl=1&resize=700%2C400 2x, https:\/\/i0.wp.com\/cepronda.com\/blog\/wp-content\/uploads\/2024\/01\/REA-SECUNDARIA-BACH-Y-FP-codigo-242924GE020.png?fit=1080%2C1080&ssl=1&resize=1050%2C600 3x"},"classes":[]},{"id":4654,"url":"https:\/\/cepronda.com\/blog\/acreditacion-erasmus-en-el-ambito-de-la-formacion-profesional\/","url_meta":{"origin":4675,"position":2},"title":"ACREDITACI\u00d3N ERASMUS EN EL \u00c1MBITO DE LA FORMACI\u00d3N PROFESIONAL","author":"Maribel Mu\u00f1oz","date":"23 septiembre, 2021","format":false,"excerpt":"Buenas tardes compa\u00f1eras y compa\u00f1eros, Os informamos que est\u00e1 abierto el plazo de inscripci\u00f3n en la actividad \u00a0\"ACREDITACI\u00d3N ERASMUS EN EL \u00c1MBITO DE LA FORMACI\u00d3N PROFESIONAL\" \u00a0hasta el 27 de septiembre a las 10:00 de la ma\u00f1ana. Esta actividad est\u00e1 financiada por el Ministerio de Educaci\u00f3n y Formaci\u00f3n Profesional. Es\u2026","rel":"","context":"En \u00abFormaciones\u00bb","block_context":{"text":"Formaciones","link":"https:\/\/cepronda.com\/blog\/category\/formaciones\/"},"img":{"alt_text":"","src":"https:\/\/i0.wp.com\/cepronda.com\/blog\/wp-content\/uploads\/2021\/04\/acreditacion-erasmus-cep-300x99.jpeg?resize=350%2C200","width":350,"height":200},"classes":[]},{"id":8434,"url":"https:\/\/cepronda.com\/blog\/acreditacion-erasmus-en-el-ambito-de-la-formacion-profesional-2\/","url_meta":{"origin":4675,"position":3},"title":"ACREDITACI\u00d3N ERASMUS EN EL \u00c1MBITO DE LA FORMACI\u00d3N PROFESIONAL","author":"Mamen Moreno","date":"1 abril, 2025","format":false,"excerpt":"Se abre el plazo de inscripci\u00f3n para el curso la ACREDITACI\u00d3N ERASMUS EN EL \u00c1MBITO DE LA FORMACI\u00d3N PROFESIONAL. Inscripciones hasta el 21 de abril de 2025 Lugar: AVFP (Videoconferencias presenciales d\u00edas 7 y 13 de mayo y AVFP) Dirigido a docentes de F.P. de la provincia de M\u00e1laga M\u00e1s\u2026","rel":"","context":"En \u00abFormaciones\u00bb","block_context":{"text":"Formaciones","link":"https:\/\/cepronda.com\/blog\/category\/formaciones\/"},"img":{"alt_text":"","src":"https:\/\/i0.wp.com\/cepronda.com\/blog\/wp-content\/uploads\/2025\/04\/WhatsApp-Image-2025-04-01-at-08.36.53.jpeg?fit=1162%2C669&ssl=1&resize=350%2C200","width":350,"height":200,"srcset":"https:\/\/i0.wp.com\/cepronda.com\/blog\/wp-content\/uploads\/2025\/04\/WhatsApp-Image-2025-04-01-at-08.36.53.jpeg?fit=1162%2C669&ssl=1&resize=350%2C200 1x, https:\/\/i0.wp.com\/cepronda.com\/blog\/wp-content\/uploads\/2025\/04\/WhatsApp-Image-2025-04-01-at-08.36.53.jpeg?fit=1162%2C669&ssl=1&resize=525%2C300 1.5x, https:\/\/i0.wp.com\/cepronda.com\/blog\/wp-content\/uploads\/2025\/04\/WhatsApp-Image-2025-04-01-at-08.36.53.jpeg?fit=1162%2C669&ssl=1&resize=700%2C400 2x, https:\/\/i0.wp.com\/cepronda.com\/blog\/wp-content\/uploads\/2025\/04\/WhatsApp-Image-2025-04-01-at-08.36.53.jpeg?fit=1162%2C669&ssl=1&resize=1050%2C600 3x"},"classes":[]},{"id":4615,"url":"https:\/\/cepronda.com\/blog\/desarrollo-de-la-competencia-matematica-en-educacion-secundaria\/","url_meta":{"origin":4675,"position":4},"title":"DESARROLLO DE LA COMPETENCIA MATEM\u00c1TICA EN EDUCACI\u00d3N SECUNDARIA","author":"Antonio Montes","date":"16 septiembre, 2021","format":false,"excerpt":"Buenos d\u00edas. Os informamos que est\u00e1 abierto el plazo de inscripci\u00f3n de la formaci\u00f3n\u00a0 DESARROLLO DE LA COMPETENCIA MATEM\u00c1TICA EN EDUCACI\u00d3N SECUNDARIA (C\u00f3digo: 222924GE029).\u00a0 Las fechas de inscripci\u00f3n son las comprendidas entre el 16 de septiembre y el 1 de octubre de 2021. La actividad se llevar\u00e1 a cabo los\u2026","rel":"","context":"En \u00abFormaciones\u00bb","block_context":{"text":"Formaciones","link":"https:\/\/cepronda.com\/blog\/category\/formaciones\/"},"img":{"alt_text":"","src":"https:\/\/i0.wp.com\/cepronda.com\/blog\/wp-content\/uploads\/2021\/09\/COMPETENCIA-MATEMATICA-EN-SECUNDARIA-PNG-1.png?fit=848%2C1200&ssl=1&resize=350%2C200","width":350,"height":200,"srcset":"https:\/\/i0.wp.com\/cepronda.com\/blog\/wp-content\/uploads\/2021\/09\/COMPETENCIA-MATEMATICA-EN-SECUNDARIA-PNG-1.png?fit=848%2C1200&ssl=1&resize=350%2C200 1x, https:\/\/i0.wp.com\/cepronda.com\/blog\/wp-content\/uploads\/2021\/09\/COMPETENCIA-MATEMATICA-EN-SECUNDARIA-PNG-1.png?fit=848%2C1200&ssl=1&resize=525%2C300 1.5x, https:\/\/i0.wp.com\/cepronda.com\/blog\/wp-content\/uploads\/2021\/09\/COMPETENCIA-MATEMATICA-EN-SECUNDARIA-PNG-1.png?fit=848%2C1200&ssl=1&resize=700%2C400 2x"},"classes":[]},{"id":7861,"url":"https:\/\/cepronda.com\/blog\/formacion-proyectos-erasmus-de-corta-duracion-ka122-vet-2025-sector-formacion-profesional-codigo-259922kpi496\/","url_meta":{"origin":4675,"position":5},"title":"Formaci\u00f3n: PROYECTOS ERASMUS+ DE CORTA DURACI\u00d3N KA122-VET 2025 (SECTOR FORMACI\u00d3N PROFESIONAL), c\u00f3digo 259922KPI496.","author":"Inmaculada Garc\u00eda","date":"22 noviembre, 2024","format":false,"excerpt":"Se encuentra abierto el plazo de inscripci\u00f3n al curso PROYECTOS ERASMUS+ DE CORTA DURACI\u00d3N KA122-VET 2025 (SECTOR FORMACI\u00d3N PROFESIONAL), c\u00f3digo 259922KPI496. \u270f Inscripci\u00f3n del 28 nov al 13 dic 2024 Actividad del 20 dic al 14 feb 2025 \u27a1 Duraci\u00f3n: 30 horas (6 por Webex y 24 en AVFP) M\u00e1s\u2026","rel":"","context":"En \u00abFormaciones\u00bb","block_context":{"text":"Formaciones","link":"https:\/\/cepronda.com\/blog\/category\/formaciones\/"},"img":{"alt_text":"","src":"https:\/\/i0.wp.com\/cepronda.com\/blog\/wp-content\/uploads\/2024\/11\/WhatsApp-Image-2024-11-22-at-12.27.02.jpeg?fit=1080%2C1080&ssl=1&resize=350%2C200","width":350,"height":200,"srcset":"https:\/\/i0.wp.com\/cepronda.com\/blog\/wp-content\/uploads\/2024\/11\/WhatsApp-Image-2024-11-22-at-12.27.02.jpeg?fit=1080%2C1080&ssl=1&resize=350%2C200 1x, https:\/\/i0.wp.com\/cepronda.com\/blog\/wp-content\/uploads\/2024\/11\/WhatsApp-Image-2024-11-22-at-12.27.02.jpeg?fit=1080%2C1080&ssl=1&resize=525%2C300 1.5x, https:\/\/i0.wp.com\/cepronda.com\/blog\/wp-content\/uploads\/2024\/11\/WhatsApp-Image-2024-11-22-at-12.27.02.jpeg?fit=1080%2C1080&ssl=1&resize=700%2C400 2x, https:\/\/i0.wp.com\/cepronda.com\/blog\/wp-content\/uploads\/2024\/11\/WhatsApp-Image-2024-11-22-at-12.27.02.jpeg?fit=1080%2C1080&ssl=1&resize=1050%2C600 3x"},"classes":[]}],"jetpack_sharing_enabled":true,"_links":{"self":[{"href":"https:\/\/cepronda.com\/blog\/wp-json\/wp\/v2\/posts\/4675","targetHints":{"allow":["GET"]}}],"collection":[{"href":"https:\/\/cepronda.com\/blog\/wp-json\/wp\/v2\/posts"}],"about":[{"href":"https:\/\/cepronda.com\/blog\/wp-json\/wp\/v2\/types\/post"}],"author":[{"embeddable":true,"href":"https:\/\/cepronda.com\/blog\/wp-json\/wp\/v2\/users\/12"}],"replies":[{"embeddable":true,"href":"https:\/\/cepronda.com\/blog\/wp-json\/wp\/v2\/comments?post=4675"}],"version-history":[{"count":2,"href":"https:\/\/cepronda.com\/blog\/wp-json\/wp\/v2\/posts\/4675\/revisions"}],"predecessor-version":[{"id":4681,"href":"https:\/\/cepronda.com\/blog\/wp-json\/wp\/v2\/posts\/4675\/revisions\/4681"}],"wp:featuredmedia":[{"embeddable":true,"href":"https:\/\/cepronda.com\/blog\/wp-json\/wp\/v2\/media\/4676"}],"wp:attachment":[{"href":"https:\/\/cepronda.com\/blog\/wp-json\/wp\/v2\/media?parent=4675"}],"wp:term":[{"taxonomy":"category","embeddable":true,"href":"https:\/\/cepronda.com\/blog\/wp-json\/wp\/v2\/categories?post=4675"},{"taxonomy":"post_tag","embeddable":true,"href":"https:\/\/cepronda.com\/blog\/wp-json\/wp\/v2\/tags?post=4675"}],"curies":[{"name":"wp","href":"https:\/\/api.w.org\/{rel}","templated":true}]}}