{"id":4656,"date":"2021-09-23T13:15:06","date_gmt":"2021-09-23T11:15:06","guid":{"rendered":"http:\/\/cepronda.com\/blog\/?p=4656"},"modified":"2025-04-28T11:58:36","modified_gmt":"2025-04-28T09:58:36","slug":"jornada-de-sensibilizacion-del-proyecto-linguistico-de-centro-plc-provincial-2","status":"publish","type":"post","link":"https:\/\/cepronda.com\/blog\/jornada-de-sensibilizacion-del-proyecto-linguistico-de-centro-plc-provincial-2\/","title":{"rendered":"ESTRATEGIAS DE EVALUACI\u00d3N EN SECUNDARIA Y BACHILLERATO:  PR\u00c1CTICAS DE \u00c9XITO"},"content":{"rendered":"<p>Buenas tardes compa\u00f1eras y compa\u00f1eros,<\/p>\n<p>Os informamos que est\u00e1 abierto el plazo de inscripci\u00f3n en la actividad ESTRATEGIAS DE EVALUACI\u00d3N EN SECUNDARIA Y BACHILLERATO:PR\u00c1CTICAS DE \u00c9XITO&nbsp; con c\u00f3digo 222924GE023. La formaci\u00f3n es online, con un total de 10 horas. Es de \u00e1mbito CEP.&nbsp; La fechas son:&nbsp; &nbsp;<\/p>\n<p><strong>Plazo de inscripci\u00f3n<\/strong>: 23\/09\/2021 hasta el 08\/10\/2021<\/p>\n<p><strong>Desarrollo de la&nbsp; actividad<\/strong>: del 13\/10\/2021 a 03\/11\/2021<\/p>\n<p>En el siguiente enlace puedes consultar m\u00e1s detalles y realizar la<a href=\"https:\/\/www.juntadeandalucia.es\/educacion\/secretariavirtual\/consultaCEP\/actividad\/222924GE023\/\"><strong> INSCRIPCI\u00d3N<\/strong><\/a><\/p>\n<p>Deseamos que sea de vuestro inter\u00e9s.<\/p>\n<p>Saludos.<\/p>\n<p><a href=\"https:\/\/view.genial.ly\/614c5c0641578a0d5f287264\/interactive-image-estrategias-de-evaluacion-secundaria-y-bachillerato-practicas-exito\"><img data-recalc-dims=\"1\" loading=\"lazy\" decoding=\"async\" class=\"size-medium wp-image-4657 aligncenter\" src=\"https:\/\/i0.wp.com\/cepronda.com\/blog\/wp-content\/uploads\/2021\/09\/RECURSOS-DIGITALES-212x300.png?resize=212%2C300\" alt=\"\" width=\"212\" height=\"300\" srcset=\"https:\/\/i0.wp.com\/cepronda.com\/blog\/wp-content\/uploads\/2021\/09\/RECURSOS-DIGITALES.png?resize=212%2C300&amp;ssl=1 212w, https:\/\/i0.wp.com\/cepronda.com\/blog\/wp-content\/uploads\/2021\/09\/RECURSOS-DIGITALES.png?resize=724%2C1024&amp;ssl=1 724w, https:\/\/i0.wp.com\/cepronda.com\/blog\/wp-content\/uploads\/2021\/09\/RECURSOS-DIGITALES.png?resize=768%2C1086&amp;ssl=1 768w, https:\/\/i0.wp.com\/cepronda.com\/blog\/wp-content\/uploads\/2021\/09\/RECURSOS-DIGITALES.png?resize=1086%2C1536&amp;ssl=1 1086w, https:\/\/i0.wp.com\/cepronda.com\/blog\/wp-content\/uploads\/2021\/09\/RECURSOS-DIGITALES.png?resize=1448%2C2048&amp;ssl=1 1448w, https:\/\/i0.wp.com\/cepronda.com\/blog\/wp-content\/uploads\/2021\/09\/RECURSOS-DIGITALES.png?w=1587&amp;ssl=1 1587w\" sizes=\"auto, (max-width: 212px) 100vw, 212px\" \/><\/a><\/p>\n","protected":false},"excerpt":{"rendered":"<p>Buenas tardes compa\u00f1eras y compa\u00f1eros, Os informamos que est\u00e1 abierto el plazo de inscripci\u00f3n en la actividad ESTRATEGIAS DE EVALUACI\u00d3N EN SECUNDARIA Y BACHILLERATO:PR\u00c1CTICAS DE \u00c9XITO&nbsp; con c\u00f3digo 222924GE023. La formaci\u00f3n es online, con un total de 10 horas. Es de \u00e1mbito CEP.&nbsp; La fechas son:&nbsp; &nbsp; Plazo de inscripci\u00f3n: 23\/09\/2021 hasta el 08\/10\/2021 Desarrollo [&hellip;]<\/p>\n","protected":false},"author":10,"featured_media":4658,"comment_status":"closed","ping_status":"open","sticky":false,"template":"","format":"standard","meta":{"_crdt_document":"","advanced_seo_description":"","jetpack_seo_html_title":"","jetpack_seo_noindex":false,"jetpack_post_was_ever_published":false,"_jetpack_newsletter_access":"","_jetpack_dont_email_post_to_subs":false,"_jetpack_newsletter_tier_id":0,"_jetpack_memberships_contains_paywalled_content":false,"_jetpack_memberships_contains_paid_content":false,"footnotes":"","jetpack_publicize_message":"","jetpack_publicize_feature_enabled":true,"jetpack_social_post_already_shared":false,"jetpack_social_options":{"image_generator_settings":{"template":"highway","default_image_id":0,"font":"","enabled":false},"version":2}},"categories":[3,5],"tags":[255,123,254],"class_list":{"0":"post-4656","1":"post","2":"type-post","3":"status-publish","4":"format-standard","5":"has-post-thumbnail","7":"category-formaciones","8":"category-noticias","9":"tag-estrategias-de-exito","10":"tag-evaluacion","11":"tag-secundaria-y-bachillerato","12":"czr-hentry"},"jetpack_publicize_connections":[],"jetpack_featured_media_url":"https:\/\/i0.wp.com\/cepronda.com\/blog\/wp-content\/uploads\/2021\/09\/RECURSOS-DIGITALES-1.png?fit=1587%2C2245&ssl=1","jetpack_shortlink":"https:\/\/wp.me\/p8M4X7-1d6","jetpack-related-posts":[{"id":3103,"url":"https:\/\/cepronda.com\/blog\/taller-de-programacion-y-evaluacion-por-competencias-para-secundaria-bachillerato-y-fp\/","url_meta":{"origin":4656,"position":0},"title":"TALLER DE PROGRAMACI\u00d3N Y EVALUACI\u00d3N POR COMPETENCIAS PARA SECUNDARIA, BACHILLERATO Y FP","author":"V\u00edctor Caballero","date":"18 octubre, 2019","format":false,"excerpt":"Muy buenas, comunicamos que se ha abierto el plazo de inscripci\u00f3n para la actividad de \"TALLER DE PROGRAMACI\u00d3N Y EVALUACI\u00d3N POR COMPETENCIAS PARA SECUNDARIA, BACHILLERATO Y FP\". Os dejamos con el enlace a la actividad para que os pod\u00e1is inscribir.","rel":"","context":"En \u00abFormaciones\u00bb","block_context":{"text":"Formaciones","link":"https:\/\/cepronda.com\/blog\/category\/formaciones\/"},"img":{"alt_text":"","src":"https:\/\/i0.wp.com\/cepronda.com\/blog\/wp-content\/uploads\/2019\/10\/TALLER-DE-PROGRAMACI%C3%93N-POR-COMPETENCIAS-EN-SECUNDARIA-BACHILLERATO-Y-FP.jpg?fit=848%2C1200&ssl=1&resize=350%2C200","width":350,"height":200,"srcset":"https:\/\/i0.wp.com\/cepronda.com\/blog\/wp-content\/uploads\/2019\/10\/TALLER-DE-PROGRAMACI%C3%93N-POR-COMPETENCIAS-EN-SECUNDARIA-BACHILLERATO-Y-FP.jpg?fit=848%2C1200&ssl=1&resize=350%2C200 1x, https:\/\/i0.wp.com\/cepronda.com\/blog\/wp-content\/uploads\/2019\/10\/TALLER-DE-PROGRAMACI%C3%93N-POR-COMPETENCIAS-EN-SECUNDARIA-BACHILLERATO-Y-FP.jpg?fit=848%2C1200&ssl=1&resize=525%2C300 1.5x, https:\/\/i0.wp.com\/cepronda.com\/blog\/wp-content\/uploads\/2019\/10\/TALLER-DE-PROGRAMACI%C3%93N-POR-COMPETENCIAS-EN-SECUNDARIA-BACHILLERATO-Y-FP.jpg?fit=848%2C1200&ssl=1&resize=700%2C400 2x"},"classes":[]},{"id":4302,"url":"https:\/\/cepronda.com\/blog\/estrategias-de-evaluacion-en-frances-lengua-extranjera-secundaria\/","url_meta":{"origin":4656,"position":1},"title":"ESTRATEGIAS DE EVALUACI\u00d3N EN FRANC\u00c9S LENGUA EXTRANJERA (SECUNDARIA)","author":"Maribel Mu\u00f1oz","date":"12 marzo, 2021","format":false,"excerpt":"Buenas tardes compa\u00f1eras y compa\u00f1eros, Os informamos que est\u00e1 abierto el plazo de inscripci\u00f3n de la formaci\u00f3n ESTRATEGIAS DE EVALUACI\u00d3N EN FRANC\u00c9S LENGUA EXTRANJERA (SECUNDARIA) PROVINCIAL\u00a0 212924GE032,\u00a0\u00a0 que comenzar\u00e1 a desarrollarse el pr\u00f3ximo\u00a0 06\/04\/2021. Adjuntamos enlace : https:\/\/www.juntadeandalucia.es\/educacion\/secretariavirtual\/consultaCEP\/actividad\/212924GE032\/ El plazo de inscripci\u00f3n finaliza el pr\u00f3ximo 04\/04\/2021 a las 23:59. Te\u2026","rel":"","context":"En \u00abFormaciones\u00bb","block_context":{"text":"Formaciones","link":"https:\/\/cepronda.com\/blog\/category\/formaciones\/"},"img":{"alt_text":"","src":"https:\/\/i0.wp.com\/cepronda.com\/blog\/wp-content\/uploads\/2021\/03\/WhatsApp-Image-2021-03-12-at-13.07.27.jpeg?fit=848%2C1200&ssl=1&resize=350%2C200","width":350,"height":200,"srcset":"https:\/\/i0.wp.com\/cepronda.com\/blog\/wp-content\/uploads\/2021\/03\/WhatsApp-Image-2021-03-12-at-13.07.27.jpeg?fit=848%2C1200&ssl=1&resize=350%2C200 1x, https:\/\/i0.wp.com\/cepronda.com\/blog\/wp-content\/uploads\/2021\/03\/WhatsApp-Image-2021-03-12-at-13.07.27.jpeg?fit=848%2C1200&ssl=1&resize=525%2C300 1.5x, https:\/\/i0.wp.com\/cepronda.com\/blog\/wp-content\/uploads\/2021\/03\/WhatsApp-Image-2021-03-12-at-13.07.27.jpeg?fit=848%2C1200&ssl=1&resize=700%2C400 2x"},"classes":[]},{"id":7412,"url":"https:\/\/cepronda.com\/blog\/cuaderno-de-clase-de-seneca-para-la-evaluacion-competencial\/","url_meta":{"origin":4656,"position":2},"title":"CUADERNO DE CLASE DE S\u00c9NECA PARA LA EVALUACI\u00d3N COMPETENCIAL","author":"Mamen Moreno","date":"31 enero, 2024","format":false,"excerpt":"Abierto plazo de inscripci\u00f3n para curso CUADERNO DE CLASE DE S\u00c9NECA PARA LA EVALUACI\u00d3N COMPETENCIAL Destinado a profesorado de INFANTIL, PRIMARIA, SECUNDARIA, BACHILLERATO Y EDUCACI\u00d3N PERMANENTE \ufe0fInscripci\u00f3n del 29 de enero al 12 de febrero. Realizaci\u00f3n entre el 22 de febrero al 22 de abril a trav\u00e9s del AVFP M\u00e1s\u2026","rel":"","context":"En \u00abFormaciones\u00bb","block_context":{"text":"Formaciones","link":"https:\/\/cepronda.com\/blog\/category\/formaciones\/"},"img":{"alt_text":"","src":"https:\/\/i0.wp.com\/cepronda.com\/blog\/wp-content\/uploads\/2024\/01\/WhatsApp-Image-2024-01-30-at-13.43.45-1.jpeg?fit=1000%2C1000&ssl=1&resize=350%2C200","width":350,"height":200,"srcset":"https:\/\/i0.wp.com\/cepronda.com\/blog\/wp-content\/uploads\/2024\/01\/WhatsApp-Image-2024-01-30-at-13.43.45-1.jpeg?fit=1000%2C1000&ssl=1&resize=350%2C200 1x, https:\/\/i0.wp.com\/cepronda.com\/blog\/wp-content\/uploads\/2024\/01\/WhatsApp-Image-2024-01-30-at-13.43.45-1.jpeg?fit=1000%2C1000&ssl=1&resize=525%2C300 1.5x, https:\/\/i0.wp.com\/cepronda.com\/blog\/wp-content\/uploads\/2024\/01\/WhatsApp-Image-2024-01-30-at-13.43.45-1.jpeg?fit=1000%2C1000&ssl=1&resize=700%2C400 2x"},"classes":[]},{"id":4925,"url":"https:\/\/cepronda.com\/blog\/recursos-digitales-para-secundaria-y-bachillerato-nivel-ii\/","url_meta":{"origin":4656,"position":3},"title":"RECURSOS DIGITALES PARA SECUNDARIA Y BACHILLERATO. NIVEL II","author":"Maribel Mu\u00f1oz","date":"23 diciembre, 2021","format":false,"excerpt":"Buenas tardes compa\u00f1eras y compa\u00f1eros, Os informamos que est\u00e1 abierto el plazo de inscripci\u00f3n en la actividad RECURSOS DIGITALES PARA SECUNDARIA Y BACHILLERATO NIVEL II con c\u00f3digo 222924GE001. Es una actividad PROVINCIAL.\u00a0 Se desarrollar\u00e1 en el Aula Virtual de Formaci\u00f3n del Profesorado. Consta de 15 horas , 9 de ellas\u2026","rel":"","context":"En \u00abFormaciones\u00bb","block_context":{"text":"Formaciones","link":"https:\/\/cepronda.com\/blog\/category\/formaciones\/"},"img":{"alt_text":"","src":"https:\/\/i0.wp.com\/cepronda.com\/blog\/wp-content\/uploads\/2021\/12\/222924GE001-RECURSOS-DIGITALES-SECUNDARIA-Y-BAHILLERATO-NIVEL-II.png?fit=848%2C1200&ssl=1&resize=350%2C200","width":350,"height":200,"srcset":"https:\/\/i0.wp.com\/cepronda.com\/blog\/wp-content\/uploads\/2021\/12\/222924GE001-RECURSOS-DIGITALES-SECUNDARIA-Y-BAHILLERATO-NIVEL-II.png?fit=848%2C1200&ssl=1&resize=350%2C200 1x, https:\/\/i0.wp.com\/cepronda.com\/blog\/wp-content\/uploads\/2021\/12\/222924GE001-RECURSOS-DIGITALES-SECUNDARIA-Y-BAHILLERATO-NIVEL-II.png?fit=848%2C1200&ssl=1&resize=525%2C300 1.5x, https:\/\/i0.wp.com\/cepronda.com\/blog\/wp-content\/uploads\/2021\/12\/222924GE001-RECURSOS-DIGITALES-SECUNDARIA-Y-BAHILLERATO-NIVEL-II.png?fit=848%2C1200&ssl=1&resize=700%2C400 2x"},"classes":[]},{"id":4930,"url":"https:\/\/cepronda.com\/blog\/recursos-digitales-para-secundaria-y-bachillerato-nivel-ii-provincial\/","url_meta":{"origin":4656,"position":4},"title":"RECURSOS DIGITALES PARA SECUNDARIA Y BACHILLERATO. NIVEL II. Provincial.","author":"Maribel Mu\u00f1oz","date":"10 enero, 2022","format":false,"excerpt":"Buenas tardes compa\u00f1eras y compa\u00f1eros, Os recordamos que est\u00e1 abierto el plazo de inscripci\u00f3n en la actividad RECURSOS DIGITALES PARA SECUNDARIA Y BACHILLERATO NIVEL II con c\u00f3digo 222924GE001. Es una actividad PROVINCIAL.\u00a0 Se desarrollar\u00e1 en el Aula Virtual de Formaci\u00f3n del Profesorado. Consta de 15 horas , 9 de ellas\u2026","rel":"","context":"En \u00abFormaciones\u00bb","block_context":{"text":"Formaciones","link":"https:\/\/cepronda.com\/blog\/category\/formaciones\/"},"img":{"alt_text":"","src":"https:\/\/i0.wp.com\/cepronda.com\/blog\/wp-content\/uploads\/2021\/12\/222924GE001-RECURSOS-DIGITALES-SECUNDARIA-Y-BAHILLERATO-NIVEL-II.png?fit=848%2C1200&ssl=1&resize=350%2C200","width":350,"height":200,"srcset":"https:\/\/i0.wp.com\/cepronda.com\/blog\/wp-content\/uploads\/2021\/12\/222924GE001-RECURSOS-DIGITALES-SECUNDARIA-Y-BAHILLERATO-NIVEL-II.png?fit=848%2C1200&ssl=1&resize=350%2C200 1x, https:\/\/i0.wp.com\/cepronda.com\/blog\/wp-content\/uploads\/2021\/12\/222924GE001-RECURSOS-DIGITALES-SECUNDARIA-Y-BAHILLERATO-NIVEL-II.png?fit=848%2C1200&ssl=1&resize=525%2C300 1.5x, https:\/\/i0.wp.com\/cepronda.com\/blog\/wp-content\/uploads\/2021\/12\/222924GE001-RECURSOS-DIGITALES-SECUNDARIA-Y-BAHILLERATO-NIVEL-II.png?fit=848%2C1200&ssl=1&resize=700%2C400 2x"},"classes":[]},{"id":5343,"url":"https:\/\/cepronda.com\/blog\/aproximacion-al-marco-general-de-la-lomloe-educacion-secundaria-obligatoria-y-bachillerato-229922kpf405\/","url_meta":{"origin":4656,"position":5},"title":"APROXIMACI\u00d3N AL MARCO GENERAL DE LA LOMLOE. EDUCACI\u00d3N SECUNDARIA OBLIGATORIA Y BACHILLERATO (229922KPF405).","author":"Inmaculada Garc\u00eda","date":"26 mayo, 2022","format":false,"excerpt":"Se encuentra abierto el plazo de inscripci\u00f3n (del 26 al 30 de mayo) del curso a distancia: APROXIMACI\u00d3N AL MARCO GENERAL DE LA LOMLOE. EDUCACI\u00d3N SECUNDARIA OBLIGATORIA Y BACHILLERATO (229922KPF405). Duraci\u00f3n: 15 horas en el AVFP (desde el 01\/06\/2022 a 21\/06\/2022) Dirigido a: Profesorado de Educaci\u00f3n Secundaria Obligatoria y Bachillerato.\u2026","rel":"","context":"En \u00abFormaciones\u00bb","block_context":{"text":"Formaciones","link":"https:\/\/cepronda.com\/blog\/category\/formaciones\/"},"img":{"alt_text":"","src":"https:\/\/i0.wp.com\/cepronda.com\/blog\/wp-content\/uploads\/2022\/05\/WhatsApp-Image-2022-05-26-at-10.56.24-AM.jpeg?fit=1080%2C1080&ssl=1&resize=350%2C200","width":350,"height":200,"srcset":"https:\/\/i0.wp.com\/cepronda.com\/blog\/wp-content\/uploads\/2022\/05\/WhatsApp-Image-2022-05-26-at-10.56.24-AM.jpeg?fit=1080%2C1080&ssl=1&resize=350%2C200 1x, https:\/\/i0.wp.com\/cepronda.com\/blog\/wp-content\/uploads\/2022\/05\/WhatsApp-Image-2022-05-26-at-10.56.24-AM.jpeg?fit=1080%2C1080&ssl=1&resize=525%2C300 1.5x, https:\/\/i0.wp.com\/cepronda.com\/blog\/wp-content\/uploads\/2022\/05\/WhatsApp-Image-2022-05-26-at-10.56.24-AM.jpeg?fit=1080%2C1080&ssl=1&resize=700%2C400 2x, https:\/\/i0.wp.com\/cepronda.com\/blog\/wp-content\/uploads\/2022\/05\/WhatsApp-Image-2022-05-26-at-10.56.24-AM.jpeg?fit=1080%2C1080&ssl=1&resize=1050%2C600 3x"},"classes":[]}],"jetpack_sharing_enabled":true,"_links":{"self":[{"href":"https:\/\/cepronda.com\/blog\/wp-json\/wp\/v2\/posts\/4656","targetHints":{"allow":["GET"]}}],"collection":[{"href":"https:\/\/cepronda.com\/blog\/wp-json\/wp\/v2\/posts"}],"about":[{"href":"https:\/\/cepronda.com\/blog\/wp-json\/wp\/v2\/types\/post"}],"author":[{"embeddable":true,"href":"https:\/\/cepronda.com\/blog\/wp-json\/wp\/v2\/users\/10"}],"replies":[{"embeddable":true,"href":"https:\/\/cepronda.com\/blog\/wp-json\/wp\/v2\/comments?post=4656"}],"version-history":[{"count":3,"href":"https:\/\/cepronda.com\/blog\/wp-json\/wp\/v2\/posts\/4656\/revisions"}],"predecessor-version":[{"id":4661,"href":"https:\/\/cepronda.com\/blog\/wp-json\/wp\/v2\/posts\/4656\/revisions\/4661"}],"wp:featuredmedia":[{"embeddable":true,"href":"https:\/\/cepronda.com\/blog\/wp-json\/wp\/v2\/media\/4658"}],"wp:attachment":[{"href":"https:\/\/cepronda.com\/blog\/wp-json\/wp\/v2\/media?parent=4656"}],"wp:term":[{"taxonomy":"category","embeddable":true,"href":"https:\/\/cepronda.com\/blog\/wp-json\/wp\/v2\/categories?post=4656"},{"taxonomy":"post_tag","embeddable":true,"href":"https:\/\/cepronda.com\/blog\/wp-json\/wp\/v2\/tags?post=4656"}],"curies":[{"name":"wp","href":"https:\/\/api.w.org\/{rel}","templated":true}]}}