{"id":4654,"date":"2021-09-23T12:40:31","date_gmt":"2021-09-23T10:40:31","guid":{"rendered":"http:\/\/cepronda.com\/blog\/?p=4654"},"modified":"2025-04-28T11:58:36","modified_gmt":"2025-04-28T09:58:36","slug":"acreditacion-erasmus-en-el-ambito-de-la-formacion-profesional","status":"publish","type":"post","link":"https:\/\/cepronda.com\/blog\/acreditacion-erasmus-en-el-ambito-de-la-formacion-profesional\/","title":{"rendered":"ACREDITACI\u00d3N ERASMUS EN EL \u00c1MBITO DE LA FORMACI\u00d3N PROFESIONAL"},"content":{"rendered":"<p>Buenas tardes compa\u00f1eras y compa\u00f1eros,<\/p>\n<p>Os informamos que est\u00e1 abierto el plazo de inscripci\u00f3n en la actividad <strong>&nbsp;\u00abACREDITACI\u00d3N ERASMUS EN EL \u00c1MBITO DE LA FORMACI\u00d3N PROFESIONAL\u00bb <\/strong>&nbsp;<strong>hasta el 27 de septiembre a las 10:00 de la ma\u00f1ana.<\/strong> Esta actividad est\u00e1 financiada por el Ministerio de Educaci\u00f3n y Formaci\u00f3n Profesional. Es una actividad <strong>regional<\/strong> con c\u00f3digo 229905FP003<\/p>\n<p>El curso se desarrollar\u00e1 en el Aula Virtual de Formaci\u00f3n del Profesorado <strong>desde el 29 de septiembre hasta el 19 de octubre<\/strong>.<\/p>\n<p>Para m\u00e1s informaci\u00f3n puedes consultar la ficha de la actividad en el siguiente enlace donde tambi\u00e9n puedes realizar la&nbsp; <a href=\"https:\/\/www.juntadeandalucia.es\/educacion\/secretariavirtual\/consultaCEP\/actividad\/229905FP003\/\" target=\"_blank\" rel=\"noopener\" data-saferedirecturl=\"https:\/\/www.google.com\/url?q=https:\/\/www.juntadeandalucia.es\/educacion\/secretariavirtual\/consultaCEP\/actividad\/229905FP003\/&amp;source=gmail&amp;ust=1632475744989000&amp;usg=AFQjCNFTvxRu3D54lK7KNgpqQrg1N3rVdA\">inscripci\u00f3n<\/a>.<\/p>\n<p>Deseamos que sea de vuestro inter\u00e9s.<\/p>\n<p>Saludos.<\/p>\n<p><img data-recalc-dims=\"1\" loading=\"lazy\" decoding=\"async\" class=\"size-medium wp-image-4468 aligncenter\" src=\"https:\/\/i0.wp.com\/cepronda.com\/blog\/wp-content\/uploads\/2021\/04\/acreditacion-erasmus-cep-300x99.jpeg?resize=300%2C99\" alt=\"\" width=\"300\" height=\"99\" srcset=\"https:\/\/i0.wp.com\/cepronda.com\/blog\/wp-content\/uploads\/2021\/04\/acreditacion-erasmus-cep.jpeg?resize=300%2C99&amp;ssl=1 300w, https:\/\/i0.wp.com\/cepronda.com\/blog\/wp-content\/uploads\/2021\/04\/acreditacion-erasmus-cep.jpeg?w=390&amp;ssl=1 390w\" sizes=\"auto, (max-width: 300px) 100vw, 300px\" \/><\/p>\n","protected":false},"excerpt":{"rendered":"<p>Buenas tardes compa\u00f1eras y compa\u00f1eros, Os informamos que est\u00e1 abierto el plazo de inscripci\u00f3n en la actividad &nbsp;\u00abACREDITACI\u00d3N ERASMUS EN EL \u00c1MBITO DE LA FORMACI\u00d3N PROFESIONAL\u00bb &nbsp;hasta el 27 de septiembre a las 10:00 de la ma\u00f1ana. Esta actividad est\u00e1 financiada por el Ministerio de Educaci\u00f3n y Formaci\u00f3n Profesional. Es una actividad regional con c\u00f3digo [&hellip;]<\/p>\n","protected":false},"author":10,"featured_media":4468,"comment_status":"closed","ping_status":"open","sticky":false,"template":"","format":"standard","meta":{"_crdt_document":"","advanced_seo_description":"","jetpack_seo_html_title":"","jetpack_seo_noindex":false,"jetpack_post_was_ever_published":false,"_jetpack_newsletter_access":"","_jetpack_dont_email_post_to_subs":false,"_jetpack_newsletter_tier_id":0,"_jetpack_memberships_contains_paywalled_content":false,"_jetpack_memberships_contains_paid_content":false,"footnotes":"","jetpack_publicize_message":"","jetpack_publicize_feature_enabled":true,"jetpack_social_post_already_shared":false,"jetpack_social_options":{"image_generator_settings":{"template":"highway","default_image_id":0,"font":"","enabled":false},"version":2}},"categories":[3,5],"tags":[252,184,96],"class_list":{"0":"post-4654","1":"post","2":"type-post","3":"status-publish","4":"format-standard","5":"has-post-thumbnail","7":"category-formaciones","8":"category-noticias","9":"tag-acreditacion","10":"tag-competencia-linguistica","11":"tag-erasmus","12":"czr-hentry"},"jetpack_publicize_connections":[],"jetpack_featured_media_url":"https:\/\/i0.wp.com\/cepronda.com\/blog\/wp-content\/uploads\/2021\/04\/acreditacion-erasmus-cep.jpeg?fit=390%2C129&ssl=1","jetpack_shortlink":"https:\/\/wp.me\/p8M4X7-1d4","jetpack-related-posts":[{"id":8434,"url":"https:\/\/cepronda.com\/blog\/acreditacion-erasmus-en-el-ambito-de-la-formacion-profesional-2\/","url_meta":{"origin":4654,"position":0},"title":"ACREDITACI\u00d3N ERASMUS EN EL \u00c1MBITO DE LA FORMACI\u00d3N PROFESIONAL","author":"Mamen Moreno","date":"1 abril, 2025","format":false,"excerpt":"Se abre el plazo de inscripci\u00f3n para el curso la ACREDITACI\u00d3N ERASMUS EN EL \u00c1MBITO DE LA FORMACI\u00d3N PROFESIONAL. Inscripciones hasta el 21 de abril de 2025 Lugar: AVFP (Videoconferencias presenciales d\u00edas 7 y 13 de mayo y AVFP) Dirigido a docentes de F.P. de la provincia de M\u00e1laga M\u00e1s\u2026","rel":"","context":"En \u00abFormaciones\u00bb","block_context":{"text":"Formaciones","link":"https:\/\/cepronda.com\/blog\/category\/formaciones\/"},"img":{"alt_text":"","src":"https:\/\/i0.wp.com\/cepronda.com\/blog\/wp-content\/uploads\/2025\/04\/WhatsApp-Image-2025-04-01-at-08.36.53.jpeg?fit=1162%2C669&ssl=1&resize=350%2C200","width":350,"height":200,"srcset":"https:\/\/i0.wp.com\/cepronda.com\/blog\/wp-content\/uploads\/2025\/04\/WhatsApp-Image-2025-04-01-at-08.36.53.jpeg?fit=1162%2C669&ssl=1&resize=350%2C200 1x, https:\/\/i0.wp.com\/cepronda.com\/blog\/wp-content\/uploads\/2025\/04\/WhatsApp-Image-2025-04-01-at-08.36.53.jpeg?fit=1162%2C669&ssl=1&resize=525%2C300 1.5x, https:\/\/i0.wp.com\/cepronda.com\/blog\/wp-content\/uploads\/2025\/04\/WhatsApp-Image-2025-04-01-at-08.36.53.jpeg?fit=1162%2C669&ssl=1&resize=700%2C400 2x, https:\/\/i0.wp.com\/cepronda.com\/blog\/wp-content\/uploads\/2025\/04\/WhatsApp-Image-2025-04-01-at-08.36.53.jpeg?fit=1162%2C669&ssl=1&resize=1050%2C600 3x"},"classes":[]},{"id":4670,"url":"https:\/\/cepronda.com\/blog\/acreditacion-erasmus-en-el-ambito-de-la-educacion-escolar-y-educacion-permanente-convocatoria-2021\/","url_meta":{"origin":4654,"position":1},"title":"ACREDITACI\u00d3N ERASMUS EN EL \u00c1MBITO DE LA EDUCACI\u00d3N ESCOLAR Y EDUCACI\u00d3N PERMANENTE. CONVOCATORIA 2021","author":"Maribel Mu\u00f1oz","date":"24 septiembre, 2021","format":false,"excerpt":"Buenas tardes compa\u00f1eras y compa\u00f1eros, Os informamos que est\u00e1 abierto el plazo de inscripci\u00f3n en la actividad \u00a0\"ACREDITACI\u00d3N ERASMUS EN EL \u00c1MBITO DE LA EDUCACI\u00d3N ESCOLAR Y EDUCACI\u00d3N PERMANENTE. CONVOCATORIA 2021\" \u00a0hasta el 27 de septiembre .\u00a0 Es una actividad PROVINCIAL con c\u00f3digo 229922KPI003\u00a0 El curso se desarrollar\u00e1\u00a0 desde el\u2026","rel":"","context":"En \u00abFormaciones\u00bb","block_context":{"text":"Formaciones","link":"https:\/\/cepronda.com\/blog\/category\/formaciones\/"},"img":{"alt_text":"","src":"https:\/\/i0.wp.com\/cepronda.com\/blog\/wp-content\/uploads\/2021\/09\/CARTEL-FORMACION-PROVINCIAL-300x273.png?resize=350%2C200","width":350,"height":200},"classes":[]},{"id":6065,"url":"https:\/\/cepronda.com\/blog\/acreditacion-erasmus-en-el-ambito-de-la-educacion-escolar-y-educacion-permanente-convocatoria-2023\/","url_meta":{"origin":4654,"position":2},"title":"ACREDITACI\u00d3N ERASMUS EN EL \u00c1MBITO DE LA EDUCACI\u00d3N ESCOLAR Y EDUCACI\u00d3N PERMANENTE. CONVOCATORIA 2023","author":"Inmaculada Garc\u00eda","date":"20 septiembre, 2023","format":false,"excerpt":"Abierto plazo de inscripci\u00f3n para la Acreditaci\u00f3n Erasmus en el \u00c1mbito de la Educaci\u00f3n Escolar y Permanente. Convocatoria 2023.\u00a0 C\u00f3digo de la actividad:\u00a0\u00a0249922KPI003 Fechas de realizaci\u00f3n:\u00a025\/09\/2023 - 27\/10\/2023 Lugar de realizaci\u00f3n:\u00a0AULA VIRTUAL DE FORMACI\u00d3N DEL PROFESORADO N\u00ba de plazas:\u00a090 PLAZO DE INSCRIPCI\u00d3N:\u00a0Abierto hasta el 22 de septiembre a las 10:00\u2026","rel":"","context":"En \u00abFormaciones\u00bb","block_context":{"text":"Formaciones","link":"https:\/\/cepronda.com\/blog\/category\/formaciones\/"},"img":{"alt_text":"","src":"https:\/\/i0.wp.com\/cepronda.com\/blog\/wp-content\/uploads\/2023\/09\/ACREDITACION.jpg?fit=720%2C509&ssl=1&resize=350%2C200","width":350,"height":200,"srcset":"https:\/\/i0.wp.com\/cepronda.com\/blog\/wp-content\/uploads\/2023\/09\/ACREDITACION.jpg?fit=720%2C509&ssl=1&resize=350%2C200 1x, https:\/\/i0.wp.com\/cepronda.com\/blog\/wp-content\/uploads\/2023\/09\/ACREDITACION.jpg?fit=720%2C509&ssl=1&resize=525%2C300 1.5x, https:\/\/i0.wp.com\/cepronda.com\/blog\/wp-content\/uploads\/2023\/09\/ACREDITACION.jpg?fit=720%2C509&ssl=1&resize=700%2C400 2x"},"classes":[]},{"id":3798,"url":"https:\/\/cepronda.com\/blog\/acreditacion-erasmus-educacion-escolar-y-adultos\/","url_meta":{"origin":4654,"position":3},"title":"ACREDITACI\u00d3N ERASMUS. EDUCACI\u00d3N ESCOLAR Y ADULTOS.","author":"Maribel Mu\u00f1oz","date":"5 octubre, 2020","format":false,"excerpt":"Buenos d\u00edas compa\u00f1eras y compa\u00f1eros, Os informamos que\u00a0desde hoy y hasta el pr\u00f3ximo\u00a008 de octubre de 2020, a las 10:00 de la ma\u00f1ana, se encuentra abierto el plazo de inscripci\u00f3n para la actividad formativa\u00a0ACREDITACI\u00d3N ERASMUS EN EL \u00c1MBITO DE LA EDUCACI\u00d3N ESCOLAR Y DE ADULTOS. Se trata de una actividad\u2026","rel":"","context":"En \u00abFormaciones\u00bb","block_context":{"text":"Formaciones","link":"https:\/\/cepronda.com\/blog\/category\/formaciones\/"},"img":{"alt_text":"","src":"https:\/\/i0.wp.com\/cepronda.com\/blog\/wp-content\/uploads\/2020\/10\/erasmus-300x300.jpg?resize=350%2C200","width":350,"height":200},"classes":[]},{"id":8431,"url":"https:\/\/cepronda.com\/blog\/la-acreditacion-erasmus-como-motor-de-la-internacionalizacion\/","url_meta":{"origin":4654,"position":4},"title":"LA ACREDITACI\u00d3N ERASMUS COMO MOTOR DE LA INTERNACIONALIZACI\u00d3N","author":"Mamen Moreno","date":"1 abril, 2025","format":false,"excerpt":"Abierto el plazo de la formaci\u00f3n \"LA ACREDITACI\u00d3N ERASMUS COMO MOTOR DE LA INTERNACIONALIZACI\u00d3N (E. ESCOLAR Y E. PERMANENTE)\" \u270f\ufe0f Inscripci\u00f3n del 31 de marzo al 21 de abril 2025 Actividad del 28 de abril al 9 de junio 2025 \u27a1\ufe0f Duraci\u00f3n: 30 horas (6 presenciales en Webex y 24\u2026","rel":"","context":"En \u00abFormaciones\u00bb","block_context":{"text":"Formaciones","link":"https:\/\/cepronda.com\/blog\/category\/formaciones\/"},"img":{"alt_text":"","src":"https:\/\/i0.wp.com\/cepronda.com\/blog\/wp-content\/uploads\/2025\/04\/WhatsApp-Image-2025-04-01-at-08.37.15.jpeg?fit=960%2C1200&ssl=1&resize=350%2C200","width":350,"height":200,"srcset":"https:\/\/i0.wp.com\/cepronda.com\/blog\/wp-content\/uploads\/2025\/04\/WhatsApp-Image-2025-04-01-at-08.37.15.jpeg?fit=960%2C1200&ssl=1&resize=350%2C200 1x, https:\/\/i0.wp.com\/cepronda.com\/blog\/wp-content\/uploads\/2025\/04\/WhatsApp-Image-2025-04-01-at-08.37.15.jpeg?fit=960%2C1200&ssl=1&resize=525%2C300 1.5x, https:\/\/i0.wp.com\/cepronda.com\/blog\/wp-content\/uploads\/2025\/04\/WhatsApp-Image-2025-04-01-at-08.37.15.jpeg?fit=960%2C1200&ssl=1&resize=700%2C400 2x"},"classes":[]},{"id":7861,"url":"https:\/\/cepronda.com\/blog\/formacion-proyectos-erasmus-de-corta-duracion-ka122-vet-2025-sector-formacion-profesional-codigo-259922kpi496\/","url_meta":{"origin":4654,"position":5},"title":"Formaci\u00f3n: PROYECTOS ERASMUS+ DE CORTA DURACI\u00d3N KA122-VET 2025 (SECTOR FORMACI\u00d3N PROFESIONAL), c\u00f3digo 259922KPI496.","author":"Inmaculada Garc\u00eda","date":"22 noviembre, 2024","format":false,"excerpt":"Se encuentra abierto el plazo de inscripci\u00f3n al curso PROYECTOS ERASMUS+ DE CORTA DURACI\u00d3N KA122-VET 2025 (SECTOR FORMACI\u00d3N PROFESIONAL), c\u00f3digo 259922KPI496. \u270f Inscripci\u00f3n del 28 nov al 13 dic 2024 Actividad del 20 dic al 14 feb 2025 \u27a1 Duraci\u00f3n: 30 horas (6 por Webex y 24 en AVFP) M\u00e1s\u2026","rel":"","context":"En \u00abFormaciones\u00bb","block_context":{"text":"Formaciones","link":"https:\/\/cepronda.com\/blog\/category\/formaciones\/"},"img":{"alt_text":"","src":"https:\/\/i0.wp.com\/cepronda.com\/blog\/wp-content\/uploads\/2024\/11\/WhatsApp-Image-2024-11-22-at-12.27.02.jpeg?fit=1080%2C1080&ssl=1&resize=350%2C200","width":350,"height":200,"srcset":"https:\/\/i0.wp.com\/cepronda.com\/blog\/wp-content\/uploads\/2024\/11\/WhatsApp-Image-2024-11-22-at-12.27.02.jpeg?fit=1080%2C1080&ssl=1&resize=350%2C200 1x, https:\/\/i0.wp.com\/cepronda.com\/blog\/wp-content\/uploads\/2024\/11\/WhatsApp-Image-2024-11-22-at-12.27.02.jpeg?fit=1080%2C1080&ssl=1&resize=525%2C300 1.5x, https:\/\/i0.wp.com\/cepronda.com\/blog\/wp-content\/uploads\/2024\/11\/WhatsApp-Image-2024-11-22-at-12.27.02.jpeg?fit=1080%2C1080&ssl=1&resize=700%2C400 2x, https:\/\/i0.wp.com\/cepronda.com\/blog\/wp-content\/uploads\/2024\/11\/WhatsApp-Image-2024-11-22-at-12.27.02.jpeg?fit=1080%2C1080&ssl=1&resize=1050%2C600 3x"},"classes":[]}],"jetpack_sharing_enabled":true,"_links":{"self":[{"href":"https:\/\/cepronda.com\/blog\/wp-json\/wp\/v2\/posts\/4654","targetHints":{"allow":["GET"]}}],"collection":[{"href":"https:\/\/cepronda.com\/blog\/wp-json\/wp\/v2\/posts"}],"about":[{"href":"https:\/\/cepronda.com\/blog\/wp-json\/wp\/v2\/types\/post"}],"author":[{"embeddable":true,"href":"https:\/\/cepronda.com\/blog\/wp-json\/wp\/v2\/users\/10"}],"replies":[{"embeddable":true,"href":"https:\/\/cepronda.com\/blog\/wp-json\/wp\/v2\/comments?post=4654"}],"version-history":[{"count":1,"href":"https:\/\/cepronda.com\/blog\/wp-json\/wp\/v2\/posts\/4654\/revisions"}],"predecessor-version":[{"id":4655,"href":"https:\/\/cepronda.com\/blog\/wp-json\/wp\/v2\/posts\/4654\/revisions\/4655"}],"wp:featuredmedia":[{"embeddable":true,"href":"https:\/\/cepronda.com\/blog\/wp-json\/wp\/v2\/media\/4468"}],"wp:attachment":[{"href":"https:\/\/cepronda.com\/blog\/wp-json\/wp\/v2\/media?parent=4654"}],"wp:term":[{"taxonomy":"category","embeddable":true,"href":"https:\/\/cepronda.com\/blog\/wp-json\/wp\/v2\/categories?post=4654"},{"taxonomy":"post_tag","embeddable":true,"href":"https:\/\/cepronda.com\/blog\/wp-json\/wp\/v2\/tags?post=4654"}],"curies":[{"name":"wp","href":"https:\/\/api.w.org\/{rel}","templated":true}]}}