{"id":4650,"date":"2021-09-23T12:25:12","date_gmt":"2021-09-23T10:25:12","guid":{"rendered":"http:\/\/cepronda.com\/blog\/?p=4650"},"modified":"2025-02-21T11:09:24","modified_gmt":"2025-02-21T10:09:24","slug":"4650-2","status":"publish","type":"post","link":"https:\/\/cepronda.com\/blog\/4650-2\/","title":{"rendered":"JORNADAS \u00abLA DIVERSIDAD: ADAPTACIONES B\u00c1SICAS DE LA VIDA ESCOLAR\u00bb"},"content":{"rendered":"<p><span style=\"font-weight: inherit;\">Buenos d\u00edas&nbsp; compa\u00f1eras y compa\u00f1eros,<\/span><\/p>\n<div class=\"kvgmc6g5 cxmmr5t8 oygrvhab hcukyx3x c1et5uql ii04i59q\">\n<div dir=\"auto\">\n<section><\/section>\n<section><\/section>\n<section><\/section>\n<section class=\"entry-content \">Desde el CEP de Ronda os informamos que est\u00e1 abierto el plazo de inscripci\u00f3n a las Jornadas Provinciales \u00ab<span style=\"font-weight: inherit;\">LA DIVERSIDAD: ADAPTACIONES B\u00c1SICAS DE LA VIDA ESCOLAR( C\u00f3digo actividad 22923GJ751).<\/span><\/section>\n<section>\n<div dir=\"auto\">El d\u00eda 29 de septiembre tendr\u00e1n lugar las Jornadas \u00abLA DIVERSIDAD: ADAPTACIONES B\u00c1SICAS DE LA VIDA ESCOLAR\u00bb<\/div>\n<div dir=\"auto\">En las mismas se tratar\u00e1n aspectos como el nuevo marco legal que regula la Atenci\u00f3n a la Diversidad en los centros docentes, ejemplos de planificaci\u00f3n y organizaci\u00f3n de un centro para la Atenci\u00f3n a la Diversidad: horarios, espacios y docentes, as\u00ed como la transformaci\u00f3n de la figura del PT dentro del aula ordinaria. Para ello, contaremos con la intervenci\u00f3n de D. Te\u00f3filo Herr\u00e1iz (Inspector de Educaci\u00f3n) y de D\u00f1a. M\u00aa Carmen Conde (Maestra PT)<\/div>\n<div dir=\"auto\">\n<section class=\"entry-content \">Te rogamos que en el caso de renunciar o no poder asistir a esta formaci\u00f3n, lo comuniques a la mayor brevedad posible para no provocar perjuicio al resto de participantes ni al buen funcionamiento de la actividad.&nbsp;<\/section>\n<section><\/section>\n<section class=\"entry-content \"><span class=\"pq6dq46d tbxw36s4 knj5qynh kvgmc6g5 ditlmg2l oygrvhab nvdbi5me sf5mxxl7 gl3lb2sf hhz5lgdu\" style=\"font-weight: inherit;\"><img data-recalc-dims=\"1\" loading=\"lazy\" decoding=\"async\" src=\"https:\/\/i0.wp.com\/www.facebook.com\/images\/emoji.php\/v9\/tff\/1\/16\/1f4c6.png?resize=16%2C16&#038;ssl=1\" alt=\"&#x1f4c6;\" width=\"16\" height=\"16\"><\/span><span style=\"font-weight: inherit;\">Inscripci\u00f3n: 06\/09\/2021 hasta 24\/09\/2021<\/span><\/section>\n<\/div>\n<\/section>\n<\/div>\n<\/div>\n<div class=\"o9v6fnle cxmmr5t8 oygrvhab hcukyx3x c1et5uql ii04i59q\">\n<div dir=\"auto\"><span class=\"pq6dq46d tbxw36s4 knj5qynh kvgmc6g5 ditlmg2l oygrvhab nvdbi5me sf5mxxl7 gl3lb2sf hhz5lgdu\"><img data-recalc-dims=\"1\" loading=\"lazy\" decoding=\"async\" src=\"https:\/\/i0.wp.com\/www.facebook.com\/images\/emoji.php\/v9\/t2d\/1\/16\/1f4cd.png?resize=16%2C16&#038;ssl=1\" alt=\"&#x1f4cd;\" width=\"16\" height=\"16\"><\/span>INSCRIPCIONES EN <a class=\"oajrlxb2 g5ia77u1 qu0x051f esr5mh6w e9989ue4 r7d6kgcz rq0escxv nhd2j8a9 nc684nl6 p7hjln8o kvgmc6g5 cxmmr5t8 oygrvhab hcukyx3x jb3vyjys rz4wbd8a qt6c0cv9 a8nywdso i1ao9s8h esuyzwwr f1sip0of lzcic4wl py34i1dx gpro0wi8\" tabindex=\"0\" role=\"link\" href=\"https:\/\/www.juntadeandalucia.es\/educacion\/secretariavirtual\/consultaCEP\/actividad\/222923GJ751\/?fbclid=IwAR0mo_FZAAbL-BMBxQMZ-KrdY930USe-OtbepyOM9HfBMw0arBQvuki3R74\" target=\"_blank\" rel=\"nofollow noopener\">https:\/\/www.juntadeandalucia.es\/&#8230;\/actividad\/222923GJ751\/<\/a><\/div>\n<\/div>\n<div class=\"o9v6fnle cxmmr5t8 oygrvhab hcukyx3x c1et5uql ii04i59q\">\n<div dir=\"auto\">\n<section class=\"entry-content \">\n<section class=\"entry-content \">Deseamos que sea de vuestro inter\u00e9s.&nbsp;<\/section>\n<section class=\"entry-content \">Os esperamos.<\/section>\n<\/section>\n<\/div>\n<\/div>\n","protected":false},"excerpt":{"rendered":"<p>Buenos d\u00edas&nbsp; compa\u00f1eras y compa\u00f1eros, Desde el CEP de Ronda os informamos que est\u00e1 abierto el plazo de inscripci\u00f3n a las Jornadas Provinciales \u00abLA DIVERSIDAD: ADAPTACIONES B\u00c1SICAS DE LA VIDA ESCOLAR( C\u00f3digo actividad 22923GJ751). El d\u00eda 29 de septiembre tendr\u00e1n lugar las Jornadas \u00abLA DIVERSIDAD: ADAPTACIONES B\u00c1SICAS DE LA VIDA ESCOLAR\u00bb En las mismas se [&hellip;]<\/p>\n","protected":false},"author":9,"featured_media":4651,"comment_status":"closed","ping_status":"open","sticky":false,"template":"","format":"standard","meta":{"_crdt_document":"","advanced_seo_description":"","jetpack_seo_html_title":"","jetpack_seo_noindex":false,"jetpack_post_was_ever_published":false,"_jetpack_newsletter_access":"","_jetpack_dont_email_post_to_subs":false,"_jetpack_newsletter_tier_id":0,"_jetpack_memberships_contains_paywalled_content":false,"_jetpack_memberships_contains_paid_content":false,"footnotes":"","jetpack_publicize_message":"","jetpack_publicize_feature_enabled":true,"jetpack_social_post_already_shared":false,"jetpack_social_options":{"image_generator_settings":{"template":"highway","default_image_id":0,"font":"","enabled":false},"version":2}},"categories":[3],"tags":[126],"class_list":{"0":"post-4650","1":"post","2":"type-post","3":"status-publish","4":"format-standard","5":"has-post-thumbnail","7":"category-formaciones","8":"tag-atencion-a-la-diversidad","9":"czr-hentry"},"jetpack_publicize_connections":[],"jetpack_featured_media_url":"https:\/\/i0.wp.com\/cepronda.com\/blog\/wp-content\/uploads\/2021\/09\/WhatsApp-Image-2021-09-23-at-11.29.13.jpeg?fit=1080%2C1499&ssl=1","jetpack_shortlink":"https:\/\/wp.me\/p8M4X7-1d0","jetpack-related-posts":[{"id":7573,"url":"https:\/\/cepronda.com\/blog\/xiv-jornadas-autonomicas-bajo-el-titulo-inclusion-3d-diversidad-dialogo-y-desarrollo\/","url_meta":{"origin":4650,"position":0},"title":"XIV Jornadas Auton\u00f3micas bajo el t\u00edtulo \u00abInclusi\u00f3n 3D: Diversidad, Di\u00e1logo y Desarrollo","author":"Mamen Moreno","date":"16 abril, 2024","format":false,"excerpt":"El Consejo Escolar de Andaluc\u00eda organiza junto con el CEP de Granada las \"XIV Jornadas Auton\u00f3micas bajo el t\u00edtulo \"Inclusi\u00f3n 3D: Diversidad, Di\u00e1logo y Desarrollo\". Plazo de inscripci\u00f3n: lunes 8 de abril al martes 30 de abril. Fecha de realizaci\u00f3n 16 y 17 de mayo Inscripci\u00f3n: https:\/\/www.juntadeandalucia.es\/educacion\/secretariavirtual\/consultaCEP\/actividad\/241811GE044\/","rel":"","context":"En \u00abNoticias\u00bb","block_context":{"text":"Noticias","link":"https:\/\/cepronda.com\/blog\/category\/noticias\/"},"img":{"alt_text":"","src":"https:\/\/i0.wp.com\/cepronda.com\/blog\/wp-content\/uploads\/2024\/04\/WhatsApp-Image-2024-03-21-at-13.33.00.jpeg?fit=1145%2C700&ssl=1&resize=350%2C200","width":350,"height":200,"srcset":"https:\/\/i0.wp.com\/cepronda.com\/blog\/wp-content\/uploads\/2024\/04\/WhatsApp-Image-2024-03-21-at-13.33.00.jpeg?fit=1145%2C700&ssl=1&resize=350%2C200 1x, https:\/\/i0.wp.com\/cepronda.com\/blog\/wp-content\/uploads\/2024\/04\/WhatsApp-Image-2024-03-21-at-13.33.00.jpeg?fit=1145%2C700&ssl=1&resize=525%2C300 1.5x, https:\/\/i0.wp.com\/cepronda.com\/blog\/wp-content\/uploads\/2024\/04\/WhatsApp-Image-2024-03-21-at-13.33.00.jpeg?fit=1145%2C700&ssl=1&resize=700%2C400 2x, https:\/\/i0.wp.com\/cepronda.com\/blog\/wp-content\/uploads\/2024\/04\/WhatsApp-Image-2024-03-21-at-13.33.00.jpeg?fit=1145%2C700&ssl=1&resize=1050%2C600 3x"},"classes":[]},{"id":5479,"url":"https:\/\/cepronda.com\/blog\/5479-2\/","url_meta":{"origin":4650,"position":1},"title":"JORNADAS PROVINCIALES DE ATENCI\u00d3N A LA DIVERSIDAD","author":"Inmaculada Garc\u00eda","date":"16 septiembre, 2022","format":false,"excerpt":"Nos es muy grato informaros de que han salido publicadas las JORNADAS PROVINCIALES DE ATENCI\u00d3N A LA DIVERSIDAD #JADIM. Ser\u00e1n el d\u00eda 26 de octubre del 2022 en el Palacios de Exposiciones de Torremolinos. Contaremos con la participaci\u00f3n de grandes profesionales del campo de la atenci\u00f3n a la diversidad. La\u2026","rel":"","context":"En \u00abFormaciones\u00bb","block_context":{"text":"Formaciones","link":"https:\/\/cepronda.com\/blog\/category\/formaciones\/"},"img":{"alt_text":"","src":"https:\/\/i0.wp.com\/cepronda.com\/blog\/wp-content\/uploads\/2022\/09\/WhatsApp-Image-2022-09-16-at-14.27.14.jpeg?fit=848%2C1200&ssl=1&resize=350%2C200","width":350,"height":200,"srcset":"https:\/\/i0.wp.com\/cepronda.com\/blog\/wp-content\/uploads\/2022\/09\/WhatsApp-Image-2022-09-16-at-14.27.14.jpeg?fit=848%2C1200&ssl=1&resize=350%2C200 1x, https:\/\/i0.wp.com\/cepronda.com\/blog\/wp-content\/uploads\/2022\/09\/WhatsApp-Image-2022-09-16-at-14.27.14.jpeg?fit=848%2C1200&ssl=1&resize=525%2C300 1.5x, https:\/\/i0.wp.com\/cepronda.com\/blog\/wp-content\/uploads\/2022\/09\/WhatsApp-Image-2022-09-16-at-14.27.14.jpeg?fit=848%2C1200&ssl=1&resize=700%2C400 2x"},"classes":[]},{"id":7826,"url":"https:\/\/cepronda.com\/blog\/curso-provincial-creando-entornos-de-aprendizaje-inclusivos-atencion-a-la-diversidad-en-el-aula-y-en-el-centro-escolar-con-codigo-252924ge004\/","url_meta":{"origin":4650,"position":2},"title":"Curso provincial: \u00abCREANDO ENTORNOS DE APRENDIZAJE INCLUSIVOS: ATENCI\u00d3N A LA DIVERSIDAD EN EL AULA Y EN EL CENTRO ESCOLAR\u00bb, con c\u00f3digo 252924GE004.","author":"Inmaculada Garc\u00eda","date":"30 octubre, 2024","format":false,"excerpt":"Se encuentra abierto el plazo de inscripci\u00f3n en el curso provincial: \"CREANDO ENTORNOS DE APRENDIZAJE INCLUSIVOS: ATENCI\u00d3N A LA DIVERSIDAD EN EL AULA Y EN EL CENTRO ESCOLAR\", con c\u00f3digo 252924GE004. Fecha inscripci\u00f3n: 30\/10\/2024 hasta 15\/11\/2024. Fecha actividad: 19\/11\/2024 hasta 10\/12\/2024 Lugar: Sala de videoconferencias Webex. Duraci\u00f3n del curso: 15\u2026","rel":"","context":"En \u00abFormaciones\u00bb","block_context":{"text":"Formaciones","link":"https:\/\/cepronda.com\/blog\/category\/formaciones\/"},"img":{"alt_text":"","src":"https:\/\/i0.wp.com\/cepronda.com\/blog\/wp-content\/uploads\/2024\/10\/CREANDO-ENTORNOS-DE-APRENDIZAJE-INCLUSIVOS-ATENCION-A-LA-DIVERSIDAD-EN-EL-AULA-Y-EN-EL-CENTRO-ESCOLAR.jpg?fit=1120%2C1120&ssl=1&resize=350%2C200","width":350,"height":200,"srcset":"https:\/\/i0.wp.com\/cepronda.com\/blog\/wp-content\/uploads\/2024\/10\/CREANDO-ENTORNOS-DE-APRENDIZAJE-INCLUSIVOS-ATENCION-A-LA-DIVERSIDAD-EN-EL-AULA-Y-EN-EL-CENTRO-ESCOLAR.jpg?fit=1120%2C1120&ssl=1&resize=350%2C200 1x, https:\/\/i0.wp.com\/cepronda.com\/blog\/wp-content\/uploads\/2024\/10\/CREANDO-ENTORNOS-DE-APRENDIZAJE-INCLUSIVOS-ATENCION-A-LA-DIVERSIDAD-EN-EL-AULA-Y-EN-EL-CENTRO-ESCOLAR.jpg?fit=1120%2C1120&ssl=1&resize=525%2C300 1.5x, https:\/\/i0.wp.com\/cepronda.com\/blog\/wp-content\/uploads\/2024\/10\/CREANDO-ENTORNOS-DE-APRENDIZAJE-INCLUSIVOS-ATENCION-A-LA-DIVERSIDAD-EN-EL-AULA-Y-EN-EL-CENTRO-ESCOLAR.jpg?fit=1120%2C1120&ssl=1&resize=700%2C400 2x, https:\/\/i0.wp.com\/cepronda.com\/blog\/wp-content\/uploads\/2024\/10\/CREANDO-ENTORNOS-DE-APRENDIZAJE-INCLUSIVOS-ATENCION-A-LA-DIVERSIDAD-EN-EL-AULA-Y-EN-EL-CENTRO-ESCOLAR.jpg?fit=1120%2C1120&ssl=1&resize=1050%2C600 3x"},"classes":[]},{"id":8750,"url":"https:\/\/cepronda.com\/blog\/atencion-al-alumnado-neae-guia-rapida-para-equipos-docentes-codigo-262924ge201\/","url_meta":{"origin":4650,"position":3},"title":"ATENCI\u00d3N AL ALUMNADO NEAE: GU\u00cdA R\u00c1PIDA PARA EQUIPOS DOCENTES. C\u00f3digo: 262924GE201.","author":"Inmaculada Garc\u00eda","date":"3 septiembre, 2025","format":false,"excerpt":"Se ha abierto el plazo de inscripci\u00f3n para la actividad provincial a distancia ATENCI\u00d3N AL ALUMNADO NEAE: GU\u00cdA R\u00c1PIDA PARA EQUIPOS DOCENTES. C\u00f3digo: 262924GE201. Plazo de inscripci\u00f3n: 02\/09\/2025 hasta 15\/09\/2025 Fecha de la actividad: 18\/09\/2025 hasta 18\/11\/2025 Lugar de realizaci\u00f3n: AVFP Detalles e inscripci\u00f3n: https:\/\/www.juntadeandalucia.es\/educacion\/secretariavirtual\/consultaCEP\/actividad\/262924GE201\/ En este curso se ver\u00e1n\u2026","rel":"","context":"En \u00abFormaciones\u00bb","block_context":{"text":"Formaciones","link":"https:\/\/cepronda.com\/blog\/category\/formaciones\/"},"img":{"alt_text":"","src":"https:\/\/i0.wp.com\/cepronda.com\/blog\/wp-content\/uploads\/2025\/09\/Cartel-262924GE201-scaled.jpg?fit=848%2C1200&ssl=1&resize=350%2C200","width":350,"height":200,"srcset":"https:\/\/i0.wp.com\/cepronda.com\/blog\/wp-content\/uploads\/2025\/09\/Cartel-262924GE201-scaled.jpg?fit=848%2C1200&ssl=1&resize=350%2C200 1x, https:\/\/i0.wp.com\/cepronda.com\/blog\/wp-content\/uploads\/2025\/09\/Cartel-262924GE201-scaled.jpg?fit=848%2C1200&ssl=1&resize=525%2C300 1.5x, https:\/\/i0.wp.com\/cepronda.com\/blog\/wp-content\/uploads\/2025\/09\/Cartel-262924GE201-scaled.jpg?fit=848%2C1200&ssl=1&resize=700%2C400 2x"},"classes":[]},{"id":1946,"url":"https:\/\/cepronda.com\/blog\/presentacion-de-las-jornadas-el-papel-de-las-tutorias-en-la-atencion-a-la-diversidad\/","url_meta":{"origin":4650,"position":4},"title":"Presentaci\u00f3n de las Jornadas  \u00abEl papel de las tutor\u00edas en la atenci\u00f3n a la diversidad\u00bb","author":"V\u00edctor Caballero","date":"25 mayo, 2018","format":false,"excerpt":"\u00a1Hola de nuevo! Compartimos la presentaci\u00f3n usada por el Equipo de Lecto-escritura de la Delegaci\u00f3n de M\u00e1laga en las jornadas que han tenido lugar estos dos mi\u00e9rcoles pasados, y que consideramos muy interesantes. Desde el CEP queremos dar las gracias a Yolanda Parra y Juan Manuel Fern\u00e1ndez por su profesionalidad\u2026","rel":"","context":"En \u00abFormaciones\u00bb","block_context":{"text":"Formaciones","link":"https:\/\/cepronda.com\/blog\/category\/formaciones\/"},"img":{"alt_text":"","src":"https:\/\/i0.wp.com\/cepronda.com\/blog\/wp-content\/uploads\/2018\/04\/crayon-215873_640.jpg?fit=640%2C480&ssl=1&resize=350%2C200","width":350,"height":200,"srcset":"https:\/\/i0.wp.com\/cepronda.com\/blog\/wp-content\/uploads\/2018\/04\/crayon-215873_640.jpg?fit=640%2C480&ssl=1&resize=350%2C200 1x, https:\/\/i0.wp.com\/cepronda.com\/blog\/wp-content\/uploads\/2018\/04\/crayon-215873_640.jpg?fit=640%2C480&ssl=1&resize=525%2C300 1.5x"},"classes":[]},{"id":8786,"url":"https:\/\/cepronda.com\/blog\/xv-jornadas-las-pruebas-de-la-educacion-inclusion-3d\/","url_meta":{"origin":4650,"position":5},"title":"XV JORNADAS DEL CONSEJO ESCOLAR \u00abLas Pruebas de la Educaci\u00f3n &#038; Inclusi\u00f3n 3D\u00bb","author":"Mamen Moreno","date":"11 septiembre, 2025","format":false,"excerpt":"El Consejo Escolar de Andaluc\u00eda organiza las XV Jornadas del Consejo Escolar de Andaluc\u00eda: \u201cLas Pruebas de la Educaci\u00f3n & Inclusi\u00f3n 3D\", que celebraremos los pr\u00f3ximos d\u00edas 16 y 17 de octubre de 2025 en la Escuela T\u00e9cnica Superior de Arquitectura de Granada. \u00a0 Desde el Consejo Escolar de Andaluc\u00eda\u2026","rel":"","context":"En \u00abFormaciones\u00bb","block_context":{"text":"Formaciones","link":"https:\/\/cepronda.com\/blog\/category\/formaciones\/"},"img":{"alt_text":"","src":"https:\/\/i0.wp.com\/cepronda.com\/blog\/wp-content\/uploads\/2025\/09\/544070332_17979172922879832_4134245255170936447_n.jpg?fit=960%2C1200&ssl=1&resize=350%2C200","width":350,"height":200,"srcset":"https:\/\/i0.wp.com\/cepronda.com\/blog\/wp-content\/uploads\/2025\/09\/544070332_17979172922879832_4134245255170936447_n.jpg?fit=960%2C1200&ssl=1&resize=350%2C200 1x, https:\/\/i0.wp.com\/cepronda.com\/blog\/wp-content\/uploads\/2025\/09\/544070332_17979172922879832_4134245255170936447_n.jpg?fit=960%2C1200&ssl=1&resize=525%2C300 1.5x, https:\/\/i0.wp.com\/cepronda.com\/blog\/wp-content\/uploads\/2025\/09\/544070332_17979172922879832_4134245255170936447_n.jpg?fit=960%2C1200&ssl=1&resize=700%2C400 2x"},"classes":[]}],"jetpack_sharing_enabled":true,"_links":{"self":[{"href":"https:\/\/cepronda.com\/blog\/wp-json\/wp\/v2\/posts\/4650","targetHints":{"allow":["GET"]}}],"collection":[{"href":"https:\/\/cepronda.com\/blog\/wp-json\/wp\/v2\/posts"}],"about":[{"href":"https:\/\/cepronda.com\/blog\/wp-json\/wp\/v2\/types\/post"}],"author":[{"embeddable":true,"href":"https:\/\/cepronda.com\/blog\/wp-json\/wp\/v2\/users\/9"}],"replies":[{"embeddable":true,"href":"https:\/\/cepronda.com\/blog\/wp-json\/wp\/v2\/comments?post=4650"}],"version-history":[{"count":4,"href":"https:\/\/cepronda.com\/blog\/wp-json\/wp\/v2\/posts\/4650\/revisions"}],"predecessor-version":[{"id":4705,"href":"https:\/\/cepronda.com\/blog\/wp-json\/wp\/v2\/posts\/4650\/revisions\/4705"}],"wp:featuredmedia":[{"embeddable":true,"href":"https:\/\/cepronda.com\/blog\/wp-json\/wp\/v2\/media\/4651"}],"wp:attachment":[{"href":"https:\/\/cepronda.com\/blog\/wp-json\/wp\/v2\/media?parent=4650"}],"wp:term":[{"taxonomy":"category","embeddable":true,"href":"https:\/\/cepronda.com\/blog\/wp-json\/wp\/v2\/categories?post=4650"},{"taxonomy":"post_tag","embeddable":true,"href":"https:\/\/cepronda.com\/blog\/wp-json\/wp\/v2\/tags?post=4650"}],"curies":[{"name":"wp","href":"https:\/\/api.w.org\/{rel}","templated":true}]}}