{"id":462,"date":"2016-12-13T11:12:27","date_gmt":"2016-12-13T10:12:27","guid":{"rendered":"http:\/\/cepronda.com\/blog\/?p=462"},"modified":"2016-12-13T11:12:27","modified_gmt":"2016-12-13T10:12:27","slug":"curso-de-disciplina-positiva-en-primaria","status":"publish","type":"post","link":"https:\/\/cepronda.com\/blog\/curso-de-disciplina-positiva-en-primaria\/","title":{"rendered":"CURSO DE DISCIPLINA POSITIVA PARA PRIMARIA"},"content":{"rendered":"<div class=\"entry themeform share\">\n<div class=\"entry-inner\">\n<p><img data-recalc-dims=\"1\" loading=\"lazy\" decoding=\"async\" class=\"size-medium wp-image-464 alignleft\" src=\"https:\/\/i0.wp.com\/cepronda.com\/blog\/wp-content\/uploads\/2016\/12\/heart-762564_1280-300x200.jpg?resize=300%2C200\" alt=\"heart-762564_1280\" width=\"300\" height=\"200\" \/>Abierto tambi\u00e9n el plazo de solicitudes para el curso<strong> <a href=\"https:\/\/www.juntadeandalucia.es\/educacion\/secretariavirtual\/consultaCEP\/actividad\/172924GE253\/\" target=\"_blank\">Disciplina positiva en Primaria<\/a><\/strong>, que comenzaremos a la vuelta de las vacaciones de Navidad. (el 26 de Enero).<\/p>\n<p>Este curso ya va por su segunda edici\u00f3n por el \u00e9xito cosechado en a\u00f1os anteriores. Impartido por <a href=\"https:\/\/www.facebook.com\/msotorueda\" target=\"_blank\">Macarena Soto<\/a>, una gran profesional, nos aportar\u00e1 distintas estrategias a aplicar con el alumnado de Primaria, teniendo siempre como base la neuropsicoeducaci\u00f3n. Macarena es una persona que transmite \u00a0de forma muy cercana y real, y aporta muchas soluciones y explicaciones para todas aquellas situaciones que nos encontramos d\u00eda a d\u00eda en nuestra tarea.<\/p>\n<p>\u00a1No dejes pasar esta oportunidad de formarte en las \u00faltimas tendencias educativas!<\/p>\n<p class=\"\">\n<\/div>\n<div class=\"clear\"><\/div>\n<\/div>\n","protected":false},"excerpt":{"rendered":"<p>Abierto tambi\u00e9n el plazo de solicitudes para el curso Disciplina positiva en Primaria, que comenzaremos a la vuelta de las vacaciones de Navidad. (el 26 de Enero). Este curso ya va por su segunda edici\u00f3n por el \u00e9xito cosechado en a\u00f1os anteriores. Impartido por Macarena Soto, una gran profesional, nos aportar\u00e1 distintas estrategias a aplicar [&hellip;]<\/p>\n","protected":false},"author":3,"featured_media":464,"comment_status":"open","ping_status":"open","sticky":false,"template":"","format":"standard","meta":{"_crdt_document":"","advanced_seo_description":"","jetpack_seo_html_title":"","jetpack_seo_noindex":false,"jetpack_post_was_ever_published":false,"_jetpack_newsletter_access":"","_jetpack_dont_email_post_to_subs":false,"_jetpack_newsletter_tier_id":0,"_jetpack_memberships_contains_paywalled_content":false,"_jetpack_memberships_contains_paid_content":false,"footnotes":"","jetpack_publicize_message":"","jetpack_publicize_feature_enabled":true,"jetpack_social_post_already_shared":false,"jetpack_social_options":{"image_generator_settings":{"template":"highway","default_image_id":0,"font":"","enabled":false},"version":2}},"categories":[3],"tags":[21,59],"class_list":{"0":"post-462","1":"post","2":"type-post","3":"status-publish","4":"format-standard","5":"has-post-thumbnail","7":"category-formaciones","8":"tag-disciplina-positiva","9":"tag-primaria","10":"czr-hentry"},"jetpack_publicize_connections":[],"jetpack_featured_media_url":"","jetpack_shortlink":"https:\/\/wp.me\/p8M4X7-7s","jetpack-related-posts":[{"id":458,"url":"https:\/\/cepronda.com\/blog\/curso-de-disciplina-positiva-para-secundaria\/","url_meta":{"origin":462,"position":0},"title":"Curso de disciplina positiva para Secundaria","author":"V\u00edctor Caballero","date":"13 diciembre, 2016","format":false,"excerpt":"\u00a1Seguimos con nuestro buen ritmo esta semana! Hoy os queremos informar de un curso muy muy interesante para el profesorado de Secundaria, que comenzaremos a la vuelta de las vacaciones de Navidad. \u00a0Se trata de un curso sobre disciplina positiva en Secundaria, enfocado de forma espec\u00edfica a nuestros y nuestras\u2026","rel":"","context":"En \u00abFormaciones\u00bb","block_context":{"text":"Formaciones","link":"https:\/\/cepronda.com\/blog\/category\/formaciones\/"},"img":{"alt_text":"havefun-1754193_640","src":"https:\/\/i0.wp.com\/cepronda.com\/blog\/wp-content\/uploads\/2016\/12\/havefun-1754193_640.jpg?resize=350%2C200","width":350,"height":200,"srcset":"https:\/\/i0.wp.com\/cepronda.com\/blog\/wp-content\/uploads\/2016\/12\/havefun-1754193_640.jpg?resize=350%2C200 1x, https:\/\/i0.wp.com\/cepronda.com\/blog\/wp-content\/uploads\/2016\/12\/havefun-1754193_640.jpg?resize=525%2C300 1.5x"},"classes":[]},{"id":551,"url":"https:\/\/cepronda.com\/blog\/nuevos-cursos-en-enero\/","url_meta":{"origin":462,"position":1},"title":"Nuevos cursos en enero","author":"V\u00edctor Caballero","date":"23 diciembre, 2016","format":false,"excerpt":"\u00a1Muy buenas! Despedimos el a\u00f1o 2016 recordando todas las opciones de cursos que ten\u00e9is que comienzan en enero, y que seguro que os resultan interesantes. Si hac\u00e9is clic en cada una de las pesta\u00f1as de abajo podr\u00e9is ver la informaci\u00f3n de cada uno. \u00a0 Adem\u00e1s aprovechamos para desearos FELICES FIESTAS\u2026","rel":"","context":"En \u00abFormaciones\u00bb","block_context":{"text":"Formaciones","link":"https:\/\/cepronda.com\/blog\/category\/formaciones\/"},"img":{"alt_text":"","src":"","width":0,"height":0},"classes":[]},{"id":7873,"url":"https:\/\/cepronda.com\/blog\/curso-provincial-a-distancia-atencion-al-alumnado-tdah-estrategias-de-intervencion-en-primaria-codigo-252922ge050\/","url_meta":{"origin":462,"position":2},"title":"CURSO PROVINCIAL A DISTANCIA: ATENCI\u00d3N AL ALUMNADO TDAH: ESTRATEGIAS DE INTERVENCI\u00d3N EN PRIMARIA. C\u00f3digo: 252922GE050.","author":"Inmaculada Garc\u00eda","date":"28 noviembre, 2024","format":false,"excerpt":"Abierto el plazo de solicitudes para el curso provincial a distancia: ATENCI\u00d3N AL ALUMNADO TDAH: ESTRATEGIAS DE INTERVENCI\u00d3N EN PRIMARIA. C\u00f3digo: 252922GE050. Dirigido preferentemente a profesorado de educaci\u00f3n primaria. \u27a1 Curso a distancia de 40 horas, dirigido preferentemente a profesorado de educaci\u00f3n primaria. \u270f Inscripci\u00f3n: 02\/12\/2024 al 15\/12\/2024. Fecha de\u2026","rel":"","context":"En \u00abFormaciones\u00bb","block_context":{"text":"Formaciones","link":"https:\/\/cepronda.com\/blog\/category\/formaciones\/"},"img":{"alt_text":"","src":"https:\/\/i0.wp.com\/cepronda.com\/blog\/wp-content\/uploads\/2024\/11\/WhatsApp-Image-2024-11-28-at-10.46.36.jpeg?fit=1080%2C1080&ssl=1&resize=350%2C200","width":350,"height":200,"srcset":"https:\/\/i0.wp.com\/cepronda.com\/blog\/wp-content\/uploads\/2024\/11\/WhatsApp-Image-2024-11-28-at-10.46.36.jpeg?fit=1080%2C1080&ssl=1&resize=350%2C200 1x, https:\/\/i0.wp.com\/cepronda.com\/blog\/wp-content\/uploads\/2024\/11\/WhatsApp-Image-2024-11-28-at-10.46.36.jpeg?fit=1080%2C1080&ssl=1&resize=525%2C300 1.5x, https:\/\/i0.wp.com\/cepronda.com\/blog\/wp-content\/uploads\/2024\/11\/WhatsApp-Image-2024-11-28-at-10.46.36.jpeg?fit=1080%2C1080&ssl=1&resize=700%2C400 2x, https:\/\/i0.wp.com\/cepronda.com\/blog\/wp-content\/uploads\/2024\/11\/WhatsApp-Image-2024-11-28-at-10.46.36.jpeg?fit=1080%2C1080&ssl=1&resize=1050%2C600 3x"},"classes":[]},{"id":1291,"url":"https:\/\/cepronda.com\/blog\/curso-de-actualizacion-en-frances-para-primaria\/","url_meta":{"origin":462,"position":3},"title":"Curso de actualizaci\u00f3n en franc\u00e9s para primaria","author":"V\u00edctor Caballero","date":"27 septiembre, 2017","format":false,"excerpt":"Muy buenas, Uno de los cursos que el curso pasado tuvo un magn\u00edfico recorrido fu\u00e9 el curso de \"ACTUALIZACI\u00d3N LING\u00dc\u00cdSTICA Y METODOL\u00d3GICA EN LENGUA FRANCESA PARA EL PROFESORADO DE EDUCACI\u00d3N PRIMARIA\". Pues este curso seguimos con continuaci\u00f3n del mismo, as\u00ed que seguiremos aprendiendo y avanzando en nuestra metodolog\u00eda a la\u2026","rel":"","context":"En \u00abFormaciones\u00bb","block_context":{"text":"Formaciones","link":"https:\/\/cepronda.com\/blog\/category\/formaciones\/"},"img":{"alt_text":"","src":"https:\/\/i0.wp.com\/cepronda.com\/blog\/wp-content\/uploads\/2017\/09\/french-flag-2695008_640.jpg?fit=640%2C426&ssl=1&resize=350%2C200","width":350,"height":200,"srcset":"https:\/\/i0.wp.com\/cepronda.com\/blog\/wp-content\/uploads\/2017\/09\/french-flag-2695008_640.jpg?fit=640%2C426&ssl=1&resize=350%2C200 1x, https:\/\/i0.wp.com\/cepronda.com\/blog\/wp-content\/uploads\/2017\/09\/french-flag-2695008_640.jpg?fit=640%2C426&ssl=1&resize=525%2C300 1.5x"},"classes":[]},{"id":7693,"url":"https:\/\/cepronda.com\/blog\/formacion-que-y-como-ensenar-al-alumnado-tea-en-el-aula-ordinaria-de-ed-primaria-codigo\/","url_meta":{"origin":462,"position":4},"title":"FORMACI\u00d3N: QU\u00c9 Y C\u00d3MO ENSE\u00d1AR AL ALUMNADO TEA EN EL AULA ORDINARIA DE ED. PRIMARIA, c\u00f3digo: 252923GES751.","author":"Inmaculada Garc\u00eda","date":"11 septiembre, 2024","format":false,"excerpt":"Abierto el plazo de inscripci\u00f3n del curso provincial organizado por el CEP Marbella-Co\u00edn: \"QU\u00c9 Y C\u00d3MO ENSE\u00d1AR AL ALUMNADO TEA EN EL AULA ORDINARIA DE ED. PRIMARIA\",\u00a0 con c\u00f3digo 252923GES751, con la ponente Macarena Conesa. Las fechas de realizaci\u00f3n son 10\/17\/24\/31 de Octubre en horario de 16.30h a 19.30h por\u2026","rel":"","context":"En \u00abFormaciones\u00bb","block_context":{"text":"Formaciones","link":"https:\/\/cepronda.com\/blog\/category\/formaciones\/"},"img":{"alt_text":"","src":"https:\/\/i0.wp.com\/cepronda.com\/blog\/wp-content\/uploads\/2024\/09\/CARTEL-TEA-MARBELLA.jpg?fit=1188%2C664&ssl=1&resize=350%2C200","width":350,"height":200,"srcset":"https:\/\/i0.wp.com\/cepronda.com\/blog\/wp-content\/uploads\/2024\/09\/CARTEL-TEA-MARBELLA.jpg?fit=1188%2C664&ssl=1&resize=350%2C200 1x, https:\/\/i0.wp.com\/cepronda.com\/blog\/wp-content\/uploads\/2024\/09\/CARTEL-TEA-MARBELLA.jpg?fit=1188%2C664&ssl=1&resize=525%2C300 1.5x, https:\/\/i0.wp.com\/cepronda.com\/blog\/wp-content\/uploads\/2024\/09\/CARTEL-TEA-MARBELLA.jpg?fit=1188%2C664&ssl=1&resize=700%2C400 2x, https:\/\/i0.wp.com\/cepronda.com\/blog\/wp-content\/uploads\/2024\/09\/CARTEL-TEA-MARBELLA.jpg?fit=1188%2C664&ssl=1&resize=1050%2C600 3x"},"classes":[]},{"id":1622,"url":"https:\/\/cepronda.com\/blog\/nuevo-curso-de-disciplina-positiva\/","url_meta":{"origin":462,"position":5},"title":"Nuevo curso de Disciplina Positiva","author":"V\u00edctor Caballero","date":"5 marzo, 2018","format":false,"excerpt":"\u00a1Hola de nuevo familia! Queremos compartir con todos y todas vosotras que volvemos a tener el suerte de contar con Macarena Soto para trabajar con ella la gesti\u00f3n del aula en base a la neurosicoeducaci\u00f3n y la disciplina positiva. Ser\u00e1n cuatro sesiones en el mes de abril, donde seguimos teniendo\u2026","rel":"","context":"En \u00abFormaciones\u00bb","block_context":{"text":"Formaciones","link":"https:\/\/cepronda.com\/blog\/category\/formaciones\/"},"img":{"alt_text":"","src":"https:\/\/i0.wp.com\/cepronda.com\/blog\/wp-content\/uploads\/2018\/03\/brain-2062057_640.jpg?resize=350%2C200","width":350,"height":200,"srcset":"https:\/\/i0.wp.com\/cepronda.com\/blog\/wp-content\/uploads\/2018\/03\/brain-2062057_640.jpg?resize=350%2C200 1x, https:\/\/i0.wp.com\/cepronda.com\/blog\/wp-content\/uploads\/2018\/03\/brain-2062057_640.jpg?resize=525%2C300 1.5x"},"classes":[]}],"jetpack_sharing_enabled":true,"_links":{"self":[{"href":"https:\/\/cepronda.com\/blog\/wp-json\/wp\/v2\/posts\/462","targetHints":{"allow":["GET"]}}],"collection":[{"href":"https:\/\/cepronda.com\/blog\/wp-json\/wp\/v2\/posts"}],"about":[{"href":"https:\/\/cepronda.com\/blog\/wp-json\/wp\/v2\/types\/post"}],"author":[{"embeddable":true,"href":"https:\/\/cepronda.com\/blog\/wp-json\/wp\/v2\/users\/3"}],"replies":[{"embeddable":true,"href":"https:\/\/cepronda.com\/blog\/wp-json\/wp\/v2\/comments?post=462"}],"version-history":[{"count":0,"href":"https:\/\/cepronda.com\/blog\/wp-json\/wp\/v2\/posts\/462\/revisions"}],"wp:featuredmedia":[{"embeddable":true,"href":"https:\/\/cepronda.com\/blog\/wp-json\/"}],"wp:attachment":[{"href":"https:\/\/cepronda.com\/blog\/wp-json\/wp\/v2\/media?parent=462"}],"wp:term":[{"taxonomy":"category","embeddable":true,"href":"https:\/\/cepronda.com\/blog\/wp-json\/wp\/v2\/categories?post=462"},{"taxonomy":"post_tag","embeddable":true,"href":"https:\/\/cepronda.com\/blog\/wp-json\/wp\/v2\/tags?post=462"}],"curies":[{"name":"wp","href":"https:\/\/api.w.org\/{rel}","templated":true}]}}