{"id":4615,"date":"2021-09-16T08:52:00","date_gmt":"2021-09-16T06:52:00","guid":{"rendered":"http:\/\/cepronda.com\/blog\/?p=4615"},"modified":"2025-04-28T12:11:54","modified_gmt":"2025-04-28T10:11:54","slug":"desarrollo-de-la-competencia-matematica-en-educacion-secundaria","status":"publish","type":"post","link":"https:\/\/cepronda.com\/blog\/desarrollo-de-la-competencia-matematica-en-educacion-secundaria\/","title":{"rendered":"DESARROLLO DE LA COMPETENCIA MATEM\u00c1TICA EN EDUCACI\u00d3N SECUNDARIA"},"content":{"rendered":"<section class=\"entry-content \">Buenos d\u00edas.<\/section>\n<section><\/section>\n<section><\/section>\n<section><\/section>\n<section class=\"entry-content \">Os informamos que est\u00e1 abierto el plazo de inscripci\u00f3n de la formaci\u00f3n&nbsp; DESARROLLO DE LA COMPETENCIA MATEM\u00c1TICA EN EDUCACI\u00d3N SECUNDARIA (C\u00f3digo: 222924GE029).&nbsp; Las fechas de inscripci\u00f3n son las comprendidas entre el 16 de septiembre y el 1 de octubre de 2021.<br \/>\nLa actividad se llevar\u00e1 a cabo los d\u00edas siguientes:<\/section>\n<section>&#8211; 6 y 7 de octubre, de 16:30 h a 19:00 h: videoconferencias<\/section>\n<section>-13 y 14 de octubre, de 16:30 h a 19:30 h: sesiones presenciales en el sal\u00f3n de actos del CEP<\/section>\n<section class=\"entry-content \">Adjuntamos enlace para la inscripci\u00f3n: <a href=\"https:\/\/www.juntadeandalucia.es\/educacion\/secretariavirtual\/consultaCEP\/actividad\/222924GE029\/\">https:\/\/www.juntadeandalucia.es\/educacion\/secretariavirtual\/consultaCEP\/actividad\/222924GE029\/<\/a><\/section>\n<section><\/section>\n<section><\/section>\n<section><\/section>\n<section class=\"entry-content \">Te rogamos que en el caso de renunciar o no poder asistir a esta formaci\u00f3n, lo comuniques a la mayor brevedad posible para no provocar perjuicio al resto de participantes ni al buen funcionamiento de la actividad.&nbsp;<\/section>\n<section><\/section>\n<section class=\"entry-content \">Deseamos que sea de vuestro inter\u00e9s.&nbsp; Saludos<\/section>\n<section class=\"entry-content \"><img data-recalc-dims=\"1\" loading=\"lazy\" decoding=\"async\" class=\" wp-image-4618 aligncenter\" src=\"https:\/\/i0.wp.com\/cepronda.com\/blog\/wp-content\/uploads\/2021\/09\/COMPETENCIA-MATEMATICA-EN-SECUNDARIA-PNG-1-212x300.png?resize=212%2C300\" alt=\"\" width=\"212\" height=\"300\" srcset=\"https:\/\/i0.wp.com\/cepronda.com\/blog\/wp-content\/uploads\/2021\/09\/COMPETENCIA-MATEMATICA-EN-SECUNDARIA-PNG-1.png?resize=212%2C300&amp;ssl=1 212w, https:\/\/i0.wp.com\/cepronda.com\/blog\/wp-content\/uploads\/2021\/09\/COMPETENCIA-MATEMATICA-EN-SECUNDARIA-PNG-1.png?resize=724%2C1024&amp;ssl=1 724w, https:\/\/i0.wp.com\/cepronda.com\/blog\/wp-content\/uploads\/2021\/09\/COMPETENCIA-MATEMATICA-EN-SECUNDARIA-PNG-1.png?resize=768%2C1086&amp;ssl=1 768w, https:\/\/i0.wp.com\/cepronda.com\/blog\/wp-content\/uploads\/2021\/09\/COMPETENCIA-MATEMATICA-EN-SECUNDARIA-PNG-1.png?resize=1086%2C1536&amp;ssl=1 1086w, https:\/\/i0.wp.com\/cepronda.com\/blog\/wp-content\/uploads\/2021\/09\/COMPETENCIA-MATEMATICA-EN-SECUNDARIA-PNG-1.png?resize=1448%2C2048&amp;ssl=1 1448w, https:\/\/i0.wp.com\/cepronda.com\/blog\/wp-content\/uploads\/2021\/09\/COMPETENCIA-MATEMATICA-EN-SECUNDARIA-PNG-1.png?w=1587&amp;ssl=1 1587w\" sizes=\"auto, (max-width: 212px) 100vw, 212px\" \/><\/section>\n<section class=\"entry-content \"><\/section>\n<section><\/section>\n<section><\/section>\n<section><\/section>\n","protected":false},"excerpt":{"rendered":"<p>Buenos d\u00edas. Os informamos que est\u00e1 abierto el plazo de inscripci\u00f3n de la formaci\u00f3n&nbsp; DESARROLLO DE LA COMPETENCIA MATEM\u00c1TICA EN EDUCACI\u00d3N SECUNDARIA (C\u00f3digo: 222924GE029).&nbsp; Las fechas de inscripci\u00f3n son las comprendidas entre el 16 de septiembre y el 1 de octubre de 2021. La actividad se llevar\u00e1 a cabo los d\u00edas siguientes: &#8211; 6 y [&hellip;]<\/p>\n","protected":false},"author":12,"featured_media":4618,"comment_status":"closed","ping_status":"open","sticky":false,"template":"","format":"standard","meta":{"_crdt_document":"","advanced_seo_description":"","jetpack_seo_html_title":"","jetpack_seo_noindex":false,"jetpack_post_was_ever_published":false,"_jetpack_newsletter_access":"","_jetpack_dont_email_post_to_subs":false,"_jetpack_newsletter_tier_id":0,"_jetpack_memberships_contains_paywalled_content":false,"_jetpack_memberships_contains_paid_content":false,"footnotes":"","jetpack_publicize_message":"","jetpack_publicize_feature_enabled":true,"jetpack_social_post_already_shared":false,"jetpack_social_options":{"image_generator_settings":{"template":"highway","default_image_id":0,"font":"","enabled":false},"version":2}},"categories":[3],"tags":[246,97],"class_list":{"0":"post-4615","1":"post","2":"type-post","3":"status-publish","4":"format-standard","5":"has-post-thumbnail","7":"category-formaciones","8":"tag-cursos-presencial","9":"tag-inteligencia-emocional","10":"czr-hentry"},"jetpack_publicize_connections":[],"jetpack_featured_media_url":"https:\/\/i0.wp.com\/cepronda.com\/blog\/wp-content\/uploads\/2021\/09\/COMPETENCIA-MATEMATICA-EN-SECUNDARIA-PNG-1.png?fit=1587%2C2245&ssl=1","jetpack_shortlink":"https:\/\/wp.me\/p8M4X7-1cr","jetpack-related-posts":[{"id":4764,"url":"https:\/\/cepronda.com\/blog\/matematicas-manipulativas-desarrollo-de-la-competencia-matematica-infantil-y-primaria\/","url_meta":{"origin":4615,"position":0},"title":"MATEM\u00c1TICAS MANIPULATIVAS: DESARROLLO DE LA COMPETENCIA MATEM\u00c1TICA INFANTIL Y PRIMARIA","author":"V\u00edctor Caballero","date":"15 octubre, 2021","format":false,"excerpt":"Buenos d\u00edas. Os informamos que est\u00e1 abierto el plazo de inscripci\u00f3n de la formaci\u00f3n\u00a0 MATEM\u00c1TICAS MANIPULATIVAS: DESARROLLO DE LA COMPETENCIA MATEM\u00c1TICA INFANTIL Y PRIMARIA (C\u00f3digo: 222924GE043).\u00a0 Las fechas de inscripci\u00f3n son las comprendidas del 15 al 28 de octubre de 2021. La actividad se llevar\u00e1 a cabo los d\u00edas siguientes:\u2026","rel":"","context":"En \u00abFormaciones\u00bb","block_context":{"text":"Formaciones","link":"https:\/\/cepronda.com\/blog\/category\/formaciones\/"},"img":{"alt_text":"","src":"https:\/\/i0.wp.com\/cepronda.com\/blog\/wp-content\/uploads\/2021\/10\/Captura-de-pantalla-2021-10-15-a-las-13.52.24.png?fit=681%2C964&ssl=1&resize=350%2C200","width":350,"height":200,"srcset":"https:\/\/i0.wp.com\/cepronda.com\/blog\/wp-content\/uploads\/2021\/10\/Captura-de-pantalla-2021-10-15-a-las-13.52.24.png?fit=681%2C964&ssl=1&resize=350%2C200 1x, https:\/\/i0.wp.com\/cepronda.com\/blog\/wp-content\/uploads\/2021\/10\/Captura-de-pantalla-2021-10-15-a-las-13.52.24.png?fit=681%2C964&ssl=1&resize=525%2C300 1.5x"},"classes":[]},{"id":7321,"url":"https:\/\/cepronda.com\/blog\/abn-en-infantil-y-educacion-especial-desarrollo-de-la-competencia-matematica-2\/","url_meta":{"origin":4615,"position":1},"title":"ABN EN INFANTIL Y EDUCACI\u00d3N ESPECIAL: DESARROLLO DE LA COMPETENCIA MATEM\u00c1TICA","author":"V\u00edctor Caballero","date":"11 enero, 2024","format":false,"excerpt":"Se encuentra abierto el plazo de inscripci\u00f3n para la formaci\u00f3n \u201cABN EN INFANTIL Y EDUCACI\u00d3N ESPECIAL: DESARROLLO DE LA COMPETENCIA MATEM\u00c1TICA\" C\u00d3DIGO 242924GE011 Ponentes:\u00a0 Basi Guijarro y Fabiola Heredia Duraci\u00f3n de la actividad 10 horas presenciales + 3 horas de tareas. Fecha actividad: X31 ene( 17:00 a 19:30h) CEP Ronda\u2026","rel":"","context":"En \u00abFormaciones\u00bb","block_context":{"text":"Formaciones","link":"https:\/\/cepronda.com\/blog\/category\/formaciones\/"},"img":{"alt_text":"","src":"https:\/\/i0.wp.com\/cepronda.com\/blog\/wp-content\/uploads\/2024\/01\/CARTEL-ABN-MATEMATICAS-ENERO-2024.png?fit=1080%2C1080&ssl=1&resize=350%2C200","width":350,"height":200,"srcset":"https:\/\/i0.wp.com\/cepronda.com\/blog\/wp-content\/uploads\/2024\/01\/CARTEL-ABN-MATEMATICAS-ENERO-2024.png?fit=1080%2C1080&ssl=1&resize=350%2C200 1x, https:\/\/i0.wp.com\/cepronda.com\/blog\/wp-content\/uploads\/2024\/01\/CARTEL-ABN-MATEMATICAS-ENERO-2024.png?fit=1080%2C1080&ssl=1&resize=525%2C300 1.5x, https:\/\/i0.wp.com\/cepronda.com\/blog\/wp-content\/uploads\/2024\/01\/CARTEL-ABN-MATEMATICAS-ENERO-2024.png?fit=1080%2C1080&ssl=1&resize=700%2C400 2x, https:\/\/i0.wp.com\/cepronda.com\/blog\/wp-content\/uploads\/2024\/01\/CARTEL-ABN-MATEMATICAS-ENERO-2024.png?fit=1080%2C1080&ssl=1&resize=1050%2C600 3x"},"classes":[]},{"id":7318,"url":"https:\/\/cepronda.com\/blog\/abn-en-primaria-desarrollo-de-la-competencia-matematica-2\/","url_meta":{"origin":4615,"position":2},"title":"ABN EN PRIMARIA: DESARROLLO DE LA COMPETENCIA MATEM\u00c1TICA","author":"V\u00edctor Caballero","date":"11 enero, 2024","format":false,"excerpt":"Se encuentra abierto el plazo de inscripci\u00f3n para la formaci\u00f3n \u201cABN EN PRIMARIA: DESARROLLO DE LA COMPETENCIA MATEM\u00c1TICA\" C\u00d3DIGO 242924GE012 Ponente:\u00a0 Marisa Risue\u00f1o Duraci\u00f3n de la actividad 10 horas presenciales + 3 horas de tareas. Fecha actividad: X31 ene( 17:00 a 19:30h) CEP Ronda X7 feb (17:00 a 19:30h) CEP\u2026","rel":"","context":"En \u00abFormaciones\u00bb","block_context":{"text":"Formaciones","link":"https:\/\/cepronda.com\/blog\/category\/formaciones\/"},"img":{"alt_text":"","src":"https:\/\/i0.wp.com\/cepronda.com\/blog\/wp-content\/uploads\/2024\/01\/CARTEL-ABN-MATEMATICAS-ENERO-2024.png?fit=1080%2C1080&ssl=1&resize=350%2C200","width":350,"height":200,"srcset":"https:\/\/i0.wp.com\/cepronda.com\/blog\/wp-content\/uploads\/2024\/01\/CARTEL-ABN-MATEMATICAS-ENERO-2024.png?fit=1080%2C1080&ssl=1&resize=350%2C200 1x, https:\/\/i0.wp.com\/cepronda.com\/blog\/wp-content\/uploads\/2024\/01\/CARTEL-ABN-MATEMATICAS-ENERO-2024.png?fit=1080%2C1080&ssl=1&resize=525%2C300 1.5x, https:\/\/i0.wp.com\/cepronda.com\/blog\/wp-content\/uploads\/2024\/01\/CARTEL-ABN-MATEMATICAS-ENERO-2024.png?fit=1080%2C1080&ssl=1&resize=700%2C400 2x, https:\/\/i0.wp.com\/cepronda.com\/blog\/wp-content\/uploads\/2024\/01\/CARTEL-ABN-MATEMATICAS-ENERO-2024.png?fit=1080%2C1080&ssl=1&resize=1050%2C600 3x"},"classes":[]},{"id":9047,"url":"https:\/\/cepronda.com\/blog\/569-mejora-de-la-competencia-matematica-en-el-aula-de-educacion-infantil-y-primaria-nivel-i\/","url_meta":{"origin":4615,"position":3},"title":"569. MEJORA DE LA COMPETENCIA MATEM\u00c1TICA EN EL AULA DE EDUCACI\u00d3N INFANTIL Y PRIMARIA. NIVEL I.","author":"Inmaculada Garc\u00eda","date":"14 noviembre, 2025","format":false,"excerpt":"Se encuentra abierto el plazo de inscripci\u00f3n para la formaci\u00f3n regional a distancia: 569. MEJORA DE LA COMPETENCIA MATEM\u00c1TICA EN EL AULA DE EDUCACI\u00d3N INFANTIL Y PRIMARIA. NIVEL I. C\u00f3digo: 269920KPF569. Con una dedicaci\u00f3n de 30 HORAS NO PRESENCIALES (AVFP). Plazo de solicitudes: 11 noviembre al 18 de noviembre. Listado\u2026","rel":"","context":"En \u00abFormaciones\u00bb","block_context":{"text":"Formaciones","link":"https:\/\/cepronda.com\/blog\/category\/formaciones\/"},"img":{"alt_text":"","src":"https:\/\/i0.wp.com\/cepronda.com\/blog\/wp-content\/uploads\/2025\/11\/Copia-de-CEP-MOTOR-INTERNACIONALIZACION-PRIMEROS-PASOS.pptx-3.jpg?fit=960%2C1200&ssl=1&resize=350%2C200","width":350,"height":200,"srcset":"https:\/\/i0.wp.com\/cepronda.com\/blog\/wp-content\/uploads\/2025\/11\/Copia-de-CEP-MOTOR-INTERNACIONALIZACION-PRIMEROS-PASOS.pptx-3.jpg?fit=960%2C1200&ssl=1&resize=350%2C200 1x, https:\/\/i0.wp.com\/cepronda.com\/blog\/wp-content\/uploads\/2025\/11\/Copia-de-CEP-MOTOR-INTERNACIONALIZACION-PRIMEROS-PASOS.pptx-3.jpg?fit=960%2C1200&ssl=1&resize=525%2C300 1.5x, https:\/\/i0.wp.com\/cepronda.com\/blog\/wp-content\/uploads\/2025\/11\/Copia-de-CEP-MOTOR-INTERNACIONALIZACION-PRIMEROS-PASOS.pptx-3.jpg?fit=960%2C1200&ssl=1&resize=700%2C400 2x"},"classes":[]},{"id":4585,"url":"https:\/\/cepronda.com\/blog\/desarrollo-de-la-competencia-matematica-en-infantil-y-primaria\/","url_meta":{"origin":4615,"position":4},"title":"DESARROLLO DE LA COMPETENCIA MATEM\u00c1TICA EN INFANTIL Y PRIMARIA","author":"V\u00edctor Caballero","date":"6 septiembre, 2021","format":false,"excerpt":"Buenos d\u00edas\u00a0 compa\u00f1eras y compa\u00f1eros, Desde el CEP de Ronda os informamos que est\u00e1 abierto el plazo de inscripci\u00f3n de la formaci\u00f3n\u00a0 DESARROLLO DE LA COMPETENCIA MATEM\u00c1TICA EN INFANTIL Y PRIMARIA . C\u00f3digo: 222924GE003.\u00a0 Las fechas de la formaci\u00f3n son las siguientes:\u00a0 *Fecha inscripci\u00f3n:\u00a0 Del 6 al 17 de septiembre\u2026","rel":"","context":"En \u00abFormaciones\u00bb","block_context":{"text":"Formaciones","link":"https:\/\/cepronda.com\/blog\/category\/formaciones\/"},"img":{"alt_text":"","src":"https:\/\/i0.wp.com\/cepronda.com\/blog\/wp-content\/uploads\/2021\/09\/DESARROLLO-DE-LA-COMPETENCIA-MATEMA%CC%81TICA-EN-INFANTIL-Y-PRIMARIA.png?fit=848%2C1200&ssl=1&resize=350%2C200","width":350,"height":200,"srcset":"https:\/\/i0.wp.com\/cepronda.com\/blog\/wp-content\/uploads\/2021\/09\/DESARROLLO-DE-LA-COMPETENCIA-MATEMA%CC%81TICA-EN-INFANTIL-Y-PRIMARIA.png?fit=848%2C1200&ssl=1&resize=350%2C200 1x, https:\/\/i0.wp.com\/cepronda.com\/blog\/wp-content\/uploads\/2021\/09\/DESARROLLO-DE-LA-COMPETENCIA-MATEMA%CC%81TICA-EN-INFANTIL-Y-PRIMARIA.png?fit=848%2C1200&ssl=1&resize=525%2C300 1.5x, https:\/\/i0.wp.com\/cepronda.com\/blog\/wp-content\/uploads\/2021\/09\/DESARROLLO-DE-LA-COMPETENCIA-MATEMA%CC%81TICA-EN-INFANTIL-Y-PRIMARIA.png?fit=848%2C1200&ssl=1&resize=700%2C400 2x"},"classes":[]},{"id":8090,"url":"https:\/\/cepronda.com\/blog\/los-cuentos-como-recurso-para-el-desarrollo-de-la-competencia-matematica-en-educacion-infantil\/","url_meta":{"origin":4615,"position":5},"title":"LOS CUENTOS COMO RECURSO PARA EL DESARROLLO DE LA COMPETENCIA MATEM\u00c1TICA EN EDUCACI\u00d3N INFANTIL","author":"Mamen Moreno","date":"30 enero, 2025","format":false,"excerpt":"Abierto el plazo de solicitudes para el curso \u201cLOS CUENTOS COMO RECURSO PARA EL DESARROLLO DE LA COMPETENCIA MATEM\u00c1TICA EN EDUCACI\u00d3N INFANTIL\u201d con c\u00f3digo 252924GE250 Ponente: Mar\u00eda del Mar Qu\u00edrell Jos\u00e9 Dirigido: Profesorado de Educaci\u00f3n Infantil Inscripci\u00f3n: 30\/01\/2025 hasta el 21\/02\/2025 Fecha de la actividad: 04\/03\/2025 hasta el 25\/04\/2025 Duraci\u00f3n:\u2026","rel":"","context":"En \u00abFormaciones\u00bb","block_context":{"text":"Formaciones","link":"https:\/\/cepronda.com\/blog\/category\/formaciones\/"},"img":{"alt_text":"","src":"https:\/\/i0.wp.com\/cepronda.com\/blog\/wp-content\/uploads\/2025\/01\/CARTEL-MATEMATICAS-CUENTOS-2.jpg?fit=1080%2C1080&ssl=1&resize=350%2C200","width":350,"height":200,"srcset":"https:\/\/i0.wp.com\/cepronda.com\/blog\/wp-content\/uploads\/2025\/01\/CARTEL-MATEMATICAS-CUENTOS-2.jpg?fit=1080%2C1080&ssl=1&resize=350%2C200 1x, https:\/\/i0.wp.com\/cepronda.com\/blog\/wp-content\/uploads\/2025\/01\/CARTEL-MATEMATICAS-CUENTOS-2.jpg?fit=1080%2C1080&ssl=1&resize=525%2C300 1.5x, https:\/\/i0.wp.com\/cepronda.com\/blog\/wp-content\/uploads\/2025\/01\/CARTEL-MATEMATICAS-CUENTOS-2.jpg?fit=1080%2C1080&ssl=1&resize=700%2C400 2x, https:\/\/i0.wp.com\/cepronda.com\/blog\/wp-content\/uploads\/2025\/01\/CARTEL-MATEMATICAS-CUENTOS-2.jpg?fit=1080%2C1080&ssl=1&resize=1050%2C600 3x"},"classes":[]}],"jetpack_sharing_enabled":true,"_links":{"self":[{"href":"https:\/\/cepronda.com\/blog\/wp-json\/wp\/v2\/posts\/4615","targetHints":{"allow":["GET"]}}],"collection":[{"href":"https:\/\/cepronda.com\/blog\/wp-json\/wp\/v2\/posts"}],"about":[{"href":"https:\/\/cepronda.com\/blog\/wp-json\/wp\/v2\/types\/post"}],"author":[{"embeddable":true,"href":"https:\/\/cepronda.com\/blog\/wp-json\/wp\/v2\/users\/12"}],"replies":[{"embeddable":true,"href":"https:\/\/cepronda.com\/blog\/wp-json\/wp\/v2\/comments?post=4615"}],"version-history":[{"count":6,"href":"https:\/\/cepronda.com\/blog\/wp-json\/wp\/v2\/posts\/4615\/revisions"}],"predecessor-version":[{"id":4623,"href":"https:\/\/cepronda.com\/blog\/wp-json\/wp\/v2\/posts\/4615\/revisions\/4623"}],"wp:featuredmedia":[{"embeddable":true,"href":"https:\/\/cepronda.com\/blog\/wp-json\/wp\/v2\/media\/4618"}],"wp:attachment":[{"href":"https:\/\/cepronda.com\/blog\/wp-json\/wp\/v2\/media?parent=4615"}],"wp:term":[{"taxonomy":"category","embeddable":true,"href":"https:\/\/cepronda.com\/blog\/wp-json\/wp\/v2\/categories?post=4615"},{"taxonomy":"post_tag","embeddable":true,"href":"https:\/\/cepronda.com\/blog\/wp-json\/wp\/v2\/tags?post=4615"}],"curies":[{"name":"wp","href":"https:\/\/api.w.org\/{rel}","templated":true}]}}