{"id":4612,"date":"2021-09-15T13:07:57","date_gmt":"2021-09-15T11:07:57","guid":{"rendered":"http:\/\/cepronda.com\/blog\/?p=4612"},"modified":"2021-09-15T13:07:57","modified_gmt":"2021-09-15T11:07:57","slug":"ii-itinerario-formativo-para-la-escuela-rural-de-la-provincia-de-malaga","status":"publish","type":"post","link":"https:\/\/cepronda.com\/blog\/ii-itinerario-formativo-para-la-escuela-rural-de-la-provincia-de-malaga\/","title":{"rendered":"II ITINERARIO FORMATIVO PARA LA ESCUELA RURAL DE LA PROVINCIA DE M\u00c1LAGA."},"content":{"rendered":"<p>Buenas tardes compa\u00f1eros y compa\u00f1eras, hoy se publica nuestro II ITINERARIO FORMATIVO PARA LA ESCUELA RURAL, esta vez se llevar\u00e1 a cabo a nivel provincial por lo que si est\u00e1s trabajando en un CPR o un centro que cuente con aulas multinivel dentro de la provincia de M\u00e1laga, seguro que te pueden interesar estas actividades que pretenden dar una respuesta formativa espec\u00edfica al profesorado de nuestras zonas rurales. Cualquier consulta no dudes en ponerte en contacto con la asesor\u00eda responsable.<\/p>\n<p style=\"text-align: center;\"><a href=\"https:\/\/view.genial.ly\/6092837ee6fcdf0d281fcfa6\/horizontal-infographic-lists-ii-itinerario-formativo-para-la-escuela-rural\"><img data-recalc-dims=\"1\" loading=\"lazy\" decoding=\"async\" class=\" wp-image-4613 aligncenter\" src=\"https:\/\/i0.wp.com\/cepronda.com\/blog\/wp-content\/uploads\/2021\/09\/Captura-de-pantalla-65-300x167.png?resize=424%2C236\" alt=\"\" width=\"424\" height=\"236\" srcset=\"https:\/\/i0.wp.com\/cepronda.com\/blog\/wp-content\/uploads\/2021\/09\/Captura-de-pantalla-65.png?resize=300%2C167&amp;ssl=1 300w, https:\/\/i0.wp.com\/cepronda.com\/blog\/wp-content\/uploads\/2021\/09\/Captura-de-pantalla-65.png?resize=1024%2C570&amp;ssl=1 1024w, https:\/\/i0.wp.com\/cepronda.com\/blog\/wp-content\/uploads\/2021\/09\/Captura-de-pantalla-65.png?resize=768%2C428&amp;ssl=1 768w, https:\/\/i0.wp.com\/cepronda.com\/blog\/wp-content\/uploads\/2021\/09\/Captura-de-pantalla-65.png?w=1458&amp;ssl=1 1458w\" sizes=\"auto, (max-width: 424px) 100vw, 424px\" \/>PINCHA EN LA IM\u00c1GEN PARA ACCEDER AL ITINERARIO.<\/a><\/p>\n","protected":false},"excerpt":{"rendered":"<p>Buenas tardes compa\u00f1eros y compa\u00f1eras, hoy se publica nuestro II ITINERARIO FORMATIVO PARA LA ESCUELA RURAL, esta vez se llevar\u00e1 a cabo a nivel provincial por lo que si est\u00e1s trabajando en un CPR o un centro que cuente con aulas multinivel dentro de la provincia de M\u00e1laga, seguro que te pueden interesar estas actividades [&hellip;]<\/p>\n","protected":false},"author":9,"featured_media":4613,"comment_status":"closed","ping_status":"open","sticky":false,"template":"","format":"standard","meta":{"_crdt_document":"","advanced_seo_description":"","jetpack_seo_html_title":"","jetpack_seo_noindex":false,"jetpack_post_was_ever_published":false,"_jetpack_newsletter_access":"","_jetpack_dont_email_post_to_subs":false,"_jetpack_newsletter_tier_id":0,"_jetpack_memberships_contains_paywalled_content":false,"_jetpack_memberships_contains_paid_content":false,"footnotes":"","jetpack_publicize_message":"","jetpack_publicize_feature_enabled":true,"jetpack_social_post_already_shared":false,"jetpack_social_options":{"image_generator_settings":{"template":"highway","default_image_id":0,"font":"","enabled":false},"version":2}},"categories":[5],"tags":[],"class_list":{"0":"post-4612","1":"post","2":"type-post","3":"status-publish","4":"format-standard","5":"has-post-thumbnail","7":"category-noticias","8":"czr-hentry"},"jetpack_publicize_connections":[],"jetpack_featured_media_url":"https:\/\/i0.wp.com\/cepronda.com\/blog\/wp-content\/uploads\/2021\/09\/Captura-de-pantalla-65.png?fit=1458%2C812&ssl=1","jetpack_shortlink":"https:\/\/wp.me\/p8M4X7-1co","jetpack-related-posts":[{"id":3906,"url":"https:\/\/cepronda.com\/blog\/itinerario-formativo-para-centros-rurales\/","url_meta":{"origin":4612,"position":0},"title":"ITINERARIO FORMATIVO PARA LA ESCUELA RURAL.","author":"Inmaculada Garc\u00eda","date":"19 octubre, 2020","format":false,"excerpt":"Buenas tardes compa\u00f1eras y compa\u00f1eros: Os presentamos nuestro nuevo Itinerario Formativo para Centros Rurales\u00a0 que\u00a0 consta de tres actividades, una por trimestre, en las que nos acercaremos a diferentes recursos, t\u00e9cnicas y herramientas metodol\u00f3gicas adaptadas a grupos multinivel, partiendo de la realidad de nuestros centros y contando con profesionales con\u2026","rel":"","context":"En \u00abNoticias\u00bb","block_context":{"text":"Noticias","link":"https:\/\/cepronda.com\/blog\/category\/noticias\/"},"img":{"alt_text":"","src":"https:\/\/i0.wp.com\/cepronda.com\/blog\/wp-content\/uploads\/2020\/10\/Captura-de-pantalla-3-3.png?fit=1200%2C675&ssl=1&resize=350%2C200","width":350,"height":200,"srcset":"https:\/\/i0.wp.com\/cepronda.com\/blog\/wp-content\/uploads\/2020\/10\/Captura-de-pantalla-3-3.png?fit=1200%2C675&ssl=1&resize=350%2C200 1x, https:\/\/i0.wp.com\/cepronda.com\/blog\/wp-content\/uploads\/2020\/10\/Captura-de-pantalla-3-3.png?fit=1200%2C675&ssl=1&resize=525%2C300 1.5x, https:\/\/i0.wp.com\/cepronda.com\/blog\/wp-content\/uploads\/2020\/10\/Captura-de-pantalla-3-3.png?fit=1200%2C675&ssl=1&resize=700%2C400 2x, https:\/\/i0.wp.com\/cepronda.com\/blog\/wp-content\/uploads\/2020\/10\/Captura-de-pantalla-3-3.png?fit=1200%2C675&ssl=1&resize=1050%2C600 3x"},"classes":[]},{"id":5198,"url":"https:\/\/cepronda.com\/blog\/la-comunidad-educativa-en-la-escuela-rural-cooperacion-y-convivencia\/","url_meta":{"origin":4612,"position":1},"title":"LA COMUNIDAD EDUCATIVA EN LA ESCUELA RURAL. COOPERACI\u00d3N Y CONVIVENCIA.","author":"Inmaculada Garc\u00eda","date":"29 marzo, 2022","format":false,"excerpt":"Estimados compa\u00f1eros y compa\u00f1eras, os informamos de que sigue abierto el plazo de inscripci\u00f3n para la actividad formativa LA COMUNIDAD EDUCATIVA EN LA ESCUELA RURAL. COOPERACI\u00d3N Y CONVIVENCIA, una formaci\u00f3n espec\u00edfica para el profesorado que ejerce su labor docente en Centros P\u00fablicos Rurales de la provincia de M\u00e1laga que comenzar\u00e1\u2026","rel":"","context":"En \u00abFormaciones\u00bb","block_context":{"text":"Formaciones","link":"https:\/\/cepronda.com\/blog\/category\/formaciones\/"},"img":{"alt_text":"","src":"https:\/\/i0.wp.com\/cepronda.com\/blog\/wp-content\/uploads\/2022\/03\/estrategias-para-la-convivencia-en-el-centro-rural-5.png?fit=848%2C1200&ssl=1&resize=350%2C200","width":350,"height":200,"srcset":"https:\/\/i0.wp.com\/cepronda.com\/blog\/wp-content\/uploads\/2022\/03\/estrategias-para-la-convivencia-en-el-centro-rural-5.png?fit=848%2C1200&ssl=1&resize=350%2C200 1x, https:\/\/i0.wp.com\/cepronda.com\/blog\/wp-content\/uploads\/2022\/03\/estrategias-para-la-convivencia-en-el-centro-rural-5.png?fit=848%2C1200&ssl=1&resize=525%2C300 1.5x, https:\/\/i0.wp.com\/cepronda.com\/blog\/wp-content\/uploads\/2022\/03\/estrategias-para-la-convivencia-en-el-centro-rural-5.png?fit=848%2C1200&ssl=1&resize=700%2C400 2x"},"classes":[]},{"id":3930,"url":"https:\/\/cepronda.com\/blog\/3930-2\/","url_meta":{"origin":4612,"position":2},"title":"COMUNIDAD DIGITAL DE METODOLOG\u00cdA PARA LA ESCUELA RURAL.","author":"Inmaculada Garc\u00eda","date":"28 octubre, 2020","format":false,"excerpt":"Hola compa\u00f1eros y compa\u00f1eras, os informamos que son los \u00faltimos d\u00edas para realizar vuestra inscripci\u00f3n en la actividad formativa COMUNIDAD DIGITAL DE METODOLOG\u00cdA PARA LA ESCUELA RURAL, curso que pertenece a nuestro ITINERARIO FORMATIVO PARA LA ESCUELA RURAL. Esperamos que sea de vuestro inter\u00e9s. Un saludo. ENLACE A LA INSCRIPCI\u00d3N","rel":"","context":"En \u00abNoticias\u00bb","block_context":{"text":"Noticias","link":"https:\/\/cepronda.com\/blog\/category\/noticias\/"},"img":{"alt_text":"","src":"https:\/\/i0.wp.com\/cepronda.com\/blog\/wp-content\/uploads\/2020\/10\/comunidad-digital-de-metodologia-tic-para-la-escuela-rural..png?fit=848%2C1200&ssl=1&resize=350%2C200","width":350,"height":200,"srcset":"https:\/\/i0.wp.com\/cepronda.com\/blog\/wp-content\/uploads\/2020\/10\/comunidad-digital-de-metodologia-tic-para-la-escuela-rural..png?fit=848%2C1200&ssl=1&resize=350%2C200 1x, https:\/\/i0.wp.com\/cepronda.com\/blog\/wp-content\/uploads\/2020\/10\/comunidad-digital-de-metodologia-tic-para-la-escuela-rural..png?fit=848%2C1200&ssl=1&resize=525%2C300 1.5x, https:\/\/i0.wp.com\/cepronda.com\/blog\/wp-content\/uploads\/2020\/10\/comunidad-digital-de-metodologia-tic-para-la-escuela-rural..png?fit=848%2C1200&ssl=1&resize=700%2C400 2x"},"classes":[]},{"id":4695,"url":"https:\/\/cepronda.com\/blog\/itinerario-formativo-en-igualdad-y-convivencia-cep-de-ronda\/","url_meta":{"origin":4612,"position":3},"title":"ITINERARIO FORMATIVO EN IGUALDAD Y CONVIVENCIA. CEP DE RONDA.","author":"Inmaculada Garc\u00eda","date":"29 septiembre, 2021","format":false,"excerpt":"Buenos d\u00edas compa\u00f1eros y compa\u00f1eras, os presentamos nuestro ITINERARIO FORMATIVO EN IGUALDAD Y CONVIVENCIA, en el que podr\u00e9is encontrar actividades formativas centradas en la implementaci\u00f3n del Programa de Inteligencia Emocional, Disciplina positiva, Mediaci\u00f3n, Acoso y Ciberacoso, Identidad Sexual, Masculinidades Diversas, y, adem\u00e1s, nuestras MALETAS VIAJERAS POR LA INCLUSI\u00d3N. Esperamos que\u2026","rel":"","context":"En \u00abNoticias\u00bb","block_context":{"text":"Noticias","link":"https:\/\/cepronda.com\/blog\/category\/noticias\/"},"img":{"alt_text":"","src":"https:\/\/i0.wp.com\/cepronda.com\/blog\/wp-content\/uploads\/2021\/09\/Captura-de-pantalla-68.png?fit=1200%2C678&ssl=1&resize=350%2C200","width":350,"height":200,"srcset":"https:\/\/i0.wp.com\/cepronda.com\/blog\/wp-content\/uploads\/2021\/09\/Captura-de-pantalla-68.png?fit=1200%2C678&ssl=1&resize=350%2C200 1x, https:\/\/i0.wp.com\/cepronda.com\/blog\/wp-content\/uploads\/2021\/09\/Captura-de-pantalla-68.png?fit=1200%2C678&ssl=1&resize=525%2C300 1.5x, https:\/\/i0.wp.com\/cepronda.com\/blog\/wp-content\/uploads\/2021\/09\/Captura-de-pantalla-68.png?fit=1200%2C678&ssl=1&resize=700%2C400 2x, https:\/\/i0.wp.com\/cepronda.com\/blog\/wp-content\/uploads\/2021\/09\/Captura-de-pantalla-68.png?fit=1200%2C678&ssl=1&resize=1050%2C600 3x"},"classes":[]},{"id":8937,"url":"https:\/\/cepronda.com\/blog\/gestion-economica-para-secretarias-5\/","url_meta":{"origin":4612,"position":4},"title":"GESTI\u00d3N ECON\u00d3MICA PARA SECRETAR\u00cdAS","author":"Mamen Moreno","date":"17 octubre, 2025","format":false,"excerpt":"Abierta la inscripci\u00f3n para el 2\u00ba curso del Itinerario Formativo para Secretar\u00edas de Centros P\u00fablicos: Gesti\u00f3n econ\u00f3mica para secretar\u00edas. C\u00f3digo: 269924KPF230 Dirigido a: secretar\u00edas en activo de los centros educativos p\u00fablicos de la provincia de M\u00e1laga. Comienzo: 5 de noviembre Inscripci\u00f3n del 17\/10 al 31\/10 M\u00e1s informaci\u00f3n: https:\/\/www.juntadeandalucia.es\/educacion\/secretariavirtual\/consultaCEP\/actividad\/269924KPF230\/","rel":"","context":"En \u00abFormaciones\u00bb","block_context":{"text":"Formaciones","link":"https:\/\/cepronda.com\/blog\/category\/formaciones\/"},"img":{"alt_text":"","src":"https:\/\/i0.wp.com\/cepronda.com\/blog\/wp-content\/uploads\/2025\/09\/SECRETARIAS-NOVELES-2023_24.png?fit=848%2C1200&ssl=1&resize=350%2C200","width":350,"height":200,"srcset":"https:\/\/i0.wp.com\/cepronda.com\/blog\/wp-content\/uploads\/2025\/09\/SECRETARIAS-NOVELES-2023_24.png?fit=848%2C1200&ssl=1&resize=350%2C200 1x, https:\/\/i0.wp.com\/cepronda.com\/blog\/wp-content\/uploads\/2025\/09\/SECRETARIAS-NOVELES-2023_24.png?fit=848%2C1200&ssl=1&resize=525%2C300 1.5x, https:\/\/i0.wp.com\/cepronda.com\/blog\/wp-content\/uploads\/2025\/09\/SECRETARIAS-NOVELES-2023_24.png?fit=848%2C1200&ssl=1&resize=700%2C400 2x"},"classes":[]},{"id":7443,"url":"https:\/\/cepronda.com\/blog\/innovacion-e-internacionalizacion-de-la-escuela-rural\/","url_meta":{"origin":4612,"position":5},"title":"INNOVACI\u00d3N E INTERNACIONALIZACI\u00d3N DE LA ESCUELA RURAL","author":"Mamen Moreno","date":"12 febrero, 2024","format":false,"excerpt":"Abierto el plazo de inscripci\u00f3n de la actividad provincial correspondiente al IV Itinerario Formativo para Centros Rurales a nivel Provincial \"INNOVACI\u00d3N E INTERNACIONALIZACI\u00d3N DE LA ESCUELA RURAL\u00a0\", organizado por el CEP de Ronda con c\u00f3digo 242924GE045. Ponentes:\u00a0 Sebasti\u00e1n G\u00f3mez Monge Liliana Cruz Campos Sergio Mart\u00edn Carrasco Ra\u00fal Parrillo S\u00e1nchez Fecha\u2026","rel":"","context":"En \u00abFormaciones\u00bb","block_context":{"text":"Formaciones","link":"https:\/\/cepronda.com\/blog\/category\/formaciones\/"},"img":{"alt_text":"","src":"https:\/\/i0.wp.com\/cepronda.com\/blog\/wp-content\/uploads\/2024\/02\/2o-TRIMESTRE-RURAL-4.png?fit=848%2C1200&ssl=1&resize=350%2C200","width":350,"height":200,"srcset":"https:\/\/i0.wp.com\/cepronda.com\/blog\/wp-content\/uploads\/2024\/02\/2o-TRIMESTRE-RURAL-4.png?fit=848%2C1200&ssl=1&resize=350%2C200 1x, https:\/\/i0.wp.com\/cepronda.com\/blog\/wp-content\/uploads\/2024\/02\/2o-TRIMESTRE-RURAL-4.png?fit=848%2C1200&ssl=1&resize=525%2C300 1.5x, https:\/\/i0.wp.com\/cepronda.com\/blog\/wp-content\/uploads\/2024\/02\/2o-TRIMESTRE-RURAL-4.png?fit=848%2C1200&ssl=1&resize=700%2C400 2x"},"classes":[]}],"jetpack_sharing_enabled":true,"_links":{"self":[{"href":"https:\/\/cepronda.com\/blog\/wp-json\/wp\/v2\/posts\/4612","targetHints":{"allow":["GET"]}}],"collection":[{"href":"https:\/\/cepronda.com\/blog\/wp-json\/wp\/v2\/posts"}],"about":[{"href":"https:\/\/cepronda.com\/blog\/wp-json\/wp\/v2\/types\/post"}],"author":[{"embeddable":true,"href":"https:\/\/cepronda.com\/blog\/wp-json\/wp\/v2\/users\/9"}],"replies":[{"embeddable":true,"href":"https:\/\/cepronda.com\/blog\/wp-json\/wp\/v2\/comments?post=4612"}],"version-history":[{"count":1,"href":"https:\/\/cepronda.com\/blog\/wp-json\/wp\/v2\/posts\/4612\/revisions"}],"predecessor-version":[{"id":4614,"href":"https:\/\/cepronda.com\/blog\/wp-json\/wp\/v2\/posts\/4612\/revisions\/4614"}],"wp:featuredmedia":[{"embeddable":true,"href":"https:\/\/cepronda.com\/blog\/wp-json\/wp\/v2\/media\/4613"}],"wp:attachment":[{"href":"https:\/\/cepronda.com\/blog\/wp-json\/wp\/v2\/media?parent=4612"}],"wp:term":[{"taxonomy":"category","embeddable":true,"href":"https:\/\/cepronda.com\/blog\/wp-json\/wp\/v2\/categories?post=4612"},{"taxonomy":"post_tag","embeddable":true,"href":"https:\/\/cepronda.com\/blog\/wp-json\/wp\/v2\/tags?post=4612"}],"curies":[{"name":"wp","href":"https:\/\/api.w.org\/{rel}","templated":true}]}}