{"id":4599,"date":"2021-09-13T13:51:36","date_gmt":"2021-09-13T11:51:36","guid":{"rendered":"http:\/\/cepronda.com\/blog\/?p=4599"},"modified":"2025-04-28T11:58:36","modified_gmt":"2025-04-28T09:58:36","slug":"plc-y-comunica-programas-para-el-desarrollo-de-la-ccl","status":"publish","type":"post","link":"https:\/\/cepronda.com\/blog\/plc-y-comunica-programas-para-el-desarrollo-de-la-ccl\/","title":{"rendered":"PLC y ComunicA. Programas para el desarrollo de la CCL."},"content":{"rendered":"<p>Buenas tardes compa\u00f1eras y compa\u00f1eros,<\/p>\n<p>Os hacemos llegar la siguiente infograf\u00eda&nbsp; sobre los programas para el desarrollo de la Competencia en Comunicaci\u00f3n Ling\u00fc\u00edstica, cuyo plazo de solicitud termina el pr\u00f3ximo 30 de septiembre. Adem\u00e1s, se van a&nbsp; desarrollar unas Jornadas Provinciales Informativas sobre estos programas. En los siguientes d\u00edas conoceremos los detalles y os trasladaremos toda la informaci\u00f3n.<\/p>\n<p><a href=\"https:\/\/view.genial.ly\/613b2c2566c43b0ddcc80676\/interactive-image-imagen-interactiva\">Enlace a infograf\u00eda<\/a> ( imagen interactiva).<\/p>\n<p style=\"text-align: center;\"><img data-recalc-dims=\"1\" loading=\"lazy\" decoding=\"async\" class=\"wp-image-4600 aligncenter\" src=\"https:\/\/i0.wp.com\/cepronda.com\/blog\/wp-content\/uploads\/2021\/09\/Infografia-PLC-ComunicA-213x300.png?resize=270%2C379\" alt=\"\" width=\"270\" height=\"379\" srcset=\"https:\/\/i0.wp.com\/cepronda.com\/blog\/wp-content\/uploads\/2021\/09\/Infografia-PLC-ComunicA.png?resize=213%2C300&amp;ssl=1 213w, https:\/\/i0.wp.com\/cepronda.com\/blog\/wp-content\/uploads\/2021\/09\/Infografia-PLC-ComunicA.png?resize=727%2C1024&amp;ssl=1 727w, https:\/\/i0.wp.com\/cepronda.com\/blog\/wp-content\/uploads\/2021\/09\/Infografia-PLC-ComunicA.png?w=763&amp;ssl=1 763w\" sizes=\"auto, (max-width: 270px) 100vw, 270px\" \/><\/p>\n<p>&nbsp;<\/p>\n<p>Deseamos que sea de vuestro inter\u00e9s.<\/p>\n<p>Saludos.<\/p>\n","protected":false},"excerpt":{"rendered":"<p>Buenas tardes compa\u00f1eras y compa\u00f1eros, Os hacemos llegar la siguiente infograf\u00eda&nbsp; sobre los programas para el desarrollo de la Competencia en Comunicaci\u00f3n Ling\u00fc\u00edstica, cuyo plazo de solicitud termina el pr\u00f3ximo 30 de septiembre. Adem\u00e1s, se van a&nbsp; desarrollar unas Jornadas Provinciales Informativas sobre estos programas. En los siguientes d\u00edas conoceremos los detalles y os trasladaremos [&hellip;]<\/p>\n","protected":false},"author":10,"featured_media":4600,"comment_status":"closed","ping_status":"open","sticky":false,"template":"","format":"standard","meta":{"_crdt_document":"","advanced_seo_description":"","jetpack_seo_html_title":"","jetpack_seo_noindex":false,"jetpack_post_was_ever_published":false,"_jetpack_newsletter_access":"","_jetpack_dont_email_post_to_subs":false,"_jetpack_newsletter_tier_id":0,"_jetpack_memberships_contains_paywalled_content":false,"_jetpack_memberships_contains_paid_content":false,"footnotes":"","jetpack_publicize_message":"","jetpack_publicize_feature_enabled":true,"jetpack_social_post_already_shared":false,"jetpack_social_options":{"image_generator_settings":{"template":"highway","default_image_id":0,"font":"","enabled":false},"version":2}},"categories":[3,5],"tags":[184,249,172,56,248],"class_list":{"0":"post-4599","1":"post","2":"type-post","3":"status-publish","4":"format-standard","5":"has-post-thumbnail","7":"category-formaciones","8":"category-noticias","9":"tag-competencia-linguistica","10":"tag-comunica","11":"tag-comunicacion-linguistica","12":"tag-planes-y-programas","13":"tag-plc","14":"czr-hentry"},"jetpack_publicize_connections":[],"jetpack_featured_media_url":"https:\/\/i0.wp.com\/cepronda.com\/blog\/wp-content\/uploads\/2021\/09\/Infografia-PLC-ComunicA.png?fit=763%2C1074&ssl=1","jetpack_shortlink":"https:\/\/wp.me\/p8M4X7-1cb","jetpack-related-posts":[{"id":2957,"url":"https:\/\/cepronda.com\/blog\/fomento-de-la-comunicacion-linguistica-en-los-centros-plc-comunica-bilinguismo-y-erasmus\/","url_meta":{"origin":4599,"position":0},"title":"FOMENTO DE LA COMUNICACI\u00d3N LING\u00dc\u00cdSTICA EN LOS CENTROS: PLC, COMUNICA, BILING\u00dcISMO Y ERASMUS+","author":"V\u00edctor Caballero","date":"3 septiembre, 2019","format":false,"excerpt":"Muy buenas familia, \u00bfQu\u00e9 tal la vuelta? Seguro que bien. muchos \u00e1nimos desde el CEP y ya sab\u00e9is donde ten\u00e9is vuestra casa. Comenzamos nuestro periplo formativo con una actividad dirigida a todos aquellos centros que est\u00e9is interesados en pedir alg\u00fan PLC, Comunica o Erasmus +, as\u00ed como a nuestros centros\u2026","rel":"","context":"En \u00abFormaciones\u00bb","block_context":{"text":"Formaciones","link":"https:\/\/cepronda.com\/blog\/category\/formaciones\/"},"img":{"alt_text":"","src":"https:\/\/i0.wp.com\/cepronda.com\/blog\/wp-content\/uploads\/2019\/09\/PLC_Comunica.png?fit=642%2C909&ssl=1&resize=350%2C200","width":350,"height":200,"srcset":"https:\/\/i0.wp.com\/cepronda.com\/blog\/wp-content\/uploads\/2019\/09\/PLC_Comunica.png?fit=642%2C909&ssl=1&resize=350%2C200 1x, https:\/\/i0.wp.com\/cepronda.com\/blog\/wp-content\/uploads\/2019\/09\/PLC_Comunica.png?fit=642%2C909&ssl=1&resize=525%2C300 1.5x"},"classes":[]},{"id":4633,"url":"https:\/\/cepronda.com\/blog\/jornada-de-sensibilizacion-del-proyecto-linguistico-de-centro-plc-provincial\/","url_meta":{"origin":4599,"position":1},"title":"JORNADA DE SENSIBILIZACI\u00d3N DEL PROYECTO LING\u00dc\u00cdSTICO DE CENTRO (PLC) PROVINCIAL","author":"Maribel Mu\u00f1oz","date":"21 septiembre, 2021","format":false,"excerpt":"Buenas tardes compa\u00f1eras y compa\u00f1eros, Os informamos que est\u00e1 abierto el plazo de inscripci\u00f3n en la JORNADA DE SENSIBILIZACI\u00d3N DEL PROYECTO LING\u00dc\u00cdSTICO DE CENTRO (PLC) PROVINCIAL, con c\u00f3digo 222922IC001 . La modalidad es: Jornada online 5h (2h presenciales y 3h no presenciales). Fecha actividad: 27\/09\/2021 Fecha inscripci\u00f3n: 20\/09\/2021 hasta las\u2026","rel":"","context":"En \u00abFormaciones\u00bb","block_context":{"text":"Formaciones","link":"https:\/\/cepronda.com\/blog\/category\/formaciones\/"},"img":{"alt_text":"","src":"https:\/\/i0.wp.com\/cepronda.com\/blog\/wp-content\/uploads\/2021\/09\/FOMENTO-DE-LA-COMUNICACION-LINGUISTICA-EN-LOS-CENTROS-EDUCATIVOS-1.png?fit=512%2C800&ssl=1&resize=350%2C200","width":350,"height":200},"classes":[]},{"id":5170,"url":"https:\/\/cepronda.com\/blog\/el-cuento-en-el-desarrollo-de-la-competencia-linguistica-a-traves-de-la-musica\/","url_meta":{"origin":4599,"position":2},"title":"EL CUENTO EN EL  DESARROLLO DE LA COMPETENCIA LING\u00dc\u00cdSTICA, A TRAV\u00c9S DE LA M\u00daSICA","author":"Maribel Mu\u00f1oz","date":"16 marzo, 2022","format":false,"excerpt":"Buenos d\u00edas compa\u00f1eras y compa\u00f1eros Os informamos que est\u00e1 abierto el plazo de solicitudes para\u00a0 el curso EL CUENTO EN EL DESARROLLO DE LA COMPETENCIA LING\u00dc\u00cdSTICA, A TRAV\u00c9S DE LA M\u00daSICA con c\u00f3digo 222924GE024. Fechas de inscripci\u00f3n : del\u00a0 16\/03\/2022 al 18\/04\/2022 Fecha de inicio: 21\/04\/2022 Fecha finalizaci\u00f3n: 05\/05\/2022 Horas:\u2026","rel":"","context":"En \u00abFormaciones\u00bb","block_context":{"text":"Formaciones","link":"https:\/\/cepronda.com\/blog\/category\/formaciones\/"},"img":{"alt_text":"","src":"https:\/\/i0.wp.com\/cepronda.com\/blog\/wp-content\/uploads\/2022\/03\/1.-EL-CUENTO-EN-EL-DESARROLLO-DE-LA-COMPETENCIA-LINGUISTICA-A-TRAVES-DE-LA-MUSICA.png?fit=848%2C1200&ssl=1&resize=350%2C200","width":350,"height":200,"srcset":"https:\/\/i0.wp.com\/cepronda.com\/blog\/wp-content\/uploads\/2022\/03\/1.-EL-CUENTO-EN-EL-DESARROLLO-DE-LA-COMPETENCIA-LINGUISTICA-A-TRAVES-DE-LA-MUSICA.png?fit=848%2C1200&ssl=1&resize=350%2C200 1x, https:\/\/i0.wp.com\/cepronda.com\/blog\/wp-content\/uploads\/2022\/03\/1.-EL-CUENTO-EN-EL-DESARROLLO-DE-LA-COMPETENCIA-LINGUISTICA-A-TRAVES-DE-LA-MUSICA.png?fit=848%2C1200&ssl=1&resize=525%2C300 1.5x, https:\/\/i0.wp.com\/cepronda.com\/blog\/wp-content\/uploads\/2022\/03\/1.-EL-CUENTO-EN-EL-DESARROLLO-DE-LA-COMPETENCIA-LINGUISTICA-A-TRAVES-DE-LA-MUSICA.png?fit=848%2C1200&ssl=1&resize=700%2C400 2x"},"classes":[]},{"id":7480,"url":"https:\/\/cepronda.com\/blog\/como-mejorar-la-competencia-linguistica\/","url_meta":{"origin":4599,"position":3},"title":"\u00bfC\u00d3MO MEJORAR LA COMPETENCIA LING\u00dc\u00cdSTICA?","author":"Maribel Mu\u00f1oz","date":"20 febrero, 2024","format":false,"excerpt":"Abierto el plazo de inscripci\u00f3n para la formaci\u00f3n\u00a0\u201c\u00bfC\u00d3MO MEJORAR LA COMPETENCIA LING\u00dc\u00cdSTICA?\u201d. C\u00d3DIGO 242924GE021. Duraci\u00f3n de la actividad\u00a010 horas: 6 horas presenciales , 3 horas videoconferencia y 1 hora no presencial. Lugar de realizaci\u00f3n: Aula del CEP de Ronda y plataforma de videoconferencias. Fecha inscripci\u00f3n: 20\/02\/2024 hasta 30\/03\/2024 Fecha actividad:\u2026","rel":"","context":"En \u00abFormaciones\u00bb","block_context":{"text":"Formaciones","link":"https:\/\/cepronda.com\/blog\/category\/formaciones\/"},"img":{"alt_text":"","src":"https:\/\/i0.wp.com\/cepronda.com\/blog\/wp-content\/uploads\/2024\/02\/WhatsApp-Image-2024-02-20-at-12.32.48.jpeg?fit=1080%2C1080&ssl=1&resize=350%2C200","width":350,"height":200,"srcset":"https:\/\/i0.wp.com\/cepronda.com\/blog\/wp-content\/uploads\/2024\/02\/WhatsApp-Image-2024-02-20-at-12.32.48.jpeg?fit=1080%2C1080&ssl=1&resize=350%2C200 1x, https:\/\/i0.wp.com\/cepronda.com\/blog\/wp-content\/uploads\/2024\/02\/WhatsApp-Image-2024-02-20-at-12.32.48.jpeg?fit=1080%2C1080&ssl=1&resize=525%2C300 1.5x, https:\/\/i0.wp.com\/cepronda.com\/blog\/wp-content\/uploads\/2024\/02\/WhatsApp-Image-2024-02-20-at-12.32.48.jpeg?fit=1080%2C1080&ssl=1&resize=700%2C400 2x, https:\/\/i0.wp.com\/cepronda.com\/blog\/wp-content\/uploads\/2024\/02\/WhatsApp-Image-2024-02-20-at-12.32.48.jpeg?fit=1080%2C1080&ssl=1&resize=1050%2C600 3x"},"classes":[]},{"id":3107,"url":"https:\/\/cepronda.com\/blog\/fomentamos-la-lectura-con-inteligencia-emocional\/","url_meta":{"origin":4599,"position":4},"title":"FOMENTAMOS LA LECTURA CON INTELIGENCIA EMOCIONAL","author":"V\u00edctor Caballero","date":"28 octubre, 2019","format":false,"excerpt":"En todas las etapas de la Educaci\u00f3n, debemos aprovechar todos los recursos posibles para que cada actividad que hagamos sea lo m\u00e1s completa posible y ayude a la formaci\u00f3n y educaci\u00f3n de nuestro alumnado. El desarrollo de la competencia ling\u00fc\u00edstica es fundamental en la etapa de Educaci\u00f3n Infantil y Primaria\u2026","rel":"","context":"En \u00abFormaciones\u00bb","block_context":{"text":"Formaciones","link":"https:\/\/cepronda.com\/blog\/category\/formaciones\/"},"img":{"alt_text":"","src":"https:\/\/i0.wp.com\/cepronda.com\/blog\/wp-content\/uploads\/2019\/10\/Lectura_int_emocional.png?fit=644%2C908&ssl=1&resize=350%2C200","width":350,"height":200,"srcset":"https:\/\/i0.wp.com\/cepronda.com\/blog\/wp-content\/uploads\/2019\/10\/Lectura_int_emocional.png?fit=644%2C908&ssl=1&resize=350%2C200 1x, https:\/\/i0.wp.com\/cepronda.com\/blog\/wp-content\/uploads\/2019\/10\/Lectura_int_emocional.png?fit=644%2C908&ssl=1&resize=525%2C300 1.5x"},"classes":[]},{"id":5439,"url":"https:\/\/cepronda.com\/blog\/jornada-informativa-sobre-el-proyecto-linguistico-de-centro\/","url_meta":{"origin":4599,"position":5},"title":"JORNADA INFORMATIVA SOBRE EL PROYECTO LING\u00dc\u00cdSTICO DE CENTRO","author":"Maribel Mu\u00f1oz","date":"12 septiembre, 2022","format":false,"excerpt":"Buenas tardes compa\u00f1eras y compa\u00f1eros, Os\u00a0 informamos que est\u00e1 abierto el plazo de inscripci\u00f3n en la JORNADA INFORMATIVA SOBRE EL PROYECTO LING\u00dc\u00cdSTICO DE CENTRO. Solicita un PLC para tu centro. Ll\u00e9vate un Proyecto Inicial elaborado con garant\u00edas. Introduce situaciones de aprendizaje que mejoren la competencia ling\u00fc\u00edstica. \ud83d\udda5 Jornada para conocer\u2026","rel":"","context":"En \u00abFormaciones\u00bb","block_context":{"text":"Formaciones","link":"https:\/\/cepronda.com\/blog\/category\/formaciones\/"},"img":{"alt_text":"","src":"https:\/\/i0.wp.com\/cepronda.com\/blog\/wp-content\/uploads\/2022\/09\/WhatsApp-Image-2022-09-14-at-13.47.37.jpeg?fit=848%2C1200&ssl=1&resize=350%2C200","width":350,"height":200,"srcset":"https:\/\/i0.wp.com\/cepronda.com\/blog\/wp-content\/uploads\/2022\/09\/WhatsApp-Image-2022-09-14-at-13.47.37.jpeg?fit=848%2C1200&ssl=1&resize=350%2C200 1x, https:\/\/i0.wp.com\/cepronda.com\/blog\/wp-content\/uploads\/2022\/09\/WhatsApp-Image-2022-09-14-at-13.47.37.jpeg?fit=848%2C1200&ssl=1&resize=525%2C300 1.5x, https:\/\/i0.wp.com\/cepronda.com\/blog\/wp-content\/uploads\/2022\/09\/WhatsApp-Image-2022-09-14-at-13.47.37.jpeg?fit=848%2C1200&ssl=1&resize=700%2C400 2x"},"classes":[]}],"jetpack_sharing_enabled":true,"_links":{"self":[{"href":"https:\/\/cepronda.com\/blog\/wp-json\/wp\/v2\/posts\/4599","targetHints":{"allow":["GET"]}}],"collection":[{"href":"https:\/\/cepronda.com\/blog\/wp-json\/wp\/v2\/posts"}],"about":[{"href":"https:\/\/cepronda.com\/blog\/wp-json\/wp\/v2\/types\/post"}],"author":[{"embeddable":true,"href":"https:\/\/cepronda.com\/blog\/wp-json\/wp\/v2\/users\/10"}],"replies":[{"embeddable":true,"href":"https:\/\/cepronda.com\/blog\/wp-json\/wp\/v2\/comments?post=4599"}],"version-history":[{"count":3,"href":"https:\/\/cepronda.com\/blog\/wp-json\/wp\/v2\/posts\/4599\/revisions"}],"predecessor-version":[{"id":4603,"href":"https:\/\/cepronda.com\/blog\/wp-json\/wp\/v2\/posts\/4599\/revisions\/4603"}],"wp:featuredmedia":[{"embeddable":true,"href":"https:\/\/cepronda.com\/blog\/wp-json\/wp\/v2\/media\/4600"}],"wp:attachment":[{"href":"https:\/\/cepronda.com\/blog\/wp-json\/wp\/v2\/media?parent=4599"}],"wp:term":[{"taxonomy":"category","embeddable":true,"href":"https:\/\/cepronda.com\/blog\/wp-json\/wp\/v2\/categories?post=4599"},{"taxonomy":"post_tag","embeddable":true,"href":"https:\/\/cepronda.com\/blog\/wp-json\/wp\/v2\/tags?post=4599"}],"curies":[{"name":"wp","href":"https:\/\/api.w.org\/{rel}","templated":true}]}}