{"id":4590,"date":"2021-09-07T10:33:35","date_gmt":"2021-09-07T08:33:35","guid":{"rendered":"http:\/\/cepronda.com\/blog\/?p=4590"},"modified":"2021-09-07T11:55:29","modified_gmt":"2021-09-07T09:55:29","slug":"4590-2","status":"publish","type":"post","link":"https:\/\/cepronda.com\/blog\/4590-2\/","title":{"rendered":"JORNADAS DE DIFUSI\u00d3N DEL PROYECTO DE COMUNIDADES DE APRENDIZAJE."},"content":{"rendered":"<p>Buenos d\u00edas compa\u00f1eros y compa\u00f1eras, os informamos sobre unas jornadas con car\u00e1cter provincial para conocer a fondo las actuaciones de \u00e9xito del programa Comunidades de Aprendizaje.<\/p>\n<p>Es una oportunidad \u00fanica para acercarse a intervenciones rigurosas y atender adecuadamente la diversidad de nuestras aulas.<\/p>\n<p>Ser\u00e1n online, los d\u00edas 5 y 6 de octubre de 17:00 a 20:00 horas, y contaremos con la presencia virtual de Ram\u00f3n Flecha, adem\u00e1s de otras muchas experiencias de rigor. M\u00e1s informaci\u00f3n en el enlace de abajo.<\/p>\n<p>JORNADAS DE DIFUSI\u00d3N DEL PROGRAMA DE COMUNIDADES DE APRENDIZAJE<br \/>\nFecha de actividad: 05\/10\/2021 hasta 06\/10\/2021<br \/>\nFecha inscripci\u00f3n: 01\/09\/2021 hasta 27\/09\/2021<br \/>\n<a href=\"https:\/\/www.juntadeandalucia.es\/educacion\/secretariavirtual\/consultaCEP\/actividad\/222922GE001\/\">https:\/\/www.juntadeandalucia.es\/educacion\/secretariavirtual\/consultaCEP\/actividad\/222922GE001\/<\/a><\/p>\n<p><img data-recalc-dims=\"1\" loading=\"lazy\" decoding=\"async\" class=\"alignnone size-medium wp-image-4591\" src=\"https:\/\/i0.wp.com\/cepronda.com\/blog\/wp-content\/uploads\/2021\/09\/WhatsApp-Image-2021-09-06-at-10.57.12-300x300.jpeg?resize=300%2C300\" alt=\"\" width=\"300\" height=\"300\" srcset=\"https:\/\/i0.wp.com\/cepronda.com\/blog\/wp-content\/uploads\/2021\/09\/WhatsApp-Image-2021-09-06-at-10.57.12.jpeg?resize=300%2C300&amp;ssl=1 300w, https:\/\/i0.wp.com\/cepronda.com\/blog\/wp-content\/uploads\/2021\/09\/WhatsApp-Image-2021-09-06-at-10.57.12.jpeg?resize=1024%2C1024&amp;ssl=1 1024w, https:\/\/i0.wp.com\/cepronda.com\/blog\/wp-content\/uploads\/2021\/09\/WhatsApp-Image-2021-09-06-at-10.57.12.jpeg?resize=150%2C150&amp;ssl=1 150w, https:\/\/i0.wp.com\/cepronda.com\/blog\/wp-content\/uploads\/2021\/09\/WhatsApp-Image-2021-09-06-at-10.57.12.jpeg?resize=768%2C768&amp;ssl=1 768w, https:\/\/i0.wp.com\/cepronda.com\/blog\/wp-content\/uploads\/2021\/09\/WhatsApp-Image-2021-09-06-at-10.57.12.jpeg?resize=50%2C50&amp;ssl=1 50w, https:\/\/i0.wp.com\/cepronda.com\/blog\/wp-content\/uploads\/2021\/09\/WhatsApp-Image-2021-09-06-at-10.57.12.jpeg?w=1250&amp;ssl=1 1250w\" sizes=\"auto, (max-width: 300px) 100vw, 300px\" \/><\/p>\n","protected":false},"excerpt":{"rendered":"<p>Buenos d\u00edas compa\u00f1eros y compa\u00f1eras, os informamos sobre unas jornadas con car\u00e1cter provincial para conocer a fondo las actuaciones de \u00e9xito del programa Comunidades de Aprendizaje. Es una oportunidad \u00fanica para acercarse a intervenciones rigurosas y atender adecuadamente la diversidad de nuestras aulas. Ser\u00e1n online, los d\u00edas 5 y 6 de octubre de 17:00 a [&hellip;]<\/p>\n","protected":false},"author":9,"featured_media":4591,"comment_status":"closed","ping_status":"open","sticky":false,"template":"","format":"standard","meta":{"_crdt_document":"","advanced_seo_description":"","jetpack_seo_html_title":"","jetpack_seo_noindex":false,"jetpack_post_was_ever_published":false,"_jetpack_newsletter_access":"","_jetpack_dont_email_post_to_subs":false,"_jetpack_newsletter_tier_id":0,"_jetpack_memberships_contains_paywalled_content":false,"_jetpack_memberships_contains_paid_content":false,"footnotes":"","jetpack_publicize_message":"","jetpack_publicize_feature_enabled":true,"jetpack_social_post_already_shared":false,"jetpack_social_options":{"image_generator_settings":{"template":"highway","default_image_id":0,"font":"","enabled":false},"version":2}},"categories":[5],"tags":[],"class_list":{"0":"post-4590","1":"post","2":"type-post","3":"status-publish","4":"format-standard","5":"has-post-thumbnail","7":"category-noticias","8":"czr-hentry"},"jetpack_publicize_connections":[],"jetpack_featured_media_url":"https:\/\/i0.wp.com\/cepronda.com\/blog\/wp-content\/uploads\/2021\/09\/WhatsApp-Image-2021-09-06-at-10.57.12.jpeg?fit=1250%2C1250&ssl=1","jetpack_shortlink":"https:\/\/wp.me\/p8M4X7-1c2","jetpack-related-posts":[{"id":7507,"url":"https:\/\/cepronda.com\/blog\/jornadas-provinciales-de-difusion-y-buenas-practicas-de-centros-de-comunidades-de-aprendizaje\/","url_meta":{"origin":4590,"position":0},"title":"JORNADAS PROVINCIALES DE DIFUSI\u00d3N Y BUENAS PR\u00c1CTICAS DE CENTROS DE COMUNIDADES DE APRENDIZAJE","author":"Mamen Moreno","date":"15 marzo, 2024","format":false,"excerpt":"Abierto el plazo de inscripci\u00f3n hasta el 10 de abril para la actividad formativa provincial: \"JORNADAS PROVINCIALES DE DIFUSI\u00d3N Y BUENAS PR\u00c1CTICAS DE CENTROS DE COMUNIDADES DE APRENDIZAJE\" con c\u00f3digo 242926GE515. Organizan los CEPs de la provincia de M\u00e1laga y se desarrollar\u00e1 en las Escuelas de Ingenier\u00edas Industriales de M\u00e1laga\u2026","rel":"","context":"En \u00abNoticias\u00bb","block_context":{"text":"Noticias","link":"https:\/\/cepronda.com\/blog\/category\/noticias\/"},"img":{"alt_text":"","src":"https:\/\/i0.wp.com\/cepronda.com\/blog\/wp-content\/uploads\/2024\/03\/cartel-JORNADAS-PROVINCIALES-INFORMATIVAS-Y-DIFUSION-DE-BUENAS-PRACTICAS-DE-CENTROS-COMUNIDAD-DE-APRENDIZAJe_pages-to-jpg-0001-scaled.jpg?fit=848%2C1200&ssl=1&resize=350%2C200","width":350,"height":200,"srcset":"https:\/\/i0.wp.com\/cepronda.com\/blog\/wp-content\/uploads\/2024\/03\/cartel-JORNADAS-PROVINCIALES-INFORMATIVAS-Y-DIFUSION-DE-BUENAS-PRACTICAS-DE-CENTROS-COMUNIDAD-DE-APRENDIZAJe_pages-to-jpg-0001-scaled.jpg?fit=848%2C1200&ssl=1&resize=350%2C200 1x, https:\/\/i0.wp.com\/cepronda.com\/blog\/wp-content\/uploads\/2024\/03\/cartel-JORNADAS-PROVINCIALES-INFORMATIVAS-Y-DIFUSION-DE-BUENAS-PRACTICAS-DE-CENTROS-COMUNIDAD-DE-APRENDIZAJe_pages-to-jpg-0001-scaled.jpg?fit=848%2C1200&ssl=1&resize=525%2C300 1.5x, https:\/\/i0.wp.com\/cepronda.com\/blog\/wp-content\/uploads\/2024\/03\/cartel-JORNADAS-PROVINCIALES-INFORMATIVAS-Y-DIFUSION-DE-BUENAS-PRACTICAS-DE-CENTROS-COMUNIDAD-DE-APRENDIZAJe_pages-to-jpg-0001-scaled.jpg?fit=848%2C1200&ssl=1&resize=700%2C400 2x"},"classes":[]},{"id":9473,"url":"https:\/\/cepronda.com\/blog\/jj\/","url_meta":{"origin":4590,"position":1},"title":"I ENCUENTRO ANDALUZ DE COMUNIDADES DE APRENDIZAJE","author":"Encarni Jim\u00e9nez Rosado","date":"16 marzo, 2026","format":false,"excerpt":"Se encuentra abierto el plazo inscripci\u00f3n para el I ENCUENTRO ANDALUZ DE COMUNIDADES DE APRENDIZAJE, con c\u00f3digo 269908PA001. Actividad de \u00e1mbito regional. Responsable CEP C\u00f3rdoba. Fechas solicitud: 13\/03\/2026 hasta 23\/03\/2026 Fechas realizaci\u00f3n: 09\/04\/2026 hasta 10\/04\/2026 Dirigido a: Internivelar Para m\u00e1s info: https:\/\/secretariavirtual.juntadeandalucia.es\/secretariavirtual\/consultaCEP\/actividad\/269908PA001\/ \u00a0 \u00a0 \u00a0","rel":"","context":"En \u00abNoticias\u00bb","block_context":{"text":"Noticias","link":"https:\/\/cepronda.com\/blog\/category\/noticias\/"},"img":{"alt_text":"","src":"https:\/\/i0.wp.com\/cepronda.com\/blog\/wp-content\/uploads\/2026\/03\/Sin-titulo.png?fit=549%2C527&ssl=1&resize=350%2C200","width":350,"height":200,"srcset":"https:\/\/i0.wp.com\/cepronda.com\/blog\/wp-content\/uploads\/2026\/03\/Sin-titulo.png?fit=549%2C527&ssl=1&resize=350%2C200 1x, https:\/\/i0.wp.com\/cepronda.com\/blog\/wp-content\/uploads\/2026\/03\/Sin-titulo.png?fit=549%2C527&ssl=1&resize=525%2C300 1.5x"},"classes":[]},{"id":4430,"url":"https:\/\/cepronda.com\/blog\/jornadas-de-musica\/","url_meta":{"origin":4590,"position":2},"title":"JORNADAS DE M\u00daSICA","author":"Maribel Mu\u00f1oz","date":"16 abril, 2021","format":false,"excerpt":"Buenas tardes\u00a0 compa\u00f1eras y compa\u00f1eros, Os informamos que est\u00e1 abierto el plazo de inscripci\u00f3n de las JORNADAS DE M\u00daSICA.\u00a0 C\u00f3digo: 212925GE303.\u00a0 Es una formaci\u00f3n\u00a0 gestionada por el CEP de Antequera. Las fechas de la formaci\u00f3n son las siguientes:\u00a0 *Fecha actividad: 12\/05\/2021 y 13\/05\/2021 *Fecha inscripci\u00f3n: \u00a0hasta el 5 de mayo.\u2026","rel":"","context":"En \u00abFormaciones\u00bb","block_context":{"text":"Formaciones","link":"https:\/\/cepronda.com\/blog\/category\/formaciones\/"},"img":{"alt_text":"","src":"https:\/\/i0.wp.com\/cepronda.com\/blog\/wp-content\/uploads\/2021\/04\/photo_2021-04-16_13-09-15.jpg?fit=848%2C1200&ssl=1&resize=350%2C200","width":350,"height":200,"srcset":"https:\/\/i0.wp.com\/cepronda.com\/blog\/wp-content\/uploads\/2021\/04\/photo_2021-04-16_13-09-15.jpg?fit=848%2C1200&ssl=1&resize=350%2C200 1x, https:\/\/i0.wp.com\/cepronda.com\/blog\/wp-content\/uploads\/2021\/04\/photo_2021-04-16_13-09-15.jpg?fit=848%2C1200&ssl=1&resize=525%2C300 1.5x, https:\/\/i0.wp.com\/cepronda.com\/blog\/wp-content\/uploads\/2021\/04\/photo_2021-04-16_13-09-15.jpg?fit=848%2C1200&ssl=1&resize=700%2C400 2x"},"classes":[]},{"id":4981,"url":"https:\/\/cepronda.com\/blog\/diseno-universal-de-aprendizaje-dua-en-educacion-primaria-codigo-222924ge016\/","url_meta":{"origin":4590,"position":3},"title":"\u00abDISE\u00d1O UNIVERSAL DE APRENDIZAJE (DUA) EN EDUCACI\u00d3N PRIMARIA.\u00bb C\u00f3digo: 222924GE016.","author":"Inmaculada Garc\u00eda","date":"14 enero, 2022","format":false,"excerpt":"Buenos\u00a0 d\u00edas, compa\u00f1eras y compa\u00f1eros. Os recordamos que est\u00e1 abierto el plazo de inscripci\u00f3n en la actividad \u00abDISE\u00d1O UNIVERSAL DE APRENDIZAJE (DUA) EN EDUCACI\u00d3N PRIMARIA.\u00bb C\u00f3digo: 222924GE016. Es una actividad en modalidad de \u00abCurso Semipresencial\u00bb, las sesiones presenciales se desarrollar\u00e1n en la Sala de Videoconferencias del CEP de Ronda. Duraci\u00f3n\u2026","rel":"","context":"En \u00abNoticias\u00bb","block_context":{"text":"Noticias","link":"https:\/\/cepronda.com\/blog\/category\/noticias\/"},"img":{"alt_text":"","src":"https:\/\/i0.wp.com\/cepronda.com\/blog\/wp-content\/uploads\/2022\/01\/DISENO-UNIVERSAL-DE-APRENDIZAJE-DUA-EN-EDUCACION-PRIMARIA.-1.png?fit=848%2C1200&ssl=1&resize=350%2C200","width":350,"height":200,"srcset":"https:\/\/i0.wp.com\/cepronda.com\/blog\/wp-content\/uploads\/2022\/01\/DISENO-UNIVERSAL-DE-APRENDIZAJE-DUA-EN-EDUCACION-PRIMARIA.-1.png?fit=848%2C1200&ssl=1&resize=350%2C200 1x, https:\/\/i0.wp.com\/cepronda.com\/blog\/wp-content\/uploads\/2022\/01\/DISENO-UNIVERSAL-DE-APRENDIZAJE-DUA-EN-EDUCACION-PRIMARIA.-1.png?fit=848%2C1200&ssl=1&resize=525%2C300 1.5x, https:\/\/i0.wp.com\/cepronda.com\/blog\/wp-content\/uploads\/2022\/01\/DISENO-UNIVERSAL-DE-APRENDIZAJE-DUA-EN-EDUCACION-PRIMARIA.-1.png?fit=848%2C1200&ssl=1&resize=700%2C400 2x"},"classes":[]},{"id":5534,"url":"https:\/\/cepronda.com\/blog\/ii-jornadas-de-mediacion-escolar\/","url_meta":{"origin":4590,"position":4},"title":"II JORNADAS DE MEDIACI\u00d3N ESCOLAR","author":"Inmaculada Garc\u00eda","date":"28 octubre, 2022","format":false,"excerpt":"Buenos d\u00edas compa\u00f1eras y compa\u00f1eros, Os\u00a0 informamos que est\u00e1 abierto el plazo de inscripci\u00f3n en las II JORNADAS DE MEDIACI\u00d3N ESCOLAR,\u00a0 con c\u00f3digo 232922GE089. Fecha actividad: 16 y\u00a0 17 de noviembre del 2022. Fecha inscripci\u00f3n: 24\/10\/2022 hasta 10\/11\/2022 Lugar de realizaci\u00f3n: Facultad de Ciencias de la Educaci\u00f3n Inscripciones en el\u2026","rel":"","context":"En \u00abFormaciones\u00bb","block_context":{"text":"Formaciones","link":"https:\/\/cepronda.com\/blog\/category\/formaciones\/"},"img":{"alt_text":"","src":"https:\/\/i0.wp.com\/cepronda.com\/blog\/wp-content\/uploads\/2022\/11\/WhatsApp-Image-2022-10-28-at-08.42.57-212x300.jpeg?resize=350%2C200","width":350,"height":200},"classes":[]},{"id":4896,"url":"https:\/\/cepronda.com\/blog\/diseno-universal-de-aprendizaje-dua-en-educacion-secundaria\/","url_meta":{"origin":4590,"position":5},"title":"DISE\u00d1O UNIVERSAL DE APRENDIZAJE (DUA) EN EDUCACI\u00d3N SECUNDARIA.","author":"Inmaculada Garc\u00eda","date":"20 diciembre, 2021","format":false,"excerpt":"Os informamos que est\u00e1 abierto el plazo de inscripci\u00f3n en la actividad \u00abDISE\u00d1O UNIVERSAL DE APRENDIZAJE (DUA) EN EDUCACI\u00d3N SECUNDARIA.\u00bb C\u00f3digo: 222924GE017. Es una actividad en modalidad de \u00abCurso Semipresencial\u00bb, las sesiones presenciales se desarrollar\u00e1n en la Sala de Videoconferencias del CEP de Ronda. Las fechas de la formaci\u00f3n son\u2026","rel":"","context":"En \u00abFormaciones\u00bb","block_context":{"text":"Formaciones","link":"https:\/\/cepronda.com\/blog\/category\/formaciones\/"},"img":{"alt_text":"","src":"https:\/\/i0.wp.com\/cepronda.com\/blog\/wp-content\/uploads\/2022\/01\/DISENO-UNIVERSAL-DE-APRENDIZAJE-DUA-EN-EDUCACION-SECUNDARIA-1.png?fit=848%2C1200&ssl=1&resize=350%2C200","width":350,"height":200,"srcset":"https:\/\/i0.wp.com\/cepronda.com\/blog\/wp-content\/uploads\/2022\/01\/DISENO-UNIVERSAL-DE-APRENDIZAJE-DUA-EN-EDUCACION-SECUNDARIA-1.png?fit=848%2C1200&ssl=1&resize=350%2C200 1x, https:\/\/i0.wp.com\/cepronda.com\/blog\/wp-content\/uploads\/2022\/01\/DISENO-UNIVERSAL-DE-APRENDIZAJE-DUA-EN-EDUCACION-SECUNDARIA-1.png?fit=848%2C1200&ssl=1&resize=525%2C300 1.5x, https:\/\/i0.wp.com\/cepronda.com\/blog\/wp-content\/uploads\/2022\/01\/DISENO-UNIVERSAL-DE-APRENDIZAJE-DUA-EN-EDUCACION-SECUNDARIA-1.png?fit=848%2C1200&ssl=1&resize=700%2C400 2x"},"classes":[]}],"jetpack_sharing_enabled":true,"_links":{"self":[{"href":"https:\/\/cepronda.com\/blog\/wp-json\/wp\/v2\/posts\/4590","targetHints":{"allow":["GET"]}}],"collection":[{"href":"https:\/\/cepronda.com\/blog\/wp-json\/wp\/v2\/posts"}],"about":[{"href":"https:\/\/cepronda.com\/blog\/wp-json\/wp\/v2\/types\/post"}],"author":[{"embeddable":true,"href":"https:\/\/cepronda.com\/blog\/wp-json\/wp\/v2\/users\/9"}],"replies":[{"embeddable":true,"href":"https:\/\/cepronda.com\/blog\/wp-json\/wp\/v2\/comments?post=4590"}],"version-history":[{"count":2,"href":"https:\/\/cepronda.com\/blog\/wp-json\/wp\/v2\/posts\/4590\/revisions"}],"predecessor-version":[{"id":4593,"href":"https:\/\/cepronda.com\/blog\/wp-json\/wp\/v2\/posts\/4590\/revisions\/4593"}],"wp:featuredmedia":[{"embeddable":true,"href":"https:\/\/cepronda.com\/blog\/wp-json\/wp\/v2\/media\/4591"}],"wp:attachment":[{"href":"https:\/\/cepronda.com\/blog\/wp-json\/wp\/v2\/media?parent=4590"}],"wp:term":[{"taxonomy":"category","embeddable":true,"href":"https:\/\/cepronda.com\/blog\/wp-json\/wp\/v2\/categories?post=4590"},{"taxonomy":"post_tag","embeddable":true,"href":"https:\/\/cepronda.com\/blog\/wp-json\/wp\/v2\/tags?post=4590"}],"curies":[{"name":"wp","href":"https:\/\/api.w.org\/{rel}","templated":true}]}}