{"id":458,"date":"2016-12-13T10:29:41","date_gmt":"2016-12-13T09:29:41","guid":{"rendered":"http:\/\/cepronda.com\/blog\/?p=458"},"modified":"2016-12-13T10:29:41","modified_gmt":"2016-12-13T09:29:41","slug":"curso-de-disciplina-positiva-para-secundaria","status":"publish","type":"post","link":"https:\/\/cepronda.com\/blog\/curso-de-disciplina-positiva-para-secundaria\/","title":{"rendered":"Curso de disciplina positiva para Secundaria"},"content":{"rendered":"<p>\u00a1Seguimos con nuestro buen ritmo esta semana!<\/p>\n<p>Hoy os queremos informar de un curso muy muy interesante para el profesorado de Secundaria, que comenzaremos a la vuelta de las vacaciones de Navidad. \u00a0Se trata de un curso sobre <a href=\"https:\/\/www.juntadeandalucia.es\/educacion\/secretariavirtual\/consultaCEP\/actividad\/172924GE202\/\" target=\"_blank\">disciplina positiva en Secundaria<\/a>, enfocado de forma espec\u00edfica a nuestros y nuestras adolescentes. La ponente es <a href=\"https:\/\/www.facebook.com\/msotorueda\" target=\"_blank\">Macarena Soto<\/a>, una gran profesional, que nos aportar\u00e1 distintas estrategias a aplicar con el alumnado, teniendo siempre como base la neuropsicoeducaci\u00f3n.<\/p>\n<p>Os animamos a participar en el curso, porque adem\u00e1s de ser una ponente que transmite \u00a0de forma muy especial y amena, nos va a aportar muchas soluciones y explicaciones para todas aquellas situaciones que nos encontramos d\u00eda a d\u00eda en nuestras aulas y pasillos.<\/p>\n<p><img data-recalc-dims=\"1\" loading=\"lazy\" decoding=\"async\" class=\"aligncenter size-full wp-image-459\" src=\"https:\/\/i0.wp.com\/cepronda.com\/blog\/wp-content\/uploads\/2016\/12\/havefun-1754193_640.jpg?resize=640%2C480\" alt=\"havefun-1754193_640\" width=\"640\" height=\"480\" \/><\/p>\n<p>&nbsp;<\/p>\n","protected":false},"excerpt":{"rendered":"<p>\u00a1Seguimos con nuestro buen ritmo esta semana! Hoy os queremos informar de un curso muy muy interesante para el profesorado de Secundaria, que comenzaremos a la vuelta de las vacaciones de Navidad. \u00a0Se trata de un curso sobre disciplina positiva en Secundaria, enfocado de forma espec\u00edfica a nuestros y nuestras adolescentes. La ponente es Macarena [&hellip;]<\/p>\n","protected":false},"author":3,"featured_media":460,"comment_status":"open","ping_status":"open","sticky":false,"template":"","format":"standard","meta":{"_crdt_document":"","advanced_seo_description":"","jetpack_seo_html_title":"","jetpack_seo_noindex":false,"jetpack_post_was_ever_published":false,"_jetpack_newsletter_access":"","_jetpack_dont_email_post_to_subs":false,"_jetpack_newsletter_tier_id":0,"_jetpack_memberships_contains_paywalled_content":false,"_jetpack_memberships_contains_paid_content":false,"footnotes":"","jetpack_publicize_message":"","jetpack_publicize_feature_enabled":true,"jetpack_social_post_already_shared":false,"jetpack_social_options":{"image_generator_settings":{"template":"highway","default_image_id":0,"font":"","enabled":false},"version":2}},"categories":[3],"tags":[21,62],"class_list":{"0":"post-458","1":"post","2":"type-post","3":"status-publish","4":"format-standard","5":"has-post-thumbnail","7":"category-formaciones","8":"tag-disciplina-positiva","9":"tag-secundaria","10":"czr-hentry"},"jetpack_publicize_connections":[],"jetpack_featured_media_url":"","jetpack_shortlink":"https:\/\/wp.me\/p8M4X7-7o","jetpack-related-posts":[{"id":551,"url":"https:\/\/cepronda.com\/blog\/nuevos-cursos-en-enero\/","url_meta":{"origin":458,"position":0},"title":"Nuevos cursos en enero","author":"V\u00edctor Caballero","date":"23 diciembre, 2016","format":false,"excerpt":"\u00a1Muy buenas! Despedimos el a\u00f1o 2016 recordando todas las opciones de cursos que ten\u00e9is que comienzan en enero, y que seguro que os resultan interesantes. Si hac\u00e9is clic en cada una de las pesta\u00f1as de abajo podr\u00e9is ver la informaci\u00f3n de cada uno. \u00a0 Adem\u00e1s aprovechamos para desearos FELICES FIESTAS\u2026","rel":"","context":"En \u00abFormaciones\u00bb","block_context":{"text":"Formaciones","link":"https:\/\/cepronda.com\/blog\/category\/formaciones\/"},"img":{"alt_text":"","src":"","width":0,"height":0},"classes":[]},{"id":462,"url":"https:\/\/cepronda.com\/blog\/curso-de-disciplina-positiva-en-primaria\/","url_meta":{"origin":458,"position":1},"title":"CURSO DE DISCIPLINA POSITIVA PARA PRIMARIA","author":"V\u00edctor Caballero","date":"13 diciembre, 2016","format":false,"excerpt":"Abierto tambi\u00e9n el plazo de solicitudes para el curso Disciplina positiva en Primaria, que comenzaremos a la vuelta de las vacaciones de Navidad. (el 26 de Enero). Este curso ya va por su segunda edici\u00f3n por el \u00e9xito cosechado en a\u00f1os anteriores. Impartido por Macarena Soto, una gran profesional, nos\u2026","rel":"","context":"En \u00abFormaciones\u00bb","block_context":{"text":"Formaciones","link":"https:\/\/cepronda.com\/blog\/category\/formaciones\/"},"img":{"alt_text":"heart-762564_1280","src":"https:\/\/i0.wp.com\/cepronda.com\/blog\/wp-content\/uploads\/2016\/12\/heart-762564_1280-300x200.jpg?resize=350%2C200","width":350,"height":200},"classes":[]},{"id":699,"url":"https:\/\/cepronda.com\/blog\/curso-apps-para-educacion-secundaria\/","url_meta":{"origin":458,"position":2},"title":"Curso Apps para Educaci\u00f3n Secundaria","author":"V\u00edctor Caballero","date":"23 febrero, 2017","format":false,"excerpt":"\u00a1Hola! Antes de irnos en nuestra merecida semanita de vacaciones, os dejamos con este curso dirigido espec\u00edficamente al profesorado de Secundaria, y donde podremos conocer y profundizar en distintas aplicaciones educativas que nos pueden ayudar en nuestra labor diaria con el alumnado y en la preparaci\u00f3n de nuestras clases. Al\u2026","rel":"","context":"En \u00abFormaciones\u00bb","block_context":{"text":"Formaciones","link":"https:\/\/cepronda.com\/blog\/category\/formaciones\/"},"img":{"alt_text":"","src":"","width":0,"height":0},"classes":[]},{"id":7905,"url":"https:\/\/cepronda.com\/blog\/impulso-del-razonamiento-matematico-en-secundaria-resolucion-de-problemas-y-evaluacion-de-procesos\/","url_meta":{"origin":458,"position":3},"title":"IMPULSO DEL RAZONAMIENTO MATEM\u00c1TICO EN SECUNDARIA: RESOLUCI\u00d3N DE PROBLEMAS Y EVALUACI\u00d3N DE PROCESOS","author":"Mamen Moreno","date":"4 diciembre, 2024","format":false,"excerpt":"Abierto el plazo de solicitudes para el curso \"IMPULSO DEL RAZONAMIENTO MATEM\u00c1TICO EN SECUNDARIA: RESOLUCI\u00d3N DE PROBLEMAS Y EVALUACI\u00d3N DE PROCESOS\"\u00a0 c\u00f3digo 252924GE050 Ponente: Jos\u00e9 Mar\u00eda V\u00e1zquez De la Torre Prieto Dirigido: Profesorado de Secundaria Inscripciones:\u00a0desde el 4 de noviembre hasta el 10 de enero de 2025 Lugar: Videoconferencias Sesiones\u2026","rel":"","context":"En \u00abFormaciones\u00bb","block_context":{"text":"Formaciones","link":"https:\/\/cepronda.com\/blog\/category\/formaciones\/"},"img":{"alt_text":"","src":"https:\/\/i0.wp.com\/cepronda.com\/blog\/wp-content\/uploads\/2024\/12\/Documento-A4-Portada-Proyecto-Matematicas-Ilustrado-Negro-Post-de-Instagram-1.jpg?fit=1080%2C1080&ssl=1&resize=350%2C200","width":350,"height":200,"srcset":"https:\/\/i0.wp.com\/cepronda.com\/blog\/wp-content\/uploads\/2024\/12\/Documento-A4-Portada-Proyecto-Matematicas-Ilustrado-Negro-Post-de-Instagram-1.jpg?fit=1080%2C1080&ssl=1&resize=350%2C200 1x, https:\/\/i0.wp.com\/cepronda.com\/blog\/wp-content\/uploads\/2024\/12\/Documento-A4-Portada-Proyecto-Matematicas-Ilustrado-Negro-Post-de-Instagram-1.jpg?fit=1080%2C1080&ssl=1&resize=525%2C300 1.5x, https:\/\/i0.wp.com\/cepronda.com\/blog\/wp-content\/uploads\/2024\/12\/Documento-A4-Portada-Proyecto-Matematicas-Ilustrado-Negro-Post-de-Instagram-1.jpg?fit=1080%2C1080&ssl=1&resize=700%2C400 2x, https:\/\/i0.wp.com\/cepronda.com\/blog\/wp-content\/uploads\/2024\/12\/Documento-A4-Portada-Proyecto-Matematicas-Ilustrado-Negro-Post-de-Instagram-1.jpg?fit=1080%2C1080&ssl=1&resize=1050%2C600 3x"},"classes":[]},{"id":614,"url":"https:\/\/cepronda.com\/blog\/semana-muy-intensa\/","url_meta":{"origin":458,"position":4},"title":"Semana muy intensa","author":"V\u00edctor Caballero","date":"30 enero, 2017","format":false,"excerpt":"Muy buenas, Seguimos con las actividad intensa con la que hemos comenzado este trimestre, y con la que esperamos poder satisfacer vuestras demandas e intereses. Hoy lunes tenemos la primera sesi\u00f3n del curso \"Cuaderno del Profesor de Seneca-Pasen\", donde aprenderemos a usar esta potente herramienta, y como nos puede facilitar\u2026","rel":"","context":"En \u00abNoticias\u00bb","block_context":{"text":"Noticias","link":"https:\/\/cepronda.com\/blog\/category\/noticias\/"},"img":{"alt_text":"","src":"","width":0,"height":0},"classes":[]},{"id":1662,"url":"https:\/\/cepronda.com\/blog\/aprendizaje-basado-en-proyectos-en-secundaria\/","url_meta":{"origin":458,"position":5},"title":"Aprendizaje basado en proyectos en Secundaria","author":"V\u00edctor Caballero","date":"3 abril, 2018","format":false,"excerpt":"Muy buenas, Queremos comunicaros que para el profesorado de Educaci\u00f3n Secundaria tenemos en marcha un curso de Aprendizaje basado en Proyectos. Hemos cambiado algunas fechas para facilitaros vuestra asistencia al mismo, s\u00f3lo ten\u00e9is que seguir este enlace para inscribiros y poder estudiar todos los detalles de la actividad. \u00a1Os animamos\u2026","rel":"","context":"En \u00abFormaciones\u00bb","block_context":{"text":"Formaciones","link":"https:\/\/cepronda.com\/blog\/category\/formaciones\/"},"img":{"alt_text":"","src":"https:\/\/i0.wp.com\/cepronda.com\/blog\/wp-content\/uploads\/2018\/04\/ABP-secundaria.png?fit=800%2C800&ssl=1&resize=350%2C200","width":350,"height":200,"srcset":"https:\/\/i0.wp.com\/cepronda.com\/blog\/wp-content\/uploads\/2018\/04\/ABP-secundaria.png?fit=800%2C800&ssl=1&resize=350%2C200 1x, https:\/\/i0.wp.com\/cepronda.com\/blog\/wp-content\/uploads\/2018\/04\/ABP-secundaria.png?fit=800%2C800&ssl=1&resize=525%2C300 1.5x, https:\/\/i0.wp.com\/cepronda.com\/blog\/wp-content\/uploads\/2018\/04\/ABP-secundaria.png?fit=800%2C800&ssl=1&resize=700%2C400 2x"},"classes":[]}],"jetpack_sharing_enabled":true,"_links":{"self":[{"href":"https:\/\/cepronda.com\/blog\/wp-json\/wp\/v2\/posts\/458","targetHints":{"allow":["GET"]}}],"collection":[{"href":"https:\/\/cepronda.com\/blog\/wp-json\/wp\/v2\/posts"}],"about":[{"href":"https:\/\/cepronda.com\/blog\/wp-json\/wp\/v2\/types\/post"}],"author":[{"embeddable":true,"href":"https:\/\/cepronda.com\/blog\/wp-json\/wp\/v2\/users\/3"}],"replies":[{"embeddable":true,"href":"https:\/\/cepronda.com\/blog\/wp-json\/wp\/v2\/comments?post=458"}],"version-history":[{"count":0,"href":"https:\/\/cepronda.com\/blog\/wp-json\/wp\/v2\/posts\/458\/revisions"}],"wp:featuredmedia":[{"embeddable":true,"href":"https:\/\/cepronda.com\/blog\/wp-json\/"}],"wp:attachment":[{"href":"https:\/\/cepronda.com\/blog\/wp-json\/wp\/v2\/media?parent=458"}],"wp:term":[{"taxonomy":"category","embeddable":true,"href":"https:\/\/cepronda.com\/blog\/wp-json\/wp\/v2\/categories?post=458"},{"taxonomy":"post_tag","embeddable":true,"href":"https:\/\/cepronda.com\/blog\/wp-json\/wp\/v2\/tags?post=458"}],"curies":[{"name":"wp","href":"https:\/\/api.w.org\/{rel}","templated":true}]}}