{"id":4550,"date":"2021-07-02T09:34:40","date_gmt":"2021-07-02T07:34:40","guid":{"rendered":"http:\/\/cepronda.com\/blog\/?p=4550"},"modified":"2021-07-02T09:34:40","modified_gmt":"2021-07-02T07:34:40","slug":"guias-digitales-ceip-virgen-de-la-aurora-escuelas-transformadoras","status":"publish","type":"post","link":"https:\/\/cepronda.com\/blog\/guias-digitales-ceip-virgen-de-la-aurora-escuelas-transformadoras\/","title":{"rendered":"GU\u00cdAS DIGITALES-CEIP Virgen de la Aurora-ESCUELAS TRANSFORMADORAS"},"content":{"rendered":"<p>Buenas tardes compa\u00f1eras y compa\u00f1eros,<\/p>\n<p>Queremos compartir los siguientes materiales elaborados por el alumnado del CEIP Virgen de la Aurora de Arriate, dentro de la FC Escuelas Transformadoras, llevada a cabo en el centro durante los dos \u00faltimos cursos (19\/20-20\/21)<\/p>\n<p>GU\u00cdAS DIGITALES DE ARRIATE<\/p>\n<p>TRABAJOS FIN DEL PROYECTO:<\/p>\n<p>\u00abArriate, Nuestro Entorno\u00bb&nbsp;<\/p>\n<p>Clase 6\u00baC, CEIP Virgen de la Aurora, Arriate<\/p>\n<p>Mar\u00eda Garc\u00eda Ayala:<\/p>\n<p><a href=\"https:\/\/view.genial.ly\/608003e7765d060d255b3185\/presentation-mi-guia-de-arriate-maria-garcia-ayala\" target=\"_blank\" rel=\"noopener\" data-saferedirecturl=\"https:\/\/www.google.com\/url?q=https:\/\/view.genial.ly\/608003e7765d060d255b3185\/presentation-mi-guia-de-arriate-maria-garcia-ayala&amp;source=gmail&amp;ust=1625224753929000&amp;usg=AFQjCNG2NTjmLEruulj86oRWiLUWq6QRNw\">https:\/\/view.genial.ly\/<wbr>608003e7765d060d255b3185\/<wbr>presentation-mi-guia-de-<wbr>arriate-maria-garcia-ayala<\/a><\/p>\n<p>Ana Ram\u00edrez Garc\u00eda<\/p>\n<p><a href=\"https:\/\/view.genial.ly\/60800c13c6f61c0d33d210c8\/presentation-guia-turistica-de-arriate-ana-ramirez\" target=\"_blank\" rel=\"noopener\" data-saferedirecturl=\"https:\/\/www.google.com\/url?q=https:\/\/view.genial.ly\/60800c13c6f61c0d33d210c8\/presentation-guia-turistica-de-arriate-ana-ramirez&amp;source=gmail&amp;ust=1625224753929000&amp;usg=AFQjCNGZtlX5WSOq37w78yEQW-Jr1FgxnQ\">https:\/\/view.genial.ly\/<wbr>60800c13c6f61c0d33d210c8\/<wbr>presentation-guia-turistica-<wbr>de-arriate-ana-ramirez<\/a><\/p>\n<p>Claudia Zambrana Pimentel:<\/p>\n<p><a href=\"https:\/\/view.genial.ly\/6080038281ec650d3bc01b89\/presentation-mi-guia-de-arriate-claudia-z-\" target=\"_blank\" rel=\"noopener\" data-saferedirecturl=\"https:\/\/www.google.com\/url?q=https:\/\/view.genial.ly\/6080038281ec650d3bc01b89\/presentation-mi-guia-de-arriate-claudia-z-&amp;source=gmail&amp;ust=1625224753929000&amp;usg=AFQjCNG8OuVMMdvFFilRcDBahqLHATwsHA\">https:\/\/view.genial.ly\/<wbr>6080038281ec650d3bc01b89\/<wbr>presentation-mi-guia-de-<wbr>arriate-claudia-z-<\/a><\/p>\n<p>Clara Guti\u00e9rrez Moreno<\/p>\n<p><a href=\"https:\/\/view.genial.ly\/608005e4765d060d255b31e1\/presentation-mi-guia-de-arriate-clara-gutierrez\" target=\"_blank\" rel=\"noopener\" data-saferedirecturl=\"https:\/\/www.google.com\/url?q=https:\/\/view.genial.ly\/608005e4765d060d255b31e1\/presentation-mi-guia-de-arriate-clara-gutierrez&amp;source=gmail&amp;ust=1625224753929000&amp;usg=AFQjCNEl8crGD0ROhCojSzsWSGGFozOlpQ\">https:\/\/view.genial.ly\/<wbr>608005e4765d060d255b31e1\/<wbr>presentation-mi-guia-de-<wbr>arriate-clara-gutierrez<\/a><\/p>\n<p>Amanda Serrato Racero<\/p>\n<p><a href=\"https:\/\/view.genial.ly\/60800424fef9b60d2c50d414\/presentation-mi-guia-de-arriate-amanda-serrato-racero\" target=\"_blank\" rel=\"noopener\" data-saferedirecturl=\"https:\/\/www.google.com\/url?q=https:\/\/view.genial.ly\/60800424fef9b60d2c50d414\/presentation-mi-guia-de-arriate-amanda-serrato-racero&amp;source=gmail&amp;ust=1625224753929000&amp;usg=AFQjCNG4TcwtsWK_nGixvMD0uXLyvdDqfw\">https:\/\/view.genial.ly\/<wbr>60800424fef9b60d2c50d414\/<wbr>presentation-mi-guia-de-<wbr>arriate-amanda-serrato-racero<\/a><\/p>\n<p>&nbsp;<\/p>\n<p>Deseamos que sea de vuestro inter\u00e9s.<\/p>\n<p>Un saludo.<\/p>\n<p><img data-recalc-dims=\"1\" loading=\"lazy\" decoding=\"async\" class=\" wp-image-3495 aligncenter\" src=\"https:\/\/i0.wp.com\/cepronda.com\/blog\/wp-content\/uploads\/2020\/03\/S%C2%B0mbolo-gen%C3%87rico-RRSS-redondo-negativo-300x300.png?resize=189%2C189\" alt=\"\" width=\"189\" height=\"189\" srcset=\"https:\/\/i0.wp.com\/cepronda.com\/blog\/wp-content\/uploads\/2020\/03\/S%C2%B0mbolo-gen%C3%87rico-RRSS-redondo-negativo.png?resize=300%2C300&amp;ssl=1 300w, https:\/\/i0.wp.com\/cepronda.com\/blog\/wp-content\/uploads\/2020\/03\/S%C2%B0mbolo-gen%C3%87rico-RRSS-redondo-negativo.png?resize=1024%2C1024&amp;ssl=1 1024w, https:\/\/i0.wp.com\/cepronda.com\/blog\/wp-content\/uploads\/2020\/03\/S%C2%B0mbolo-gen%C3%87rico-RRSS-redondo-negativo.png?resize=150%2C150&amp;ssl=1 150w, https:\/\/i0.wp.com\/cepronda.com\/blog\/wp-content\/uploads\/2020\/03\/S%C2%B0mbolo-gen%C3%87rico-RRSS-redondo-negativo.png?resize=768%2C768&amp;ssl=1 768w, https:\/\/i0.wp.com\/cepronda.com\/blog\/wp-content\/uploads\/2020\/03\/S%C2%B0mbolo-gen%C3%87rico-RRSS-redondo-negativo.png?resize=50%2C50&amp;ssl=1 50w, https:\/\/i0.wp.com\/cepronda.com\/blog\/wp-content\/uploads\/2020\/03\/S%C2%B0mbolo-gen%C3%87rico-RRSS-redondo-negativo.png?w=1500&amp;ssl=1 1500w\" sizes=\"auto, (max-width: 189px) 100vw, 189px\" \/><\/p>\n","protected":false},"excerpt":{"rendered":"<p>Buenas tardes compa\u00f1eras y compa\u00f1eros, Queremos compartir los siguientes materiales elaborados por el alumnado del CEIP Virgen de la Aurora de Arriate, dentro de la FC Escuelas Transformadoras, llevada a cabo en el centro durante los dos \u00faltimos cursos (19\/20-20\/21) GU\u00cdAS DIGITALES DE ARRIATE TRABAJOS FIN DEL PROYECTO: \u00abArriate, Nuestro Entorno\u00bb&nbsp; Clase 6\u00baC, CEIP Virgen [&hellip;]<\/p>\n","protected":false},"author":10,"featured_media":3495,"comment_status":"closed","ping_status":"open","sticky":false,"template":"","format":"standard","meta":{"_crdt_document":"","advanced_seo_description":"","jetpack_seo_html_title":"","jetpack_seo_noindex":false,"jetpack_post_was_ever_published":false,"_jetpack_newsletter_access":"","_jetpack_dont_email_post_to_subs":false,"_jetpack_newsletter_tier_id":0,"_jetpack_memberships_contains_paywalled_content":false,"_jetpack_memberships_contains_paid_content":false,"footnotes":"","jetpack_publicize_message":"","jetpack_publicize_feature_enabled":true,"jetpack_social_post_already_shared":true,"jetpack_social_options":{"image_generator_settings":{"template":"highway","default_image_id":0,"font":"","enabled":false},"version":2}},"categories":[5],"tags":[],"class_list":{"0":"post-4550","1":"post","2":"type-post","3":"status-publish","4":"format-standard","5":"has-post-thumbnail","7":"category-noticias","8":"czr-hentry"},"jetpack_publicize_connections":[],"jetpack_featured_media_url":"https:\/\/i0.wp.com\/cepronda.com\/blog\/wp-content\/uploads\/2020\/03\/S%C2%B0mbolo-gen%C3%87rico-RRSS-redondo-negativo.png?fit=1500%2C1500&ssl=1","jetpack_shortlink":"https:\/\/wp.me\/p8M4X7-1bo","jetpack-related-posts":[{"id":2917,"url":"https:\/\/cepronda.com\/blog\/video-en-el-ceip-virgen-de-la-aurora-de-arriate\/","url_meta":{"origin":4550,"position":0},"title":"V\u00eddeo en el CEIP Virgen de la Aurora de Arriate","author":"V\u00edctor Caballero","date":"21 junio, 2019","format":false,"excerpt":"Y siguiendo con la \"ruta\" de vuestras actividades finales de curso nos desplazamos a Arriate. En este caso, y enmarcada dentro del proyecto \"Vac\u00fanate con la igualdad\" que en el pueblo de Arriate est\u00e1n llevando a cabo, y del que el colegio es uno de los motores principales; se est\u00e1\u2026","rel":"","context":"En \u00abNoticias\u00bb","block_context":{"text":"Noticias","link":"https:\/\/cepronda.com\/blog\/category\/noticias\/"},"img":{"alt_text":"","src":"https:\/\/i0.wp.com\/cepronda.com\/blog\/wp-content\/uploads\/2017\/05\/silhouettes-1186990_640.png?fit=640%2C496&ssl=1&resize=350%2C200","width":350,"height":200,"srcset":"https:\/\/i0.wp.com\/cepronda.com\/blog\/wp-content\/uploads\/2017\/05\/silhouettes-1186990_640.png?fit=640%2C496&ssl=1&resize=350%2C200 1x, https:\/\/i0.wp.com\/cepronda.com\/blog\/wp-content\/uploads\/2017\/05\/silhouettes-1186990_640.png?fit=640%2C496&ssl=1&resize=525%2C300 1.5x"},"classes":[]},{"id":3583,"url":"https:\/\/cepronda.com\/blog\/radio-escolar-del-ceip-virgen-de-la-aurora\/","url_meta":{"origin":4550,"position":1},"title":"Radio escolar del CEIP Virgen de la Aurora","author":"V\u00edctor Caballero","date":"14 mayo, 2020","format":false,"excerpt":"\u00a1Buenos d\u00edas! El alumnado de 4\u00ba A del CEIP Virgen de la Aurora de Arriate, junto con su maestro Juan Antonio Moreno, inicia un proyecto de\u00a0 RADIO ESCOLAR durante este confinamiento para seguir trabajando de manera competencial bajo la metodolog\u00eda de\u00a0 Aprendizaje Basado en Proyectos, con el objetivo de afianzar\u2026","rel":"","context":"En \u00abNoticias\u00bb","block_context":{"text":"Noticias","link":"https:\/\/cepronda.com\/blog\/category\/noticias\/"},"img":{"alt_text":"","src":"https:\/\/i0.wp.com\/cepronda.com\/blog\/wp-content\/uploads\/2020\/05\/radio-4333412_1920.jpg?fit=1200%2C800&ssl=1&resize=350%2C200","width":350,"height":200,"srcset":"https:\/\/i0.wp.com\/cepronda.com\/blog\/wp-content\/uploads\/2020\/05\/radio-4333412_1920.jpg?fit=1200%2C800&ssl=1&resize=350%2C200 1x, https:\/\/i0.wp.com\/cepronda.com\/blog\/wp-content\/uploads\/2020\/05\/radio-4333412_1920.jpg?fit=1200%2C800&ssl=1&resize=525%2C300 1.5x, https:\/\/i0.wp.com\/cepronda.com\/blog\/wp-content\/uploads\/2020\/05\/radio-4333412_1920.jpg?fit=1200%2C800&ssl=1&resize=700%2C400 2x, https:\/\/i0.wp.com\/cepronda.com\/blog\/wp-content\/uploads\/2020\/05\/radio-4333412_1920.jpg?fit=1200%2C800&ssl=1&resize=1050%2C600 3x"},"classes":[]},{"id":5838,"url":"https:\/\/cepronda.com\/blog\/entrega-de-premios-paraiso-reconocimiento-a-la-labor-bibliotecaria-y-premios-de-ilustracion-literaria\/","url_meta":{"origin":4550,"position":2},"title":"ENTREGA DE PREMIOS PARA\u00cdSO: RECONOCIMIENTO A LA LABOR BIBLIOTECARIA y PREMIOS DE ILUSTRACI\u00d3N LITERARIA.","author":"Inmaculada Garc\u00eda","date":"16 marzo, 2023","format":false,"excerpt":"[ngg src=\"galleries\" ids=\"29\" display=\"basic_slideshow\"]Buenos d\u00edas. Hoy es un d\u00eda especial, ya que se celebra el evento de reconocimiento #PremiosPara\u00edso y \u00a0de los VI Premios Ilustraci\u00f3n Literaria, en el Auditorio Edgar Neville. En esta edici\u00f3n, varios de los premiados son centros de la Serran\u00eda de Ronda: Para\u00edso Fomento de la Lectura:\u2026","rel":"","context":"En \u00abNoticias\u00bb","block_context":{"text":"Noticias","link":"https:\/\/cepronda.com\/blog\/category\/noticias\/"},"img":{"alt_text":"","src":"","width":0,"height":0},"classes":[]},{"id":3500,"url":"https:\/\/cepronda.com\/blog\/ideas-de-nuestros-centros-en-esta-primera-semana-de-confinamiento\/","url_meta":{"origin":4550,"position":3},"title":"Ideas de nuestros centros en esta primera semana de confinamiento","author":"V\u00edctor Caballero","date":"21 marzo, 2020","format":false,"excerpt":"Muy buenas, compartimos con todos y todas vosotras distintas iniciativas de distintos centros que nos est\u00e1n llegando, y que creemos que son muy interesantes y pueden ayudarnos en estos momentos tan complicados. V\u00eddeo de \u00e1nimo del CEIP Virgen de la Cabeza https:\/\/www.youtube.com\/watch?v=i_6gnaHD-5o&feature=youtu.be Reto de m\u00fasica del CEIP Virgen de la\u2026","rel":"","context":"En \u00abNoticias\u00bb","block_context":{"text":"Noticias","link":"https:\/\/cepronda.com\/blog\/category\/noticias\/"},"img":{"alt_text":"","src":"https:\/\/i0.wp.com\/cepronda.com\/blog\/wp-content\/uploads\/2020\/02\/Logo_twitter_cep_ronda-INSTITUCIONAL-Transparente.png?fit=546%2C563&ssl=1&resize=350%2C200","width":350,"height":200,"srcset":"https:\/\/i0.wp.com\/cepronda.com\/blog\/wp-content\/uploads\/2020\/02\/Logo_twitter_cep_ronda-INSTITUCIONAL-Transparente.png?fit=546%2C563&ssl=1&resize=350%2C200 1x, https:\/\/i0.wp.com\/cepronda.com\/blog\/wp-content\/uploads\/2020\/02\/Logo_twitter_cep_ronda-INSTITUCIONAL-Transparente.png?fit=546%2C563&ssl=1&resize=525%2C300 1.5x"},"classes":[]},{"id":7609,"url":"https:\/\/cepronda.com\/blog\/celebrando-una-jornada-erasmus-de-colaboracion-educativa-en-el-ceip-virgen-de-la-concepcion-de-montejaque-con-una-experta-invitada-europea\/","url_meta":{"origin":4550,"position":4},"title":"\u00a1Celebrando una jornada Erasmus de colaboraci\u00f3n educativa en el CEIP Virgen de la Concepci\u00f3n de Montejaque, con una experta invitada europea!","author":"Inmaculada Garc\u00eda","date":"8 mayo, 2024","format":false,"excerpt":"El CEP de Ronda est\u00e1 de enhorabuena por haber coordinado y fomentado la jornada de trabajo con diversos centros de la zona, en colaboraci\u00f3n con la experta invitada europea del consorcio Erasmus MEP Rural, Vittoria Volterrani. El ambiente en el CEIP Virgen de la Concepci\u00f3n fue inspirador, con una acogida\u2026","rel":"","context":"En \u00abFormaciones\u00bb","block_context":{"text":"Formaciones","link":"https:\/\/cepronda.com\/blog\/category\/formaciones\/"},"img":{"alt_text":"","src":"https:\/\/i0.wp.com\/cepronda.com\/blog\/wp-content\/uploads\/2024\/05\/WhatsApp-Image-2024-05-08-at-12.20.15.jpeg?fit=1200%2C900&ssl=1&resize=350%2C200","width":350,"height":200,"srcset":"https:\/\/i0.wp.com\/cepronda.com\/blog\/wp-content\/uploads\/2024\/05\/WhatsApp-Image-2024-05-08-at-12.20.15.jpeg?fit=1200%2C900&ssl=1&resize=350%2C200 1x, https:\/\/i0.wp.com\/cepronda.com\/blog\/wp-content\/uploads\/2024\/05\/WhatsApp-Image-2024-05-08-at-12.20.15.jpeg?fit=1200%2C900&ssl=1&resize=525%2C300 1.5x, https:\/\/i0.wp.com\/cepronda.com\/blog\/wp-content\/uploads\/2024\/05\/WhatsApp-Image-2024-05-08-at-12.20.15.jpeg?fit=1200%2C900&ssl=1&resize=700%2C400 2x, https:\/\/i0.wp.com\/cepronda.com\/blog\/wp-content\/uploads\/2024\/05\/WhatsApp-Image-2024-05-08-at-12.20.15.jpeg?fit=1200%2C900&ssl=1&resize=1050%2C600 3x"},"classes":[]},{"id":5314,"url":"https:\/\/cepronda.com\/blog\/la-serrania-innova-aprendizaje-cooperativo-en-secundaria\/","url_meta":{"origin":4550,"position":5},"title":"LA SERRAN\u00cdA INNOVA. APRENDIZAJE COOPERATIVO EN SECUNDARIA.","author":"Inmaculada Garc\u00eda","date":"16 mayo, 2022","format":false,"excerpt":"Estimados compa\u00f1eros y compa\u00f1eras, volvemos un lunes m\u00e1s con nuestros v\u00eddeos de LA SERRAN\u00cdA INNOVA, Metodolog\u00edas Emergentes en la Serran\u00eda de Ronda.\u00a0 En esta ocasi\u00f3n, nuestro compa\u00f1ero Francisco Castillo del IES Escultor Mar\u00edn Higuero (Arriate) nos cuenta c\u00f3mo lleva a la pr\u00e1ctica el Aprendizaje Cooperativo en las aulas de secundaria.\u00a0\u2026","rel":"","context":"En \u00abNoticias\u00bb","block_context":{"text":"Noticias","link":"https:\/\/cepronda.com\/blog\/category\/noticias\/"},"img":{"alt_text":"","src":"https:\/\/i0.wp.com\/cepronda.com\/blog\/wp-content\/uploads\/2022\/05\/Captura-de-pantalla-108.png?fit=1200%2C677&ssl=1&resize=350%2C200","width":350,"height":200,"srcset":"https:\/\/i0.wp.com\/cepronda.com\/blog\/wp-content\/uploads\/2022\/05\/Captura-de-pantalla-108.png?fit=1200%2C677&ssl=1&resize=350%2C200 1x, https:\/\/i0.wp.com\/cepronda.com\/blog\/wp-content\/uploads\/2022\/05\/Captura-de-pantalla-108.png?fit=1200%2C677&ssl=1&resize=525%2C300 1.5x, https:\/\/i0.wp.com\/cepronda.com\/blog\/wp-content\/uploads\/2022\/05\/Captura-de-pantalla-108.png?fit=1200%2C677&ssl=1&resize=700%2C400 2x, https:\/\/i0.wp.com\/cepronda.com\/blog\/wp-content\/uploads\/2022\/05\/Captura-de-pantalla-108.png?fit=1200%2C677&ssl=1&resize=1050%2C600 3x"},"classes":[]}],"jetpack_sharing_enabled":true,"_links":{"self":[{"href":"https:\/\/cepronda.com\/blog\/wp-json\/wp\/v2\/posts\/4550","targetHints":{"allow":["GET"]}}],"collection":[{"href":"https:\/\/cepronda.com\/blog\/wp-json\/wp\/v2\/posts"}],"about":[{"href":"https:\/\/cepronda.com\/blog\/wp-json\/wp\/v2\/types\/post"}],"author":[{"embeddable":true,"href":"https:\/\/cepronda.com\/blog\/wp-json\/wp\/v2\/users\/10"}],"replies":[{"embeddable":true,"href":"https:\/\/cepronda.com\/blog\/wp-json\/wp\/v2\/comments?post=4550"}],"version-history":[{"count":3,"href":"https:\/\/cepronda.com\/blog\/wp-json\/wp\/v2\/posts\/4550\/revisions"}],"predecessor-version":[{"id":4554,"href":"https:\/\/cepronda.com\/blog\/wp-json\/wp\/v2\/posts\/4550\/revisions\/4554"}],"wp:featuredmedia":[{"embeddable":true,"href":"https:\/\/cepronda.com\/blog\/wp-json\/wp\/v2\/media\/3495"}],"wp:attachment":[{"href":"https:\/\/cepronda.com\/blog\/wp-json\/wp\/v2\/media?parent=4550"}],"wp:term":[{"taxonomy":"category","embeddable":true,"href":"https:\/\/cepronda.com\/blog\/wp-json\/wp\/v2\/categories?post=4550"},{"taxonomy":"post_tag","embeddable":true,"href":"https:\/\/cepronda.com\/blog\/wp-json\/wp\/v2\/tags?post=4550"}],"curies":[{"name":"wp","href":"https:\/\/api.w.org\/{rel}","templated":true}]}}