{"id":4532,"date":"2021-05-18T16:33:57","date_gmt":"2021-05-18T14:33:57","guid":{"rendered":"http:\/\/cepronda.com\/blog\/?p=4532"},"modified":"2021-05-18T16:33:57","modified_gmt":"2021-05-18T14:33:57","slug":"ilustrandonos-con-los-poetas-de-la-serrania","status":"publish","type":"post","link":"https:\/\/cepronda.com\/blog\/ilustrandonos-con-los-poetas-de-la-serrania\/","title":{"rendered":"ILUSTR\u00c1NDONOS CON LOS POETAS DE LA SERRAN\u00cdA."},"content":{"rendered":"<p>Buenas tardes compa\u00f1eras y compa\u00f1eros,&nbsp;<\/p>\n<p>Os hacemos llegar esta publicaci\u00f3n en la <a href=\"https:\/\/www.juntadeandalucia.es\/educacion\/portals\/web\/revista-andalucia-educativa\/contenidos\/-\/contenidos\/detalle\/poetas-de-la-serrania\">Revista Andaluc\u00eda Educativa<\/a> donde&nbsp; el IES Escultor Mar\u00edn Higuero de Arriate (M\u00e1laga), muestra la actividad interdisciplinar que organiz\u00f3,&nbsp; tomando&nbsp;como base&nbsp;un libro de reciente publicaci\u00f3n, \u201cAntolog\u00eda Po\u00e9tica de la Serran\u00eda de Ronda\u201d, de&nbsp;<strong>Fran Serrato<\/strong>, y coincidiendo con el&nbsp;<em>D\u00eda del Libro.<\/em><\/p>\n<p>Deseamos que sea de vuestro inter\u00e9s.<\/p>\n<p>Saludos.<\/p>\n<p><img data-recalc-dims=\"1\" loading=\"lazy\" decoding=\"async\" class=\"size-medium wp-image-4533 aligncenter\" src=\"https:\/\/i0.wp.com\/cepronda.com\/blog\/wp-content\/uploads\/2021\/05\/Arriate-300x240.jpg?resize=300%2C240\" alt=\"\" width=\"300\" height=\"240\" srcset=\"https:\/\/i0.wp.com\/cepronda.com\/blog\/wp-content\/uploads\/2021\/05\/Arriate.jpg?resize=300%2C240&amp;ssl=1 300w, https:\/\/i0.wp.com\/cepronda.com\/blog\/wp-content\/uploads\/2021\/05\/Arriate.jpg?resize=1024%2C819&amp;ssl=1 1024w, https:\/\/i0.wp.com\/cepronda.com\/blog\/wp-content\/uploads\/2021\/05\/Arriate.jpg?resize=768%2C614&amp;ssl=1 768w, https:\/\/i0.wp.com\/cepronda.com\/blog\/wp-content\/uploads\/2021\/05\/Arriate.jpg?resize=1536%2C1229&amp;ssl=1 1536w, https:\/\/i0.wp.com\/cepronda.com\/blog\/wp-content\/uploads\/2021\/05\/Arriate.jpg?w=2000&amp;ssl=1 2000w\" sizes=\"auto, (max-width: 300px) 100vw, 300px\" \/><\/p>\n","protected":false},"excerpt":{"rendered":"<p>Buenas tardes compa\u00f1eras y compa\u00f1eros,&nbsp; Os hacemos llegar esta publicaci\u00f3n en la Revista Andaluc\u00eda Educativa donde&nbsp; el IES Escultor Mar\u00edn Higuero de Arriate (M\u00e1laga), muestra la actividad interdisciplinar que organiz\u00f3,&nbsp; tomando&nbsp;como base&nbsp;un libro de reciente publicaci\u00f3n, \u201cAntolog\u00eda Po\u00e9tica de la Serran\u00eda de Ronda\u201d, de&nbsp;Fran Serrato, y coincidiendo con el&nbsp;D\u00eda del Libro. Deseamos que sea de [&hellip;]<\/p>\n","protected":false},"author":10,"featured_media":4533,"comment_status":"closed","ping_status":"open","sticky":false,"template":"","format":"standard","meta":{"_crdt_document":"","advanced_seo_description":"","jetpack_seo_html_title":"","jetpack_seo_noindex":false,"jetpack_post_was_ever_published":false,"_jetpack_newsletter_access":"","_jetpack_dont_email_post_to_subs":false,"_jetpack_newsletter_tier_id":0,"_jetpack_memberships_contains_paywalled_content":false,"_jetpack_memberships_contains_paid_content":false,"footnotes":"","jetpack_publicize_message":"","jetpack_publicize_feature_enabled":true,"jetpack_social_post_already_shared":true,"jetpack_social_options":{"image_generator_settings":{"template":"highway","default_image_id":0,"font":"","enabled":false},"version":2}},"categories":[5],"tags":[76,244],"class_list":{"0":"post-4532","1":"post","2":"type-post","3":"status-publish","4":"format-standard","5":"has-post-thumbnail","7":"category-noticias","8":"tag-publicaciones","9":"tag-revista-andalucia-educativa","10":"czr-hentry"},"jetpack_publicize_connections":[],"jetpack_featured_media_url":"https:\/\/i0.wp.com\/cepronda.com\/blog\/wp-content\/uploads\/2021\/05\/Arriate.jpg?fit=2000%2C1600&ssl=1","jetpack_shortlink":"https:\/\/wp.me\/p8M4X7-1b6","jetpack-related-posts":[{"id":4024,"url":"https:\/\/cepronda.com\/blog\/revista-andalucia-educativa\/","url_meta":{"origin":4532,"position":0},"title":"REVISTA ANDALUC\u00cdA EDUCATIVA","author":"Maribel Mu\u00f1oz","date":"4 diciembre, 2020","format":false,"excerpt":"Buenas tardes compa\u00f1eras y compa\u00f1eros. Os ponemos en conocimiento la Revista Andaluc\u00eda Educativa. Dicha revista es una plataforma de la que disponemos para hacer visible nuestro trabajo, experiencias educativas, buenas pr\u00e1cticas, etc; para toda la comunidad educativa andaluza. Os animamos a que pong\u00e1is por escrito el valios\u00edsimo trabajo que hac\u00e9is\u2026","rel":"","context":"En \u00abNoticias\u00bb","block_context":{"text":"Noticias","link":"https:\/\/cepronda.com\/blog\/category\/noticias\/"},"img":{"alt_text":"","src":"https:\/\/i0.wp.com\/cepronda.com\/blog\/wp-content\/uploads\/2020\/12\/Revsita-andalucia-cabecera.jpg?fit=1200%2C429&ssl=1&resize=350%2C200","width":350,"height":200,"srcset":"https:\/\/i0.wp.com\/cepronda.com\/blog\/wp-content\/uploads\/2020\/12\/Revsita-andalucia-cabecera.jpg?fit=1200%2C429&ssl=1&resize=350%2C200 1x, https:\/\/i0.wp.com\/cepronda.com\/blog\/wp-content\/uploads\/2020\/12\/Revsita-andalucia-cabecera.jpg?fit=1200%2C429&ssl=1&resize=525%2C300 1.5x, https:\/\/i0.wp.com\/cepronda.com\/blog\/wp-content\/uploads\/2020\/12\/Revsita-andalucia-cabecera.jpg?fit=1200%2C429&ssl=1&resize=700%2C400 2x, https:\/\/i0.wp.com\/cepronda.com\/blog\/wp-content\/uploads\/2020\/12\/Revsita-andalucia-cabecera.jpg?fit=1200%2C429&ssl=1&resize=1050%2C600 3x"},"classes":[]},{"id":5307,"url":"https:\/\/cepronda.com\/blog\/la-realidad-de-los-centros-publicos-rurales-revista-andalucia-educativa\/","url_meta":{"origin":4532,"position":1},"title":"LA REALIDAD DE LOS CENTROS P\u00daBLICOS RURALES. REVISTA ANDALUC\u00cdA EDUCATIVA.","author":"Inmaculada Garc\u00eda","date":"12 mayo, 2022","format":false,"excerpt":"Estimados compa\u00f1eros y compa\u00f1eras, el pasado 26 de abril la revista Andaluc\u00eda Educativa public\u00f3 un art\u00edculo en el que contamos las necesidades detectadas en los CPRs de nuestra zona desde el CEP de Ronda y su asesor\u00eda de referencia, as\u00ed como las diferentes acciones que llevamos a cabo en esta\u2026","rel":"","context":"En \u00abNoticias\u00bb","block_context":{"text":"Noticias","link":"https:\/\/cepronda.com\/blog\/category\/noticias\/"},"img":{"alt_text":"","src":"https:\/\/i0.wp.com\/cepronda.com\/blog\/wp-content\/uploads\/2022\/05\/Captura-de-pantalla-104.png?fit=608%2C596&ssl=1&resize=350%2C200","width":350,"height":200,"srcset":"https:\/\/i0.wp.com\/cepronda.com\/blog\/wp-content\/uploads\/2022\/05\/Captura-de-pantalla-104.png?fit=608%2C596&ssl=1&resize=350%2C200 1x, https:\/\/i0.wp.com\/cepronda.com\/blog\/wp-content\/uploads\/2022\/05\/Captura-de-pantalla-104.png?fit=608%2C596&ssl=1&resize=525%2C300 1.5x"},"classes":[]},{"id":4231,"url":"https:\/\/cepronda.com\/blog\/revista-andalucia-educativa-2\/","url_meta":{"origin":4532,"position":2},"title":"REVISTA ANDALUC\u00cdA EDUCATIVA","author":"Maribel Mu\u00f1oz","date":"2 marzo, 2021","format":false,"excerpt":"Buenas tardes campa\u00f1eras y compa\u00f1eros, Os informamos que desde la revista Andalucia Educativa se ha habilitado un nuevo formulario para que cualquier persona pueda enviar una colaboraci\u00f3n directamente a la revista: ESTE FORMULARIO.\u00a0Si, por ejemplo, ten\u00e9is localizada alguna buena pr\u00e1ctica o una experiencia interesante en un centro, ahora es posible\u2026","rel":"","context":"En \u00abNoticias\u00bb","block_context":{"text":"Noticias","link":"https:\/\/cepronda.com\/blog\/category\/noticias\/"},"img":{"alt_text":"","src":"https:\/\/i0.wp.com\/cepronda.com\/blog\/wp-content\/uploads\/2020\/12\/Revsita-andalucia-cabecera.jpg?fit=1200%2C429&ssl=1&resize=350%2C200","width":350,"height":200,"srcset":"https:\/\/i0.wp.com\/cepronda.com\/blog\/wp-content\/uploads\/2020\/12\/Revsita-andalucia-cabecera.jpg?fit=1200%2C429&ssl=1&resize=350%2C200 1x, https:\/\/i0.wp.com\/cepronda.com\/blog\/wp-content\/uploads\/2020\/12\/Revsita-andalucia-cabecera.jpg?fit=1200%2C429&ssl=1&resize=525%2C300 1.5x, https:\/\/i0.wp.com\/cepronda.com\/blog\/wp-content\/uploads\/2020\/12\/Revsita-andalucia-cabecera.jpg?fit=1200%2C429&ssl=1&resize=700%2C400 2x, https:\/\/i0.wp.com\/cepronda.com\/blog\/wp-content\/uploads\/2020\/12\/Revsita-andalucia-cabecera.jpg?fit=1200%2C429&ssl=1&resize=1050%2C600 3x"},"classes":[]},{"id":5931,"url":"https:\/\/cepronda.com\/blog\/ii-feria-de-formacion-profesional-de-la-serrania-de-ronda\/","url_meta":{"origin":4532,"position":3},"title":"II FERIA DE FORMACI\u00d3N PROFESIONAL DE LA SERRAN\u00cdA DE RONDA","author":"Inmaculada Garc\u00eda","date":"12 abril, 2023","format":false,"excerpt":"Ya est\u00e1 aqu\u00ed la segunda edici\u00f3n de la Feria de Formaci\u00f3n Profesional de la Serran\u00eda de Ronda. Los d\u00edas 12 y 13 de abril, en el Convento de Santo Domingo, tenemos una cita con la Formaci\u00f3n Profesional de la Serran\u00eda de Ronda, para darle visibilidad a la formaci\u00f3n, el empleo\u2026","rel":"","context":"En \u00abNoticias\u00bb","block_context":{"text":"Noticias","link":"https:\/\/cepronda.com\/blog\/category\/noticias\/"},"img":{"alt_text":"","src":"https:\/\/i0.wp.com\/cepronda.com\/blog\/wp-content\/uploads\/2023\/04\/WhatsApp-Image-2023-04-11-at-11.20.09.jpeg?fit=848%2C1200&ssl=1&resize=350%2C200","width":350,"height":200,"srcset":"https:\/\/i0.wp.com\/cepronda.com\/blog\/wp-content\/uploads\/2023\/04\/WhatsApp-Image-2023-04-11-at-11.20.09.jpeg?fit=848%2C1200&ssl=1&resize=350%2C200 1x, https:\/\/i0.wp.com\/cepronda.com\/blog\/wp-content\/uploads\/2023\/04\/WhatsApp-Image-2023-04-11-at-11.20.09.jpeg?fit=848%2C1200&ssl=1&resize=525%2C300 1.5x, https:\/\/i0.wp.com\/cepronda.com\/blog\/wp-content\/uploads\/2023\/04\/WhatsApp-Image-2023-04-11-at-11.20.09.jpeg?fit=848%2C1200&ssl=1&resize=700%2C400 2x"},"classes":[]},{"id":4840,"url":"https:\/\/cepronda.com\/blog\/i-congreso-internacional-de-innovacion-educativa-en-andalucia\/","url_meta":{"origin":4532,"position":4},"title":"I CONGRESO INTERNACIONAL DE INNOVACI\u00d3N EDUCATIVA EN ANDALUC\u00cdA","author":"Maribel Mu\u00f1oz","date":"30 octubre, 2021","format":false,"excerpt":"Buenos d\u00edas compa\u00f1eras y compa\u00f1eros, Os informamos que est\u00e1 abierto el plazo de inscripci\u00f3n en el I CONGRESO INTERNACIONAL DE INNOVACI\u00d3N EDUCATIVA EN ANDALUC\u00cdA \u00a0con c\u00f3digo 229922PF002. Es una actividad de \u00e1mbito REGIONAL.\u00a0 Se desarrollar\u00e1 en el FYCMA. Palacio de Ferias y Congresos de M\u00e1laga. Hay un total de 400\u2026","rel":"","context":"En \u00abFormaciones\u00bb","block_context":{"text":"Formaciones","link":"https:\/\/cepronda.com\/blog\/category\/formaciones\/"},"img":{"alt_text":"","src":"https:\/\/i0.wp.com\/cepronda.com\/blog\/wp-content\/uploads\/2021\/10\/Congreso-300x196.jpg?resize=350%2C200","width":350,"height":200},"classes":[]},{"id":5286,"url":"https:\/\/cepronda.com\/blog\/la-serrania-innova-gamificacion\/","url_meta":{"origin":4532,"position":5},"title":"LA SERRAN\u00cdA INNOVA. GAMIFICACI\u00d3N.","author":"Inmaculada Garc\u00eda","date":"9 mayo, 2022","format":false,"excerpt":"Hola compa\u00f1eros y compa\u00f1eras, un lunes m\u00e1s os traemos un nuevo v\u00eddeo del proyecto LA SERRAN\u00cdA INNOVA, donde podemos conocer diferentes Metodolog\u00edas Emergentes a trav\u00e9s de la experiencia pr\u00e1ctica de docentes de la comarca de la Serran\u00eda de Ronda. Esta vez, nuestra compa\u00f1era Maite Fajardo nos cuenta como pone en\u2026","rel":"","context":"En \u00abNoticias\u00bb","block_context":{"text":"Noticias","link":"https:\/\/cepronda.com\/blog\/category\/noticias\/"},"img":{"alt_text":"","src":"https:\/\/i0.wp.com\/cepronda.com\/blog\/wp-content\/uploads\/2022\/05\/ABP-1.png?fit=1080%2C1080&ssl=1&resize=350%2C200","width":350,"height":200,"srcset":"https:\/\/i0.wp.com\/cepronda.com\/blog\/wp-content\/uploads\/2022\/05\/ABP-1.png?fit=1080%2C1080&ssl=1&resize=350%2C200 1x, https:\/\/i0.wp.com\/cepronda.com\/blog\/wp-content\/uploads\/2022\/05\/ABP-1.png?fit=1080%2C1080&ssl=1&resize=525%2C300 1.5x, https:\/\/i0.wp.com\/cepronda.com\/blog\/wp-content\/uploads\/2022\/05\/ABP-1.png?fit=1080%2C1080&ssl=1&resize=700%2C400 2x, https:\/\/i0.wp.com\/cepronda.com\/blog\/wp-content\/uploads\/2022\/05\/ABP-1.png?fit=1080%2C1080&ssl=1&resize=1050%2C600 3x"},"classes":[]}],"jetpack_sharing_enabled":true,"_links":{"self":[{"href":"https:\/\/cepronda.com\/blog\/wp-json\/wp\/v2\/posts\/4532","targetHints":{"allow":["GET"]}}],"collection":[{"href":"https:\/\/cepronda.com\/blog\/wp-json\/wp\/v2\/posts"}],"about":[{"href":"https:\/\/cepronda.com\/blog\/wp-json\/wp\/v2\/types\/post"}],"author":[{"embeddable":true,"href":"https:\/\/cepronda.com\/blog\/wp-json\/wp\/v2\/users\/10"}],"replies":[{"embeddable":true,"href":"https:\/\/cepronda.com\/blog\/wp-json\/wp\/v2\/comments?post=4532"}],"version-history":[{"count":1,"href":"https:\/\/cepronda.com\/blog\/wp-json\/wp\/v2\/posts\/4532\/revisions"}],"predecessor-version":[{"id":4534,"href":"https:\/\/cepronda.com\/blog\/wp-json\/wp\/v2\/posts\/4532\/revisions\/4534"}],"wp:featuredmedia":[{"embeddable":true,"href":"https:\/\/cepronda.com\/blog\/wp-json\/wp\/v2\/media\/4533"}],"wp:attachment":[{"href":"https:\/\/cepronda.com\/blog\/wp-json\/wp\/v2\/media?parent=4532"}],"wp:term":[{"taxonomy":"category","embeddable":true,"href":"https:\/\/cepronda.com\/blog\/wp-json\/wp\/v2\/categories?post=4532"},{"taxonomy":"post_tag","embeddable":true,"href":"https:\/\/cepronda.com\/blog\/wp-json\/wp\/v2\/tags?post=4532"}],"curies":[{"name":"wp","href":"https:\/\/api.w.org\/{rel}","templated":true}]}}