{"id":4517,"date":"2021-05-08T10:57:44","date_gmt":"2021-05-08T08:57:44","guid":{"rendered":"http:\/\/cepronda.com\/blog\/?p=4517"},"modified":"2021-05-08T10:57:44","modified_gmt":"2021-05-08T08:57:44","slug":"resoluciones-cep-direcciones-y-asesorias","status":"publish","type":"post","link":"https:\/\/cepronda.com\/blog\/resoluciones-cep-direcciones-y-asesorias\/","title":{"rendered":"RESOLUCIONES CEP. DIRECCIONES Y ASESOR\u00cdAS."},"content":{"rendered":"<p>Buenos d\u00edas compa\u00f1eros y compa\u00f1eras,<\/p>\n<p>Os informamos que se han publicado las Resoluciones&nbsp; correspondientes a los directores\/as y asesores\/as de Centros del Profesorado evaluados positivamente en su octavo a\u00f1o de ejercicio. Se adjuntan dichas resoluciones.<\/p>\n<p>Saludos .<\/p>\n<p><a href=\"http:\/\/cepronda.com\/blog\/wp-content\/uploads\/2021\/05\/Directores-octavo-ano.pdf\">Directores octavo a\u00f1o<\/a><\/p>\n<p><a href=\"http:\/\/cepronda.com\/blog\/wp-content\/uploads\/2021\/05\/Asesores-octavo-ano.pdf\">Asesores octavo a\u00f1o<\/a><\/p>\n<p><img data-recalc-dims=\"1\" loading=\"lazy\" decoding=\"async\" class=\"alignnone  wp-image-3495 aligncenter\" src=\"https:\/\/i0.wp.com\/cepronda.com\/blog\/wp-content\/uploads\/2020\/03\/S%C2%B0mbolo-gen%C3%87rico-RRSS-redondo-negativo-300x300.png?resize=233%2C233\" alt=\"\" width=\"233\" height=\"233\" srcset=\"https:\/\/i0.wp.com\/cepronda.com\/blog\/wp-content\/uploads\/2020\/03\/S%C2%B0mbolo-gen%C3%87rico-RRSS-redondo-negativo.png?resize=300%2C300&amp;ssl=1 300w, https:\/\/i0.wp.com\/cepronda.com\/blog\/wp-content\/uploads\/2020\/03\/S%C2%B0mbolo-gen%C3%87rico-RRSS-redondo-negativo.png?resize=1024%2C1024&amp;ssl=1 1024w, https:\/\/i0.wp.com\/cepronda.com\/blog\/wp-content\/uploads\/2020\/03\/S%C2%B0mbolo-gen%C3%87rico-RRSS-redondo-negativo.png?resize=150%2C150&amp;ssl=1 150w, https:\/\/i0.wp.com\/cepronda.com\/blog\/wp-content\/uploads\/2020\/03\/S%C2%B0mbolo-gen%C3%87rico-RRSS-redondo-negativo.png?resize=768%2C768&amp;ssl=1 768w, https:\/\/i0.wp.com\/cepronda.com\/blog\/wp-content\/uploads\/2020\/03\/S%C2%B0mbolo-gen%C3%87rico-RRSS-redondo-negativo.png?resize=50%2C50&amp;ssl=1 50w, https:\/\/i0.wp.com\/cepronda.com\/blog\/wp-content\/uploads\/2020\/03\/S%C2%B0mbolo-gen%C3%87rico-RRSS-redondo-negativo.png?w=1500&amp;ssl=1 1500w\" sizes=\"auto, (max-width: 233px) 100vw, 233px\" \/><\/p>\n","protected":false},"excerpt":{"rendered":"<p>Buenos d\u00edas compa\u00f1eros y compa\u00f1eras, Os informamos que se han publicado las Resoluciones&nbsp; correspondientes a los directores\/as y asesores\/as de Centros del Profesorado evaluados positivamente en su octavo a\u00f1o de ejercicio. Se adjuntan dichas resoluciones. Saludos . Directores octavo a\u00f1o Asesores octavo a\u00f1o<\/p>\n","protected":false},"author":10,"featured_media":3495,"comment_status":"closed","ping_status":"open","sticky":false,"template":"","format":"standard","meta":{"_crdt_document":"","advanced_seo_description":"","jetpack_seo_html_title":"","jetpack_seo_noindex":false,"jetpack_post_was_ever_published":false,"_jetpack_newsletter_access":"","_jetpack_dont_email_post_to_subs":false,"_jetpack_newsletter_tier_id":0,"_jetpack_memberships_contains_paywalled_content":false,"_jetpack_memberships_contains_paid_content":false,"footnotes":"","jetpack_publicize_message":"","jetpack_publicize_feature_enabled":true,"jetpack_social_post_already_shared":true,"jetpack_social_options":{"image_generator_settings":{"template":"highway","default_image_id":0,"font":"","enabled":false},"version":2}},"categories":[5],"tags":[],"class_list":{"0":"post-4517","1":"post","2":"type-post","3":"status-publish","4":"format-standard","5":"has-post-thumbnail","7":"category-noticias","8":"czr-hentry"},"jetpack_publicize_connections":[],"jetpack_featured_media_url":"https:\/\/i0.wp.com\/cepronda.com\/blog\/wp-content\/uploads\/2020\/03\/S%C2%B0mbolo-gen%C3%87rico-RRSS-redondo-negativo.png?fit=1500%2C1500&ssl=1","jetpack_shortlink":"https:\/\/wp.me\/p8M4X7-1aR","jetpack-related-posts":[{"id":8981,"url":"https:\/\/cepronda.com\/blog\/nociones-basicas-sobre-la-observacion-entrepares-para-tutores-de-funcionarios-en-practicas-de-resoluciones-2025-y-2021-codigo-269925pf003\/","url_meta":{"origin":4517,"position":0},"title":"NOCIONES B\u00c1SICAS SOBRE LA OBSERVACI\u00d3N ENTREPARES (PARA TUTORES DE FUNCIONARIOS EN PR\u00c1CTICAS DE RESOLUCIONES 2025 Y 2021).","author":"Inmaculada Garc\u00eda","date":"29 octubre, 2025","format":false,"excerpt":"Informamos que se encuentra abierta la inscripci\u00f3n para el curso a distancia provincial,organizado por el CEP de Antequera: \u00a0 Inscripciones: desde el 27\/10\/2025 hasta 13\/11\/2025 Fecha de realizaci\u00f3n: 19\/11\/2025 Lugar de realizaci\u00f3n: Aula Virtual de Formaci\u00f3n del Profesorado \u00a0 Detalle e inscripci\u00f3n: https:\/\/www.juntadeandalucia.es\/educacion\/secretariavirtual\/consultaCEP\/actividad\/269925PF003\/","rel":"","context":"En \u00abFormaciones\u00bb","block_context":{"text":"Formaciones","link":"https:\/\/cepronda.com\/blog\/category\/formaciones\/"},"img":{"alt_text":"","src":"https:\/\/i0.wp.com\/cepronda.com\/blog\/wp-content\/uploads\/2025\/10\/Nociones-basicas.png?fit=848%2C1200&ssl=1&resize=350%2C200","width":350,"height":200,"srcset":"https:\/\/i0.wp.com\/cepronda.com\/blog\/wp-content\/uploads\/2025\/10\/Nociones-basicas.png?fit=848%2C1200&ssl=1&resize=350%2C200 1x, https:\/\/i0.wp.com\/cepronda.com\/blog\/wp-content\/uploads\/2025\/10\/Nociones-basicas.png?fit=848%2C1200&ssl=1&resize=525%2C300 1.5x, https:\/\/i0.wp.com\/cepronda.com\/blog\/wp-content\/uploads\/2025\/10\/Nociones-basicas.png?fit=848%2C1200&ssl=1&resize=700%2C400 2x"},"classes":[]},{"id":9338,"url":"https:\/\/cepronda.com\/blog\/xxvi-jornadas-regionales-de-directores-as-de-instituto-nuevos-tiempos-nuevos-retos\/","url_meta":{"origin":4517,"position":1},"title":"XXVI JORNADAS REGIONALES DE DIRECTORES\/AS DE INSTITUTO","author":"Inmaculada Garc\u00eda","date":"6 febrero, 2026","format":false,"excerpt":"Se encuentra abierto el plazo de inscripci\u00f3n a la actividad regional: XXVI JORNADAS REGIONALES DE DIRECTORES\/AS DE INSTITUTO ''NUEVOS TIEMPOS, NUEVOS RETOS'', con c\u00f3digo: 264132GE020. \u00a0 Dirigido a las direcciones de los IES. \ud83d\udcc5 Inscripci\u00f3n: del 03\/02\/2026 hasta 02\/03\/2026. Fecha de la actividad: 12 y 13 de marzo de 2026.\u2026","rel":"","context":"En \u00abFormaciones\u00bb","block_context":{"text":"Formaciones","link":"https:\/\/cepronda.com\/blog\/category\/formaciones\/"},"img":{"alt_text":"","src":"https:\/\/i0.wp.com\/cepronda.com\/blog\/wp-content\/uploads\/2026\/02\/asisian.jpg?fit=1200%2C675&ssl=1&resize=350%2C200","width":350,"height":200,"srcset":"https:\/\/i0.wp.com\/cepronda.com\/blog\/wp-content\/uploads\/2026\/02\/asisian.jpg?fit=1200%2C675&ssl=1&resize=350%2C200 1x, https:\/\/i0.wp.com\/cepronda.com\/blog\/wp-content\/uploads\/2026\/02\/asisian.jpg?fit=1200%2C675&ssl=1&resize=525%2C300 1.5x, https:\/\/i0.wp.com\/cepronda.com\/blog\/wp-content\/uploads\/2026\/02\/asisian.jpg?fit=1200%2C675&ssl=1&resize=700%2C400 2x, https:\/\/i0.wp.com\/cepronda.com\/blog\/wp-content\/uploads\/2026\/02\/asisian.jpg?fit=1200%2C675&ssl=1&resize=1050%2C600 3x"},"classes":[]},{"id":3166,"url":"https:\/\/cepronda.com\/blog\/concurso-de-meritos-para-la-seleccion-de-directores-y-directoras-de-centros-docentes-publicos-no-universitarios\/","url_meta":{"origin":4517,"position":2},"title":"Concurso de m\u00e9ritos para la selecci\u00f3n de directores y directoras de centros docentes p\u00fablicos no universitarios","author":"V\u00edctor Caballero","date":"25 noviembre, 2019","format":false,"excerpt":"Muy buenas familia, Comunicamos a todas las personas interesadas que acaba de salir publicada la resoluci\u00f3n de 19 de noviembre de 2019, por la que se convoca concurso de m\u00e9ritos para la selecci\u00f3n de directores y directoras de centros docentes p\u00fablicos no universitarios de titularidad de la Junta de Andaluc\u00eda.\u2026","rel":"","context":"En \u00abFormaciones\u00bb","block_context":{"text":"Formaciones","link":"https:\/\/cepronda.com\/blog\/category\/formaciones\/"},"img":{"alt_text":"","src":"https:\/\/i0.wp.com\/cepronda.com\/blog\/wp-content\/uploads\/2019\/05\/logo-nuevo.jpg?resize=350%2C200&ssl=1","width":350,"height":200,"srcset":"https:\/\/i0.wp.com\/cepronda.com\/blog\/wp-content\/uploads\/2019\/05\/logo-nuevo.jpg?resize=350%2C200&ssl=1 1x, https:\/\/i0.wp.com\/cepronda.com\/blog\/wp-content\/uploads\/2019\/05\/logo-nuevo.jpg?resize=525%2C300&ssl=1 1.5x"},"classes":[]},{"id":5818,"url":"https:\/\/cepronda.com\/blog\/xxiii-jornadas-regionales-de-directores-y-directoras-de-instituto-por-una-direccion-competente-para-la-escuela-del-futuro\/","url_meta":{"origin":4517,"position":3},"title":"XXIII JORNADAS REGIONALES DE DIRECTORES Y DIRECTORAS DE INSTITUTO: POR UNA DIRECCI\u00d3N COMPETENTE PARA LA ESCUELA DEL FUTURO","author":"Inmaculada Garc\u00eda","date":"8 marzo, 2023","format":false,"excerpt":"Se convoca la actividad formativa Regional\u00a0 \u201cXXIII JORNADAS REGIONALES DE DIRECTORES Y DIRECTORAS DE INSTITUTO: POR UNA DIRECCI\u00d3N COMPETENTE PARA LA ESCUELA DEL FUTURO\u201d con c\u00f3digo 239904DI012, dirigida a directores y directoras de Institutos de Ense\u00f1anza Secundaria p\u00fablicos de la Comunidad Andaluza. Formaci\u00f3n presencial de 10 horas de duraci\u00f3n. Plazo\u2026","rel":"","context":"En \u00abNoticias\u00bb","block_context":{"text":"Noticias","link":"https:\/\/cepronda.com\/blog\/category\/noticias\/"},"img":{"alt_text":"","src":"","width":0,"height":0},"classes":[]},{"id":1486,"url":"https:\/\/cepronda.com\/blog\/jornadas-informativas-sobre-el-procedimiento-para-la-seleccion-de-directores-y-directoras-de-los-centros-docentes-publicos\/","url_meta":{"origin":4517,"position":4},"title":"JORNADAS INFORMATIVAS SOBRE EL PROCEDIMIENTO PARA LA SELECCI\u00d3N DE DIRECTORES Y DIRECTORAS DE LOS CENTROS DOCENTES P\u00daBLICOS","author":"V\u00edctor Caballero","date":"15 diciembre, 2017","format":false,"excerpt":"\u00a1Muy buenas familia! Como sab\u00e9is en muchos centros de nuestra zona se ha abierto el proceso selectivo para la elecci\u00f3n de directoras y directores. Sabemos que hay muchas dudas y preguntas alrededor del proceso y de la elaboraci\u00f3n del proyecto. \u00c9sta es la raz\u00f3n por la que hemos preparado una\u2026","rel":"","context":"En \u00abNoticias\u00bb","block_context":{"text":"Noticias","link":"https:\/\/cepronda.com\/blog\/category\/noticias\/"},"img":{"alt_text":"","src":"https:\/\/i0.wp.com\/cepronda.com\/blog\/wp-content\/uploads\/2017\/12\/idea-1876659_640.jpg?resize=350%2C200","width":350,"height":200,"srcset":"https:\/\/i0.wp.com\/cepronda.com\/blog\/wp-content\/uploads\/2017\/12\/idea-1876659_640.jpg?resize=350%2C200 1x, https:\/\/i0.wp.com\/cepronda.com\/blog\/wp-content\/uploads\/2017\/12\/idea-1876659_640.jpg?resize=525%2C300 1.5x"},"classes":[]},{"id":7488,"url":"https:\/\/cepronda.com\/blog\/7488-2\/","url_meta":{"origin":4517,"position":5},"title":"XXIV JORNADAS REGIONALES DE DIRECTORAS Y DIRECTORES DE INSTITUTO: COMPETENCIAS DE LA DIRECCI\u00d3N VS LIDERAZGO","author":"Mamen Moreno","date":"23 febrero, 2024","format":false,"excerpt":"Se encuentra abierto el plazo de inscripci\u00f3n para la actividad formativa regional: XXIV JORNADAS REGIONALES DE DIRECTORAS Y DIRECTORES DE INSTITUTO: COMPETENCIAS DE LA DIRECCI\u00d3N VS LIDERAZGO. C\u00f3digo: 24401GE070 \u00c1mbito: Regional. Organiza: CEP de Almer\u00eda. N\u00ba Horas: 12 horas. Dirigida a: Directoras y directores de centros educativos p\u00fablicos de Educaci\u00f3n\u2026","rel":"","context":"En \u00abFormaciones\u00bb","block_context":{"text":"Formaciones","link":"https:\/\/cepronda.com\/blog\/category\/formaciones\/"},"img":{"alt_text":"","src":"https:\/\/i0.wp.com\/cepronda.com\/blog\/wp-content\/uploads\/2024\/02\/Jornada-ADIAN-2024.jpeg?fit=899%2C1200&ssl=1&resize=350%2C200","width":350,"height":200,"srcset":"https:\/\/i0.wp.com\/cepronda.com\/blog\/wp-content\/uploads\/2024\/02\/Jornada-ADIAN-2024.jpeg?fit=899%2C1200&ssl=1&resize=350%2C200 1x, https:\/\/i0.wp.com\/cepronda.com\/blog\/wp-content\/uploads\/2024\/02\/Jornada-ADIAN-2024.jpeg?fit=899%2C1200&ssl=1&resize=525%2C300 1.5x, https:\/\/i0.wp.com\/cepronda.com\/blog\/wp-content\/uploads\/2024\/02\/Jornada-ADIAN-2024.jpeg?fit=899%2C1200&ssl=1&resize=700%2C400 2x"},"classes":[]}],"jetpack_sharing_enabled":true,"_links":{"self":[{"href":"https:\/\/cepronda.com\/blog\/wp-json\/wp\/v2\/posts\/4517","targetHints":{"allow":["GET"]}}],"collection":[{"href":"https:\/\/cepronda.com\/blog\/wp-json\/wp\/v2\/posts"}],"about":[{"href":"https:\/\/cepronda.com\/blog\/wp-json\/wp\/v2\/types\/post"}],"author":[{"embeddable":true,"href":"https:\/\/cepronda.com\/blog\/wp-json\/wp\/v2\/users\/10"}],"replies":[{"embeddable":true,"href":"https:\/\/cepronda.com\/blog\/wp-json\/wp\/v2\/comments?post=4517"}],"version-history":[{"count":2,"href":"https:\/\/cepronda.com\/blog\/wp-json\/wp\/v2\/posts\/4517\/revisions"}],"predecessor-version":[{"id":4521,"href":"https:\/\/cepronda.com\/blog\/wp-json\/wp\/v2\/posts\/4517\/revisions\/4521"}],"wp:featuredmedia":[{"embeddable":true,"href":"https:\/\/cepronda.com\/blog\/wp-json\/wp\/v2\/media\/3495"}],"wp:attachment":[{"href":"https:\/\/cepronda.com\/blog\/wp-json\/wp\/v2\/media?parent=4517"}],"wp:term":[{"taxonomy":"category","embeddable":true,"href":"https:\/\/cepronda.com\/blog\/wp-json\/wp\/v2\/categories?post=4517"},{"taxonomy":"post_tag","embeddable":true,"href":"https:\/\/cepronda.com\/blog\/wp-json\/wp\/v2\/tags?post=4517"}],"curies":[{"name":"wp","href":"https:\/\/api.w.org\/{rel}","templated":true}]}}