{"id":4488,"date":"2021-04-26T09:27:28","date_gmt":"2021-04-26T07:27:28","guid":{"rendered":"http:\/\/cepronda.com\/blog\/?p=4488"},"modified":"2021-04-26T09:27:28","modified_gmt":"2021-04-26T07:27:28","slug":"convocatoria-vacantes-direcciones-cep","status":"publish","type":"post","link":"https:\/\/cepronda.com\/blog\/convocatoria-vacantes-direcciones-cep\/","title":{"rendered":"Convocatoria vacantes direcciones CEP"},"content":{"rendered":"<p><strong>Estimados compa\u00f1eros y estimadas compa\u00f1eras, os informamos que se ha publicado la Resoluci\u00f3n de 12 de abril de 2021, de la Direcci\u00f3n General de Formaci\u00f3n del Profesorado e Innovaci\u00f3n Educativa, por la que se efect\u00faa la convocatoria para la provisi\u00f3n de plazas vacantes de directores y directoras en Centros del Profesorado dependientes de la Consejer\u00eda de Educaci\u00f3n y Deporte.<\/strong><\/p>\n<p>Pod\u00e9is acceder al documento en el siguiente <a href=\"https:\/\/juntadeandalucia.es\/boja\/2021\/76\/6\">ENLACE<\/a><\/p>\n","protected":false},"excerpt":{"rendered":"<p>Estimados compa\u00f1eros y estimadas compa\u00f1eras, os informamos que se ha publicado la Resoluci\u00f3n de 12 de abril de 2021, de la Direcci\u00f3n General de Formaci\u00f3n del Profesorado e Innovaci\u00f3n Educativa, por la que se efect\u00faa la convocatoria para la provisi\u00f3n de plazas vacantes de directores y directoras en Centros del Profesorado dependientes de la Consejer\u00eda [&hellip;]<\/p>\n","protected":false},"author":11,"featured_media":0,"comment_status":"closed","ping_status":"open","sticky":false,"template":"","format":"standard","meta":{"_crdt_document":"","advanced_seo_description":"","jetpack_seo_html_title":"","jetpack_seo_noindex":false,"jetpack_post_was_ever_published":false,"_jetpack_newsletter_access":"","_jetpack_dont_email_post_to_subs":false,"_jetpack_newsletter_tier_id":0,"_jetpack_memberships_contains_paywalled_content":false,"_jetpack_memberships_contains_paid_content":false,"footnotes":"","jetpack_publicize_message":"","jetpack_publicize_feature_enabled":true,"jetpack_social_post_already_shared":true,"jetpack_social_options":{"image_generator_settings":{"template":"highway","default_image_id":0,"font":"","enabled":false},"version":2}},"categories":[5],"tags":[],"class_list":{"0":"post-4488","1":"post","2":"type-post","3":"status-publish","4":"format-standard","6":"category-noticias","7":"czr-hentry"},"jetpack_publicize_connections":[],"jetpack_featured_media_url":"","jetpack_shortlink":"https:\/\/wp.me\/p8M4X7-1ao","jetpack-related-posts":[{"id":5965,"url":"https:\/\/cepronda.com\/blog\/convocatoria-para-la-provision-de-plazas-vacantes-asesorias-en-centros-del-profesorado-2\/","url_meta":{"origin":4488,"position":0},"title":"CONVOCATORIA PARA LA PROVISI\u00d3N DE PLAZAS VACANTES ASESOR\u00cdAS EN CENTROS DEL PROFESORADO.","author":"Inmaculada Garc\u00eda","date":"10 mayo, 2023","format":false,"excerpt":"Se ha publicado la Resoluci\u00f3n de 3 de mayo de 2023, de la Direcci\u00f3n General de Tecnolog\u00edas Avanzadas y Transformaci\u00f3n Educativa, por la que se efect\u00faa convocatoria para la provisi\u00f3n de plazas vacantes de asesores y asesoras en Centros del Profesorado dependientes de la Consejer\u00eda de Desarrollo Educativo y Formaci\u00f3n\u2026","rel":"","context":"En \u00abFormaciones\u00bb","block_context":{"text":"Formaciones","link":"https:\/\/cepronda.com\/blog\/category\/formaciones\/"},"img":{"alt_text":"","src":"https:\/\/i0.wp.com\/cepronda.com\/blog\/wp-content\/uploads\/2023\/05\/Copia-de-Copia-de-ESTANCIAS-FORMATIVAS-EN-EMPRESAS-PARA-EL-PROFESORADO-DE-FORMACION-PROFESIONAL.jpg?fit=1080%2C1080&ssl=1&resize=350%2C200","width":350,"height":200,"srcset":"https:\/\/i0.wp.com\/cepronda.com\/blog\/wp-content\/uploads\/2023\/05\/Copia-de-Copia-de-ESTANCIAS-FORMATIVAS-EN-EMPRESAS-PARA-EL-PROFESORADO-DE-FORMACION-PROFESIONAL.jpg?fit=1080%2C1080&ssl=1&resize=350%2C200 1x, https:\/\/i0.wp.com\/cepronda.com\/blog\/wp-content\/uploads\/2023\/05\/Copia-de-Copia-de-ESTANCIAS-FORMATIVAS-EN-EMPRESAS-PARA-EL-PROFESORADO-DE-FORMACION-PROFESIONAL.jpg?fit=1080%2C1080&ssl=1&resize=525%2C300 1.5x, https:\/\/i0.wp.com\/cepronda.com\/blog\/wp-content\/uploads\/2023\/05\/Copia-de-Copia-de-ESTANCIAS-FORMATIVAS-EN-EMPRESAS-PARA-EL-PROFESORADO-DE-FORMACION-PROFESIONAL.jpg?fit=1080%2C1080&ssl=1&resize=700%2C400 2x, https:\/\/i0.wp.com\/cepronda.com\/blog\/wp-content\/uploads\/2023\/05\/Copia-de-Copia-de-ESTANCIAS-FORMATIVAS-EN-EMPRESAS-PARA-EL-PROFESORADO-DE-FORMACION-PROFESIONAL.jpg?fit=1080%2C1080&ssl=1&resize=1050%2C600 3x"},"classes":[]},{"id":7621,"url":"https:\/\/cepronda.com\/blog\/convocatoria-para-la-provision-de-plazas-vacantes-asesorias-en-centros-del-profesorado-3\/","url_meta":{"origin":4488,"position":1},"title":"CONVOCATORIA PARA LA PROVISI\u00d3N DE PLAZAS VACANTES ASESOR\u00cdAS EN CENTROS DEL PROFESORADO.","author":"Inmaculada Garc\u00eda","date":"13 mayo, 2024","format":false,"excerpt":"Se ha publicado la Resoluci\u00f3n de 6 de mayo de 2024, de la Direcci\u00f3n General de Tecnolog\u00edas Avanzadas y Transformaci\u00f3n Educativa, por la que se efect\u00faa convocatoria para la provisi\u00f3n de plazas vacantes de asesores y asesoras en Centros del Profesorado dependientes de la Consejer\u00eda de Desarrollo Educativo y Formaci\u00f3n\u2026","rel":"","context":"En \u00abFormaciones\u00bb","block_context":{"text":"Formaciones","link":"https:\/\/cepronda.com\/blog\/category\/formaciones\/"},"img":{"alt_text":"","src":"https:\/\/i0.wp.com\/cepronda.com\/blog\/wp-content\/uploads\/2024\/05\/Post-de-Instagram-para-rebajas-y-ofertas-tiendas-azul-y-terracota-1.jpg?fit=1200%2C1200&ssl=1&resize=350%2C200","width":350,"height":200,"srcset":"https:\/\/i0.wp.com\/cepronda.com\/blog\/wp-content\/uploads\/2024\/05\/Post-de-Instagram-para-rebajas-y-ofertas-tiendas-azul-y-terracota-1.jpg?fit=1200%2C1200&ssl=1&resize=350%2C200 1x, https:\/\/i0.wp.com\/cepronda.com\/blog\/wp-content\/uploads\/2024\/05\/Post-de-Instagram-para-rebajas-y-ofertas-tiendas-azul-y-terracota-1.jpg?fit=1200%2C1200&ssl=1&resize=525%2C300 1.5x, https:\/\/i0.wp.com\/cepronda.com\/blog\/wp-content\/uploads\/2024\/05\/Post-de-Instagram-para-rebajas-y-ofertas-tiendas-azul-y-terracota-1.jpg?fit=1200%2C1200&ssl=1&resize=700%2C400 2x, https:\/\/i0.wp.com\/cepronda.com\/blog\/wp-content\/uploads\/2024\/05\/Post-de-Instagram-para-rebajas-y-ofertas-tiendas-azul-y-terracota-1.jpg?fit=1200%2C1200&ssl=1&resize=1050%2C600 3x"},"classes":[]},{"id":5325,"url":"https:\/\/cepronda.com\/blog\/convocatoria-para-la-provision-de-plazas-vacantes-asesorias-en-centros-del-profesorado\/","url_meta":{"origin":4488,"position":2},"title":"CONVOCATORIA PARA LA PROVISI\u00d3N DE PLAZAS VACANTES ASESOR\u00cdAS EN CENTROS DEL PROFESORADO.","author":"Inmaculada Garc\u00eda","date":"10 mayo, 2022","format":false,"excerpt":"Se ha publicado la Resoluci\u00f3n de 26 de abril de 2022, de la Direcci\u00f3n General de Formaci\u00f3n del Profesorado e Innovaci\u00f3n Educativa, por la que se efect\u00faa convocatoria para la provisi\u00f3n de plazas vacantes de asesores y asesoras en Centros del Profesorado dependientes de la Consejer\u00eda de Educaci\u00f3n y Deporte.\u2026","rel":"","context":"En \u00abFormaciones\u00bb","block_context":{"text":"Formaciones","link":"https:\/\/cepronda.com\/blog\/category\/formaciones\/"},"img":{"alt_text":"","src":"https:\/\/i0.wp.com\/cepronda.com\/blog\/wp-content\/uploads\/2022\/05\/Copia-de-ESTANCIAS-FORMATIVAS-EN-EMPRESAS-PARA-EL-PROFESORADO-DE-FORMACION-PROFESIONAL-9.png?fit=1080%2C1080&ssl=1&resize=350%2C200","width":350,"height":200,"srcset":"https:\/\/i0.wp.com\/cepronda.com\/blog\/wp-content\/uploads\/2022\/05\/Copia-de-ESTANCIAS-FORMATIVAS-EN-EMPRESAS-PARA-EL-PROFESORADO-DE-FORMACION-PROFESIONAL-9.png?fit=1080%2C1080&ssl=1&resize=350%2C200 1x, https:\/\/i0.wp.com\/cepronda.com\/blog\/wp-content\/uploads\/2022\/05\/Copia-de-ESTANCIAS-FORMATIVAS-EN-EMPRESAS-PARA-EL-PROFESORADO-DE-FORMACION-PROFESIONAL-9.png?fit=1080%2C1080&ssl=1&resize=525%2C300 1.5x, https:\/\/i0.wp.com\/cepronda.com\/blog\/wp-content\/uploads\/2022\/05\/Copia-de-ESTANCIAS-FORMATIVAS-EN-EMPRESAS-PARA-EL-PROFESORADO-DE-FORMACION-PROFESIONAL-9.png?fit=1080%2C1080&ssl=1&resize=700%2C400 2x, https:\/\/i0.wp.com\/cepronda.com\/blog\/wp-content\/uploads\/2022\/05\/Copia-de-ESTANCIAS-FORMATIVAS-EN-EMPRESAS-PARA-EL-PROFESORADO-DE-FORMACION-PROFESIONAL-9.png?fit=1080%2C1080&ssl=1&resize=1050%2C600 3x"},"classes":[]},{"id":3622,"url":"https:\/\/cepronda.com\/blog\/convocatoria-para-la-provision-de-plazas-vacantes-de-direccion-y-asesorias-en-centros-del-profesorado\/","url_meta":{"origin":4488,"position":3},"title":"Convocatoria para la provisi\u00f3n de plazas vacantes de direcci\u00f3n y asesor\u00edas en Centros del Profesorado","author":"V\u00edctor Caballero","date":"9 junio, 2020","format":false,"excerpt":"Muy buenas familia, Como sab\u00e9is el curso pr\u00f3ximo queda una vacante en el CEP de Ronda en cuanto a asesor\u00edas de formaci\u00f3n. Se acaba de publicar la resoluci\u00f3n, tanto al de asesor\u00edas como la de direcci\u00f3n. Os animamos a participar en la convocatoria de asesor\u00eda de nuestro CEP. Convocatorias Asesor\u00edas\u2026","rel":"","context":"En \u00abFormaciones\u00bb","block_context":{"text":"Formaciones","link":"https:\/\/cepronda.com\/blog\/category\/formaciones\/"},"img":{"alt_text":"","src":"https:\/\/i0.wp.com\/cepronda.com\/blog\/wp-content\/uploads\/2020\/03\/Logo_twitter_cep_ronda-INSTITUCIONAL-estrecho.jpg?fit=349%2C527&ssl=1&resize=350%2C200","width":350,"height":200},"classes":[]},{"id":2773,"url":"https:\/\/cepronda.com\/blog\/convocatoria-de-asesorias-para-los-centro-de-profesorado\/","url_meta":{"origin":4488,"position":4},"title":"Convocatoria de asesor\u00edas para los Centro de Profesorado","author":"V\u00edctor Caballero","date":"2 mayo, 2019","format":false,"excerpt":"Muy buenas familia, \u00bfQu\u00e9 tal el d\u00eda de ayer? Seguro que muy bien, y sirvi\u00f3 para descansar y disfrutar del d\u00eda tan bueno. Os comunicamos que ya ha salido la convocatoria para las distintas plazas de asesor\u00edas vacantes en los Centros de Profesorado de Andaluc\u00eda. En concreto, en nuestro CEP,\u2026","rel":"","context":"En \u00abNoticias\u00bb","block_context":{"text":"Noticias","link":"https:\/\/cepronda.com\/blog\/category\/noticias\/"},"img":{"alt_text":"","src":"https:\/\/i0.wp.com\/cepronda.com\/blog\/wp-content\/uploads\/2019\/05\/Logo-Educaci%C3%B3n-y-deporte.png?fit=512%2C512&ssl=1&resize=350%2C200","width":350,"height":200},"classes":[]},{"id":1765,"url":"https:\/\/cepronda.com\/blog\/convocatoria-para-asesorias-en-el-cep\/","url_meta":{"origin":4488,"position":5},"title":"Convocatoria para asesor\u00edas en el CEP","author":"V\u00edctor Caballero","date":"4 mayo, 2018","format":false,"excerpt":"Muy buenas de nuevo, Acaba de salir publicada la resoluci\u00f3n que regula la provisi\u00f3n de vacantes de asesor\u00eda en los Centros de Profesorado de Andaluc\u00eda. C\u00f3mo sab\u00e9is aqu\u00ed en el CEP de Ronda tenemos una vacante, as\u00ed que compartimos con todas y todos vosotros la normativa que regula todo este\u2026","rel":"","context":"En \u00abNoticias\u00bb","block_context":{"text":"Noticias","link":"https:\/\/cepronda.com\/blog\/category\/noticias\/"},"img":{"alt_text":"","src":"https:\/\/i0.wp.com\/cepronda.com\/blog\/wp-content\/uploads\/2018\/05\/CEP-DE-RONDA-Logo.png?fit=768%2C768&ssl=1&resize=350%2C200","width":350,"height":200,"srcset":"https:\/\/i0.wp.com\/cepronda.com\/blog\/wp-content\/uploads\/2018\/05\/CEP-DE-RONDA-Logo.png?fit=768%2C768&ssl=1&resize=350%2C200 1x, https:\/\/i0.wp.com\/cepronda.com\/blog\/wp-content\/uploads\/2018\/05\/CEP-DE-RONDA-Logo.png?fit=768%2C768&ssl=1&resize=525%2C300 1.5x, https:\/\/i0.wp.com\/cepronda.com\/blog\/wp-content\/uploads\/2018\/05\/CEP-DE-RONDA-Logo.png?fit=768%2C768&ssl=1&resize=700%2C400 2x"},"classes":[]}],"jetpack_sharing_enabled":true,"_links":{"self":[{"href":"https:\/\/cepronda.com\/blog\/wp-json\/wp\/v2\/posts\/4488","targetHints":{"allow":["GET"]}}],"collection":[{"href":"https:\/\/cepronda.com\/blog\/wp-json\/wp\/v2\/posts"}],"about":[{"href":"https:\/\/cepronda.com\/blog\/wp-json\/wp\/v2\/types\/post"}],"author":[{"embeddable":true,"href":"https:\/\/cepronda.com\/blog\/wp-json\/wp\/v2\/users\/11"}],"replies":[{"embeddable":true,"href":"https:\/\/cepronda.com\/blog\/wp-json\/wp\/v2\/comments?post=4488"}],"version-history":[{"count":1,"href":"https:\/\/cepronda.com\/blog\/wp-json\/wp\/v2\/posts\/4488\/revisions"}],"predecessor-version":[{"id":4489,"href":"https:\/\/cepronda.com\/blog\/wp-json\/wp\/v2\/posts\/4488\/revisions\/4489"}],"wp:attachment":[{"href":"https:\/\/cepronda.com\/blog\/wp-json\/wp\/v2\/media?parent=4488"}],"wp:term":[{"taxonomy":"category","embeddable":true,"href":"https:\/\/cepronda.com\/blog\/wp-json\/wp\/v2\/categories?post=4488"},{"taxonomy":"post_tag","embeddable":true,"href":"https:\/\/cepronda.com\/blog\/wp-json\/wp\/v2\/tags?post=4488"}],"curies":[{"name":"wp","href":"https:\/\/api.w.org\/{rel}","templated":true}]}}