{"id":4409,"date":"2021-04-15T12:21:42","date_gmt":"2021-04-15T10:21:42","guid":{"rendered":"http:\/\/cepronda.com\/blog\/?p=4409"},"modified":"2025-02-21T11:09:25","modified_gmt":"2025-02-21T10:09:25","slug":"atencion-al-alumnado-con-discapacidad-auditiva-en-el-aula-ordinaria","status":"publish","type":"post","link":"https:\/\/cepronda.com\/blog\/atencion-al-alumnado-con-discapacidad-auditiva-en-el-aula-ordinaria\/","title":{"rendered":"ATENCI\u00d3N AL ALUMNADO CON DISCAPACIDAD AUDITIVA EN EL AULA ORDINARIA"},"content":{"rendered":"<p style=\"text-align: left;\">Buenos d\u00edas, compa\u00f1eras y compa\u00f1eros,<\/p>\n<p style=\"text-align: left;\">Os informamos que est\u00e1 abierto el plazo de inscripci\u00f3n (hasta el 26 de abril) de la formaci\u00f3n \u201c ATENCI\u00d3N AL ALUMNADO CON DISCAPACIDAD AUDITIVA EN EL AULA ORDINARIA (219903KOE275)\u201d. Es un curso a distancia que se desarrollar\u00e1 en el Aula Virtual de Formaci\u00f3n del Profesorado, de car\u00e1cter regional y gestionada por el CEP de Cuevas-Olula.<\/p>\n<p style=\"text-align: left;\">Informaci\u00f3n e inscripciones en el siguiente&nbsp;<a title=\"enlace\" href=\"https:\/\/www.juntadeandalucia.es\/educacion\/secretariavirtual\/consultaCEP\/actividad\/219903KOE275\/\" target=\"_blank\" rel=\"noopener noreferrer\">enlace<\/a>: <a href=\"https:\/\/www.juntadeandalucia.es\/educacion\/secretariavirtual\/consultaCEP\/actividad\/219903KOE275\/\">https:\/\/www.juntadeandalucia.es\/educacion\/secretariavirtual\/consultaCEP\/actividad\/219903KOE275\/<\/a><\/p>\n<p><a href=\"https:\/\/www.juntadeandalucia.es\/educacion\/secretariavirtual\/consultaCEP\/actividad\/219903KOE275\/\"><img data-recalc-dims=\"1\" loading=\"lazy\" decoding=\"async\" class=\"size-medium wp-image-4411 alignright\" src=\"https:\/\/i0.wp.com\/cepronda.com\/blog\/wp-content\/uploads\/2021\/04\/7-discapacidad-auditiva-FREELIBROS.ORG_-300x296.jpg?resize=300%2C296\" alt=\"\" width=\"300\" height=\"296\" srcset=\"https:\/\/i0.wp.com\/cepronda.com\/blog\/wp-content\/uploads\/2021\/04\/7-discapacidad-auditiva-FREELIBROS.ORG_.jpg?resize=300%2C296&amp;ssl=1 300w, https:\/\/i0.wp.com\/cepronda.com\/blog\/wp-content\/uploads\/2021\/04\/7-discapacidad-auditiva-FREELIBROS.ORG_.jpg?resize=768%2C757&amp;ssl=1 768w, https:\/\/i0.wp.com\/cepronda.com\/blog\/wp-content\/uploads\/2021\/04\/7-discapacidad-auditiva-FREELIBROS.ORG_.jpg?resize=50%2C50&amp;ssl=1 50w, https:\/\/i0.wp.com\/cepronda.com\/blog\/wp-content\/uploads\/2021\/04\/7-discapacidad-auditiva-FREELIBROS.ORG_.jpg?w=949&amp;ssl=1 949w\" sizes=\"auto, (max-width: 300px) 100vw, 300px\" \/><\/a><\/p>\n<ul class=\"list-group\">\n<li style=\"text-align: left;\"><b>Fecha inscripci\u00f3n:<\/b> 14\/04\/2021 hasta 26\/04\/2021<\/li>\n<li class=\"list-group-item\"><b>Fecha actividad:<\/b>&nbsp;03\/05\/2021 hasta 31\/05\/2021<\/li>\n<li class=\"list-group-item\"><b>Horas totales:<\/b> 20<\/li>\n<li class=\"list-group-item\"><b>Horas presenciales:<\/b>&nbsp;0<\/li>\n<li class=\"list-group-item\"><b>Horas no presenciales:<\/b>&nbsp;20<\/li>\n<\/ul>\n<p>Esperamos que sea de vuestro inter\u00e9s.&nbsp;<\/p>\n<p>Saludos.<\/p>\n<div class=\"col-xs-12 col-md-6 form-group\">&nbsp;<\/div>\n<p>&nbsp;<\/p>\n<p>&nbsp;<\/p>\n<p>&nbsp;<\/p>\n<p>&nbsp;<\/p>\n<p>&nbsp;<\/p>\n<p>&nbsp;<\/p>\n","protected":false},"excerpt":{"rendered":"<p>Buenos d\u00edas, compa\u00f1eras y compa\u00f1eros, Os informamos que est\u00e1 abierto el plazo de inscripci\u00f3n (hasta el 26 de abril) de la formaci\u00f3n \u201c ATENCI\u00d3N AL ALUMNADO CON DISCAPACIDAD AUDITIVA EN EL AULA ORDINARIA (219903KOE275)\u201d. Es un curso a distancia que se desarrollar\u00e1 en el Aula Virtual de Formaci\u00f3n del Profesorado, de car\u00e1cter regional y gestionada [&hellip;]<\/p>\n","protected":false},"author":9,"featured_media":4411,"comment_status":"closed","ping_status":"open","sticky":false,"template":"","format":"standard","meta":{"_crdt_document":"","advanced_seo_description":"","jetpack_seo_html_title":"","jetpack_seo_noindex":false,"jetpack_post_was_ever_published":false,"_jetpack_newsletter_access":"","_jetpack_dont_email_post_to_subs":false,"_jetpack_newsletter_tier_id":0,"_jetpack_memberships_contains_paywalled_content":false,"_jetpack_memberships_contains_paid_content":false,"footnotes":"","jetpack_publicize_message":"","jetpack_publicize_feature_enabled":true,"jetpack_social_post_already_shared":true,"jetpack_social_options":{"image_generator_settings":{"template":"highway","default_image_id":0,"font":"","enabled":false},"version":2}},"categories":[3],"tags":[126],"class_list":{"0":"post-4409","1":"post","2":"type-post","3":"status-publish","4":"format-standard","5":"has-post-thumbnail","7":"category-formaciones","8":"tag-atencion-a-la-diversidad","9":"czr-hentry"},"jetpack_publicize_connections":[],"jetpack_featured_media_url":"https:\/\/i0.wp.com\/cepronda.com\/blog\/wp-content\/uploads\/2021\/04\/7-discapacidad-auditiva-FREELIBROS.ORG_.jpg?fit=949%2C935&ssl=1","jetpack_shortlink":"https:\/\/wp.me\/p8M4X7-197","jetpack-related-posts":[{"id":4418,"url":"https:\/\/cepronda.com\/blog\/atencion-al-alumnado-con-discapacidad-fisica-en-el-aula-ordinaria\/","url_meta":{"origin":4409,"position":0},"title":"ATENCI\u00d3N AL ALUMNADO CON DISCAPACIDAD F\u00cdSICA EN EL AULA ORDINARIA","author":"Inmaculada Garc\u00eda","date":"15 abril, 2021","format":false,"excerpt":"Est\u00e1 abierto el plazo de inscripci\u00f3n (hasta el 26 de abril) de la formaci\u00f3n \u201cATENCI\u00d3N AL ALUMNADO CON DISCAPACIDAD F\u00cdSICA, ENFERMEDADES RARAS Y NEUROMUSCULARES EN EL AULA ORDINARIA\u00a0(219905KOE281)\u201d. Es un curso a distancia que se desarrollar\u00e1 en el Aula Virtual de Formaci\u00f3n del Profesorado, de car\u00e1cter regional y gestionada por\u2026","rel":"","context":"En \u00abFormaciones\u00bb","block_context":{"text":"Formaciones","link":"https:\/\/cepronda.com\/blog\/category\/formaciones\/"},"img":{"alt_text":"","src":"","width":0,"height":0},"classes":[]},{"id":5106,"url":"https:\/\/cepronda.com\/blog\/atencion-al-alumnado-con-discapacidad-fisica-enfermedades-raras-y-neuromusculares-en-el-aula-ordinaria\/","url_meta":{"origin":4409,"position":1},"title":"ATENCI\u00d3N AL ALUMNADO CON DISCAPACIDAD F\u00cdSICA, ENFERMEDADES RARAS Y NEUROMUSCULARES EN EL AULA ORDINARIA.","author":"Maribel Mu\u00f1oz","date":"15 febrero, 2022","format":false,"excerpt":"Buenos d\u00edas compa\u00f1eras y compa\u00f1eros Os informamos que se encuentra abierta la inscripci\u00f3n del Curso online provincial con videoconferencia en directo organizado por el CEP de V\u00e9lez-M\u00e1laga: ATENCI\u00d3N AL ALUMNADO CON DISCAPACIDAD F\u00cdSICA, ENFERMEDADES RARAS Y NEUROMUSCULARES EN EL AULA ORDINARIA. C\u00f3digo: 222926GE408 Inscripciones: desde el 14\/02\/2022 AL 28\/02\/2022 Comienzo\u2026","rel":"","context":"En \u00abFormaciones\u00bb","block_context":{"text":"Formaciones","link":"https:\/\/cepronda.com\/blog\/category\/formaciones\/"},"img":{"alt_text":"","src":"https:\/\/i0.wp.com\/cepronda.com\/blog\/wp-content\/uploads\/2022\/02\/WhatsApp-Image-2022-02-15-at-08.29.24.jpeg?fit=849%2C1200&ssl=1&resize=350%2C200","width":350,"height":200,"srcset":"https:\/\/i0.wp.com\/cepronda.com\/blog\/wp-content\/uploads\/2022\/02\/WhatsApp-Image-2022-02-15-at-08.29.24.jpeg?fit=849%2C1200&ssl=1&resize=350%2C200 1x, https:\/\/i0.wp.com\/cepronda.com\/blog\/wp-content\/uploads\/2022\/02\/WhatsApp-Image-2022-02-15-at-08.29.24.jpeg?fit=849%2C1200&ssl=1&resize=525%2C300 1.5x, https:\/\/i0.wp.com\/cepronda.com\/blog\/wp-content\/uploads\/2022\/02\/WhatsApp-Image-2022-02-15-at-08.29.24.jpeg?fit=849%2C1200&ssl=1&resize=700%2C400 2x"},"classes":[]},{"id":7315,"url":"https:\/\/cepronda.com\/blog\/formacion-atencion-educativa-al-alumnado-con-discapacidad-fisica-enfermedades-raras-y-neuromusculares-en-el-aula-ordinaria-con-codigo-249905qoe281\/","url_meta":{"origin":4409,"position":2},"title":"FORMACI\u00d3N: \u00abATENCI\u00d3N EDUCATIVA AL ALUMNADO CON DISCAPACIDAD F\u00cdSICA, ENFERMEDADES RARAS Y NEUROMUSCULARES EN EL AULA ORDINARIA\u00bb, con c\u00f3digo 249905QOE281","author":"Inmaculada Garc\u00eda","date":"11 enero, 2024","format":false,"excerpt":"Se encuentra abierto el plazo de solicitudes de la actividad formativa regional en el AVFP: \"ATENCI\u00d3N EDUCATIVA AL ALUMNADO CON DISCAPACIDAD F\u00cdSICA, ENFERMEDADES RARAS Y NEUROMUSCULARES EN EL AULA ORDINARIA\" con c\u00f3digo 249905QOE281, gestionado por el CEP de Jerez de la Frontera. \u00a0 \u00a0 Curso dirigido a: 1. Profesorado que\u2026","rel":"","context":"En \u00abFormaciones\u00bb","block_context":{"text":"Formaciones","link":"https:\/\/cepronda.com\/blog\/category\/formaciones\/"},"img":{"alt_text":"","src":"https:\/\/i0.wp.com\/cepronda.com\/blog\/wp-content\/uploads\/2024\/01\/enfermedades-raras.png?fit=1080%2C1080&ssl=1&resize=350%2C200","width":350,"height":200,"srcset":"https:\/\/i0.wp.com\/cepronda.com\/blog\/wp-content\/uploads\/2024\/01\/enfermedades-raras.png?fit=1080%2C1080&ssl=1&resize=350%2C200 1x, https:\/\/i0.wp.com\/cepronda.com\/blog\/wp-content\/uploads\/2024\/01\/enfermedades-raras.png?fit=1080%2C1080&ssl=1&resize=525%2C300 1.5x, https:\/\/i0.wp.com\/cepronda.com\/blog\/wp-content\/uploads\/2024\/01\/enfermedades-raras.png?fit=1080%2C1080&ssl=1&resize=700%2C400 2x, https:\/\/i0.wp.com\/cepronda.com\/blog\/wp-content\/uploads\/2024\/01\/enfermedades-raras.png?fit=1080%2C1080&ssl=1&resize=1050%2C600 3x"},"classes":[]},{"id":5710,"url":"https:\/\/cepronda.com\/blog\/atencion-al-alumnado-que-presenta-trastornos-graves-de-conducta-en-el-aula-ordinaria-232926ge404\/","url_meta":{"origin":4409,"position":3},"title":"ATENCI\u00d3N AL ALUMNADO QUE PRESENTA TRASTORNOS GRAVES DE CONDUCTA EN EL AULA ORDINARIA. (232926GE404).","author":"Inmaculada Garc\u00eda","date":"18 enero, 2023","format":false,"excerpt":"Estimado\/a compa\u00f1ero\/a, Te informo que se encuentra abierta la inscripci\u00f3n al curso provincial, organizado por el CEP de V\u00e9lez-M\u00e1laga: ATENCI\u00d3N AL ALUMNADO QUE PRESENTA TRASTORNOS GRAVES DE CONDUCTA EN EL AULA ORDINARIA. C\u00f3digo: 232926GE404. Inscripciones: desde 18\/01\/2023 al 02\/02\/2023 Lugar de realizaci\u00f3n: AULA VIRTUAL DE FORMACI\u00d3N DEL PROFESORADO( Curso a\u2026","rel":"","context":"En \u00abFormaciones\u00bb","block_context":{"text":"Formaciones","link":"https:\/\/cepronda.com\/blog\/category\/formaciones\/"},"img":{"alt_text":"","src":"https:\/\/i0.wp.com\/cepronda.com\/blog\/wp-content\/uploads\/2023\/01\/WhatsApp-Image-2023-01-18-at-09.52.20.jpeg?fit=848%2C1200&ssl=1&resize=350%2C200","width":350,"height":200,"srcset":"https:\/\/i0.wp.com\/cepronda.com\/blog\/wp-content\/uploads\/2023\/01\/WhatsApp-Image-2023-01-18-at-09.52.20.jpeg?fit=848%2C1200&ssl=1&resize=350%2C200 1x, https:\/\/i0.wp.com\/cepronda.com\/blog\/wp-content\/uploads\/2023\/01\/WhatsApp-Image-2023-01-18-at-09.52.20.jpeg?fit=848%2C1200&ssl=1&resize=525%2C300 1.5x, https:\/\/i0.wp.com\/cepronda.com\/blog\/wp-content\/uploads\/2023\/01\/WhatsApp-Image-2023-01-18-at-09.52.20.jpeg?fit=848%2C1200&ssl=1&resize=700%2C400 2x"},"classes":[]},{"id":5810,"url":"https:\/\/cepronda.com\/blog\/atencion-al-alumnado-que-presenta-trastornos-graves-de-conducta-en-el-aula-ordinaria-2o-edicion\/","url_meta":{"origin":4409,"position":4},"title":"ATENCI\u00d3N AL ALUMNADO QUE PRESENTA TRASTORNOS GRAVES DE CONDUCTA EN EL AULA ORDINARIA ( 2\u00ba Edici\u00f3n)","author":"Mamen Moreno","date":"7 marzo, 2023","format":false,"excerpt":"Estimado\/a compa\u00f1ero\/a, Te informo que se encuentra abierta la inscripci\u00f3n del curso a distancia provincial organizado por el CEP de V\u00e9lez-M\u00e1laga: ATENCI\u00d3N AL ALUMNADO QUE PRESENTA TRASTORNOS GRAVES DE CONDUCTA EN EL AULA ORDINARIA ( 2\u00ba Edici\u00f3n) C\u00f3digo: 232926GE405 Inscripciones: desde el 07\/03\/2023 hasta 21\/03\/2023 Comienzo del curso: 28\/03\/2023 Lugar\u2026","rel":"","context":"En \u00abFormaciones\u00bb","block_context":{"text":"Formaciones","link":"https:\/\/cepronda.com\/blog\/category\/formaciones\/"},"img":{"alt_text":"","src":"https:\/\/i0.wp.com\/cepronda.com\/blog\/wp-content\/uploads\/2023\/03\/WhatsApp-Image-2023-03-07-at-09.41.40.jpeg?fit=848%2C1200&ssl=1&resize=350%2C200","width":350,"height":200,"srcset":"https:\/\/i0.wp.com\/cepronda.com\/blog\/wp-content\/uploads\/2023\/03\/WhatsApp-Image-2023-03-07-at-09.41.40.jpeg?fit=848%2C1200&ssl=1&resize=350%2C200 1x, https:\/\/i0.wp.com\/cepronda.com\/blog\/wp-content\/uploads\/2023\/03\/WhatsApp-Image-2023-03-07-at-09.41.40.jpeg?fit=848%2C1200&ssl=1&resize=525%2C300 1.5x, https:\/\/i0.wp.com\/cepronda.com\/blog\/wp-content\/uploads\/2023\/03\/WhatsApp-Image-2023-03-07-at-09.41.40.jpeg?fit=848%2C1200&ssl=1&resize=700%2C400 2x"},"classes":[]},{"id":4495,"url":"https:\/\/cepronda.com\/blog\/atencion-al-alumnado-que-presenta-trastornos-graves-de-conducta-en-el-aula-ordinaria\/","url_meta":{"origin":4409,"position":5},"title":"ATENCI\u00d3N AL ALUMNADO QUE PRESENTA TRASTORNOS GRAVES DE CONDUCTA EN EL AULA ORDINARIA","author":"Maribel Mu\u00f1oz","date":"26 abril, 2021","format":false,"excerpt":"Buenas tardes\u00a0 compa\u00f1eras y compa\u00f1eros, Os informamos que est\u00e1 abierto el plazo de inscripci\u00f3n de la formaci\u00f3n regional\u00a0 ATENCI\u00d3N AL ALUMNADO QUE PRESENTA TRASTORNOS GRAVES DE CONDUCTA EN EL AULA ORDINARIA.\u00a0 C\u00f3digo: 219918KOE279.\u00a0 Es una formaci\u00f3n\u00a0 gestionada por el CEP de Ja\u00e9n. Las fechas de la formaci\u00f3n son las siguientes:\u00a0\u2026","rel":"","context":"En \u00abFormaciones\u00bb","block_context":{"text":"Formaciones","link":"https:\/\/cepronda.com\/blog\/category\/formaciones\/"},"img":{"alt_text":"","src":"https:\/\/i0.wp.com\/cepronda.com\/blog\/wp-content\/uploads\/2020\/03\/S%C2%B0mbolo-gen%C3%87rico-RRSS-redondo-negativo.png?fit=1200%2C1200&ssl=1&resize=350%2C200","width":350,"height":200,"srcset":"https:\/\/i0.wp.com\/cepronda.com\/blog\/wp-content\/uploads\/2020\/03\/S%C2%B0mbolo-gen%C3%87rico-RRSS-redondo-negativo.png?fit=1200%2C1200&ssl=1&resize=350%2C200 1x, https:\/\/i0.wp.com\/cepronda.com\/blog\/wp-content\/uploads\/2020\/03\/S%C2%B0mbolo-gen%C3%87rico-RRSS-redondo-negativo.png?fit=1200%2C1200&ssl=1&resize=525%2C300 1.5x, https:\/\/i0.wp.com\/cepronda.com\/blog\/wp-content\/uploads\/2020\/03\/S%C2%B0mbolo-gen%C3%87rico-RRSS-redondo-negativo.png?fit=1200%2C1200&ssl=1&resize=700%2C400 2x, https:\/\/i0.wp.com\/cepronda.com\/blog\/wp-content\/uploads\/2020\/03\/S%C2%B0mbolo-gen%C3%87rico-RRSS-redondo-negativo.png?fit=1200%2C1200&ssl=1&resize=1050%2C600 3x"},"classes":[]}],"jetpack_sharing_enabled":true,"_links":{"self":[{"href":"https:\/\/cepronda.com\/blog\/wp-json\/wp\/v2\/posts\/4409","targetHints":{"allow":["GET"]}}],"collection":[{"href":"https:\/\/cepronda.com\/blog\/wp-json\/wp\/v2\/posts"}],"about":[{"href":"https:\/\/cepronda.com\/blog\/wp-json\/wp\/v2\/types\/post"}],"author":[{"embeddable":true,"href":"https:\/\/cepronda.com\/blog\/wp-json\/wp\/v2\/users\/9"}],"replies":[{"embeddable":true,"href":"https:\/\/cepronda.com\/blog\/wp-json\/wp\/v2\/comments?post=4409"}],"version-history":[{"count":4,"href":"https:\/\/cepronda.com\/blog\/wp-json\/wp\/v2\/posts\/4409\/revisions"}],"predecessor-version":[{"id":4443,"href":"https:\/\/cepronda.com\/blog\/wp-json\/wp\/v2\/posts\/4409\/revisions\/4443"}],"wp:featuredmedia":[{"embeddable":true,"href":"https:\/\/cepronda.com\/blog\/wp-json\/wp\/v2\/media\/4411"}],"wp:attachment":[{"href":"https:\/\/cepronda.com\/blog\/wp-json\/wp\/v2\/media?parent=4409"}],"wp:term":[{"taxonomy":"category","embeddable":true,"href":"https:\/\/cepronda.com\/blog\/wp-json\/wp\/v2\/categories?post=4409"},{"taxonomy":"post_tag","embeddable":true,"href":"https:\/\/cepronda.com\/blog\/wp-json\/wp\/v2\/tags?post=4409"}],"curies":[{"name":"wp","href":"https:\/\/api.w.org\/{rel}","templated":true}]}}