{"id":4393,"date":"2021-04-09T14:32:06","date_gmt":"2021-04-09T12:32:06","guid":{"rendered":"http:\/\/cepronda.com\/blog\/?p=4393"},"modified":"2025-04-25T12:06:14","modified_gmt":"2025-04-25T10:06:14","slug":"concurso-de-historia-para-jovenes-eustory","status":"publish","type":"post","link":"https:\/\/cepronda.com\/blog\/concurso-de-historia-para-jovenes-eustory\/","title":{"rendered":"Concurso de Historia para J\u00f3venes. EUSTORY."},"content":{"rendered":"<p>Buenas tardes compa\u00f1eras y compa\u00f1eros,<\/p>\n<p>Os&nbsp;enviamos la informaci\u00f3n sobre la decimocuarta edici\u00f3n del&nbsp;<strong>Concurso de Historia para J\u00f3venes<\/strong>. La red europea Eustory promociona este concurso en Am\u00e9rica, Espa\u00f1a y Portugal a trav\u00e9s de la Real Maestranza de Caballer\u00eda de Ronda, entidad que lo organiza en colaboraci\u00f3n con la Asociaci\u00f3n Andaluza de Profesores e Investigadores de Geograf\u00eda e Historia, de Ciencias Sociales y Humanidades \u00abHesp\u00e9rides\u00bb y la Associa\u00e7\u00e3o de Professores de Hist\u00f3ria de Portugal.<\/p>\n<p>Aunque va dirigido al alumnado de 4\u00ba de ESO, Bachillerato, FP reglada y ESPA menores de 21 a\u00f1os, el alumnado que quiera participar podr\u00e1&nbsp;pedirle a un profesor o profesora que sea su tu tutor o tutora, incluso el mismo docente puede ser quien proponga hacer&nbsp;el trabajo.En el caso de ser premiado, la labor del tutor ser\u00e1 reconocida tambi\u00e9n con un premio en met\u00e1lico.<\/p>\n<p>Concursar en Eustory puede dar al alumnado la oportunidad de, adem\u00e1s de obtener premios en met\u00e1lico, participar en los seminarios internacionales \u2013foros de encuentro y debate sobre temas de la historia europea\u2013 junto a j\u00f3venes de una treintena de pa\u00edses del continente.<\/p>\n<p>Os adjunto un documento explicativo del concurso y del papel fundamental que desempe\u00f1an en \u00e9l los tutores, junto con el folleto con las bases de la convocatoria actual.<\/p>\n<p>A continuaci\u00f3n ten\u00e9is&nbsp;tambi\u00e9n los enlaces a tres videos explicativos del concurso. Los dos primeros fueron realizados por la Red Internacional Eustory, y van orientados a los alumnos. El tercero, orientado a los tutores, est\u00e1 hecho directamente desde Ronda por Eustory Iberia.<\/p>\n<p>&#8211;&nbsp;&nbsp;&nbsp;&nbsp;&nbsp;&nbsp;&nbsp;&nbsp;&nbsp;&nbsp;Video Qu\u00e9 es Eustory en 90 segundos (para alumnos\/as):&nbsp;<a href=\"https:\/\/vimeo.com\/119757940\" target=\"_blank\" rel=\"noopener\" data-saferedirecturl=\"https:\/\/www.google.com\/url?q=https:\/\/vimeo.com\/119757940&amp;source=gmail&amp;ust=1618056454249000&amp;usg=AFQjCNF-7akbdFRdJYqQOSJj93eTCoG1vA\">https:\/\/vimeo.<wbr>com\/119757940<\/a><\/p>\n<p>&#8211;&nbsp;&nbsp;&nbsp;&nbsp;&nbsp;&nbsp;&nbsp;&nbsp;&nbsp;&nbsp;Video Qu\u00e9 es Eustory en 7:30 minutos (para alumnos\/as):&nbsp;<a href=\"https:\/\/vimeo.com\/69493962\" target=\"_blank\" rel=\"noopener\" data-saferedirecturl=\"https:\/\/www.google.com\/url?q=https:\/\/vimeo.com\/69493962&amp;source=gmail&amp;ust=1618056454250000&amp;usg=AFQjCNED_d0Av_qssruMGMd15UJ_T2KiEw\">https:\/\/vimeo.<wbr>com\/69493962<\/a><\/p>\n<p>&#8211;&nbsp;&nbsp;&nbsp;&nbsp;&nbsp;&nbsp;&nbsp;&nbsp;&nbsp;&nbsp;Video Qu\u00e9 es Eustory en 4:30 (para tutores):<a title=\"https:\/\/vimeo.com\/210953862\">&nbsp;https:\/\/vimeo.com\/<wbr>210953862<\/a><\/p>\n<p><a href=\"http:\/\/cepronda.com\/blog\/wp-content\/uploads\/2021\/04\/Presentacio\u0301n-Eustory-CEP-Ronda.pdf\">Presentacio\u0301n Eustory &#8211; CEP Ronda<\/a> <a href=\"http:\/\/cepronda.com\/blog\/wp-content\/uploads\/2021\/04\/Presentacio\u0301n-Eustory-CEP-Ronda-1.pdf\">Presentacio\u0301n Eustory &#8211; CEP Ronda<\/a> <a href=\"http:\/\/cepronda.com\/blog\/wp-content\/uploads\/2021\/04\/Bases-XIV-Convocatoria-Eustory_esp_v.pdf\">Bases XIV Convocatoria Eustory_esp_v<\/a><\/p>\n<p><a href=\"http:\/\/cepronda.com\/blog\/wp-content\/uploads\/2021\/04\/Bases-XIV-Convocatoria-Eustory_esp_v.pdf\">Bases XIV Convocatoria Eustory_esp_v<\/a><\/p>\n<p>Deseamos que sea de vuestro inter\u00e9s .<\/p>\n<p>Saludos.<\/p>\n<p><img data-recalc-dims=\"1\" loading=\"lazy\" decoding=\"async\" class=\"size-medium wp-image-4397 aligncenter\" src=\"https:\/\/i0.wp.com\/cepronda.com\/blog\/wp-content\/uploads\/2021\/04\/Trabajo-y-crisis-253x300.jpg?resize=253%2C300\" alt=\"\" width=\"253\" height=\"300\" srcset=\"https:\/\/i0.wp.com\/cepronda.com\/blog\/wp-content\/uploads\/2021\/04\/Trabajo-y-crisis.jpg?resize=253%2C300&amp;ssl=1 253w, https:\/\/i0.wp.com\/cepronda.com\/blog\/wp-content\/uploads\/2021\/04\/Trabajo-y-crisis.jpg?w=533&amp;ssl=1 533w\" sizes=\"auto, (max-width: 253px) 100vw, 253px\" \/><\/p>\n","protected":false},"excerpt":{"rendered":"<p>Buenas tardes compa\u00f1eras y compa\u00f1eros, Os&nbsp;enviamos la informaci\u00f3n sobre la decimocuarta edici\u00f3n del&nbsp;Concurso de Historia para J\u00f3venes. La red europea Eustory promociona este concurso en Am\u00e9rica, Espa\u00f1a y Portugal a trav\u00e9s de la Real Maestranza de Caballer\u00eda de Ronda, entidad que lo organiza en colaboraci\u00f3n con la Asociaci\u00f3n Andaluza de Profesores e Investigadores de Geograf\u00eda [&hellip;]<\/p>\n","protected":false},"author":10,"featured_media":4397,"comment_status":"closed","ping_status":"open","sticky":false,"template":"","format":"standard","meta":{"_crdt_document":"","advanced_seo_description":"","jetpack_seo_html_title":"","jetpack_seo_noindex":false,"jetpack_post_was_ever_published":false,"_jetpack_newsletter_access":"","_jetpack_dont_email_post_to_subs":false,"_jetpack_newsletter_tier_id":0,"_jetpack_memberships_contains_paywalled_content":false,"_jetpack_memberships_contains_paid_content":false,"footnotes":"","jetpack_publicize_message":"","jetpack_publicize_feature_enabled":true,"jetpack_social_post_already_shared":true,"jetpack_social_options":{"image_generator_settings":{"template":"highway","default_image_id":0,"font":"","enabled":false},"version":2}},"categories":[5],"tags":[180,78],"class_list":{"0":"post-4393","1":"post","2":"type-post","3":"status-publish","4":"format-standard","5":"has-post-thumbnail","7":"category-noticias","8":"tag-concursos","9":"tag-noticias","10":"czr-hentry"},"jetpack_publicize_connections":[],"jetpack_featured_media_url":"https:\/\/i0.wp.com\/cepronda.com\/blog\/wp-content\/uploads\/2021\/04\/Trabajo-y-crisis.jpg?fit=533%2C632&ssl=1","jetpack_shortlink":"https:\/\/wp.me\/p8M4X7-18R","jetpack-related-posts":[{"id":235,"url":"https:\/\/cepronda.com\/blog\/xvii-concurso-hispanoamericano-de-ortografia\/","url_meta":{"origin":4393,"position":0},"title":"XVII Concurso Hispanoamericano de ortografia","author":"V\u00edctor Caballero","date":"19 octubre, 2016","format":false,"excerpt":"Hola de nuevo compis, Os dejamos con este enlace sobre el Concurso Hispanoamericano de ortograf\u00eda para el alumnado de 2\u00ba curso de Bachillerato. Si hac\u00e9is clic en la imagen podr\u00e9is acceder a la normativa y la informaci\u00f3n. \u00a1Animaros a inscribir a vuestro alumnado!","rel":"","context":"En \u00abNoticias\u00bb","block_context":{"text":"Noticias","link":"https:\/\/cepronda.com\/blog\/category\/noticias\/"},"img":{"alt_text":"ortografia","src":"https:\/\/i0.wp.com\/cepronda.com\/blog\/wp-content\/uploads\/2016\/10\/ortografia-300x138.jpg?resize=350%2C200","width":350,"height":200},"classes":[]},{"id":3353,"url":"https:\/\/cepronda.com\/blog\/xxix-concurso-patrimonio-nacional-de-pintura-infantil-y-juvenil-curso-2019-2020\/","url_meta":{"origin":4393,"position":1},"title":"XXIX Concurso Patrimonio Nacional de Pintura Infantil y Juvenil, curso 2019-2020","author":"V\u00edctor Caballero","date":"20 enero, 2020","format":false,"excerpt":"Patrimonio Nacional convoca el XXIX Concurso de Pintura Infantil y Juvenil para Centros Escolares. El prop\u00f3sito de este concurso es divulgar, entre los ni\u00f1os, ni\u00f1as y j\u00f3venes, los monumentos, palacios y monasterios reales que integran Patrimonio Nacional, a trav\u00e9s de su expresi\u00f3n pl\u00e1stica. El concurso tiene dos categor\u00edas: A) Alumnado\u2026","rel":"","context":"En \u00abNoticias\u00bb","block_context":{"text":"Noticias","link":"https:\/\/cepronda.com\/blog\/category\/noticias\/"},"img":{"alt_text":"","src":"","width":0,"height":0},"classes":[]},{"id":245,"url":"https:\/\/cepronda.com\/blog\/concurso-consumopolis12\/","url_meta":{"origin":4393,"position":2},"title":"Concurso Consum\u00f3polis12","author":"V\u00edctor Caballero","date":"27 octubre, 2016","format":false,"excerpt":"\u00a1Hola de nuevo! Nos acaba de llegar un concurso para tercer ciclo de primaria, y para 1\u00ba,2\u00ba,3\u00ba y 4\u00ba de ESO que creemos puede ser muy interesante. Es un concurso on-line\u00a0sobre consumo responsable con el lema \u201cInternet: \u00bfhaces un uso responsable?\u201d, y tiene como objetivo ofrecer a la comunidad escolar\u2026","rel":"","context":"En \u00abNoticias\u00bb","block_context":{"text":"Noticias","link":"https:\/\/cepronda.com\/blog\/category\/noticias\/"},"img":{"alt_text":"consumopolis","src":"https:\/\/i0.wp.com\/cepronda.com\/blog\/wp-content\/uploads\/2016\/10\/consum%C3%B3polis-300x77.png?resize=350%2C200","width":350,"height":200},"classes":[]},{"id":3101,"url":"https:\/\/cepronda.com\/blog\/concurso-escolar-andalucia-en-un-mapa\/","url_meta":{"origin":4393,"position":3},"title":"Concurso escolar \u00abAndaluc\u00eda en un mapa\u00bb","author":"V\u00edctor Caballero","date":"17 octubre, 2019","format":false,"excerpt":"El objeto de este concurso es promover la utilizaci\u00f3n de la cartograf\u00eda y la estad\u00edstica entre la comunidad escolar como herramientas did\u00e1cticas y de representaci\u00f3n creativa del territorio andaluz, con el fin \u00faltimo de aproximar a las personas participantes en el concurso a la importancia que la representaci\u00f3n cartogr\u00e1fica y\u2026","rel":"","context":"En \u00abNoticias\u00bb","block_context":{"text":"Noticias","link":"https:\/\/cepronda.com\/blog\/category\/noticias\/"},"img":{"alt_text":"","src":"","width":0,"height":0},"classes":[]},{"id":3430,"url":"https:\/\/cepronda.com\/blog\/concurso-de-video-experiencias-corto-y-jaque\/","url_meta":{"origin":4393,"position":4},"title":"Concurso de v\u00eddeo-experiencias \u00abCORTO Y JAQUE\u00bb","author":"V\u00edctor Caballero","date":"14 febrero, 2020","format":false,"excerpt":"Terminamos la semana con esta noticia, este concurso dirigido a los centros que est\u00e1n dentro del programa Aula DJaque. La Consejer\u00eda de Educaci\u00f3n y Deporte convoca la segunda edici\u00f3n del concurso de\u00a0v\u00eddeo-experiencias 2020 CORTO Y JAQUE (CYJ), dirigido al alumnado de los centros educativos que participan en el programa aulaDjaque.\u2026","rel":"","context":"En \u00abNoticias\u00bb","block_context":{"text":"Noticias","link":"https:\/\/cepronda.com\/blog\/category\/noticias\/"},"img":{"alt_text":"","src":"https:\/\/i0.wp.com\/cepronda.com\/blog\/wp-content\/uploads\/2019\/05\/logo-nuevo.jpg?fit=531%2C342&ssl=1&resize=350%2C200","width":350,"height":200,"srcset":"https:\/\/i0.wp.com\/cepronda.com\/blog\/wp-content\/uploads\/2019\/05\/logo-nuevo.jpg?fit=531%2C342&ssl=1&resize=350%2C200 1x, https:\/\/i0.wp.com\/cepronda.com\/blog\/wp-content\/uploads\/2019\/05\/logo-nuevo.jpg?fit=531%2C342&ssl=1&resize=525%2C300 1.5x"},"classes":[]},{"id":2272,"url":"https:\/\/cepronda.com\/blog\/iii-certamen-de-microrrelatos-sobre-violencia-de-genero-en-la-juventud-malaga-2018\/","url_meta":{"origin":4393,"position":5},"title":"III Certamen de Microrrelatos sobre Violencia de g\u00e9nero en la juventud &#8211; M\u00e1laga 2018","author":"V\u00edctor Caballero","date":"7 septiembre, 2018","format":false,"excerpt":"Muy buenas de nuevo familia.\u00a0 Hoy queremos compartir con todas y todos vosotros una iniciativa que nos ha llegado por medio de Antonio Poleo. Se trata del III Certamen de Microrrelatos sobre violencia de g\u00e9nero en la juventud. Va dirigido a j\u00f3venes hasta 20 a\u00f1os, as\u00ed que pod\u00e9is participar con\u2026","rel":"","context":"En \u00abNoticias\u00bb","block_context":{"text":"Noticias","link":"https:\/\/cepronda.com\/blog\/category\/noticias\/"},"img":{"alt_text":"","src":"https:\/\/i0.wp.com\/cepronda.com\/blog\/wp-content\/uploads\/2018\/09\/Cartel_Microrrelatos.png?fit=608%2C855&ssl=1&resize=350%2C200","width":350,"height":200,"srcset":"https:\/\/i0.wp.com\/cepronda.com\/blog\/wp-content\/uploads\/2018\/09\/Cartel_Microrrelatos.png?fit=608%2C855&ssl=1&resize=350%2C200 1x, https:\/\/i0.wp.com\/cepronda.com\/blog\/wp-content\/uploads\/2018\/09\/Cartel_Microrrelatos.png?fit=608%2C855&ssl=1&resize=525%2C300 1.5x"},"classes":[]}],"jetpack_sharing_enabled":true,"_links":{"self":[{"href":"https:\/\/cepronda.com\/blog\/wp-json\/wp\/v2\/posts\/4393","targetHints":{"allow":["GET"]}}],"collection":[{"href":"https:\/\/cepronda.com\/blog\/wp-json\/wp\/v2\/posts"}],"about":[{"href":"https:\/\/cepronda.com\/blog\/wp-json\/wp\/v2\/types\/post"}],"author":[{"embeddable":true,"href":"https:\/\/cepronda.com\/blog\/wp-json\/wp\/v2\/users\/10"}],"replies":[{"embeddable":true,"href":"https:\/\/cepronda.com\/blog\/wp-json\/wp\/v2\/comments?post=4393"}],"version-history":[{"count":3,"href":"https:\/\/cepronda.com\/blog\/wp-json\/wp\/v2\/posts\/4393\/revisions"}],"predecessor-version":[{"id":4400,"href":"https:\/\/cepronda.com\/blog\/wp-json\/wp\/v2\/posts\/4393\/revisions\/4400"}],"wp:featuredmedia":[{"embeddable":true,"href":"https:\/\/cepronda.com\/blog\/wp-json\/wp\/v2\/media\/4397"}],"wp:attachment":[{"href":"https:\/\/cepronda.com\/blog\/wp-json\/wp\/v2\/media?parent=4393"}],"wp:term":[{"taxonomy":"category","embeddable":true,"href":"https:\/\/cepronda.com\/blog\/wp-json\/wp\/v2\/categories?post=4393"},{"taxonomy":"post_tag","embeddable":true,"href":"https:\/\/cepronda.com\/blog\/wp-json\/wp\/v2\/tags?post=4393"}],"curies":[{"name":"wp","href":"https:\/\/api.w.org\/{rel}","templated":true}]}}